{"id":242777,"date":"2025-07-11T15:38:01","date_gmt":"2025-07-11T15:38:01","guid":{"rendered":"https:\/\/www.europesays.com\/fr\/242777\/"},"modified":"2025-07-11T15:38:01","modified_gmt":"2025-07-11T15:38:01","slug":"amazon-prime-day-2025-les-promotions-sarretent-demain-voici-les-meilleures-offres-de-ce-vendredi","status":"publish","type":"post","link":"https:\/\/www.europesays.com\/fr\/242777\/","title":{"rendered":"Amazon Prime Day 2025 : les promotions s&rsquo;arr\u00eatent demain, voici les meilleures offres de ce vendredi"},"content":{"rendered":"<p>Amazon a lanc\u00e9 mardi dernier son Prime Day, un \u00e9v\u00e9nement qui regorge de bonnes affaires. C\u2019est le dernier jour, mais il y a encore le choix : voici les meilleures offres Tech \u00e0 saisir pour la fin de l\u2019\u00e9v\u00e8nement.<\/p>\n<p><a target=\"_blank\" href=\"https:\/\/images.frandroid.com\/wp-content\/uploads\/2025\/07\/prime-day-2025-en-direct.jpg\" class=\"article-content__figure\" rel=\"noopener\"><img loading=\"lazy\" decoding=\"async\" width=\"1200\" height=\"675\" src=\"https:\/\/www.europesays.com\/fr\/wp-content\/uploads\/2025\/07\/prime-day-2025-en-direct.jpg\" alt=\"\" class=\"wp-image-2730793 wp-image wp-image\"  \/><\/a><\/p>\n<p>Du 8 au 11 juillet 2025, Amazon est aux couleurs du <a href=\"https:\/\/www.frandroid.com\/tag\/amazon-premium-day\" target=\"_blank\" rel=\"noopener\">Prime Day<\/a>. C\u2019est \u00e9videmment l\u2019occasion pour les membres payants de la plateforme de b\u00e9n\u00e9ficier de promotions exclusives tout au long de l\u2019\u00e9v\u00e9nement, avec de nouvelles offres in\u00e9dites tous les jours et pendant deux fois plus de temps que d\u2019habitude.<\/p>\n<p>Un tas de produits divers et vari\u00e9s seront brad\u00e9s, mais chez Frandroid, nous allons bien s\u00fbr nous concentrer uniquement sur les produits Tech en promotion, que ce soit les <a href=\"https:\/\/www.frandroid.com\/bons-plans\/bons-plans-smartphone\" target=\"_blank\" rel=\"noopener\">smartphones<\/a>, <a href=\"https:\/\/www.frandroid.com\/bons-plans\/bons-plans-tablette\" target=\"_blank\" rel=\"noopener\">tablettes<\/a>, <a href=\"https:\/\/www.frandroid.com\/bons-plans\/bons-plans-tv\" target=\"_blank\" rel=\"noopener\">TV,<\/a> <a href=\"https:\/\/www.frandroid.com\/bons-plans\/bons-plans-pc-portable\" target=\"_blank\" rel=\"noopener\">PC portables<\/a>, <a href=\"https:\/\/www.frandroid.com\/bons-plans\/bons-plans-audio\" target=\"_blank\" rel=\"noopener\">casques ou \u00e9couteurs sans fil<\/a>, <a href=\"https:\/\/www.frandroid.com\/bons-plans\/bons-plans-objets-connectes\" target=\"_blank\" rel=\"noopener\">objets connect\u00e9s<\/a> ou m\u00eame la <a href=\"https:\/\/www.frandroid.com\/bons-plans\/bons-plans-mobilite\" target=\"_blank\" rel=\"noopener\">mobilit\u00e9 urbaine<\/a> et le <a href=\"https:\/\/www.frandroid.com\/bons-plans\/bons-plans-gaming\" target=\"_blank\" rel=\"noopener\">gaming<\/a>.<\/p>\n<p>Comment profiter des offres du Prime Day ?<\/p>\n<p>Si vous ne pouvez pas profiter de toutes les offres cit\u00e9es un peu plus bas, c\u2019est tout simplement parce que vous n\u2019avez pas un abonnement Amazon Prime actif. Si c\u2019est d\u00e9j\u00e0 le cas, pensez juste \u00e0 vous connecter \u00e0 votre compte, et sinon, vous pouvez profiter <a href=\"https:\/\/shop.frandroid.com\/m4f66x2q\" target=\"_blank\" rel=\"noopener nofollow affiliate\" data-gtm=\"{&quot;nom_marchand&quot;:&quot;amazon&quot;,&quot;nom_produit&quot;:&quot;inconnu&quot;,&quot;categorie_produit&quot;:&quot;inconnu&quot;,&quot;position_marchand&quot;:&quot;0&quot;,&quot;event&quot;:&quot;afficlic&quot;,&quot;texte&quot;:&quot;bnficier-dun-essai-de-30-jours-offerts-ou-90-jours-si-vous-tes-tudiant&quot;}\">d\u2019un essai gratuit de 30 jours, ou 90 jours si vous \u00eates \u00e9tudiant<\/a>. L\u2019offre est uniquement disponible pour les nouveaux clients.<\/p>\n<p>Prime Day : les meilleures offres en DIRECT<\/p>\n<p>Cet article sera actualis\u00e9 r\u00e9guli\u00e8rement, au rythme des ventes flash : revenez y faire un tour si vous ne trouvez pas votre bonheur la premi\u00e8re fois.<\/p>\n<p>                                            17:20<br \/>\n                                                                Xiaomi 14T<\/p>\n<p>La s\u00e9rie T des d\u00e9clinaisons des Xiaomi 14 affiche un rapport qualit\u00e9\/prix tr\u00e8s convaincant, c\u2019est d\u2019autant plus vrai maintenant que le mod\u00e8le classique est propos\u00e9 \u00e0 seulement 403 euros au lieu de 653 euros habituellement lors du Prime Day.<\/p>\n<p><a target=\"_blank\" href=\"https:\/\/images.frandroid.com\/wp-content\/uploads\/2025\/07\/xiaomi-14t-prime-day-2025.jpg\" rel=\"noopener\" class=\"article-content__figure\"><img fetchpriority=\"high\" loading=\"eager\" decoding=\"async\" class=\"alignnone size-medium wp-image-2732055 wp-image wp-image\" src=\"https:\/\/www.europesays.com\/fr\/wp-content\/uploads\/2025\/07\/xiaomi-14t-prime-day-2025-1200x675.jpg\" alt=\"\" width=\"1200\" height=\"675\"  \/><\/a><\/p>\n<p>                17:01<\/p>\n<p>                    Google Pixel 9 + Acer Chromebook 314 <\/p>\n<p>Amazon frappe fort pour le dernier jour du Prime Day et va jusqu\u2019\u00e0 proposer le Google Pixel 9 en promo \u00e0 moins de 550 euros avec en prime un ChromeBook pour 5 euros de plus seulement.<\/p>\n<p><a href=\"https:\/\/images.frandroid.com\/wp-content\/uploads\/2025\/07\/google-pixel-tablet-prime-day-2025-1.jpg\" target=\"_blank\" rel=\"noopener\" class=\"article-content__figure\"><img loading=\"lazy\" decoding=\"async\" class=\"alignnone size-medium wp-image-2731981 wp-image wp-image\" src=\"https:\/\/www.europesays.com\/fr\/wp-content\/uploads\/2025\/07\/google-pixel-tablet-prime-day-2025-1-1200x675.jpg\" alt=\"\" width=\"1200\" height=\"675\"  \/><\/a><\/p>\n<ul class=\"wp-block-list\">\n<li>Une smartphone soign\u00e9 avec une dalle OLED bien lumineuse<\/li>\n<li>Un excellent capteur photo principal<\/li>\n<li>Et un PC portable sous ChromeOS<\/li>\n<\/ul>\n<p>Pour l\u2019achat d\u2019un<a href=\"https:\/\/shop.frandroid.com\/sr9gond1\" target=\"_blank\" rel=\"sponsored nofollow noopener\" data-gtm=\"{&quot;event&quot;:&quot;afficlic&quot;,&quot;nom_marchand&quot;:&quot;Amazon&quot;,&quot;nom_produit&quot;:&quot;inconnu&quot;,&quot;categorie_produit&quot;:&quot;inconnu&quot;,&quot;module_produit&quot;:&quot;editolink&quot;,&quot;position_marchand&quot;:0,&quot;texte&quot;:&quot;Google-Pixel-9&quot;}\"> Google Pixel 9<\/a>, d\u2019une valeur de 549 euros, et <a href=\"https:\/\/shop.frandroid.com\/pxi6048a\" target=\"_blank\" rel=\"sponsored nofollow noopener\" data-gtm=\"{&quot;event&quot;:&quot;afficlic&quot;,&quot;nom_marchand&quot;:&quot;Amazon&quot;,&quot;nom_produit&quot;:&quot;inconnu&quot;,&quot;categorie_produit&quot;:&quot;inconnu&quot;,&quot;module_produit&quot;:&quot;editolink&quot;,&quot;position_marchand&quot;:0,&quot;texte&quot;:&quot;l-Acer-Chromebook-314&quot;}\">l\u2019Acer Chromebook 314<\/a>, d\u2019une valeur de 199 euros, le tout revient \u00e0 554 euros seulement sur Amazon.<\/p>\n<p>                                            16:31<br \/>\n                                                                LG 27U631A-B<\/p>\n<p>Dalle IPS QHD, fr\u00e9quence de 100 Hz, HDR10 et connectique USB-C : ce moniteur LG coche les bonnes cases pour un setup pro ou perso. Il est en promo \u00e0 151,99 euros contre 179,99 pour la fin du Amazon Prime Day.<\/p>\n<p><a href=\"https:\/\/images.frandroid.com\/wp-content\/uploads\/2025\/07\/lg-27u631a-b-bons-plans-soldes-prime-day-frandroid.jpg\" target=\"_blank\" rel=\"noopener\" class=\"article-content__figure\"><img loading=\"lazy\" decoding=\"async\" width=\"1200\" height=\"675\" class=\"wp-image-2731787 wp-image wp-image\" src=\"https:\/\/www.europesays.com\/fr\/wp-content\/uploads\/2025\/07\/lg-27u631a-b-bons-plans-soldes-prime-day-frandroid-1200x675.jpg\" alt=\"\"  \/><\/a><\/p>\n<ul class=\"wp-block-list\">\n<li style=\"list-style-type: none\">\n<ul class=\"wp-block-list\">\n<li>Une dalleIPS QHD 27\u2033 \u00e0 100 Hz avec HDR10 et sRGB 99 %<\/li>\n<\/ul>\n<\/li>\n<\/ul>\n<ul class=\"wp-block-list\">\n<li style=\"list-style-type: none\">\n<ul class=\"wp-block-list\">\n<li>Une connectique compl\u00e8te : USB-C (15 W), HDMI 2.0<\/li>\n<\/ul>\n<\/li>\n<\/ul>\n<ul class=\"wp-block-list\">\n<li style=\"list-style-type: none\">\n<ul class=\"wp-block-list\">\n<li>Un design \u00e9pur\u00e9, bon confort visuel pour un usage prolong\u00e9<\/li>\n<\/ul>\n<\/li>\n<\/ul>\n<p>Au lieu de 179 euros, le Le LG 27U631A-B est <a href=\"https:\/\/shop.frandroid.com\/pt3g6syq\" target=\"_blank\" rel=\"noreferrer noopener affiliate nofollow\" data-type=\"link\" data-id=\"https:\/\/www.amazon.fr\/LG-27U631A-B-Ecran-bureautique-r%C3%A9solution\/dp\/B0DZXN8P3G\" data-gtm=\"{&quot;event&quot;:&quot;afficlic&quot;,&quot;nom_marchand&quot;:&quot;amazon_fr&quot;,&quot;nom_produit&quot;:&quot;inconnu&quot;,&quot;categorie_produit&quot;:&quot;inconnu&quot;,&quot;module_produit&quot;:&quot;editolink&quot;,&quot;position_marchand&quot;:0,&quot;texte&quot;:&quot;aujourd-hui-disponible-en-promotion-a-151-99-euros-sur-amazon&quot;,&quot;offer_url&quot;:&quot;https:\/\/shop.frandroid.com\/pt3g6syq&quot;,&quot;zone&quot;:&quot;contenu-page&quot;}\">aujourd\u2019hui disponible en promotion \u00e0 151,99 euros sur Amazon<\/a>.<\/p>\n<p>                                            16:05<br \/>\n                                                                Xming Episode One<\/p>\n<p>Si vous souhaitez remplacer votre TV avec un appareil bien plus compact, mais tout aussi complet, vous pourriez par exemple opter pour le vid\u00e9oprojecteur Xming Episode One. Ce dernier est d\u2019ailleurs en promotion : en ce Prime Day, Amazon le propose \u00e0 139 euros au lieu de 199 euros.<\/p>\n<p><a href=\"https:\/\/images.frandroid.com\/wp-content\/uploads\/2025\/07\/xming-episode-one-prime-day-2025.jpg\" target=\"_blank\" rel=\"noopener\" class=\"article-content__figure\"><img loading=\"lazy\" decoding=\"async\" width=\"1200\" height=\"675\" class=\"wp-image-2731637 wp-image wp-image\" src=\"https:\/\/www.europesays.com\/fr\/wp-content\/uploads\/2025\/07\/xming-episode-one-prime-day-2025-1200x675.jpg\" alt=\"\"  \/><\/a><\/p>\n<ul class=\"wp-block-list\">\n<li style=\"list-style-type: none\">\n<ul class=\"wp-block-list\">\n<li>Un vid\u00e9oprojecteur de 1,2 kg<\/li>\n<\/ul>\n<\/li>\n<\/ul>\n<ul class=\"wp-block-list\">\n<li style=\"list-style-type: none\">\n<ul class=\"wp-block-list\">\n<li>Des images Full HD pouvant atteindre 120 pouces de diagonale<\/li>\n<\/ul>\n<\/li>\n<\/ul>\n<ul class=\"wp-block-list\">\n<li style=\"list-style-type: none\">\n<ul class=\"wp-block-list\">\n<li>Google TV et une certification Netflix<\/li>\n<\/ul>\n<\/li>\n<\/ul>\n<p>Auparavant affich\u00e9 \u00e0 199 euros, le vid\u00e9oprojecteur Xming Episode One est aujourd\u2019hui <a href=\"https:\/\/shop.frandroid.com\/c5bx1zi6\" target=\"_blank\" rel=\"noreferrer noopener affiliate nofollow\" data-gtm=\"{&quot;event&quot;:&quot;afficlic&quot;,&quot;nom_marchand&quot;:&quot;amazon_fr&quot;,&quot;nom_produit&quot;:&quot;inconnu&quot;,&quot;categorie_produit&quot;:&quot;inconnu&quot;,&quot;module_produit&quot;:&quot;editolink&quot;,&quot;position_marchand&quot;:0,&quot;texte&quot;:&quot;disponible-en-promotion-a-139-euros-sur-amazon-pour-les-abonnes-prime&quot;,&quot;offer_url&quot;:&quot;https:\/\/shop.frandroid.com\/c5bx1zi6&quot;,&quot;zone&quot;:&quot;contenu-page&quot;}\">disponible en promotion \u00e0 139 euros sur Amazon, pour les abonn\u00e9s Prime<\/a>.<\/p>\n<p>                                            15:42<br \/>\n                                                                Google Pixel Tablet (256 Go) <\/p>\n<p>Pixel Experience toujours aussi agr\u00e9able \u00e0 utiliser, <a href=\"https:\/\/www.frandroid.com\/marques\/google\/2017818_pourquoi-la-google-pixel-tablet-devient-plus-intelligente-en-baissant-son-prix\" target=\"_blank\" rel=\"noopener\">fonction d\u2019IA Circle to Seach<\/a> bien pratique\u2026 Deux ans apr\u00e8s sa sortie, la <a href=\"https:\/\/www.frandroid.com\/produits\/tablettes-tactiles\/google\/1688379-google-pixel-tablet-2023\" target=\"_blank\" rel=\"noopener\">Google Pixel Tablet<\/a> n\u2019a pas mal vieilli et se trouve \u00e0 un prix bien plus int\u00e9ressant lors du Prime Day : 399 euros au lieu de 619 euros dans sa version 256 Go.<\/p>\n<p><a href=\"https:\/\/images.frandroid.com\/wp-content\/uploads\/2025\/07\/google-pixel-tablet-prime-day-2025.jpg\" target=\"_blank\" rel=\"noopener\" class=\"article-content__figure\"><img loading=\"lazy\" decoding=\"async\" class=\"alignnone size-medium wp-image-2731759 wp-image wp-image\" src=\"https:\/\/www.europesays.com\/fr\/wp-content\/uploads\/2025\/07\/google-pixel-tablet-prime-day-2025-1200x675.jpg\" alt=\"\" width=\"1200\" height=\"675\"  \/><\/a><\/p>\n<ul class=\"wp-block-list\">\n<li style=\"list-style-type: none\">\n<ul class=\"wp-block-list\">\n<li>Un bel \u00e9cran de 11 pouces pour la consommation de contenus<\/li>\n<\/ul>\n<\/li>\n<\/ul>\n<ul class=\"wp-block-list\">\n<li style=\"list-style-type: none\">\n<ul class=\"wp-block-list\">\n<li>La Pixel Experience au centre de l\u2019appareil<\/li>\n<\/ul>\n<\/li>\n<\/ul>\n<ul class=\"wp-block-list\">\n<li style=\"list-style-type: none\">\n<ul class=\"wp-block-list\">\n<li>Un dock muni d\u2019une enceinte<\/li>\n<\/ul>\n<\/li>\n<\/ul>\n<p>D\u2019abord affich\u00e9e \u00e0 619 euros, la Google Pixel Tablet (256 Go) est aujourd\u2019hui disponible<a href=\"https:\/\/shop.frandroid.com\/teqrbkmz\" target=\"_blank\" rel=\"sponsored nofollow noopener\" data-gtm=\"{&quot;event&quot;:&quot;afficlic&quot;,&quot;nom_marchand&quot;:&quot;Amazon&quot;,&quot;nom_produit&quot;:&quot;inconnu&quot;,&quot;categorie_produit&quot;:&quot;inconnu&quot;,&quot;module_produit&quot;:&quot;editolink&quot;,&quot;position_marchand&quot;:0,&quot;texte&quot;:&quot;en-promotion-a-399-euros-sur-Amazon&quot;}\"> en promotion \u00e0 399 euros sur Amazon.<\/a><\/p>\n<p>                                            15:11<br \/>\n                                                                Huawei MatePad 11,5\u2033<\/p>\n<p>\u00c9cran 11,5 pouces 2.2K, batterie 7700 mAh, 6 Go de RAM, 128 Go de stockage et charge 22,5 W. Une tablette s\u00e9rieuse, \u00e0 un super prix pour le Prime Day \u00e0 199 euros contre 269 euros sur Amazon.<\/p>\n<p><a href=\"https:\/\/images.frandroid.com\/wp-content\/uploads\/2025\/07\/huawei-matepad-11-5-bons-plans-soldes-prime-day-frandroid.jpg\" target=\"_blank\" rel=\"noopener\" class=\"article-content__figure\"><img loading=\"lazy\" decoding=\"async\" width=\"1200\" height=\"675\" class=\"wp-image-2731617 wp-image wp-image\" src=\"https:\/\/www.europesays.com\/fr\/wp-content\/uploads\/2025\/07\/huawei-matepad-11-5-bons-plans-soldes-prime-day-frandroid-1200x675.jpg\" alt=\"\"  \/><\/a><\/p>\n<ul class=\"wp-block-list\">\n<li style=\"list-style-type: none\">\n<ul class=\"wp-block-list\">\n<li>\u00c9cran FullView 2.2K de 11,5 pouces avec taux de rafra\u00eechissement fluide<\/li>\n<\/ul>\n<\/li>\n<\/ul>\n<ul class=\"wp-block-list\">\n<li style=\"list-style-type: none\">\n<ul class=\"wp-block-list\">\n<li>Autonomie endurante : batterie 7700 mAh + charge 22,5 W<\/li>\n<\/ul>\n<\/li>\n<\/ul>\n<ul class=\"wp-block-list\">\n<li style=\"list-style-type: none\">\n<ul class=\"wp-block-list\">\n<li>Logiciels utiles inclus, dont WPS Office<\/li>\n<\/ul>\n<\/li>\n<\/ul>\n<p>Au lieu de 269 euros sur le site de Huawei, la MatePad est <a href=\"https:\/\/shop.frandroid.com\/aieoi6gn\" target=\"_blank\" rel=\"noreferrer noopener affiliate nofollow\">aujourd\u2019hui disponible en promotion \u00e0 199 euros sur Amazon<\/a>.<\/p>\n<p>                14:51<\/p>\n<p>                     Kindle Colorsoft<\/p>\n<p>Ce n\u2019est que l\u2019an dernier qu\u2019Amazon a rattrap\u00e9 ses concurrents en d\u00e9voilant sa premi\u00e8re liseuse dot\u00e9e d\u2019un \u00e9cran couleur, la Kindle Colorsoft. La bonne nouvelle du jour, c\u2019est qu\u2019\u00e0 l\u2019occasion du Prime Day, le g\u00e9ant am\u00e9ricain l\u2019affiche \u00e0 son prix le plus bas : 224,99 euros, au lieu de 299,99 euros \u00e0 sa sortie.<\/p>\n<p><a href=\"https:\/\/images.frandroid.com\/wp-content\/uploads\/2025\/07\/kindle-colorsoft-prime-day-2025.jpg\" target=\"_blank\" rel=\"noopener\" class=\"article-content__figure\"><img loading=\"lazy\" decoding=\"async\" width=\"1200\" height=\"675\" class=\"wp-image-2731285 wp-image wp-image\" src=\"https:\/\/www.europesays.com\/fr\/wp-content\/uploads\/2025\/07\/kindle-colorsoft-prime-day-2025-1200x675.jpg\" alt=\"\"  \/><\/a><\/p>\n<ul class=\"wp-block-list\">\n<li style=\"list-style-type: none\">\n<ul class=\"wp-block-list\">\n<li>Une liseuse r\u00e9sistante \u00e0 l\u2019eau<\/li>\n<\/ul>\n<\/li>\n<\/ul>\n<ul class=\"wp-block-list\">\n<li style=\"list-style-type: none\">\n<ul class=\"wp-block-list\">\n<li>Une dalle e-ink en couleur de 7 pouces<\/li>\n<\/ul>\n<\/li>\n<\/ul>\n<ul class=\"wp-block-list\">\n<li style=\"list-style-type: none\">\n<ul class=\"wp-block-list\">\n<li>Une autonomie de 8 semaines<\/li>\n<\/ul>\n<\/li>\n<\/ul>\n<p>G\u00e9n\u00e9ralement propos\u00e9e \u00e0 299,99 euros, la Kindle Colorsoft est aujourd\u2019hui <a href=\"https:\/\/shop.frandroid.com\/22sr4l84\" target=\"_blank\" rel=\"noreferrer noopener affiliate nofollow\" data-gtm=\"{&quot;event&quot;:&quot;afficlic&quot;,&quot;nom_marchand&quot;:&quot;amazon_fr&quot;,&quot;nom_produit&quot;:&quot;inconnu&quot;,&quot;categorie_produit&quot;:&quot;inconnu&quot;,&quot;module_produit&quot;:&quot;editolink&quot;,&quot;position_marchand&quot;:0,&quot;texte&quot;:&quot;disponible-en-promotion-a-224-99-euros-sur-amazon-pour-les-abonnes-prime&quot;,&quot;offer_url&quot;:&quot;https:\/\/shop.frandroid.com\/22sr4l84&quot;,&quot;zone&quot;:&quot;contenu-page&quot;}\">disponible en promotion \u00e0 224,99 euros sur Amazon pour les abonn\u00e9s Prime<\/a>.<\/p>\n<p>                                            14:35<br \/>\n                                                                Philips Hue<\/p>\n<p>Il ne reste que quelques heures au Prime Day et les promotions continuent de pleuvoir. Par exemple, ce lot de 2 x 2 ampoules connect\u00e9es E27 par Philips Hue est \u00e0 seulement 29,99 euros au lieu de 59,99 euros.<\/p>\n<p><a href=\"https:\/\/images.frandroid.com\/wp-content\/uploads\/2025\/07\/philips-hue-white-e27-x4-prime-day-2025.jpg\" target=\"_blank\" rel=\"noopener\" class=\"article-content__figure\"><img loading=\"lazy\" decoding=\"async\" width=\"1200\" height=\"675\" class=\"wp-image-2731215 wp-image wp-image\" src=\"https:\/\/www.europesays.com\/fr\/wp-content\/uploads\/2025\/07\/philips-hue-white-e27-x4-prime-day-2025-1200x675.jpg\" alt=\"\"  \/><\/a><\/p>\n<ul class=\"wp-block-list\">\n<li style=\"list-style-type: none\">\n<ul class=\"wp-block-list\">\n<li>Elles \u00e9clairent jusqu\u2019\u00e0 1055 lumens<\/li>\n<\/ul>\n<\/li>\n<\/ul>\n<ul class=\"wp-block-list\">\n<li style=\"list-style-type: none\">\n<ul class=\"wp-block-list\">\n<li>La compatibilit\u00e9 E27 va quasiment partout<\/li>\n<\/ul>\n<\/li>\n<\/ul>\n<ul class=\"wp-block-list\">\n<li style=\"list-style-type: none\">\n<ul class=\"wp-block-list\">\n<li>Elles sont parfaites pour les espaces de taille moyenne<\/li>\n<\/ul>\n<\/li>\n<\/ul>\n<p>Sur le site officiel de Philips, le lot de deux ampoules similaires co\u00fbte 34,99 euros. Donc 4 ampoules devraient co\u00fbter 69,98 euros. Sur Amazon, le pack de 4 co\u00fbte 59,99 euros et pendant le Prime Day <a href=\"https:\/\/shop.frandroid.com\/yinqq0ov\" target=\"_blank\" rel=\"noreferrer noopener affiliate nofollow\" data-gtm=\"{&quot;event&quot;:&quot;afficlic&quot;,&quot;nom_marchand&quot;:&quot;amazon_fr&quot;,&quot;nom_produit&quot;:&quot;inconnu&quot;,&quot;categorie_produit&quot;:&quot;inconnu&quot;,&quot;module_produit&quot;:&quot;editolink&quot;,&quot;position_marchand&quot;:0,&quot;texte&quot;:&quot;il-est-a-29-99-euros&quot;,&quot;offer_url&quot;:&quot;https:\/\/shop.frandroid.com\/yinqq0ov&quot;,&quot;zone&quot;:&quot;contenu-page&quot;}\">il est \u00e0 29,99 euros<\/a>.<\/p>\n<p>                                            14:17<br \/>\n                                                                Motorola G85<\/p>\n<p>\u00c0 c\u00f4t\u00e9 de ses\u00a0<a href=\"https:\/\/www.frandroid.com\/guide-dachat\/1617799_meilleur-smartphone-pliant-quel-telephone-pliable-choisir\" target=\"_blank\" rel=\"noopener\">smartphones pliants<\/a>\u00a0de la gamme Razr, <a href=\"https:\/\/www.frandroid.com\/guide-dachat\/smartphones\/393131_quel-smartphone-lenovo-motorola-choisir-en-2016\" target=\"_blank\" rel=\"noopener\">Motorola<\/a> con\u00e7oit des mod\u00e8les bien \u00e9quip\u00e9s, sans trop de concessions, avec un bon rapport qualit\u00e9-prix avec sa gamme G. Sorti l\u2019\u00e9t\u00e9 dernier, le Motorola G85 met en avant un design soign\u00e9, un \u00e9cran de qualit\u00e9 et une configuration solide.<\/p>\n<p><a href=\"https:\/\/images.frandroid.com\/wp-content\/uploads\/2025\/07\/prime-day-motorola-g85.jpg\" target=\"_blank\" rel=\"noopener\" class=\"article-content__figure\"><img loading=\"lazy\" decoding=\"async\" width=\"1200\" height=\"675\" class=\"wp-image-2730785 wp-image wp-image\" src=\"https:\/\/www.europesays.com\/fr\/wp-content\/uploads\/2025\/07\/prime-day-motorola-g85-1200x675.jpg\" alt=\"\"  \/><\/a><\/p>\n<ul class=\"wp-block-list\">\n<li style=\"list-style-type: none\">\n<ul class=\"wp-block-list\">\n<li>Un \u00e9cran pOled de 6,67 pouces \u00e0 120 Hz<\/li>\n<\/ul>\n<\/li>\n<\/ul>\n<ul class=\"wp-block-list\">\n<li style=\"list-style-type: none\">\n<ul class=\"wp-block-list\">\n<li>Une puce milieu de gamme efficace : Qualcomm Snapdragon 6s Gen 3<\/li>\n<\/ul>\n<\/li>\n<\/ul>\n<ul class=\"wp-block-list\">\n<li style=\"list-style-type: none\">\n<ul class=\"wp-block-list\">\n<li>Une batterie de 5 000 mAh et la charge rapide 30 W<\/li>\n<\/ul>\n<\/li>\n<\/ul>\n<p>Au lieu de 349,99 euros, le Motorola G85 est aujourd\u2019hui disponible <a href=\"https:\/\/shop.frandroid.com\/g5jlnu3w\" target=\"_blank\" rel=\"noreferrer noopener affiliate nofollow\" data-type=\"link\" data-id=\"https:\/\/www.amazon.fr\/Motorola-Smartphone-d\u00e9bloqu\u00e9-Batterie-fran\u00e7aise\/dp\/B0D8L83C7G?th=1\" data-gtm=\"{&quot;event&quot;:&quot;afficlic&quot;,&quot;nom_marchand&quot;:&quot;amazon_fr&quot;,&quot;nom_produit&quot;:&quot;inconnu&quot;,&quot;categorie_produit&quot;:&quot;inconnu&quot;,&quot;module_produit&quot;:&quot;editolink&quot;,&quot;position_marchand&quot;:0,&quot;texte&quot;:&quot;en-promotion-a-179-99-euros&quot;,&quot;offer_url&quot;:&quot;https:\/\/shop.frandroid.com\/g5jlnu3w&quot;,&quot;zone&quot;:&quot;contenu-page&quot;}\">en promotion \u00e0 179,99 euros<\/a> sur Amazon.<\/p>\n<p>                                            12:28<br \/>\n                                                                Pack Blink Outdoor 4 et Mini 2<\/p>\n<p>Un kit malin avec une cam\u00e9ra Blink Outdoor 4 sans fil pour le jardin, une Blink Mini 2 pour l\u2019int\u00e9rieur, et le tout connect\u00e9, simple \u00e0 installer et en promo. Pour l\u2019Amazon Prime Day le pack est \u00e0 37,99 euros contre 114,98 euros en temps normal.<\/p>\n<p><a href=\"https:\/\/images.frandroid.com\/wp-content\/uploads\/2025\/07\/pack-blink-outdoor-4-mini-2-bons-plans-prime-day-soldes-frandroid.jpg\" target=\"_blank\" rel=\"noopener\" class=\"article-content__figure\"><img loading=\"lazy\" decoding=\"async\" width=\"1200\" height=\"675\" class=\"wp-image-2731081 wp-image wp-image\" src=\"https:\/\/www.europesays.com\/fr\/wp-content\/uploads\/2025\/07\/pack-blink-outdoor-4-mini-2-bons-plans-prime-day-soldes-frandroid-1200x675.jpg\" alt=\"\"  \/><\/a><\/p>\n<ul class=\"wp-block-list\">\n<li style=\"list-style-type: none\">\n<ul class=\"wp-block-list\">\n<li>Une cam\u00e9ra Outdoor 4 sans fil, r\u00e9sistante aux intemp\u00e9ries, avec d\u00e9tection de mouvement intelligente<\/li>\n<\/ul>\n<\/li>\n<\/ul>\n<ul class=\"wp-block-list\">\n<li style=\"list-style-type: none\">\n<ul class=\"wp-block-list\">\n<li>Une Mini 2 compacte et efficace, avec vision nocturne<\/li>\n<\/ul>\n<\/li>\n<\/ul>\n<ul class=\"wp-block-list\">\n<li style=\"list-style-type: none\">\n<ul class=\"wp-block-list\">\n<li>Un syst\u00e8me complet et facile \u00e0 g\u00e9rer via l\u2019appli Blink, sans c\u00e2ble<\/li>\n<\/ul>\n<\/li>\n<\/ul>\n<p>Au lieu de 114,98 euros, le pack Blink Outdoor 4 et Mini 2 est <a href=\"https:\/\/shop.frandroid.com\/a39aveiv\" target=\"_blank\" rel=\"noreferrer noopener affiliate nofollow\">aujourd\u2019hui disponible en promotion \u00e0 37,99 euros sur Amazon<\/a>.<\/p>\n<p>                12:17<\/p>\n<p>                    Asus Vivobook S 15<\/p>\n<p>L\u2019Asus Vivobook S 15 est un laptop IA dot\u00e9e d\u2019une configuration ultra-solide, que l\u2019on peut d\u2019ailleurs s\u2019offrir sans trop se ruiner. \u00c0 la fin du Prime Day, Amazon le propose en effet \u00e0 649 euros au lieu de 1 199,99 euros.<\/p>\n<p><a href=\"https:\/\/images.frandroid.com\/wp-content\/uploads\/2025\/07\/asus-vivobook-s-15-prime-day-2025.jpg\" target=\"_blank\" rel=\"noopener\" class=\"article-content__figure\"><img loading=\"lazy\" decoding=\"async\" width=\"1200\" height=\"675\" class=\"wp-image-2731099 wp-image wp-image\" src=\"https:\/\/www.europesays.com\/fr\/wp-content\/uploads\/2025\/07\/asus-vivobook-s-15-prime-day-2025-1200x675.jpg\" alt=\"\"  \/><\/a><\/p>\n<ul class=\"wp-block-list\">\n<li style=\"list-style-type: none\">\n<ul class=\"wp-block-list\">\n<li>Une dalle OLED de 15,6 pouces + 120 Hz<\/li>\n<\/ul>\n<\/li>\n<\/ul>\n<ul class=\"wp-block-list\">\n<li style=\"list-style-type: none\">\n<ul class=\"wp-block-list\">\n<li>Une puce Snapdragon X Plus<\/li>\n<\/ul>\n<\/li>\n<\/ul>\n<p>Auparavant affich\u00e9 \u00e0 1 199,99 euros, l\u2019Asus Vivobook S 15 est <a href=\"https:\/\/shop.frandroid.com\/egm6hn8v\" target=\"_blank\" rel=\"noreferrer noopener affiliate nofollow\" data-gtm=\"{&quot;event&quot;:&quot;afficlic&quot;,&quot;nom_marchand&quot;:&quot;amazon_fr&quot;,&quot;nom_produit&quot;:&quot;inconnu&quot;,&quot;categorie_produit&quot;:&quot;inconnu&quot;,&quot;module_produit&quot;:&quot;editolink&quot;,&quot;position_marchand&quot;:0,&quot;texte&quot;:&quot;aujourd-hui-propose-a-649-euros-sur-amazon&quot;,&quot;offer_url&quot;:&quot;https:\/\/shop.frandroid.com\/egm6hn8v&quot;,&quot;zone&quot;:&quot;contenu-page&quot;}\">aujourd\u2019hui propos\u00e9 \u00e0 649 euros sur Amazon<\/a>.<\/p>\n<p>                                            11:48<br \/>\n                                                                RingConn Gen 2<\/p>\n<p>La <a href=\"https:\/\/www.frandroid.com\/produits\/bagues-connectees\/ringconn\/2586003-ringconn-gen-2\" target=\"_blank\" rel=\"noopener\">RingConn Gen 2<\/a> est une bague connect\u00e9e avec des fonctions plus ou moins similaires \u00e0 celles d\u2019une montre ou d\u2019un bracelet connect\u00e9. Plus discr\u00e8te, elle est aussi plus abordable pendant le Prime Day Amazon o\u00f9 elle passe \u00e0 271,20 euros.<\/p>\n<p><a href=\"https:\/\/images.frandroid.com\/wp-content\/uploads\/2025\/07\/ringconn-gen-2-prime-day-2025.jpg\" target=\"_blank\" rel=\"noopener\" class=\"article-content__figure\"><img loading=\"lazy\" decoding=\"async\" width=\"1200\" height=\"675\" class=\"wp-image-2731079 wp-image wp-image\" src=\"https:\/\/www.europesays.com\/fr\/wp-content\/uploads\/2025\/07\/ringconn-gen-2-prime-day-2025-1200x675.jpg\" alt=\"\"  \/><\/a><\/p>\n<ul class=\"wp-block-list\">\n<li style=\"list-style-type: none\">\n<ul class=\"wp-block-list\">\n<li>Les mesures relev\u00e9es sont fiables<\/li>\n<\/ul>\n<\/li>\n<\/ul>\n<ul class=\"wp-block-list\">\n<li style=\"list-style-type: none\">\n<ul class=\"wp-block-list\">\n<li>Une autonomie de 10 \u00e0 12 jours avec une seule charge<\/li>\n<\/ul>\n<\/li>\n<\/ul>\n<ul class=\"wp-block-list\">\n<li style=\"list-style-type: none\">\n<ul class=\"wp-block-list\">\n<li>Son design discret ne trahit pas sa nature de bague connect\u00e9e<\/li>\n<\/ul>\n<\/li>\n<\/ul>\n<p>La bague Ringconn Gen 2 est, de base, moins ch\u00e8re que la concurrence puisqu\u2019elle est vendue \u00e0 349 euros. Mais pour le Prime Day, la bague en taille 6 \u00e0 14 <a href=\"https:\/\/shop.frandroid.com\/19yts5w8\" target=\"_blank\" rel=\"noreferrer noopener affiliate nofollow\" data-gtm=\"{&quot;event&quot;:&quot;afficlic&quot;,&quot;nom_marchand&quot;:&quot;amazon_fr&quot;,&quot;nom_produit&quot;:&quot;inconnu&quot;,&quot;categorie_produit&quot;:&quot;inconnu&quot;,&quot;module_produit&quot;:&quot;editolink&quot;,&quot;position_marchand&quot;:0,&quot;texte&quot;:&quot;est-a-271-20-euros&quot;,&quot;offer_url&quot;:&quot;https:\/\/shop.frandroid.com\/19yts5w8&quot;,&quot;zone&quot;:&quot;contenu-page&quot;}\">est \u00e0 271,20 euros<\/a>.<\/p>\n<p>                                            11:35<br \/>\n                                                                Xiaomi TV F Pro 65<\/p>\n<p>Le Xiaomi TV F Pro 65, que la marque vient de d\u00e9voiler, dispose d\u2019une fiche technique tr\u00e8s compl\u00e8te, tout en affichant un prix r\u00e9ellement contenu. En ce dernier jour de Prime Day, Amazon lui fait b\u00e9n\u00e9ficier d\u2019une belle promotion : son prix passe ainsi de 769 euros \u00e0 499 euros sur la plateforme.<\/p>\n<p><a href=\"https:\/\/images.frandroid.com\/wp-content\/uploads\/2025\/07\/xiaomi-tv-f-pro-65-prime-day-2025.jpg\" target=\"_blank\" rel=\"noopener\" class=\"article-content__figure\"><img loading=\"lazy\" decoding=\"async\" width=\"1200\" height=\"675\" class=\"wp-image-2730775 wp-image wp-image\" src=\"https:\/\/www.europesays.com\/fr\/wp-content\/uploads\/2025\/07\/xiaomi-tv-f-pro-65-prime-day-2025-1200x675.jpg\" alt=\"\"  \/><\/a><\/p>\n<ul class=\"wp-block-list\">\n<li style=\"list-style-type: none\">\n<ul class=\"wp-block-list\">\n<li>Une dalle QLED 4K de 65 pouces<\/li>\n<\/ul>\n<\/li>\n<\/ul>\n<ul class=\"wp-block-list\">\n<li style=\"list-style-type: none\">\n<ul class=\"wp-block-list\">\n<li>Fire TV int\u00e9gr\u00e9 avec Alexa<\/li>\n<\/ul>\n<\/li>\n<\/ul>\n<p>Auparavant propos\u00e9 \u00e0 769 euros, et encore propos\u00e9 \u00e0 ce prix sur le site officiel, le Xiaomi TV F Pro 65 est aujourd\u2019hui <a href=\"https:\/\/shop.frandroid.com\/7tabr1px\" target=\"_blank\" rel=\"noreferrer noopener affiliate nofollow\" data-gtm=\"{&quot;event&quot;:&quot;afficlic&quot;,&quot;nom_marchand&quot;:&quot;amazon_fr&quot;,&quot;nom_produit&quot;:&quot;inconnu&quot;,&quot;categorie_produit&quot;:&quot;inconnu&quot;,&quot;module_produit&quot;:&quot;editolink&quot;,&quot;position_marchand&quot;:0,&quot;texte&quot;:&quot;disponible-en-promotion-a-499-euros-sur-amazon&quot;,&quot;offer_url&quot;:&quot;https:\/\/shop.frandroid.com\/7tabr1px&quot;,&quot;zone&quot;:&quot;contenu-page&quot;}\">disponible en promotion \u00e0 499 euros sur Amazon<\/a>.<\/p>\n<p>                                            11:23<br \/>\n                                                                MSI G32CQ5P<\/p>\n<p>Le MSI G32CQ5P, c\u2019est 32 pouces de WQHD \u00e0 170 Hz, avec courbure \u00e0 1500R, une dalle VA bien contrast\u00e9e, et tout ce qu\u2019il faut pour jouer vite et bien. Et pour le dernier jour de l\u2019Amazon Prime Day, il est \u00e0 199,99 euros contre 349,99 euros sur le site de MSI.<\/p>\n<p><a href=\"https:\/\/images.frandroid.com\/wp-content\/uploads\/2025\/07\/msi-g32cq5p-prime-day-soldes-bons-plans-frandroid.jpg\" target=\"_blank\" rel=\"noopener\" class=\"article-content__figure\"><img loading=\"lazy\" decoding=\"async\" width=\"1200\" height=\"675\" class=\"wp-image-2730823 wp-image wp-image\" src=\"https:\/\/www.europesays.com\/fr\/wp-content\/uploads\/2025\/07\/msi-g32cq5p-prime-day-soldes-bons-plans-frandroid-1200x675.jpg\" alt=\"\"  \/><\/a><\/p>\n<ul class=\"wp-block-list\">\n<li style=\"list-style-type: none\">\n<ul class=\"wp-block-list\">\n<li>Une dalle de 32 pouces WQHD en 170 Hz<\/li>\n<\/ul>\n<\/li>\n<\/ul>\n<ul class=\"wp-block-list\">\n<li style=\"list-style-type: none\">\n<ul class=\"wp-block-list\">\n<li>R\u00e9glable, compatible Adaptive Sync<\/li>\n<\/ul>\n<\/li>\n<\/ul>\n<p>Au lieu de 349,99 euros sur le site de MSI, le MSI G32CQ5P est <a href=\"https:\/\/shop.frandroid.com\/38355p2z\" target=\"_blank\" rel=\"noreferrer noopener affiliate nofollow\" data-gtm=\"{&quot;event&quot;:&quot;afficlic&quot;,&quot;nom_marchand&quot;:&quot;amazon_fr&quot;,&quot;nom_produit&quot;:&quot;inconnu&quot;,&quot;categorie_produit&quot;:&quot;inconnu&quot;,&quot;module_produit&quot;:&quot;editolink&quot;,&quot;position_marchand&quot;:0,&quot;texte&quot;:&quot;aujourd-hui-disponible-en-promotion-a-199-99-euros-sur-amazon&quot;,&quot;offer_url&quot;:&quot;https:\/\/shop.frandroid.com\/38355p2z&quot;,&quot;zone&quot;:&quot;contenu-page&quot;}\">aujourd\u2019hui disponible en promotion \u00e0 199,99 euros sur Amazon<\/a>.<\/p>\n<p>                                            11:03<br \/>\n                                                                Nuki Smart Lock Go<\/p>\n<p>La Nuki Smart Lock Go est une serrure connect\u00e9e id\u00e9ale en cette p\u00e9riode de d\u00e9part en vacances. Elle s\u2019ouvre et se verrouille automatiquement en fonction de votre pr\u00e9sence et se veut tr\u00e8s accessible puisqu\u2019elle est \u00e0 109 euros au lieu de 149 euros.<\/p>\n<p><a href=\"https:\/\/images.frandroid.com\/wp-content\/uploads\/2025\/07\/nuki-smart-lock-go-prime-day-2025.jpg\" target=\"_blank\" rel=\"noopener\" class=\"article-content__figure\"><img loading=\"lazy\" decoding=\"async\" width=\"1200\" height=\"675\" class=\"wp-image-2730737 wp-image wp-image\" src=\"https:\/\/www.europesays.com\/fr\/wp-content\/uploads\/2025\/07\/nuki-smart-lock-go-prime-day-2025-1200x675.jpg\" alt=\"\"  \/><\/a><\/p>\n<ul class=\"wp-block-list\">\n<li style=\"list-style-type: none\">\n<ul class=\"wp-block-list\">\n<li>Son placement tarifaire tr\u00e8s abordable<\/li>\n<\/ul>\n<\/li>\n<\/ul>\n<ul class=\"wp-block-list\">\n<li style=\"list-style-type: none\">\n<ul class=\"wp-block-list\">\n<li>L\u2019installation est tr\u00e8s facile et rapide<\/li>\n<\/ul>\n<\/li>\n<\/ul>\n<ul class=\"wp-block-list\">\n<li style=\"list-style-type: none\">\n<ul class=\"wp-block-list\">\n<li>La compatibilit\u00e9 \u00e9tendue avec Matter, Alexa, Google et Apple<\/li>\n<\/ul>\n<\/li>\n<\/ul>\n<p>La serrure connect\u00e9e Nuki Smart Lock Go est un produit qui co\u00fbte habituellement 149 euros <a href=\"https:\/\/shop.frandroid.com\/qby6lo72\" target=\"_blank\" rel=\"noreferrer noopener affiliate nofollow\" data-gtm=\"{&quot;event&quot;:&quot;afficlic&quot;,&quot;nom_marchand&quot;:&quot;amazon_fr&quot;,&quot;nom_produit&quot;:&quot;inconnu&quot;,&quot;categorie_produit&quot;:&quot;inconnu&quot;,&quot;module_produit&quot;:&quot;editolink&quot;,&quot;position_marchand&quot;:0,&quot;texte&quot;:&quot;passe-a-seulement-109-euros&quot;,&quot;offer_url&quot;:&quot;https:\/\/shop.frandroid.com\/qby6lo72&quot;,&quot;zone&quot;:&quot;contenu-page&quot;}\">passe \u00e0 seulement 109 euros<\/a> pour le dernier jour du Prime Day.<\/p>\n<p>                                            10:25<br \/>\n                                                                Joy-Con Comfort Grip pour Nintendo Switch<\/p>\n<p>Le Joy-Con Comfort Grip pour Nintendo Switch est un accessoire id\u00e9al pour transformer vos joy-con en une manette. On est pas au niveau du confort de la manette Pro, mais c\u2019est une solution efficace et abordable. Lors du Prime Day, on le trouve \u00e0 11 euros au lieu de 39 euros au d\u00e9part.\u00a0<\/p>\n<p><a href=\"https:\/\/images.frandroid.com\/wp-content\/uploads\/2025\/07\/joy-con-comfort-grip-pour-nintendo-switch-prime-day-2025.jpg\" target=\"_blank\" rel=\"noopener\" class=\"article-content__figure\"><img loading=\"lazy\" decoding=\"async\" class=\"alignnone size-medium wp-image-2730853 wp-image wp-image\" src=\"https:\/\/www.europesays.com\/fr\/wp-content\/uploads\/2025\/07\/joy-con-comfort-grip-pour-nintendo-switch-prime-day-2025-1200x675.jpg\" alt=\"\" width=\"1200\" height=\"675\"  \/><\/a><\/p>\n<ul>\n<li>Une manette confortable et ergonomique<\/li>\n<li>Des poign\u00e9es en caoutchouc pour une meilleure pr\u00e9hension<\/li>\n<li>Licence officielle par Nintendo<\/li>\n<\/ul>\n<p>De base \u00e0 39,99 euros, les Joy-Con Comfort Grip pour Nintendo Switch se n\u00e9gocie aujourd\u2019hui <a href=\"https:\/\/shop.frandroid.com\/czzn9kh1\" target=\"_blank\" rel=\"sponsored nofollow noopener\" data-gtm=\"{&quot;event&quot;:&quot;afficlic&quot;,&quot;nom_marchand&quot;:&quot;Amazon&quot;,&quot;nom_produit&quot;:&quot;inconnu&quot;,&quot;categorie_produit&quot;:&quot;inconnu&quot;,&quot;module_produit&quot;:&quot;editolink&quot;,&quot;position_marchand&quot;:0,&quot;texte&quot;:&quot;a-seulement-11-31-euros-sur-Amazon&quot;}\">\u00e0 seulement 11,31 euros sur Amazon.\u00a0<\/a><\/p>\n<p>                10:07<\/p>\n<p>                    Xiaomi Redmi Watch 5 Active<\/p>\n<p>L\u00e9g\u00e8re, \u00e9tanche, riche en fonctionnalit\u00e9s et surtout peu on\u00e9reuse, la Xiaomi Redmi Watch 5 Active est une bonne montre connect\u00e9e pour les petits budgets. C\u2019est encore plus le cas lors du Prime Day lorsque son prix passe de 39 euros \u00e0 24 euros.<\/p>\n<p><a href=\"https:\/\/images.frandroid.com\/wp-content\/uploads\/2025\/04\/xiaomi-redmi-watch-5-active-prime-day-2025.jpg\" target=\"_blank\" rel=\"noopener\" class=\"article-content__figure\"><img loading=\"lazy\" decoding=\"async\" width=\"1200\" height=\"675\" class=\"wp-image-2730741 wp-image wp-image\" src=\"https:\/\/www.europesays.com\/fr\/wp-content\/uploads\/2025\/07\/xiaomi-redmi-watch-5-active-prime-day-2025-1200x675.jpg\" alt=\"\"  \/><\/a><\/p>\n<ul class=\"wp-block-list\">\n<li style=\"list-style-type: none\">\n<ul class=\"wp-block-list\">\n<li>Le suivi de 140 disciplines sportives<\/li>\n<\/ul>\n<\/li>\n<\/ul>\n<ul class=\"wp-block-list\">\n<li style=\"list-style-type: none\">\n<ul class=\"wp-block-list\">\n<li>Une autonomie de 18 jours<\/li>\n<\/ul>\n<\/li>\n<\/ul>\n<p>Affich\u00e9e \u00e0 39,99 euros sur le site officiel de la marque, la montre connect\u00e9e Xiaomi Redmi Watch 5 Active <a href=\"https:\/\/shop.frandroid.com\/kv6u2jfb\" target=\"_blank\" rel=\"noreferrer noopener affiliate nofollow\" data-gtm=\"{&quot;event&quot;:&quot;afficlic&quot;,&quot;nom_marchand&quot;:&quot;amazon_fr&quot;,&quot;nom_produit&quot;:&quot;inconnu&quot;,&quot;categorie_produit&quot;:&quot;inconnu&quot;,&quot;module_produit&quot;:&quot;editolink&quot;,&quot;position_marchand&quot;:0,&quot;texte&quot;:&quot;revient-a-seulement-24-20-euros-sur-amazon&quot;,&quot;offer_url&quot;:&quot;https:\/\/shop.frandroid.com\/kv6u2jfb&quot;,&quot;zone&quot;:&quot;contenu-page&quot;}\">revient \u00e0 seulement 24,20 euros sur Amazon.<\/a><\/p>\n<p>                                            18:15<br \/>\n                                                                Xgimi MoGo 2 Pro<\/p>\n<p>Le Xgimi Mogo 2 Pro est un vid\u00e9oprojecteur particuli\u00e8rement compact qui s\u2019installe tr\u00e8s facilement gr\u00e2ce \u00e0 ses fonctions automatiques bien pratiques. Un mod\u00e8le efficace qui devient encore plus int\u00e9ressant aujourd\u2019hui, puisqu\u2019on peut le trouver affich\u00e9 \u00e0 299 euros au lieu de 599 euros.<\/p>\n<p><a href=\"https:\/\/images.frandroid.com\/wp-content\/uploads\/2025\/07\/xgimi-mogo-2-pro-prime-day-2025.jpg\" target=\"_blank\" rel=\"noopener\" class=\"article-content__figure\"><img loading=\"lazy\" decoding=\"async\" class=\"alignnone size-medium wp-image-2730451 wp-image wp-image\" src=\"https:\/\/www.europesays.com\/fr\/wp-content\/uploads\/2025\/07\/xgimi-mogo-2-pro-prime-day-2025-1200x675.jpg\" alt=\"\" width=\"1200\" height=\"675\"  \/><\/a><\/p>\n<ul class=\"wp-block-list\">\n<li>Un format compact<\/li>\n<li>Des images diffus\u00e9es en Full HD jusqu\u2019\u00e0 120 pouces<\/li>\n<li>La correction automatique du trap\u00e8ze et de la nettet\u00e9<\/li>\n<li>Android TV<\/li>\n<\/ul>\n<p>Le Xgimi MoGo 2 Pro est en promotion : au lieu de 599 euros lors de son lancement, il est <a href=\"https:\/\/shop.frandroid.com\/rvv81msd\" target=\"_blank\" rel=\"noreferrer noopener affiliate nofollow\" data-type=\"link\" data-id=\"https:\/\/www.amazon.fr\/dp\/B0BWQ7CYCP\" data-gtm=\"{&quot;event&quot;:&quot;afficlic&quot;,&quot;nom_marchand&quot;:&quot;amazon_fr&quot;,&quot;nom_produit&quot;:&quot;inconnu&quot;,&quot;categorie_produit&quot;:&quot;inconnu&quot;,&quot;module_produit&quot;:&quot;editolink&quot;,&quot;position_marchand&quot;:0,&quot;texte&quot;:&quot;disponible-a-299-euros&quot;,&quot;offer_url&quot;:&quot;https:\/\/shop.frandroid.com\/rvv81msd&quot;,&quot;zone&quot;:&quot;contenu-page&quot;}\">disponible \u00e0 299 euros<\/a> aujourd\u2019hui.<\/p>\n<p>                                            17:55<br \/>\n                                                                Dell XPS 13 (9345)<\/p>\n<p>Endurant, puissant et tr\u00e8s l\u00e9ger, le Dell XPS 13 \u00e9quip\u00e9 d\u2019une puce Snapdragon X Elite est une machine id\u00e9ale pour la productivit\u00e9. Dop\u00e9 \u00e0 l\u2019IA, ce mod\u00e8le est actuellement en promotion : pendant le Prime Day d\u2019Amazon, on le trouve en effet affich\u00e9 \u00e0 1 049 euros au lieu de 1 699 euros.<\/p>\n<p><a href=\"https:\/\/images.frandroid.com\/wp-content\/uploads\/2025\/07\/dell-xps-13-9345-prime-day-2025.jpg\" target=\"_blank\" rel=\"noopener\" class=\"article-content__figure\"><img loading=\"lazy\" decoding=\"async\" width=\"1200\" height=\"675\" class=\"wp-image-2730165 wp-image wp-image\" src=\"https:\/\/www.europesays.com\/fr\/wp-content\/uploads\/2025\/07\/dell-xps-13-9345-prime-day-2025-1200x675.jpg\" alt=\"\"  \/><\/a><\/p>\n<ul class=\"wp-block-list\">\n<li style=\"list-style-type: none\">\n<ul class=\"wp-block-list\">\n<li>Un format compact pour un laptop \u00e9l\u00e9gant<\/li>\n<\/ul>\n<\/li>\n<\/ul>\n<ul class=\"wp-block-list\">\n<li style=\"list-style-type: none\">\n<ul class=\"wp-block-list\">\n<li>Une dalle Full HD+ 13,4 pouces + 120 Hz<\/li>\n<\/ul>\n<\/li>\n<\/ul>\n<ul class=\"wp-block-list\">\n<li style=\"list-style-type: none\">\n<ul class=\"wp-block-list\">\n<li>Une puissante puce Snapdragon X Elite<\/li>\n<\/ul>\n<\/li>\n<\/ul>\n<p>Au lieu de 1\u202f699 euros, le Dell XPS 13 (9345) est aujourd\u2019hui <a href=\"https:\/\/shop.frandroid.com\/x2fq581l\" target=\"_blank\" rel=\"noreferrer noopener affiliate nofollow\" data-gtm=\"{&quot;event&quot;:&quot;afficlic&quot;,&quot;nom_marchand&quot;:&quot;amazon_fr&quot;,&quot;nom_produit&quot;:&quot;inconnu&quot;,&quot;categorie_produit&quot;:&quot;inconnu&quot;,&quot;module_produit&quot;:&quot;editolink&quot;,&quot;position_marchand&quot;:0,&quot;texte&quot;:&quot;disponible-en-promotion-a-1-049-euros-sur-amazon&quot;,&quot;offer_url&quot;:&quot;https:\/\/shop.frandroid.com\/x2fq581l&quot;,&quot;zone&quot;:&quot;contenu-page&quot;}\">disponible en promotion \u00e0 1 049 euros sur Amazon<\/a>.<\/p>\n<p>                                            17:41<br \/>\n                                                                Nothing CMF Buds 2 <\/p>\n<p>Avec ses CMF by Nothing Buds 2, la marque reproduit ce qu\u2019elle fait avec ses smartphones : proposer des produits de qualit\u00e9 \u00e0 prix attractif, encore plus pendant le Prime Day o\u00f9 ils sont \u00e0 37,95 euros au lieu de 49,95 euros.<\/p>\n<p><a href=\"https:\/\/images.frandroid.com\/wp-content\/uploads\/2025\/07\/cmf-by-nothing-buds-2-prime-day-2025.jpg\" target=\"_blank\" rel=\"noopener\" class=\"article-content__figure\"><img loading=\"lazy\" decoding=\"async\" width=\"1200\" height=\"675\" class=\"wp-image-2730123 wp-image wp-image\" src=\"https:\/\/www.europesays.com\/fr\/wp-content\/uploads\/2025\/07\/cmf-by-nothing-buds-2-prime-day-2025-1200x675.jpg\" alt=\"\"  \/><\/a><\/p>\n<ul class=\"wp-block-list\">\n<li style=\"list-style-type: none\">\n<ul class=\"wp-block-list\">\n<li>Une autonomie record de 55 h avec le boitier<\/li>\n<\/ul>\n<\/li>\n<\/ul>\n<ul class=\"wp-block-list\">\n<li style=\"list-style-type: none\">\n<ul class=\"wp-block-list\">\n<li>L\u2019app Nothing X permet d\u2019int\u00e9grer ChatGPT<\/li>\n<\/ul>\n<\/li>\n<\/ul>\n<ul class=\"wp-block-list\">\n<li style=\"list-style-type: none\">\n<ul class=\"wp-block-list\">\n<li>La qualit\u00e9 audio est bien soign\u00e9e<\/li>\n<\/ul>\n<\/li>\n<\/ul>\n<p>Les CMF by Nothing Buds 2 sont des petits \u00e9couteurs intra-auriculaires que vous retrouvez habituellement \u00e0 49,95 euros et qui sont accessibles <a href=\"https:\/\/shop.frandroid.com\/fqxw91rp\" target=\"_blank\" rel=\"noreferrer noopener affiliate nofollow\" data-gtm=\"{&quot;event&quot;:&quot;afficlic&quot;,&quot;nom_marchand&quot;:&quot;amazon_fr&quot;,&quot;nom_produit&quot;:&quot;inconnu&quot;,&quot;categorie_produit&quot;:&quot;inconnu&quot;,&quot;module_produit&quot;:&quot;editolink&quot;,&quot;position_marchand&quot;:0,&quot;texte&quot;:&quot;pendant-quelques-heures-a-37-95-euros&quot;,&quot;offer_url&quot;:&quot;https:\/\/shop.frandroid.com\/fqxw91rp&quot;,&quot;zone&quot;:&quot;contenu-page&quot;}\">pendant quelques heures \u00e0 37,95 euros<\/a> jusqu\u2019\u00e0 la fin du Prime Day.<\/p>\n<p>                                            17:19<br \/>\n                                                                Dreame L40s Pro Ultra<\/p>\n<p>Le gain de temps apport\u00e9 par les aspirateurs-robot n\u2019est plus \u00e0 d\u00e9montrer. Le Dreame L40s Pro Ultra est un puissant aspirateur-robot lavant nettoie le sol en profondeur, jusque dans les recoins les plus exigus gr\u00e2ce \u00e0 sa brosse et ses serpill\u00e8res extensibles. Mieux, sa base alimente, vide et nettoie automatiquement l\u2019appareil. Vous n\u2019avez donc plus \u00e0 vous soucier de la corv\u00e9e du m\u00e9nage. \u00c0 l\u2019occasion du Prime Day, son prix passe de 999 euros \u00e0 729 euros.<\/p>\n<p><a href=\"https:\/\/images.frandroid.com\/wp-content\/uploads\/2025\/07\/dreame-l40s-pro-ultra-prime-day-2025.jpg\" target=\"_blank\" rel=\"noopener\" class=\"article-content__figure\"><img loading=\"lazy\" decoding=\"async\" class=\"alignnone size-medium wp-image-2730277 wp-image wp-image\" src=\"https:\/\/www.europesays.com\/fr\/wp-content\/uploads\/2025\/07\/dreame-l40s-pro-ultra-prime-day-2025-1200x675.jpg\" alt=\"\" width=\"1200\" height=\"675\"  \/><\/a><\/p>\n<ul>\n<li>Une base auto-nettoyante<\/li>\n<li>Une bonne puissance d\u2019aspiration<\/li>\n<li>Des serpill\u00e8res extensibles et une navigation pr\u00e9cise<\/li>\n<\/ul>\n<p>De base \u00e0 999 euros, l\u2019aspirateur robot Dreame L40s Pro Ultra se n\u00e9gocie <a href=\"https:\/\/shop.frandroid.com\/htsnrzdw\" target=\"_blank\" rel=\"sponsored nofollow noopener\" data-gtm=\"{&quot;event&quot;:&quot;afficlic&quot;,&quot;nom_marchand&quot;:&quot;Amazon&quot;,&quot;nom_produit&quot;:&quot;inconnu&quot;,&quot;categorie_produit&quot;:&quot;inconnu&quot;,&quot;module_produit&quot;:&quot;editolink&quot;,&quot;position_marchand&quot;:0,&quot;texte&quot;:&quot;aujourd-hui-a-729-euros-sur-Amazon&quot;}\">aujourd\u2019hui \u00e0 729 euros sur Amazon.\u00a0<\/a><\/p>\n<p>                                            17:01<br \/>\n                                                                Lenovo LOQ 15IRX10<\/p>\n<p>C\u2019est une des bonnes affaires de ce Prime Day 2025 : le Lenovo LOQ 15IRX10, un laptop gaming puissant avec RTX 5060, est disponible \u00e0 985,99 euros au lieu de 1279,99 euros pendant quelques heures encore.<\/p>\n<p><a href=\"https:\/\/images.frandroid.com\/wp-content\/uploads\/2025\/07\/lenovo-loq-15irx10-prime-day-2025.jpg\" target=\"_blank\" rel=\"noopener\" class=\"article-content__figure\"><img loading=\"lazy\" decoding=\"async\" width=\"1200\" height=\"675\" class=\"wp-image-2729951 wp-image wp-image\" src=\"https:\/\/www.europesays.com\/fr\/wp-content\/uploads\/2025\/07\/lenovo-loq-15irx10-prime-day-2025-1200x675.jpg\" alt=\"\"  \/><\/a><\/p>\n<ul class=\"wp-block-list\">\n<li style=\"list-style-type: none\">\n<ul class=\"wp-block-list\">\n<li>La qualit\u00e9 de l\u2019affichage Full HD en 144 Hz sur du 15,6 pouces<\/li>\n<\/ul>\n<\/li>\n<\/ul>\n<ul class=\"wp-block-list\">\n<li style=\"list-style-type: none\">\n<ul class=\"wp-block-list\">\n<li>La puissance du CPU et de la carte graphique combin\u00e9e<\/li>\n<\/ul>\n<\/li>\n<\/ul>\n<ul class=\"wp-block-list\">\n<li style=\"list-style-type: none\">\n<ul class=\"wp-block-list\">\n<li>Le syst\u00e8me de refroidissement est bien efficace<\/li>\n<\/ul>\n<\/li>\n<\/ul>\n<p>D\u2019abord \u00e0 1 279 euros, puis r\u00e9duit \u00e0 1 199 euros, le Lenovo LOQ est un laptop gaming puissant qu\u2019on retrouve <a href=\"https:\/\/shop.frandroid.com\/qmthdyo5\" target=\"_blank\" rel=\"noreferrer noopener affiliate nofollow\" data-gtm=\"{&quot;event&quot;:&quot;afficlic&quot;,&quot;nom_marchand&quot;:&quot;amazon_fr&quot;,&quot;nom_produit&quot;:&quot;inconnu&quot;,&quot;categorie_produit&quot;:&quot;inconnu&quot;,&quot;module_produit&quot;:&quot;editolink&quot;,&quot;position_marchand&quot;:0,&quot;texte&quot;:&quot;il-est-disponible-a-985-99-euros&quot;,&quot;offer_url&quot;:&quot;https:\/\/shop.frandroid.com\/qmthdyo5&quot;,&quot;zone&quot;:&quot;contenu-page&quot;}\">en promotion \u00e0 985,99 euros<\/a> lors du Prime Day.<\/p>\n<p>                                            16:39<br \/>\n                                                                Garmin Fenix 8 <\/p>\n<p>Pr\u00e9cise, tr\u00e8s compl\u00e8te et endurante, la Garmin Fenix 8 est l\u2019une des meilleures montres connect\u00e9es pour le sport du march\u00e9. Si elle est, \u00e0 la base, tr\u00e8s ch\u00e8re, elle b\u00e9n\u00e9ficie d\u2019une belle promotion pendant le Prime Day d\u2019Amazon : on la trouve ainsi \u00e0 801,99 euros au lieu de 999,99 euros.<\/p>\n<p><a href=\"https:\/\/images.frandroid.com\/wp-content\/uploads\/2025\/07\/garmin-fenix-8-prime-day-2025.jpg\" target=\"_blank\" rel=\"noopener\" class=\"article-content__figure\"><img loading=\"lazy\" decoding=\"async\" width=\"1200\" height=\"675\" class=\"wp-image-2729947 wp-image wp-image\" src=\"https:\/\/www.europesays.com\/fr\/wp-content\/uploads\/2025\/07\/garmin-fenix-8-prime-day-2025-1200x675.jpg\" alt=\"\"  \/><\/a><\/p>\n<ul class=\"wp-block-list\">\n<li style=\"list-style-type: none\">\n<ul class=\"wp-block-list\">\n<li>Une montre solide et r\u00e9sistante<\/li>\n<\/ul>\n<\/li>\n<\/ul>\n<ul class=\"wp-block-list\">\n<li style=\"list-style-type: none\">\n<ul class=\"wp-block-list\">\n<li>Une dalle Amoled lumineuse de 1,4 pouce<\/li>\n<\/ul>\n<\/li>\n<\/ul>\n<p>Lanc\u00e9e \u00e0 999,99 euros, la Garmin Fenix 8 (47 mm) est aujourd\u2019hui <a href=\"https:\/\/shop.frandroid.com\/sar8cdax\" target=\"_blank\" rel=\"noreferrer noopener affiliate nofollow\" data-gtm=\"{&quot;event&quot;:&quot;afficlic&quot;,&quot;nom_marchand&quot;:&quot;amazon_fr&quot;,&quot;nom_produit&quot;:&quot;inconnu&quot;,&quot;categorie_produit&quot;:&quot;inconnu&quot;,&quot;module_produit&quot;:&quot;editolink&quot;,&quot;position_marchand&quot;:0,&quot;texte&quot;:&quot;disponible-en-promotion-a-801-99-euros-sur-amazon&quot;,&quot;offer_url&quot;:&quot;https:\/\/shop.frandroid.com\/sar8cdax&quot;,&quot;zone&quot;:&quot;contenu-page&quot;}\">disponible en promotion \u00e0 801,99 euros sur Amazon<\/a>.<\/p>\n<p>                                            16:21<br \/>\n                                                                eufyCam S300<\/p>\n<p>La cam\u00e9ra eufyCam S300 regorge de fonctionnalit\u00e9s pour surveiller votre domicile et alerter en cas d\u2019intrusion. Elle offre une image en qualit\u00e9 4K, avec un champ de vision \u00e9largi pour avoir le plus de choses possible. Si vous souhaitez vous \u00e9quiper de cam\u00e9ras, ce kit en compte 2, et passe de 479 euros \u00e0 moins de 200 euros.<\/p>\n<p><a href=\"https:\/\/images.frandroid.com\/wp-content\/uploads\/2025\/07\/eufy-security-eufycam-s300-prime-day-2025.jpg\" target=\"_blank\" rel=\"noopener\" class=\"article-content__figure\"><img loading=\"lazy\" decoding=\"async\" class=\"alignnone size-medium wp-image-2730103 wp-image wp-image\" src=\"https:\/\/www.europesays.com\/fr\/wp-content\/uploads\/2025\/07\/eufy-security-eufycam-s300-prime-day-2025-1200x675.jpg\" alt=\"\" width=\"1200\" height=\"675\"  \/><\/a><\/p>\n<ul class=\"wp-block-list\">\n<li style=\"list-style-type: none\">\n<ul class=\"wp-block-list\">\n<li>Deux cam\u00e9ras de surveillance sans fil qui filme en 4K<\/li>\n<\/ul>\n<\/li>\n<\/ul>\n<ul class=\"wp-block-list\">\n<li style=\"list-style-type: none\">\n<ul class=\"wp-block-list\">\n<li>Avec une vision nocturne et un projecteur int\u00e9gr\u00e9<\/li>\n<\/ul>\n<\/li>\n<\/ul>\n<p>De base \u00e0 479,99 euros, le kit de 2 cam\u00e9ras eufyCam S300 se trouve en promotion \u00e0 219 euros sur le site d\u2019Amazon, mais gr\u00e2ce au code <strong>EUFYS220<\/strong>, vous obtenez 10 % de r\u00e9duction. <a href=\"https:\/\/shop.frandroid.com\/rr5ig2gi\" target=\"_blank\" rel=\"sponsored nofollow noopener\" data-gtm=\"{&quot;event&quot;:&quot;afficlic&quot;,&quot;nom_marchand&quot;:&quot;Amazon&quot;,&quot;nom_produit&quot;:&quot;inconnu&quot;,&quot;categorie_produit&quot;:&quot;inconnu&quot;,&quot;module_produit&quot;:&quot;editolink&quot;,&quot;position_marchand&quot;:0,&quot;texte&quot;:&quot;Le-tout-revient-ainsi-a-moins-de-200-euros&quot;}\">Le tout revient ainsi \u00e0 moins de 200 euros.<\/a><\/p>\n<p>                                            16:05<br \/>\n                                                                Google Pixel 9<\/p>\n<p>Bon en photo et anim\u00e9 par une Pixel Experience toujours aussi agr\u00e9able, le Google Pixel 9 a plusieurs atouts. Son prix en fait aussi partie : en plein Prime Day, Amazon propose la version 128 Go avec 300 euros de r\u00e9duction.<\/p>\n<p><a href=\"https:\/\/images.frandroid.com\/wp-content\/uploads\/2025\/07\/pixel-9-amazon-prime-day-2025.jpg\" target=\"_blank\" rel=\"noopener\" class=\"article-content__figure\"><img loading=\"lazy\" decoding=\"async\" class=\"aligncenter size-large wp-image-2725793 wp-image wp-image\" src=\"https:\/\/www.europesays.com\/fr\/wp-content\/uploads\/2025\/07\/1752248154_768_pixel-9-amazon-prime-day-2025-1200x675.jpg\" alt=\"\" width=\"1200\" height=\"675\"  \/><\/a><\/p>\n<ul class=\"wp-block-list\">\n<li>Une dalle OLED de 6,3 pouces bien lumineuse<\/li>\n<li>Un excellent capteur photo principal<\/li>\n<li>La Pixel Experience et 7 ans de mises \u00e0 jour<\/li>\n<\/ul>\n<p>Au lieu de 899 euros \u00e0 son lancement, le Google Pixel 9 (128 Go) est aujourd\u2019hui <a href=\"https:\/\/shop.frandroid.com\/vahduzgw\" target=\"_blank\" rel=\"sponsored nofollow noopener\" data-gtm=\"{&quot;event&quot;:&quot;afficlic&quot;,&quot;nom_marchand&quot;:&quot;Amazon&quot;,&quot;nom_produit&quot;:&quot;inconnu&quot;,&quot;categorie_produit&quot;:&quot;inconnu&quot;,&quot;module_produit&quot;:&quot;editolink&quot;,&quot;position_marchand&quot;:0,&quot;texte&quot;:&quot;disponible-en-promotion-a-599-euros-sur-Amazon&quot;}\">disponible en promotion \u00e0 549 euros sur Amazon<\/a>. Il y a quelques jours, il \u00e9tait propos\u00e9 50 euros de plus.<\/p>\n<p>On trouve \u00e9galement le <a href=\"https:\/\/shop.frandroid.com\/kz7d6wml\" target=\"_blank\" rel=\"sponsored nofollow noopener\" data-gtm=\"{&quot;event&quot;:&quot;afficlic&quot;,&quot;nom_marchand&quot;:&quot;Amazon&quot;,&quot;nom_produit&quot;:&quot;inconnu&quot;,&quot;categorie_produit&quot;:&quot;inconnu&quot;,&quot;module_produit&quot;:&quot;editolink&quot;,&quot;position_marchand&quot;:0,&quot;texte&quot;:&quot;Pixel-9-Pro-XL-avec-1-To-de-stockage-a-999-euros&quot;}\">Pixel 9 Pro XL avec 1 To de stockage \u00e0 999 euros<\/a>.<\/p>\n<p>                                            15:45<br \/>\n                                                                Sony WH-1000XM5<\/p>\n<p>Malgr\u00e9 la sortie du\u00a0WH-1000XM6, le Sony\u00a0WH-1000XM5\u00a0reste encore aujourd\u2019hui une r\u00e9f\u00e9rence, mais sa d\u00e9clinaison SA est toutefois plus int\u00e9ressante avec sa structure plus souple. Vous avez l\u00e0 un casque Bluetooth \u00e0 r\u00e9duction de bruit active d\u2019excellente facture, multipoint, avec des options pouss\u00e9s de personnalisation audio. Tout ce qui permet de profiter d\u2019un son de grande qualit\u00e9, avec une autonomie dans le haut du panier.<\/p>\n<p><a href=\"https:\/\/images.frandroid.com\/wp-content\/uploads\/2025\/07\/prime-day-sony-wh-1000xm5sa.jpg\" target=\"_blank\" rel=\"noopener\" class=\"article-content__figure\"><img loading=\"lazy\" decoding=\"async\" width=\"1200\" height=\"675\" class=\"wp-image-2726629 wp-image wp-image\" src=\"https:\/\/www.europesays.com\/fr\/wp-content\/uploads\/2025\/07\/1752248156_740_prime-day-sony-wh-1000xm5sa-1200x675.jpg\" alt=\"\"  \/><\/a><\/p>\n<ul class=\"wp-block-list\">\n<li style=\"list-style-type: none\">\n<ul class=\"wp-block-list\">\n<li>Une r\u00e9duction de bruit active efficace<\/li>\n<\/ul>\n<\/li>\n<\/ul>\n<ul class=\"wp-block-list\">\n<li style=\"list-style-type: none\">\n<ul class=\"wp-block-list\">\n<li>De bonnes performances sonores<\/li>\n<\/ul>\n<\/li>\n<\/ul>\n<ul class=\"wp-block-list\">\n<li style=\"list-style-type: none\">\n<ul class=\"wp-block-list\">\n<li>Le Bluetooth multipoint pr\u00e9sent<\/li>\n<\/ul>\n<\/li>\n<\/ul>\n<p>Lanc\u00e9 \u00e0 419 euros, le casque Sony WH-1000XM5 est aujourd\u2019hui <a href=\"https:\/\/shop.frandroid.com\/ongk2d11\" target=\"_blank\" rel=\"noreferrer noopener affiliate nofollow\" data-gtm=\"{&quot;event&quot;:&quot;afficlic&quot;,&quot;nom_marchand&quot;:&quot;amazon_fr&quot;,&quot;nom_produit&quot;:&quot;inconnu&quot;,&quot;categorie_produit&quot;:&quot;inconnu&quot;,&quot;module_produit&quot;:&quot;editolink&quot;,&quot;position_marchand&quot;:0,&quot;texte&quot;:&quot;disponible-en-promotion-a-249-euros-sur-amazon&quot;,&quot;offer_url&quot;:&quot;https:\/\/shop.frandroid.com\/ongk2d11&quot;,&quot;zone&quot;:&quot;contenu-page&quot;}\">disponible en promotion \u00e0 249 euros sur Amazon<\/a>.<\/p>\n<p>                                            15:21<br \/>\n                                                                CMF Phone 1 <\/p>\n<p>Le Phone 1 de CMF est le premier smartphone de la marque, qui reprend l\u2019ADN de la maison m\u00e8re Nothing. Une entr\u00e9e de gamme originale \u00e0 petit prix pour le Prime Day qui passe de 239 euros \u00e0 169 euros.<\/p>\n<p><a href=\"https:\/\/images.frandroid.com\/wp-content\/uploads\/2025\/07\/cmf-phone-1-prime-day-2025.jpg\" target=\"_blank\" rel=\"noopener\" class=\"article-content__figure\"><img loading=\"lazy\" decoding=\"async\" width=\"1200\" height=\"675\" class=\"wp-image-2729811 wp-image wp-image\" src=\"https:\/\/www.europesays.com\/fr\/wp-content\/uploads\/2025\/07\/cmf-phone-1-prime-day-2025-1200x675.jpg\" alt=\"\"  \/><\/a><\/p>\n<ul class=\"wp-block-list\">\n<li style=\"list-style-type: none\">\n<ul class=\"wp-block-list\">\n<li>Les performances incroyables par rapport au prix affich\u00e9<\/li>\n<\/ul>\n<\/li>\n<\/ul>\n<ul class=\"wp-block-list\">\n<li style=\"list-style-type: none\">\n<ul class=\"wp-block-list\">\n<li>L\u2019\u00e9cran de 120 Hz est d\u2019excellente qualit\u00e9<\/li>\n<\/ul>\n<\/li>\n<\/ul>\n<ul class=\"wp-block-list\">\n<li style=\"list-style-type: none\">\n<ul class=\"wp-block-list\">\n<li>Pas de bloatwares, il arrive tout clean<\/li>\n<\/ul>\n<\/li>\n<\/ul>\n<p>Le CMF Phone 1 a \u00e9t\u00e9 lanc\u00e9 il y a un an pour 239 euros. Un prix d\u00e9j\u00e0 bien attractif qui l\u2019est encore plus pour le Prime Day puisqu\u2019<a href=\"https:\/\/shop.frandroid.com\/4264b5m9\" target=\"_blank\" rel=\"noreferrer noopener affiliate nofollow\" data-gtm=\"{&quot;event&quot;:&quot;afficlic&quot;,&quot;nom_marchand&quot;:&quot;amazon_fr&quot;,&quot;nom_produit&quot;:&quot;inconnu&quot;,&quot;categorie_produit&quot;:&quot;inconnu&quot;,&quot;module_produit&quot;:&quot;editolink&quot;,&quot;position_marchand&quot;:0,&quot;texte&quot;:&quot;il-passe-a-169-euros&quot;,&quot;offer_url&quot;:&quot;https:\/\/shop.frandroid.com\/4264b5m9&quot;,&quot;zone&quot;:&quot;contenu-page&quot;}\">il passe \u00e0 169 euros<\/a>.<\/p>\n<p>                                            14:52<br \/>\n                                                                Xiaomi Poco F7 Ultra<\/p>\n<p>Taill\u00e9 pour les gamers et dop\u00e9 \u00e0 l\u2019IA en prime, le Xiaomi Poco F7 Ultra est le smartphone le plus muscl\u00e9 de la s\u00e9rie Poco F7 lanc\u00e9e en mars dernier. Pendant le Prime Day d\u2019Amazon, on trouve d\u00e9j\u00e0 sa version 512 Go avec 100 euros de r\u00e9duction.<\/p>\n<p><a href=\"https:\/\/images.frandroid.com\/wp-content\/uploads\/2025\/07\/poco-f7-ultra-prime-day-2025.jpg\" target=\"_blank\" rel=\"noopener\" class=\"article-content__figure\"><img loading=\"lazy\" decoding=\"async\" width=\"1200\" height=\"675\" class=\"wp-image-2724355 wp-image wp-image\" src=\"https:\/\/www.europesays.com\/fr\/wp-content\/uploads\/2025\/07\/1752248159_849_poco-f7-ultra-prime-day-2025-1200x675.jpg\" alt=\"\"  \/><\/a><\/p>\n<ul class=\"wp-block-list\">\n<li style=\"list-style-type: none\">\n<ul class=\"wp-block-list\">\n<li>Un smartphone \u00e9tanche (IP68)<\/li>\n<\/ul>\n<\/li>\n<\/ul>\n<ul class=\"wp-block-list\">\n<li style=\"list-style-type: none\">\n<ul class=\"wp-block-list\">\n<li>Un processeur Snapdragon 8 Elite ultra-puissant<\/li>\n<\/ul>\n<\/li>\n<\/ul>\n<p>Initialement affich\u00e9 \u00e0 799,99 euros, le Xiaomi Poco F7 Ultra (512 Go) est aujourd\u2019hui <a href=\"https:\/\/shop.frandroid.com\/dxle9phn\" target=\"_blank\" rel=\"noreferrer noopener affiliate nofollow\" data-gtm=\"{&quot;event&quot;:&quot;afficlic&quot;,&quot;nom_marchand&quot;:&quot;amazon_fr&quot;,&quot;nom_produit&quot;:&quot;inconnu&quot;,&quot;categorie_produit&quot;:&quot;inconnu&quot;,&quot;module_produit&quot;:&quot;editolink&quot;,&quot;position_marchand&quot;:0,&quot;texte&quot;:&quot;disponible-en-promotion-a-699-99-euros-sur-amazon&quot;,&quot;offer_url&quot;:&quot;https:\/\/shop.frandroid.com\/dxle9phn&quot;,&quot;zone&quot;:&quot;contenu-page&quot;}\">disponible en promotion \u00e0 699,99 euros sur Amazon<\/a>.<\/p>\n<p>Son petit fr\u00e8re, le Xiaomi Poco F7 Pro (256 Go), est quant \u00e0 lui <a href=\"https:\/\/shop.frandroid.com\/zrs33mvr\" target=\"_blank\" rel=\"noreferrer noopener affiliate nofollow\" data-gtm=\"{&quot;event&quot;:&quot;afficlic&quot;,&quot;nom_marchand&quot;:&quot;amazon_fr&quot;,&quot;nom_produit&quot;:&quot;inconnu&quot;,&quot;categorie_produit&quot;:&quot;inconnu&quot;,&quot;module_produit&quot;:&quot;editolink&quot;,&quot;position_marchand&quot;:0,&quot;texte&quot;:&quot;propose-a-469-99-euros-au-lieu-de-499-90-euros-sur-amazon&quot;,&quot;offer_url&quot;:&quot;https:\/\/shop.frandroid.com\/zrs33mvr&quot;,&quot;zone&quot;:&quot;contenu-page&quot;}\">propos\u00e9 \u00e0 469,99 euros au lieu de 499,90 euros sur Amazon<\/a>.<\/p>\n<p>                                            14:29<br \/>\n                                                                Aqara U200<\/p>\n<p>M\u00eame votre porte peut devenir intelligente avec la serrure connect\u00e9e Aqara Smart Lock U200 qu\u2019il est possible de d\u00e9verrouiller avec votre smartphone, votre montre ou vos empreintes.<\/p>\n<p><a href=\"https:\/\/images.frandroid.com\/wp-content\/uploads\/2025\/07\/aqara-u200-amazon-prime-day-2025.jpg\" target=\"_blank\" rel=\"noopener\" class=\"article-content__figure\"><img loading=\"lazy\" decoding=\"async\" class=\"aligncenter size-large wp-image-2725541 wp-image wp-image\" src=\"https:\/\/www.europesays.com\/fr\/wp-content\/uploads\/2025\/07\/1752248160_381_aqara-u200-amazon-prime-day-2025-1200x675.jpg\" alt=\"\" width=\"1200\" height=\"675\"  \/><\/a><\/p>\n<ul class=\"wp-block-list\">\n<li>Le clavier inclus avec reconnaissance des empreintes digitales<\/li>\n<li>La serrure est compatible Apple Home Key et Matter<\/li>\n<li>Sa compatibilit\u00e9 avec une grande majorit\u00e9 des serrures en France<\/li>\n<\/ul>\n<p>Une serrure connect\u00e9e comme l\u2019Aqara Smart Lock U200 co\u00fbte normalement 269,99 euros. Durant les Prime Day sur Amazon, <a href=\"https:\/\/shop.frandroid.com\/448th30g\" target=\"_blank\" rel=\"noreferrer noopener affiliate nofollow\" data-gtm=\"{&quot;event&quot;:&quot;afficlic&quot;,&quot;nom_marchand&quot;:&quot;amazon_fr&quot;,&quot;nom_produit&quot;:&quot;inconnu&quot;,&quot;categorie_produit&quot;:&quot;inconnu&quot;,&quot;module_produit&quot;:&quot;editolink&quot;,&quot;position_marchand&quot;:0,&quot;texte&quot;:&quot;elle-se-rend-accessible-pour-189-99-euros&quot;,&quot;offer_url&quot;:&quot;https:\/\/shop.frandroid.com\/448th30g&quot;,&quot;zone&quot;:&quot;contenu-page&quot;}\">elle se rend accessible pour 169,99 euros<\/a>.<\/p>\n<p>                                            14:07<br \/>\n                                                                Amazon Fire TV Cube<\/p>\n<p>Le Fire TV Cube permet de transformer n\u2019importe quel \u00e9cran en TV connect\u00e9 et donne acc\u00e8s \u00e0 l\u2019interface Fire d\u2019Amazon o\u00f9 se retrouvent toutes les plateformes de streaming.<\/p>\n<p><a href=\"https:\/\/images.frandroid.com\/wp-content\/uploads\/2025\/07\/amazon-fire-tv-cube-nouvelle-generation-prime-day-2025.jpg\" target=\"_blank\" rel=\"noopener\" class=\"article-content__figure\"><img loading=\"lazy\" decoding=\"async\" width=\"1200\" height=\"675\" class=\"wp-image-2729605 wp-image wp-image\" src=\"https:\/\/www.europesays.com\/fr\/wp-content\/uploads\/2025\/07\/amazon-fire-tv-cube-nouvelle-generation-prime-day-2025-1200x675.jpg\" alt=\"\"  \/><\/a><\/p>\n<ul class=\"wp-block-list\">\n<li style=\"list-style-type: none\">\n<ul class=\"wp-block-list\">\n<li>Le port Ethernet pour une connexion plus stable<\/li>\n<\/ul>\n<\/li>\n<\/ul>\n<ul class=\"wp-block-list\">\n<li style=\"list-style-type: none\">\n<ul class=\"wp-block-list\">\n<li>La possibilit\u00e9 d\u2019utiliser Alexa en mode main-libre, sans t\u00e9l\u00e9commande<\/li>\n<\/ul>\n<\/li>\n<\/ul>\n<ul class=\"wp-block-list\">\n<li style=\"list-style-type: none\">\n<ul class=\"wp-block-list\">\n<li>Il est compatible 4K et prend en charge le WiFi 6E<\/li>\n<\/ul>\n<\/li>\n<\/ul>\n<p>Le Fire TV Cube est un boitier multim\u00e9dia qui co\u00fbte d\u2019habitude 159,99 euros. Pendant les quelques heures que dure encore le Prime Day, <a href=\"https:\/\/shop.frandroid.com\/3fc9pvow\" target=\"_blank\" rel=\"noreferrer noopener affiliate nofollow\" data-gtm=\"{&quot;event&quot;:&quot;afficlic&quot;,&quot;nom_marchand&quot;:&quot;amazon_fr&quot;,&quot;nom_produit&quot;:&quot;inconnu&quot;,&quot;categorie_produit&quot;:&quot;inconnu&quot;,&quot;module_produit&quot;:&quot;editolink&quot;,&quot;position_marchand&quot;:0,&quot;texte&quot;:&quot;il-est-disponible-pour-109-99-euros&quot;,&quot;offer_url&quot;:&quot;https:\/\/shop.frandroid.com\/3fc9pvow&quot;,&quot;zone&quot;:&quot;contenu-page&quot;}\">il est disponible pour 109,99 euros<\/a>.<\/p>\n<p>                                            12:31<br \/>\n                                                                SSD Fanxiang S660<\/p>\n<p>Pour pouvoir lancer des logiciels plus rapidement sur un PC ou profiter de temps de chargement consid\u00e9rablement r\u00e9duits sur une <a href=\"https:\/\/www.frandroid.com\/produits\/consoles\/sony\/677161-sony-playstation-5\" target=\"_blank\" rel=\"noopener\">PS5<\/a>, les SSD NVMe internes sont des solutions id\u00e9ales \u00e0 privil\u00e9gier. Mais g\u00e9n\u00e9ralement, quand on souhaite un espace de stockage cons\u00e9quent, les prix deviennent vite exorbitants.<\/p>\n<p><a href=\"https:\/\/images.frandroid.com\/wp-content\/uploads\/2025\/07\/ssd-4-to-fanxiang-prime-day-2025.jpg\" target=\"_blank\" rel=\"noopener\" class=\"article-content__figure\"><img loading=\"lazy\" decoding=\"async\" width=\"1200\" height=\"675\" class=\"wp-image-2729515 wp-image wp-image\" src=\"https:\/\/www.europesays.com\/fr\/wp-content\/uploads\/2025\/07\/ssd-4-to-fanxiang-prime-day-2025-1200x675.jpg\" alt=\"\"  \/><\/a><\/p>\n<ul class=\"wp-block-list\">\n<li style=\"list-style-type: none\">\n<ul class=\"wp-block-list\">\n<li>Un SSD NVMe M.2 PCIe Gen4\u00a0de 4 To<\/li>\n<\/ul>\n<\/li>\n<\/ul>\n<ul class=\"wp-block-list\">\n<li style=\"list-style-type: none\">\n<ul class=\"wp-block-list\">\n<li>Une vitesse de lecture allant jusqu\u2019\u00e0 5 000 Mo\/s<\/li>\n<\/ul>\n<\/li>\n<\/ul>\n<ul class=\"wp-block-list\">\n<li style=\"list-style-type: none\">\n<ul class=\"wp-block-list\">\n<li>Un dissipateur thermique inclus<\/li>\n<\/ul>\n<\/li>\n<\/ul>\n<p>Auparavant affich\u00e9 \u00e0 199,99 euros, le SSD NVMe Fanxiang S660 de 4 To est aujourd\u2019hui <a href=\"https:\/\/shop.frandroid.com\/r059qlmn\" target=\"_blank\" rel=\"noreferrer noopener affiliate nofollow\" data-gtm=\"{&quot;event&quot;:&quot;afficlic&quot;,&quot;nom_marchand&quot;:&quot;amazon_fr&quot;,&quot;nom_produit&quot;:&quot;inconnu&quot;,&quot;categorie_produit&quot;:&quot;inconnu&quot;,&quot;module_produit&quot;:&quot;editolink&quot;,&quot;position_marchand&quot;:0,&quot;texte&quot;:&quot;vendu-a-189-99-euros-sur-amazon&quot;,&quot;offer_url&quot;:&quot;https:\/\/shop.frandroid.com\/r059qlmn&quot;,&quot;zone&quot;:&quot;contenu-page&quot;}\">vendu \u00e0 189,99 euros sur Amazon<\/a>.<\/p>\n<p>                                            12:15<br \/>\n                                                                8BitDo 8BitDo Retro Mechanical Keyboard<\/p>\n<p>Le Prime Day d\u00e9barque avec un bon gros coup de nostalgie, le clavier m\u00e9canique 8Bitdo Retro est en promotion. Un design qui sent la cartouche NES, des switches hot-swappables, et deux boutons programmables.<\/p>\n<p><a href=\"https:\/\/images.frandroid.com\/wp-content\/uploads\/2025\/07\/8bitdo-retro-mechanical-keyboard-soldes-prime-day-frandroid.jpg\" target=\"_blank\" rel=\"noopener\" class=\"article-content__figure\"><img loading=\"lazy\" decoding=\"async\" width=\"1200\" height=\"675\" class=\"wp-image-2723479 wp-image wp-image\" src=\"https:\/\/www.europesays.com\/fr\/wp-content\/uploads\/2025\/07\/1752248165_371_8bitdo-retro-mechanical-keyboard-soldes-prime-day-frandroid-1200x675.jpg\" alt=\"\"  \/><\/a><\/p>\n<ul class=\"wp-block-list\">\n<li style=\"list-style-type: none\">\n<ul class=\"wp-block-list\">\n<li>Clavier m\u00e9canique hot-swappable avec switches Kailh Box White pour un clic net<\/li>\n<\/ul>\n<\/li>\n<\/ul>\n<ul class=\"wp-block-list\">\n<li style=\"list-style-type: none\">\n<ul class=\"wp-block-list\">\n<li>Triple connectivit\u00e9 : Bluetooth, dongle 2.4 GHz et USB-C pour s\u2019adapter \u00e0 toutes vos machines<\/li>\n<\/ul>\n<\/li>\n<\/ul>\n<ul class=\"wp-block-list\">\n<li style=\"list-style-type: none\">\n<ul class=\"wp-block-list\">\n<li>Deux boutons \u201cSuper Programmable\u201d pour encha\u00eener les macros comme sur un cheat code<\/li>\n<\/ul>\n<\/li>\n<\/ul>\n<p>Au lieu de 99,99 euros, le 8BitDo Retro Mechanical Keyboard <a href=\"https:\/\/shop.frandroid.com\/std7m5uv\" target=\"_blank\" rel=\"noreferrer noopener affiliate nofollow\" data-gtm=\"{&quot;event&quot;:&quot;afficlic&quot;,&quot;nom_marchand&quot;:&quot;amazon_fr&quot;,&quot;nom_produit&quot;:&quot;inconnu&quot;,&quot;categorie_produit&quot;:&quot;inconnu&quot;,&quot;module_produit&quot;:&quot;editolink&quot;,&quot;position_marchand&quot;:0,&quot;texte&quot;:&quot;est-aujourd-hui-disponible-en-promotion-a-84-99-euros-sur-amazon&quot;,&quot;offer_url&quot;:&quot;https:\/\/shop.frandroid.com\/std7m5uv&quot;,&quot;zone&quot;:&quot;contenu-page&quot;}\">est aujourd\u2019hui disponible en promotion \u00e0 84,99 euros sur Amazon<\/a>.<\/p>\n<p>                                            11:59<br \/>\n                                                                CMF Phone 2 Pro<\/p>\n<p>Nothing et sa sous-marque CMF sont connus et reconnus pour proposer des smartphones de qualit\u00e9 au design original. Les premiers smartphones Nothing se d\u00e9marquaient par leur interface Glyph, des LED \u00e0 l\u2019arri\u00e8re du smartphone qui s\u2019allument diff\u00e9rentes fa\u00e7ons en fonction des notifications re\u00e7ues. Ici, il s\u2019agit du CMF Phone 2 Pro qui perd 15 % pendant le Prime Day.<\/p>\n<p><a href=\"https:\/\/images.frandroid.com\/wp-content\/uploads\/2025\/07\/cmf-phone-2-pro-prime-day-2025.jpg\" target=\"_blank\" rel=\"noopener\" class=\"article-content__figure\"><img loading=\"lazy\" decoding=\"async\" width=\"1200\" height=\"675\" class=\"wp-image-2723883 wp-image wp-image\" src=\"https:\/\/www.europesays.com\/fr\/wp-content\/uploads\/2025\/07\/1752248167_792_cmf-phone-2-pro-prime-day-2025-1200x675.jpg\" alt=\"\"  \/><\/a><\/p>\n<ul class=\"wp-block-list\">\n<li style=\"list-style-type: none\">\n<ul class=\"wp-block-list\">\n<li>La qualit\u00e9 de son \u00e9cran et sa luminosit\u00e9<\/li>\n<\/ul>\n<\/li>\n<\/ul>\n<ul class=\"wp-block-list\">\n<li style=\"list-style-type: none\">\n<ul class=\"wp-block-list\">\n<li>Il fait de tr\u00e8s belles photos, pour le prix, \u00e7a vaut le d\u00e9tour<\/li>\n<\/ul>\n<\/li>\n<\/ul>\n<ul class=\"wp-block-list\">\n<li style=\"list-style-type: none\">\n<ul class=\"wp-block-list\">\n<li>Son autonomie cons\u00e9quente qui d\u00e9passe la journ\u00e9e d\u2019utilisation<\/li>\n<\/ul>\n<\/li>\n<\/ul>\n<p>Le CMF Phone 2 Pro b\u00e9n\u00e9ficie d\u2019une belle baisse de prix sur Amazon durant le Prime Day, alors qu\u2019il est d\u00e9j\u00e0 accessible, de base. <a href=\"https:\/\/shop.frandroid.com\/jjck7j4g\" target=\"_blank\" rel=\"noreferrer noopener affiliate nofollow\">Il passe de 259 euros \u00e0 219 euros<\/a> pendant quelques jours.<\/p>\n<p>Si vous cherchez une version encore moins ch\u00e8re, le CMF Phone 1 est, lui aussi, <a href=\"https:\/\/shop.frandroid.com\/72cw2mmr\" target=\"_blank\" rel=\"sponsored nofollow noopener\" data-gtm=\"{&quot;event&quot;:&quot;afficlic&quot;,&quot;nom_marchand&quot;:&quot;Amazon&quot;,&quot;nom_produit&quot;:&quot;inconnu&quot;,&quot;categorie_produit&quot;:&quot;inconnu&quot;,&quot;module_produit&quot;:&quot;editolink&quot;,&quot;position_marchand&quot;:0,&quot;texte&quot;:&quot;brade-a-175-euros&quot;}\">brad\u00e9 \u00e0 169 euros<\/a>.<\/p>\n<p>                                            11:42<br \/>\n                                                                Samsung Galaxy Tab S10 Ultra<\/p>\n<p>Si vous cherchez une bonne tablette tactile pour l\u2019\u00e9t\u00e9 et capable de vous accompagner \u00e0 la rentr\u00e9e aussi bien sur le plan professionnel que personnel, il y a la Samsung Galaxy Tab S10 Ultra.<\/p>\n<p><a href=\"https:\/\/images.frandroid.com\/wp-content\/uploads\/2025\/07\/samsung-galaxy-tab-s10-ultra-prime-day-2025.jpg\" target=\"_blank\" rel=\"noopener\" class=\"article-content__figure\"><img loading=\"lazy\" decoding=\"async\" width=\"1200\" height=\"675\" class=\"wp-image-2729421 wp-image wp-image\" src=\"https:\/\/www.europesays.com\/fr\/wp-content\/uploads\/2025\/07\/samsung-galaxy-tab-s10-ultra-prime-day-2025-1200x675.jpg\" alt=\"\"  \/><\/a><\/p>\n<ul class=\"wp-block-list\">\n<li style=\"list-style-type: none\">\n<ul class=\"wp-block-list\">\n<li>L\u2019un des plus grands et meilleurs \u00e9crans du march\u00e9<\/li>\n<\/ul>\n<\/li>\n<\/ul>\n<ul class=\"wp-block-list\">\n<li style=\"list-style-type: none\">\n<ul class=\"wp-block-list\">\n<li>La fiche technique, le S Pen et l\u2019IA pour la productivit\u00e9<\/li>\n<\/ul>\n<\/li>\n<\/ul>\n<ul class=\"wp-block-list\">\n<li style=\"list-style-type: none\">\n<ul class=\"wp-block-list\">\n<li>La tablette est clairement tourn\u00e9e vers la cr\u00e9ativit\u00e9<\/li>\n<\/ul>\n<\/li>\n<\/ul>\n<p>Amazon propose souvent des packs avec chargeur, l\u00e0 o\u00f9 les marques ne les incluent plus. Ici, la Samsung Galaxy Tab S10 Ultra et son chargeur 25W passe de 1 349 euros <a href=\"https:\/\/shop.frandroid.com\/o2uz4fjb\" target=\"_blank\" rel=\"noreferrer noopener affiliate nofollow\" data-gtm=\"{&quot;event&quot;:&quot;afficlic&quot;,&quot;nom_marchand&quot;:&quot;amazon_fr&quot;,&quot;nom_produit&quot;:&quot;inconnu&quot;,&quot;categorie_produit&quot;:&quot;inconnu&quot;,&quot;module_produit&quot;:&quot;editolink&quot;,&quot;position_marchand&quot;:0,&quot;texte&quot;:&quot;a-939-euros-pour-le-prime-day&quot;,&quot;offer_url&quot;:&quot;https:\/\/shop.frandroid.com\/o2uz4fjb&quot;,&quot;zone&quot;:&quot;contenu-page&quot;}\">\u00e0 939 euros pour le Prime Day<\/a>.<\/p>\n<p>                                            11:24<br \/>\n                                                                Eufy G50<\/p>\n<p>L\u2019Eufy G50 fait partie des robots aspirateurs qui vont \u00e0 l\u2019essentiel. Ce mod\u00e8le a beau ne pas \u00eatre dot\u00e9 de mille technologies avanc\u00e9es, il propose tout de m\u00eame les caract\u00e9ristiques de base qu\u2019on attend d\u2019un tel appareil : puissance suffisante pour ne faire qu\u2019une bouch\u00e9e des poussi\u00e8res, navigation dynamique, brosse d\u00e9m\u00ealante ou encore bonne autonomie.<\/p>\n<p><a href=\"https:\/\/images.frandroid.com\/wp-content\/uploads\/2025\/07\/eufy-g50-prime-day-2025.jpg\" target=\"_blank\" rel=\"noopener\" class=\"article-content__figure\"><img loading=\"lazy\" decoding=\"async\" width=\"1200\" height=\"675\" class=\"wp-image-2724019 wp-image wp-image\" src=\"https:\/\/www.europesays.com\/fr\/wp-content\/uploads\/2025\/07\/1752248170_2_eufy-g50-prime-day-2025-1200x675.jpg\" alt=\"\"  \/><\/a><\/p>\n<ul class=\"wp-block-list\">\n<li style=\"list-style-type: none\">\n<ul class=\"wp-block-list\">\n<li>Une brosse rotative d\u00e9m\u00ealante int\u00e9gr\u00e9e<\/li>\n<\/ul>\n<\/li>\n<\/ul>\n<ul class=\"wp-block-list\">\n<li style=\"list-style-type: none\">\n<ul class=\"wp-block-list\">\n<li>Une puissance de 4 000 Pa avec un mode Boost pour les tapis<\/li>\n<\/ul>\n<\/li>\n<\/ul>\n<ul class=\"wp-block-list\">\n<li style=\"list-style-type: none\">\n<ul class=\"wp-block-list\">\n<li>Une autonomie de 2 heures<\/li>\n<\/ul>\n<\/li>\n<\/ul>\n<p>Au lieu de 129 euros, le robot aspirateur Eufy G50 est aujourd\u2019hui <a href=\"https:\/\/shop.frandroid.com\/91ldlep0\" target=\"_blank\" rel=\"noreferrer noopener affiliate nofollow\" data-gtm=\"{&quot;event&quot;:&quot;afficlic&quot;,&quot;nom_marchand&quot;:&quot;amazon_fr&quot;,&quot;nom_produit&quot;:&quot;inconnu&quot;,&quot;categorie_produit&quot;:&quot;inconnu&quot;,&quot;module_produit&quot;:&quot;editolink&quot;,&quot;position_marchand&quot;:0,&quot;texte&quot;:&quot;disponible-en-promotion-a-99-euros-sur-amazon&quot;,&quot;offer_url&quot;:&quot;https:\/\/shop.frandroid.com\/91ldlep0&quot;,&quot;zone&quot;:&quot;contenu-page&quot;}\">disponible en promotion \u00e0 99 euros sur Amazon<\/a>.<\/p>\n<p>                                            11:06<br \/>\n                                                                Kindle Scribe<\/p>\n<p>Dans notre top 3 des liseuses Kindle d\u2019Amazon, figure la Kindle Scribe, le grand mod\u00e8le ultra-haut de gamme de la marque. Son principal point fort ? Son aspect deux-en-un. Cette liseuse fait aussi office de carnet de notes gr\u00e2ce au stylet fourni.<\/p>\n<p><a href=\"https:\/\/images.frandroid.com\/wp-content\/uploads\/2025\/07\/kindle-scribe-prime-day-2025.jpg\" target=\"_blank\" rel=\"noopener\" class=\"article-content__figure\"><img loading=\"lazy\" decoding=\"async\" width=\"1200\" height=\"675\" class=\"wp-image-2729331 wp-image wp-image\" src=\"https:\/\/www.europesays.com\/fr\/wp-content\/uploads\/2025\/07\/kindle-scribe-prime-day-2025-1200x675.jpg\" alt=\"\"  \/><\/a><\/p>\n<ul class=\"wp-block-list\">\n<li style=\"list-style-type: none\">\n<ul class=\"wp-block-list\">\n<li>Des bordures fines autour d\u2019un grand \u00e9cran de 10,2 pouces<\/li>\n<\/ul>\n<\/li>\n<\/ul>\n<ul class=\"wp-block-list\">\n<li style=\"list-style-type: none\">\n<ul class=\"wp-block-list\">\n<li>Un stylet pour prendre des notes<\/li>\n<\/ul>\n<\/li>\n<\/ul>\n<p>Initialement propos\u00e9e \u00e0 449,99 euros, la Kindle Scribe (32 Go) est aujourd\u2019hui <a href=\"https:\/\/shop.frandroid.com\/cz9ibs0g\" target=\"_blank\" rel=\"noreferrer noopener affiliate nofollow\" data-gtm=\"{&quot;event&quot;:&quot;afficlic&quot;,&quot;nom_marchand&quot;:&quot;amazon_fr&quot;,&quot;nom_produit&quot;:&quot;inconnu&quot;,&quot;categorie_produit&quot;:&quot;inconnu&quot;,&quot;module_produit&quot;:&quot;editolink&quot;,&quot;position_marchand&quot;:0,&quot;texte&quot;:&quot;disponible-en-promotion-a-334-99-euros-sur-amazon&quot;,&quot;offer_url&quot;:&quot;https:\/\/shop.frandroid.com\/cz9ibs0g&quot;,&quot;zone&quot;:&quot;contenu-page&quot;}\">disponible en promotion \u00e0 334,99 euros sur Amazon<\/a>. Le mod\u00e8le de 16 Go est quant \u00e0 lui <a href=\"https:\/\/shop.frandroid.com\/hr5yvkek\" target=\"_blank\" rel=\"noreferrer noopener affiliate nofollow\" data-gtm=\"{&quot;event&quot;:&quot;afficlic&quot;,&quot;nom_marchand&quot;:&quot;amazon_fr&quot;,&quot;nom_produit&quot;:&quot;inconnu&quot;,&quot;categorie_produit&quot;:&quot;inconnu&quot;,&quot;module_produit&quot;:&quot;editolink&quot;,&quot;position_marchand&quot;:0,&quot;texte&quot;:&quot;affiche-a-314-99-euros-au-lieu-de-429-99-euros&quot;,&quot;offer_url&quot;:&quot;https:\/\/shop.frandroid.com\/hr5yvkek&quot;,&quot;zone&quot;:&quot;contenu-page&quot;}\">affich\u00e9 \u00e0 314,99 euros au lieu de 429,99 euros<\/a>.<\/p>\n<p>                                            10:43<br \/>\n                                                                Acer Nitro V<\/p>\n<p>L\u2019Acer Nitro V 15 ANV15-519467 est un PC portable gaming extr\u00eamement solide. Il est con\u00e7u pour jouer \u00e0 vos jeux favoris, m\u00eame les derniers et les plus gourmands, comme <a href=\"https:\/\/www.frandroid.com\/guide-dachat\/2429794_indiana-jones-et-le-cercle-ancien-voici-nos-configurations-pc-recommandees-pour-y-jouer\" target=\"_blank\" rel=\"noreferrer noopener\">Indiana Jones et le Cercle Ancien<\/a>.<\/p>\n<p><a href=\"https:\/\/images.frandroid.com\/wp-content\/uploads\/2025\/07\/acer-nitro-v-15-anv15-51-9467-prime-day-2025.jpg\" target=\"_blank\" rel=\"noopener\" class=\"article-content__figure\"><img loading=\"lazy\" decoding=\"async\" width=\"1200\" height=\"675\" class=\"wp-image-2729291 wp-image wp-image\" src=\"https:\/\/www.europesays.com\/fr\/wp-content\/uploads\/2025\/07\/acer-nitro-v-15-anv15-51-9467-prime-day-2025-1200x675.jpg\" alt=\"\"  \/><\/a><\/p>\n<ul class=\"wp-block-list\">\n<li style=\"list-style-type: none\">\n<ul class=\"wp-block-list\">\n<li>La GeForce RTX 4060 permet de faire tourner tous les jeux<\/li>\n<\/ul>\n<\/li>\n<\/ul>\n<ul class=\"wp-block-list\">\n<li style=\"list-style-type: none\">\n<ul class=\"wp-block-list\">\n<li>L\u2019Intel Core i9 est parfaitement adapt\u00e9 \u00e0 la configuration<\/li>\n<\/ul>\n<\/li>\n<\/ul>\n<ul class=\"wp-block-list\">\n<li style=\"list-style-type: none\">\n<ul class=\"wp-block-list\">\n<li>3 mois de Game Pass PC inclus pour tester les meilleurs jeux<\/li>\n<\/ul>\n<\/li>\n<\/ul>\n<p>Normalement, cet Acer Nitro V 15 ANV15-51-9467 co\u00fbte 1 399 euros. Un prix prohibitif qu\u2019on pr\u00e9f\u00e8re voir pendant le Prime Day <a href=\"https:\/\/shop.frandroid.com\/vuoy153q\" target=\"_blank\" rel=\"noreferrer noopener affiliate nofollow\" data-gtm=\"{&quot;event&quot;:&quot;afficlic&quot;,&quot;nom_marchand&quot;:&quot;amazon_fr&quot;,&quot;nom_produit&quot;:&quot;inconnu&quot;,&quot;categorie_produit&quot;:&quot;inconnu&quot;,&quot;module_produit&quot;:&quot;editolink&quot;,&quot;position_marchand&quot;:0,&quot;texte&quot;:&quot;sur-amazon-a-799-euros&quot;,&quot;offer_url&quot;:&quot;https:\/\/shop.frandroid.com\/vuoy153q&quot;,&quot;zone&quot;:&quot;contenu-page&quot;}\">sur Amazon \u00e0 799 euros<\/a>, beaucoup plus abordable.<\/p>\n<p>                                            10:24<br \/>\n                                                                Sonos Ace<\/p>\n<p>Le <a href=\"https:\/\/www.frandroid.com\/marques\/sonos\/2034618_test-du-sonos-ace-un-outsider-qui-fait-de-lombre-a-sony-bose-et-apple\" target=\"_blank\" rel=\"noopener\">Sonos Ace<\/a> est l\u2019un des meilleurs casque de l\u2019ann\u00e9e derni\u00e8re avec de solides arguments\u00a0 : audio spatial, ANC, confort premium, et surtout une int\u00e9gration pouss\u00e9e dans l\u2019\u00e9cosyst\u00e8me de la marque.<\/p>\n<p><a href=\"https:\/\/images.frandroid.com\/wp-content\/uploads\/2025\/07\/sonos-ace-amazon-prime-day-2025.jpg\" target=\"_blank\" rel=\"noopener\" class=\"article-content__figure\"><img loading=\"lazy\" decoding=\"async\" class=\"aligncenter size-large wp-image-2725835 wp-image wp-image\" src=\"https:\/\/www.europesays.com\/fr\/wp-content\/uploads\/2025\/07\/1752248175_2_sonos-ace-amazon-prime-day-2025-1200x675.jpg\" alt=\"\" width=\"1200\" height=\"675\"  \/><\/a><\/p>\n<ul class=\"wp-block-list\">\n<li>Un son spatial Dolby Atmos avec suivi dynamique de la t\u00eate (360 \u00b0)<\/li>\n<li>Une bonne r\u00e9duction de bruit et un mode transparence<\/li>\n<li>Une int\u00e9gration parfaite dans l\u2019\u00e9cosyst\u00e8me Sonos<\/li>\n<\/ul>\n<p>Au lieu de 499 euros lors de son lancement, le Sonos Ace est\u00a0<a href=\"https:\/\/shop.frandroid.com\/1m48n3bd\" target=\"_blank\" rel=\"sponsored nofollow noopener\" data-type=\"link\" data-id=\"https:\/\/www.boulanger.com\/ref\/1206133\" data-gtm=\"{&quot;event&quot;:&quot;afficlic&quot;,&quot;nom_marchand&quot;:&quot;Amazon&quot;,&quot;nom_produit&quot;:&quot;inconnu&quot;,&quot;categorie_produit&quot;:&quot;inconnu&quot;,&quot;module_produit&quot;:&quot;editolink&quot;,&quot;position_marchand&quot;:0,&quot;texte&quot;:&quot;aujourd-hui-disponible-en-promotion-a-349-euros-sur-Amazon&quot;}\">aujourd\u2019hui disponible en promotion \u00e0 339 euros sur Amazon<\/a>. C\u2019est encore 10 euros de moins que la pr\u00e9c\u00e9dente offre !<\/p>\n<p>                                            10:21<br \/>\n                                                                Amazfit\u00a0Bip 6\u00a0<\/p>\n<p>Pour son petit prix, <a href=\"https:\/\/www.frandroid.com\/marques\/amazfit\/2610669_test-de-lamazfit-bip-6-une-montre-de-sport-efficace-et-vraiment-pas-chere-ca-existe\" target=\"_blank\" rel=\"noopener\">l\u2019Amazfit Bip 6<\/a> est une excellente montre de sport,\u00a0qui se trouve \u00eatre une bonne alternative pour qui chercherait \u00e0 se lancer avec une premi\u00e8re montre de sport, sans casser sa tirelire.<\/p>\n<p><a href=\"https:\/\/images.frandroid.com\/wp-content\/uploads\/2025\/07\/amazfitbip-6-prime-day-2025.jpg\" target=\"_blank\" rel=\"noopener\" class=\"article-content__figure\"><img loading=\"lazy\" decoding=\"async\" width=\"1200\" height=\"675\" class=\"wp-image-2726529 wp-image wp-image\" src=\"https:\/\/www.europesays.com\/fr\/wp-content\/uploads\/2025\/07\/1752248176_482_amazfitbip-6-prime-day-2025-1200x675.jpg\" alt=\"\"  \/><\/a><\/p>\n<ul class=\"wp-block-list\">\n<li style=\"list-style-type: none\">\n<ul class=\"wp-block-list\">\n<li>Un \u00e9cran Amoled de 1,97 pouce<\/li>\n<\/ul>\n<\/li>\n<\/ul>\n<ul class=\"wp-block-list\">\n<li style=\"list-style-type: none\">\n<ul class=\"wp-block-list\">\n<li>De nombreuses fonctionnalit\u00e9s de sant\u00e9<\/li>\n<\/ul>\n<\/li>\n<\/ul>\n<ul class=\"wp-block-list\">\n<li style=\"list-style-type: none\">\n<ul class=\"wp-block-list\">\n<li>Une autonomie de deux semaines<\/li>\n<\/ul>\n<\/li>\n<\/ul>\n<p>Lanc\u00e9e \u00e0 79,90 euros, la montre connect\u00e9e Amazfit Bip 6 peut aujourd\u2019hui <a href=\"https:\/\/shop.frandroid.com\/df3e3uum\" target=\"_blank\" rel=\"noreferrer noopener affiliate nofollow\" data-gtm=\"{&quot;event&quot;:&quot;afficlic&quot;,&quot;nom_marchand&quot;:&quot;amazon_fr&quot;,&quot;nom_produit&quot;:&quot;inconnu&quot;,&quot;categorie_produit&quot;:&quot;inconnu&quot;,&quot;module_produit&quot;:&quot;editolink&quot;,&quot;position_marchand&quot;:0,&quot;texte&quot;:&quot;vous-revenir-a-69-90-euros-sur-amazon&quot;,&quot;offer_url&quot;:&quot;https:\/\/shop.frandroid.com\/df3e3uum&quot;,&quot;zone&quot;:&quot;contenu-page&quot;}\">vous revenir \u00e0 65,54 euros sur Amazon<\/a> lors du Prime Day. Notez qu\u2019elle \u00e9tait affich\u00e9e \u00e0 69,99 euros au d\u00e9but du Prime Day.<\/p>\n<p>                10:17<\/p>\n<p>                    OnePlus 13<\/p>\n<p>En d\u00e9but d\u2019ann\u00e9e, OnePlus a d\u00e9voil\u00e9 son smartphone haut de gamme pour la saison 2025 : le\u00a0OnePlus 13. Cette treizi\u00e8me g\u00e9n\u00e9ration est une bonne cuv\u00e9e. Il est dot\u00e9 d\u2019une fiche technique lui permettant de tenir t\u00eate aux t\u00e9nors du march\u00e9, mais qui s\u2019accompagne d\u2019une hausse de prix par rapport \u00e0 son pr\u00e9d\u00e9cesseur. Heureusement, aujourd\u2019hui, on le trouve avec une belle r\u00e9duction.<\/p>\n<p><a href=\"https:\/\/images.frandroid.com\/wp-content\/uploads\/2025\/07\/oneplus-13-amazon-prime-day-2025.jpg\" target=\"_blank\" rel=\"noopener\" class=\"article-content__figure\"><img loading=\"lazy\" decoding=\"async\" class=\"aligncenter size-large wp-image-2728259 wp-image wp-image\" src=\"https:\/\/www.europesays.com\/fr\/wp-content\/uploads\/2025\/07\/1752248178_653_oneplus-13-amazon-prime-day-2025-1200x675.jpg\" alt=\"\" width=\"1200\" height=\"675\"  \/><\/a><\/p>\n<ul class=\"wp-block-list\">\n<li>Son design, fin et l\u00e9ger<\/li>\n<li>Sa puissance sous Qualcomm<\/li>\n<li>Son autonomie et sa charge rapide g\u00e9n\u00e9reuse<\/li>\n<\/ul>\n<p>Sortie au prix de 1 079 euros dans sa version 16 + 512 Go de stockage, le OnePlus 13 est en ce moment\u00a0<a href=\"https:\/\/shop.frandroid.com\/0s50uz2o\" target=\"_blank\" rel=\"noreferrer noopener affiliate nofollow\" data-gtm=\"{&quot;event&quot;:&quot;afficlic&quot;,&quot;nom_marchand&quot;:&quot;amazon_fr&quot;,&quot;nom_produit&quot;:&quot;inconnu&quot;,&quot;categorie_produit&quot;:&quot;inconnu&quot;,&quot;module_produit&quot;:&quot;editolink&quot;,&quot;position_marchand&quot;:0,&quot;texte&quot;:&quot;remise-a-883-euros-sur-le-site-d-amazon&quot;,&quot;offer_url&quot;:&quot;https:\/\/shop.frandroid.com\/0s50uz2o&quot;,&quot;zone&quot;:&quot;contenu-page&quot;}\">remis\u00e9 \u00e0 824 euros sur le site d\u2019Amazon<\/a>. Notez que le prix a baiss\u00e9 de quelques euros par rapport \u00e0 hier.<\/p>\n<p>                10:03<\/p>\n<p>                    Garmin Vivoactive 5<\/p>\n<p>Loin des montres tout-terrain fa\u00e7on Rambo que Garmin a l\u2019habitude de sortir, la Vivoactive 5 joue une autre partition : celle d\u2019une montre \u00e9l\u00e9gante, l\u00e9g\u00e8re, mais qui en garde sous le cadran.<\/p>\n<p><a href=\"https:\/\/images.frandroid.com\/wp-content\/uploads\/2025\/05\/garmin-vivoactive-5-amazon-prime-day-2025.jpg\" target=\"_blank\" rel=\"noopener\" class=\"article-content__figure\"><img loading=\"lazy\" decoding=\"async\" width=\"1200\" height=\"675\" class=\"wp-image-2729303 wp-image wp-image\" src=\"https:\/\/www.europesays.com\/fr\/wp-content\/uploads\/2025\/07\/garmin-vivoactive-5-amazon-prime-day-2025-1200x675.jpg\" alt=\"\"  \/><\/a><\/p>\n<p>Au lieu de 299 euros lors de son lancement, la Garmin Vivoactive 5 est <a href=\"https:\/\/shop.frandroid.com\/j4u1aygo\" target=\"_blank\" rel=\"noreferrer noopener affiliate nofollow\" data-type=\"link\" data-id=\"https:\/\/shop.frandroid.com\/j4u1aygo\" data-gtm=\"{&quot;event&quot;:&quot;afficlic&quot;,&quot;nom_marchand&quot;:&quot;rakuten&quot;,&quot;nom_produit&quot;:&quot;inconnu&quot;,&quot;categorie_produit&quot;:&quot;inconnu&quot;,&quot;module_produit&quot;:&quot;editolink&quot;,&quot;position_marchand&quot;:0,&quot;texte&quot;:&quot;aujourd-hui-disponible-en-promotion-a-170-euros-sur-amazon&quot;,&quot;offer_url&quot;:&quot;https:\/\/shop.frandroid.com\/2ejmfe80&quot;,&quot;zone&quot;:&quot;contenu-page&quot;}\">aujourd\u2019hui disponible en promotion \u00e0 170 euros sur Amazon<\/a>.<\/p>\n<p>                                            09:41<br \/>\n                                                                MSI Cyborg 15 A13V<\/p>\n<p>Avec sa derni\u00e8re g\u00e9n\u00e9ration de laptops gamer Cyborg, lanc\u00e9e l\u2019ann\u00e9e derni\u00e8re, MSI a voulu s\u2019adresser aux joueurs un peu fauch\u00e9s qui ne peuvent pas mettre plus de 2 000 euros dans une machine gaming, mais qui souhaitent tout de m\u00eame encha\u00eener les parties sans faire de concession sur les performances.<\/p>\n<p><a href=\"https:\/\/images.frandroid.com\/wp-content\/uploads\/2025\/07\/msi-cyborg-15-a13v-amazon-prime-day-2025.jpg\" target=\"_blank\" rel=\"noopener\" class=\"article-content__figure\"><img loading=\"lazy\" decoding=\"async\" class=\"aligncenter size-large wp-image-2725553 wp-image wp-image\" src=\"https:\/\/www.europesays.com\/fr\/wp-content\/uploads\/2025\/07\/1752248181_855_msi-cyborg-15-a13v-amazon-prime-day-2025-1200x675.jpg\" alt=\"\" width=\"1200\" height=\"675\"  \/><\/a><\/p>\n<ul class=\"wp-block-list\">\n<li>Une dalle IPS Full HD de 15,6 pouces + 144 Hz<\/li>\n<li>Un combo i7-13620H + RTX 4060 + 16 Go de RAM<\/li>\n<li>Un SSD de 512 Go<\/li>\n<\/ul>\n<p>Auparavant propos\u00e9 \u00e0 1\u202f299 euros, le MSI Cyborg 15 A13V est aujourd\u2019hui\u00a0<a href=\"https:\/\/shop.frandroid.com\/0o1y3fpd\" target=\"_blank\" rel=\"noreferrer noopener affiliate nofollow\" data-gtm=\"{&quot;event&quot;:&quot;afficlic&quot;,&quot;nom_marchand&quot;:&quot;amazon_fr&quot;,&quot;nom_produit&quot;:&quot;inconnu&quot;,&quot;categorie_produit&quot;:&quot;inconnu&quot;,&quot;module_produit&quot;:&quot;editolink&quot;,&quot;position_marchand&quot;:0,&quot;texte&quot;:&quot;disponible-en-promotion-a-879-99-euros-sur-amazon&quot;,&quot;offer_url&quot;:&quot;https:\/\/shop.frandroid.com\/0o1y3fpd&quot;,&quot;zone&quot;:&quot;contenu-page&quot;}\">disponible en promotion \u00e0 799,99 euros sur Amazon<\/a>.<\/p>\n<p>                                            18:03<br \/>\n                                                                Xiaomi Smart Band 9 Active<\/p>\n<p>Loin des mod\u00e8les Ultra de chez Samsung et Apple un peu plus bas, il y a aussi des solutions vraiment peu on\u00e9reuses gr\u00e2ce aux bracelets connect\u00e9s des diff\u00e9rentes marques. Le Smart band 9 Active de Xiaomi en est un bon exemple, puisqu\u2019on le trouve \u00e0 moins de 20 euros.<\/p>\n<p><a href=\"https:\/\/images.frandroid.com\/wp-content\/uploads\/2025\/07\/xiaomi-smart-band-9-active-amazon-prime-day-2025.jpg\" target=\"_blank\" rel=\"noopener\" class=\"article-content__figure\"><img loading=\"lazy\" decoding=\"async\" class=\"aligncenter size-large wp-image-2728961 wp-image wp-image\" src=\"https:\/\/www.europesays.com\/fr\/wp-content\/uploads\/2025\/07\/1752248183_667_xiaomi-smart-band-9-active-amazon-prime-day-2025-1200x675.jpg\" alt=\"\" width=\"1200\" height=\"675\"  \/><\/a><\/p>\n<ul class=\"wp-block-list\">\n<li>Un bracelet l\u00e9ger et fin<\/li>\n<li>Des capteurs pour suivre l\u2019activit\u00e9<\/li>\n<li>Une autonomie de 18 jours en mode standard<\/li>\n<\/ul>\n<p>Lanc\u00e9 \u00e0 29,99 euros, le Xiaomi Smart Band 9 Active est en ce moment\u00a0<a href=\"https:\/\/shop.frandroid.com\/ktq611gs\" target=\"_blank\" rel=\"sponsored nofollow noopener\" data-gtm=\"{&quot;event&quot;:&quot;afficlic&quot;,&quot;nom_marchand&quot;:&quot;Amazon&quot;,&quot;nom_produit&quot;:&quot;inconnu&quot;,&quot;categorie_produit&quot;:&quot;inconnu&quot;,&quot;module_produit&quot;:&quot;editolink&quot;,&quot;position_marchand&quot;:0,&quot;texte&quot;:&quot;propose-a-17-56-euros-sur-Amazon&quot;}\">propos\u00e9 \u00e0 17,56 euros sur Amazon<\/a>.<\/p>\n<p>                                            17:56<br \/>\n                                                                Samsung Galaxy Watch Ultra<\/p>\n<p>Avec un bo\u00eetier en titane, une autonomie muscl\u00e9e, des mesures pr\u00e9cises et un bouton action pour les entrainements, la Galaxy Watch Ultra de Samsung prouve bien qu\u2019elle est\u00a0une montre d\u00e9di\u00e9e \u00e0 l\u2019ultra sport.<\/p>\n<p><img class=\"wp-image wp-image\" decoding=\"async\" src=\"https:\/\/www.europesays.com\/fr\/wp-content\/uploads\/2025\/07\/1752248184_411_prime-day-samsung-galaxy-watch-ultra-1200x675.jpg\"\/><\/p>\n<ul class=\"wp-block-list\">\n<li>Une montre robuste avec un \u00e9cran tr\u00e8s lumineux<\/li>\n<li>Un suivi GPS pr\u00e9cis et un excellent suivi de la fr\u00e9quence cardiaque<\/li>\n<li>Des \u00e9couteurs avec r\u00e9duction de bruit active<\/li>\n<\/ul>\n<p>Au lieu de 699,99 euros, la Samsung Galaxy Watch Ultra est aujourd\u2019hui disponible\u00a0<a href=\"https:\/\/shop.frandroid.com\/1cz633aw\" target=\"_blank\" rel=\"noreferrer noopener affiliate nofollow\" data-type=\"link\" data-id=\"https:\/\/www.amazon.fr\/Samsung-Connect\u00e9e-Intelligente-Chargeur-Exclusivit\u00e9\/dp\/B0D45WQC33?th=1\" data-gtm=\"{&quot;event&quot;:&quot;afficlic&quot;,&quot;nom_marchand&quot;:&quot;amazon_fr&quot;,&quot;nom_produit&quot;:&quot;inconnu&quot;,&quot;categorie_produit&quot;:&quot;inconnu&quot;,&quot;module_produit&quot;:&quot;editolink&quot;,&quot;position_marchand&quot;:0,&quot;texte&quot;:&quot;en-promotion-a-499-99-euros&quot;,&quot;offer_url&quot;:&quot;https:\/\/shop.frandroid.com\/1cz633aw&quot;,&quot;zone&quot;:&quot;contenu-page&quot;}\">en promotion \u00e0 499,99 euros<\/a>\u00a0sur Amazon.<\/p>\n<p>                                            17:47<br \/>\n                                                                Apple Watch Ultra 2<\/p>\n<p>L\u2019Apple Watch Ultra 2 reprend la philosophie de la premi\u00e8re g\u00e9n\u00e9ration et reste destin\u00e9 aux ultra-sportifs. Elle est dot\u00e9e de fonctionnalit\u00e9s avanc\u00e9es et a fait des progr\u00e8s par rapport \u00e0 la premi\u00e8re version, notamment au niveau de la luminosit\u00e9.<\/p>\n<p><img class=\"wp-image wp-image\" decoding=\"async\" src=\"https:\/\/www.europesays.com\/fr\/wp-content\/uploads\/2025\/07\/1752248186_262_prime-day-apple-watch-ultra-2-1200x675.jpg\"\/><\/p>\n<ul class=\"wp-block-list\">\n<li>La luminosit\u00e9 peut atteindre 3 000 cd\/m\u00b2, soit 1000 de plus que l\u2019Ultra 1<\/li>\n<li>64 Go de m\u00e9moire interne pour vos apps et vos cadrans<\/li>\n<li>Utilisant d\u2019un GPS double fr\u00e9quence ultra pr\u00e9cis<\/li>\n<\/ul>\n<p>Au lieu de 899,99 euros, l\u2019Apple Watch Ultra 2 est aujourd\u2019hui disponible\u00a0<a href=\"https:\/\/shop.frandroid.com\/zmkndirw\" target=\"_blank\" rel=\"noreferrer noopener affiliate nofollow\" data-type=\"link\" data-id=\"https:\/\/www.amazon.fr\/Apple-connect\u00e9e-lactivit\u00e9-pr\u00e9cision-Extra-Longue\/dp\/B0DGJC3YXT?th=1\" data-gtm=\"{&quot;event&quot;:&quot;afficlic&quot;,&quot;nom_marchand&quot;:&quot;amazon_fr&quot;,&quot;nom_produit&quot;:&quot;inconnu&quot;,&quot;categorie_produit&quot;:&quot;inconnu&quot;,&quot;module_produit&quot;:&quot;editolink&quot;,&quot;position_marchand&quot;:0,&quot;texte&quot;:&quot;en-promotion-a-739-99-euros&quot;,&quot;offer_url&quot;:&quot;https:\/\/shop.frandroid.com\/zmkndirw&quot;,&quot;zone&quot;:&quot;contenu-page&quot;}\">en promotion \u00e0 739,99 euros<\/a>\u00a0sur Amazon.<\/p>\n<p>                                            17:32<br \/>\n                                                                Xgimi MoGo 3 Pro<\/p>\n<p>Le Xgimi MoGo 3 Pro deviendra votre ticket pour des soir\u00e9es cin\u00e9ma XXL, o\u00f9 que vous soyez. Avec sa projection Full HD 1080p, sa luminosit\u00e9 de 450 lumens ISO et un son sign\u00e9 Harman Kardon, il envoie du lourd dans un format mini.<\/p>\n<p><a href=\"https:\/\/images.frandroid.com\/wp-content\/uploads\/2025\/07\/xgimi-mogo-3-pro-mini-prime-day-bons-plans-frandroid.jpg\" target=\"_blank\" rel=\"noopener\" class=\"article-content__figure\"><img loading=\"lazy\" decoding=\"async\" width=\"1200\" height=\"675\" class=\"wp-image-2724683 wp-image wp-image\" src=\"https:\/\/www.europesays.com\/fr\/wp-content\/uploads\/2025\/07\/1752248188_691_xgimi-mogo-3-pro-mini-prime-day-bons-plans-frandroid-1200x675.jpg\" alt=\"\"  \/><\/a><\/p>\n<ul class=\"wp-block-list\">\n<li style=\"list-style-type: none\">\n<ul class=\"wp-block-list\">\n<li>Une projection Full HD 1080p avec 450 lumens ISO<\/li>\n<\/ul>\n<\/li>\n<\/ul>\n<ul class=\"wp-block-list\">\n<li style=\"list-style-type: none\">\n<ul class=\"wp-block-list\">\n<li>Un syst\u00e8me audio int\u00e9gr\u00e9 sign\u00e9 Harman Kardon<\/li>\n<\/ul>\n<\/li>\n<\/ul>\n<p>Au lieu de 579 euros, le produit est <a href=\"https:\/\/shop.frandroid.com\/m6aeikqs\" target=\"_blank\" rel=\"noreferrer noopener affiliate nofollow\" data-gtm=\"{&quot;event&quot;:&quot;afficlic&quot;,&quot;nom_marchand&quot;:&quot;amazon_fr&quot;,&quot;nom_produit&quot;:&quot;inconnu&quot;,&quot;categorie_produit&quot;:&quot;inconnu&quot;,&quot;module_produit&quot;:&quot;editolink&quot;,&quot;position_marchand&quot;:0,&quot;texte&quot;:&quot;aujourd-hui-disponible-en-promotion-a-479-euros-sur-amazon&quot;,&quot;offer_url&quot;:&quot;https:\/\/shop.frandroid.com\/m6aeikqs&quot;,&quot;zone&quot;:&quot;contenu-page&quot;}\">aujourd\u2019hui disponible en promotion \u00e0 479 euros sur Amazon<\/a>.<\/p>\n<p>                                            17:21<br \/>\n                                                                Aqara d\u00e9tecteur de fum\u00e9e<\/p>\n<p>Pour assurer la s\u00e9curit\u00e9 de tout le foyer, placer un d\u00e9tecteur de fum\u00e9e est indispensable dans un logement. Et s\u2019il est connect\u00e9, c\u2019est encore plus pratique. Le mod\u00e8le con\u00e7u par Aqara l\u2019est, et en ce moment, Amazon le met en promotion pour son Prime Day.<\/p>\n<p><a href=\"https:\/\/images.frandroid.com\/wp-content\/uploads\/2025\/07\/aqara-detecteur-amazon-prime-day-2025.jpg\" target=\"_blank\" rel=\"noopener\" class=\"article-content__figure\"><img loading=\"lazy\" decoding=\"async\" class=\"aligncenter size-large wp-image-2728805 wp-image wp-image\" src=\"https:\/\/www.europesays.com\/fr\/wp-content\/uploads\/2025\/07\/1752248189_843_aqara-detecteur-amazon-prime-day-2025-1200x675.jpg\" alt=\"\" width=\"1200\" height=\"675\"  \/><\/a><\/p>\n<ul class=\"wp-block-list\">\n<li>Une sir\u00e8ne de 85 dB + un indicateur LED<\/li>\n<li>Une compatibilit\u00e9 avec Matter<\/li>\n<li>L\u2019envoi de notifications et la cr\u00e9ation d\u2019alertes personnalis\u00e9es<\/li>\n<\/ul>\n<p>Initialement affich\u00e9 \u00e0 44,99 euros, le d\u00e9tecteur de fum\u00e9e connect\u00e9 d\u2019Aqara est aujourd\u2019hui\u00a0<a href=\"https:\/\/shop.frandroid.com\/ciilzuoc\" target=\"_blank\" rel=\"noreferrer noopener affiliate nofollow\" data-gtm=\"{&quot;event&quot;:&quot;afficlic&quot;,&quot;nom_marchand&quot;:&quot;amazon_fr&quot;,&quot;nom_produit&quot;:&quot;inconnu&quot;,&quot;categorie_produit&quot;:&quot;inconnu&quot;,&quot;module_produit&quot;:&quot;editolink&quot;,&quot;position_marchand&quot;:0,&quot;texte&quot;:&quot;disponible-en-promotion-a-37-99-euros-sur-amazon&quot;}\">disponible en promotion \u00e0 35,99 euros sur Amazon<\/a>.<\/p>\n<p>                                            16:59<br \/>\n                                                                OnePlus Nord CE4 Lite<\/p>\n<p>Le OnePlus Nord CE4 Lite est un bon smartphone d\u2019entr\u00e9e de gamme qui offre des prestations \u00e9quilibr\u00e9es et solides au quotidien.<\/p>\n<p><a href=\"https:\/\/images.frandroid.com\/wp-content\/uploads\/2025\/07\/oneplus-nord-ce4-lite-amazon-prime-day-2025.jpg\" target=\"_blank\" rel=\"noopener\" class=\"article-content__figure\"><img loading=\"lazy\" decoding=\"async\" class=\"aligncenter size-large wp-image-2728743 wp-image wp-image\" src=\"https:\/\/www.europesays.com\/fr\/wp-content\/uploads\/2025\/07\/1752248191_867_oneplus-nord-ce4-lite-amazon-prime-day-2025-1200x675.jpg\" alt=\"\" width=\"1200\" height=\"675\"  \/><\/a><\/p>\n<ul class=\"wp-block-list\">\n<li>Pour son \u00e9cran AMOLED 120 Hz de 6,67\u2033<\/li>\n<li>Ses performances \u00e9quilibr\u00e9es<\/li>\n<li>Sa grosse journ\u00e9e intensive d\u2019autonomie<\/li>\n<\/ul>\n<p>Sortie en 2024, le OnePlus Nord CE 4 Lite \u00e9tait \u00e0 329 euros, mais gr\u00e2ce \u00e0 cette offre Amazon, on le retrouve\u00a0<a href=\"https:\/\/shop.frandroid.com\/j7stwzbq\" target=\"_blank\" rel=\"sponsored nofollow noopener\" data-gtm=\"{&quot;event&quot;:&quot;afficlic&quot;,&quot;nom_marchand&quot;:&quot;Amazon&quot;,&quot;nom_produit&quot;:&quot;inconnu&quot;,&quot;categorie_produit&quot;:&quot;inconnu&quot;,&quot;module_produit&quot;:&quot;editolink&quot;,&quot;position_marchand&quot;:0,&quot;texte&quot;:&quot;en-promotion-a-seulement-179-euros&quot;}\">en promotion \u00e0 seulement 179 euros<\/a>.<\/p>\n<p>                                            16:38<br \/>\n                                                                JBL Quantum One<\/p>\n<p>Vous connaissez s\u00fbrement la marque JBL, r\u00e9put\u00e9e dans le monde de l\u2019audio, qui propose surtout de tr\u00e8s belles enceintes Bluetooth pour sonoriser votre domicile. Elle d\u00e9cline son savoir-faire dans un autre domaine : l\u2019audio pour le gaming. C\u2019est ainsi qu\u2019on se retrouve face au JBL Quantum One, un casque filaire pouvant se brancher en USB sur PC ou avec une prise jack 3.5 mm sur consoles, tablettes et smartphone.<\/p>\n<p><a href=\"https:\/\/images.frandroid.com\/wp-content\/uploads\/2025\/07\/jbl-quantum-one-prime-day-2025.jpg\" target=\"_blank\" rel=\"noopener\" class=\"article-content__figure\"><img loading=\"lazy\" decoding=\"async\" width=\"1200\" height=\"675\" class=\"wp-image-2724187 wp-image wp-image\" src=\"https:\/\/www.europesays.com\/fr\/wp-content\/uploads\/2025\/07\/1752248193_455_jbl-quantum-one-prime-day-2025-1200x675.jpg\" alt=\"\"  \/><\/a><\/p>\n<ul class=\"wp-block-list\">\n<li style=\"list-style-type: none\">\n<ul class=\"wp-block-list\">\n<li>Les coussinets \u00e0 m\u00e9moire de forme offrent une bonne isolation passive<\/li>\n<\/ul>\n<\/li>\n<\/ul>\n<ul class=\"wp-block-list\">\n<li style=\"list-style-type: none\">\n<ul class=\"wp-block-list\">\n<li>L\u2019immersion sonore avanc\u00e9e sur PC est tr\u00e8s performante<\/li>\n<\/ul>\n<\/li>\n<\/ul>\n<ul class=\"wp-block-list\">\n<li style=\"list-style-type: none\">\n<ul class=\"wp-block-list\">\n<li>L\u2019accent sur les basses particuli\u00e8rement adapt\u00e9 aux jeux vid\u00e9o<\/li>\n<\/ul>\n<\/li>\n<\/ul>\n<p>Le JBL Quantum One est un casque qui co\u00fbte normalement 249,90 euros. Pendant le Prime Day du 8 au 11 juillet 2025, vous pouvez <a href=\"https:\/\/shop.frandroid.com\/25q5njns\" target=\"_blank\" rel=\"noreferrer noopener affiliate nofollow\" data-gtm=\"{&quot;event&quot;:&quot;afficlic&quot;,&quot;nom_marchand&quot;:&quot;amazon_fr&quot;,&quot;nom_produit&quot;:&quot;inconnu&quot;,&quot;categorie_produit&quot;:&quot;inconnu&quot;,&quot;module_produit&quot;:&quot;editolink&quot;,&quot;position_marchand&quot;:0,&quot;texte&quot;:&quot;le-commander-pour-110-99-euros-sur-amazon&quot;,&quot;offer_url&quot;:&quot;https:\/\/shop.frandroid.com\/25q5njns&quot;,&quot;zone&quot;:&quot;contenu-page&quot;}\">le commander pour 110,99 euros sur Amazon<\/a>.<\/p>\n<p>                                            16:12<br \/>\n                                                                Manette PowerA Kirby<\/p>\n<p>Lorsque vous jouez sur Switch 1 ou 2 en mode dock\u00e9e ou avec la console pos\u00e9e sur une table, une manette comme la PowerA Kirby s\u2019av\u00e8re bien pratique.<\/p>\n<p><a href=\"https:\/\/images.frandroid.com\/wp-content\/uploads\/2025\/07\/manette-powera-kirby-amazon-prime-day-2025.jpg\" target=\"_blank\" rel=\"noopener\" class=\"article-content__figure\"><img loading=\"lazy\" decoding=\"async\" class=\"aligncenter size-large wp-image-2728531 wp-image wp-image\" src=\"https:\/\/www.europesays.com\/fr\/wp-content\/uploads\/2025\/07\/1752248194_338_manette-powera-kirby-amazon-prime-day-2025-1200x675.jpg\" alt=\"\" width=\"1200\" height=\"675\"  \/><\/a><\/p>\n<ul class=\"wp-block-list\">\n<li>Une autonomie de 30 h gr\u00e2ce \u00e0 deux piles AA<\/li>\n<li>Deux boutons suppl\u00e9mentaires \u00e0 programmer \u00e0 la vol\u00e9e<\/li>\n<li>Le look de Kirby est vraiment trop mignon<\/li>\n<li>Compatible Switch 1 et Switch 2<\/li>\n<\/ul>\n<p>La manette sans-fil PowerA Kirby, ou n\u2019importe quelle autre d\u2019ailleurs, co\u00fbte 49,99 euros. Sauf qu\u2019en ce moment, la version Kirby est disponible\u00a0<a href=\"https:\/\/shop.frandroid.com\/70cit9be\" target=\"_blank\" rel=\"noreferrer noopener affiliate nofollow\" data-gtm=\"{&quot;event&quot;:&quot;afficlic&quot;,&quot;nom_marchand&quot;:&quot;amazon_fr&quot;,&quot;nom_produit&quot;:&quot;inconnu&quot;,&quot;categorie_produit&quot;:&quot;inconnu&quot;,&quot;module_produit&quot;:&quot;editolink&quot;,&quot;position_marchand&quot;:0,&quot;texte&quot;:&quot;pour-39-99-euros-sur-amazon&quot;,&quot;offer_url&quot;:&quot;https:\/\/shop.frandroid.com\/70cit9be&quot;,&quot;zone&quot;:&quot;contenu-page&quot;}\">pour 35,28 euros sur Amazon<\/a>.<\/p>\n<p>                                            15:57<br \/>\n                                                                Philips Hue Play<\/p>\n<p>Outre les ampoules connect\u00e9es, les Lightstrips ou encore les plafonniers, Philips propose \u00e9galement dans sa gamme Hue des barres lumineuses intelligentes, capables, elles aussi, de cr\u00e9er un bain de lumi\u00e8re color\u00e9e dans une pi\u00e8ce ou derri\u00e8re un t\u00e9l\u00e9viseur, par exemple.<\/p>\n<p><a href=\"https:\/\/images.frandroid.com\/wp-content\/uploads\/2025\/07\/philips-hue-play-amazon-prime-day-2025.jpg\" target=\"_blank\" rel=\"noopener\" class=\"article-content__figure\"><img loading=\"lazy\" decoding=\"async\" class=\"aligncenter size-large wp-image-2728491 wp-image wp-image\" src=\"https:\/\/www.europesays.com\/fr\/wp-content\/uploads\/2025\/07\/1752248196_656_philips-hue-play-amazon-prime-day-2025-1200x675.jpg\" alt=\"\" width=\"1200\" height=\"675\"  \/><\/a><\/p>\n<ul class=\"wp-block-list\">\n<li>Des barres LED qui s\u2019installent facilement<\/li>\n<li>Elles fonctionnent avec les assistants vocaux<\/li>\n<li>Plus de 16 millions de couleurs disponibles<\/li>\n<\/ul>\n<p>Au lieu de 139 euros habituellement, le lot de 2 barres lumineuses Philips Hue Play est aujourd\u2019hui affich\u00e9 en promotion \u00e0 104 euros sur Amazon, mais un coupon permet d\u2019obtenir <a href=\"https:\/\/shop.frandroid.com\/mkhs12cu\" target=\"_blank\" rel=\"sponsored nofollow noopener\" data-gtm=\"{&quot;event&quot;:&quot;afficlic&quot;,&quot;nom_marchand&quot;:&quot;Amazon&quot;,&quot;nom_produit&quot;:&quot;inconnu&quot;,&quot;categorie_produit&quot;:&quot;inconnu&quot;,&quot;module_produit&quot;:&quot;editolink&quot;,&quot;position_marchand&quot;:0,&quot;texte&quot;:&quot;le-tout-a-seulement-75-98-euros&quot;}\">le tout \u00e0 seulement 75,98 euros<\/a>.<\/p>\n<p>                                            15:38<br \/>\n                                                                OnePlus Nord 4<\/p>\n<p>Malgr\u00e9 l\u2019arriv\u00e9e de <a href=\"https:\/\/www.frandroid.com\/marques\/oneplus\/2717283_voici-les-deux-prochains-smartphones-de-oneplus-nord-ce5-a-7100-mah-et-nord-5-avec-snapdragon-8s-gen-3\" target=\"_blank\" rel=\"noopener\">son successeur<\/a>, le <a href=\"https:\/\/www.frandroid.com\/marques\/oneplus\/2272398_test-du-oneplus-nord-4-tout-en-equilibre\" target=\"_blank\" rel=\"noopener\">OnePlus Nord 4<\/a> est un bon smartphone \u00e0 conseiller. Il poss\u00e8de une belle fiche technique dont le prix chute fortement pendant le Prime Day.<\/p>\n<p><a href=\"https:\/\/images.frandroid.com\/wp-content\/uploads\/2025\/07\/oneplus-nord-4-prime-day-2025.jpg\" target=\"_blank\" rel=\"noopener\" class=\"article-content__figure\"><img loading=\"lazy\" decoding=\"async\" width=\"1200\" height=\"675\" class=\"wp-image-2725799 wp-image wp-image\" src=\"https:\/\/www.europesays.com\/fr\/wp-content\/uploads\/2025\/07\/1752248198_5_oneplus-nord-4-prime-day-2025-1200x675.jpg\" alt=\"\"  \/><\/a><\/p>\n<ul class=\"wp-block-list\">\n<li style=\"list-style-type: none\">\n<ul class=\"wp-block-list\">\n<li>Un Snapdragon 7+ Gen 3 coupl\u00e9 \u00e0 16 Go de RAM<\/li>\n<\/ul>\n<\/li>\n<\/ul>\n<ul class=\"wp-block-list\">\n<li style=\"list-style-type: none\">\n<ul class=\"wp-block-list\">\n<li>Un \u00e9cran OLED de 1,5K de 6,75 pouces<\/li>\n<\/ul>\n<\/li>\n<\/ul>\n<ul class=\"wp-block-list\">\n<li style=\"list-style-type: none\">\n<ul class=\"wp-block-list\">\n<li>Six ans de support logiciel<\/li>\n<\/ul>\n<\/li>\n<\/ul>\n<p>Le OnePlus Nord 4 est propos\u00e9 \u00e0 479 euros (12 + 256 Go), mais en ce moment sur Amazon, <a href=\"https:\/\/shop.frandroid.com\/ha3b7tts\" target=\"_blank\" rel=\"noreferrer noopener affiliate nofollow\" data-gtm=\"{&quot;event&quot;:&quot;afficlic&quot;,&quot;nom_marchand&quot;:&quot;amazon_fr&quot;,&quot;nom_produit&quot;:&quot;inconnu&quot;,&quot;categorie_produit&quot;:&quot;inconnu&quot;,&quot;module_produit&quot;:&quot;editolink&quot;,&quot;position_marchand&quot;:0,&quot;texte&quot;:&quot;il-se-negocie-a-349-euros&quot;,&quot;offer_url&quot;:&quot;https:\/\/shop.frandroid.com\/ha3b7tts&quot;,&quot;zone&quot;:&quot;contenu-page&quot;}\">il se n\u00e9gocie \u00e0 349 euros.<\/a><\/p>\n<p>                                            15:19<br \/>\n                                                                Asus ProArt PZ13 OLED<\/p>\n<p>L\u2019Asus ProArt PZ13 se transforme en PC portable, et avec son \u00e9cran tactile, l\u2019appareil peut \u00eatre utilis\u00e9 en tablette. Un appareil hybride polyvalent et puissant avec sa puce ARM, qui devient plus int\u00e9ressant avec pr\u00e8s de 700 euros de remise.<\/p>\n<p><a href=\"https:\/\/images.frandroid.com\/wp-content\/uploads\/2025\/07\/asus-proart-pz13-oled-prime-day-2025.jpg\" target=\"_blank\" rel=\"noopener\" class=\"article-content__figure\"><img loading=\"lazy\" decoding=\"async\" width=\"1200\" height=\"675\" class=\"wp-image-2726155 wp-image wp-image\" src=\"https:\/\/www.europesays.com\/fr\/wp-content\/uploads\/2025\/07\/1752248200_875_asus-proart-pz13-oled-prime-day-2025-1200x675.jpg\" alt=\"\"  \/><\/a><\/p>\n<ul class=\"wp-block-list\">\n<li style=\"list-style-type: none\">\n<ul class=\"wp-block-list\">\n<li>Un format hybride et pratique au quotidien<\/li>\n<\/ul>\n<\/li>\n<\/ul>\n<ul class=\"wp-block-list\">\n<li style=\"list-style-type: none\">\n<ul class=\"wp-block-list\">\n<li>Un \u00e9cran Oled tactile de 13 pouces en 3K<\/li>\n<\/ul>\n<\/li>\n<\/ul>\n<ul class=\"wp-block-list\">\n<li style=\"list-style-type: none\">\n<ul class=\"wp-block-list\">\n<li>Un processeur Qualcomm Snapdragon X Plus avec Copilot+<\/li>\n<\/ul>\n<\/li>\n<\/ul>\n<p>De base \u00e0 1 499 euros, l\u2019Asus ProArt PZ13 se n\u00e9gocie\u00a0<a href=\"https:\/\/shop.frandroid.com\/gaon3b8c\" target=\"_blank\" rel=\"noreferrer noopener affiliate nofollow\" data-gtm=\"{&quot;event&quot;:&quot;afficlic&quot;,&quot;nom_marchand&quot;:&quot;amazon_fr&quot;,&quot;nom_produit&quot;:&quot;inconnu&quot;,&quot;categorie_produit&quot;:&quot;inconnu&quot;,&quot;module_produit&quot;:&quot;editolink&quot;,&quot;position_marchand&quot;:0,&quot;texte&quot;:&quot;aujourd-hui-a-799-euros-sur-amazon&quot;,&quot;offer_url&quot;:&quot;https:\/\/shop.frandroid.com\/gaon3b8c&quot;,&quot;zone&quot;:&quot;contenu-page&quot;}\">aujourd\u2019hui \u00e0 799 euros sur Amazon.<\/a><\/p>\n<p>                                            14:15<br \/>\n                                                                Batterie Belkin BoostCharge<\/p>\n<p>Vous \u00eates \u00e0 la recherche d\u2019une batterie externe performante et abordable ? La Belkin BoostCharge pourrait bien vous satisfaire avec ses 10 000 mAh de capacit\u00e9 et sa compatibilit\u00e9 <a href=\"https:\/\/www.frandroid.com\/comment-faire\/comment-fonctionne-la-technologie\/1414389_quels-sont-les-types-normes-versions-vitesses-usb\" target=\"_blank\" rel=\"noopener\">Power Delivery<\/a> jusqu\u2019\u00e0 20 W, le tout pour un prix vraiment mini.<\/p>\n<p><a href=\"https:\/\/images.frandroid.com\/wp-content\/uploads\/2025\/07\/batterie-belkin-boostcharge-amazon-prime-day-2025.jpg\" target=\"_blank\" rel=\"noopener\" class=\"article-content__figure\"><img loading=\"lazy\" decoding=\"async\" class=\"aligncenter size-large wp-image-2728223 wp-image wp-image\" src=\"https:\/\/www.europesays.com\/fr\/wp-content\/uploads\/2025\/07\/1752248202_681_batterie-belkin-boostcharge-amazon-prime-day-2025-1200x675.jpg\" alt=\"\" width=\"1200\" height=\"675\"  \/><\/a><\/p>\n<ul>\n<li>C\u00e2ble USB-C int\u00e9gr\u00e9<\/li>\n<li>Recharge jusqu\u2019\u00e0 20 W<\/li>\n<li>Peut recharger deux appareils en m\u00eame temps<\/li>\n<\/ul>\n<p>Au lieu de 24,99 euros habituellement, la batterie Belkin BoostCharge est actuellement <a href=\"https:\/\/shop.frandroid.com\/6ywi3z7t\" target=\"_blank\" rel=\"sponsored nofollow noopener\" data-gtm=\"{&quot;event&quot;:&quot;afficlic&quot;,&quot;nom_marchand&quot;:&quot;Amazon&quot;,&quot;nom_produit&quot;:&quot;inconnu&quot;,&quot;categorie_produit&quot;:&quot;inconnu&quot;,&quot;module_produit&quot;:&quot;editolink&quot;,&quot;position_marchand&quot;:0,&quot;texte&quot;:&quot;en-promotion-a-seulement-17-09-euros-sur-Amazon&quot;}\">en promotion \u00e0 seulement 17,09 euros sur Amazon<\/a>.<\/p>\n<p>                                            12:28<br \/>\n                                                                eufy Security Indoor Cam 2K Pan &amp; Tilt<\/p>\n<p>Si vous pensez \u00e0 opter pour une solution connect\u00e9e afin de surveiller votre domicile, la Eufy Security Indoor Cam 2K Pan &amp; Tilt est un bon choix. Cette cam\u00e9ra, con\u00e7ue pour l\u2019int\u00e9rieur, se chargera de vous pr\u00e9venir en cas de mouvement inhabituel, et le tout dans une bonne qualit\u00e9 gr\u00e2ce \u00e0 sa d\u00e9finition 2K. Elle est m\u00eame \u00e9quip\u00e9 de plusieurs fonctionnalit\u00e9s avanc\u00e9es, comme la reconnaissance des humains et des animaux gr\u00e2ce \u00e0 l\u2019intelligence artificielle, ou encore la d\u00e9tection des sons et des pleurs d\u2019un enfant, par exemple.<\/p>\n<p><a href=\"https:\/\/images.frandroid.com\/wp-content\/uploads\/2025\/07\/eufy-security-indoor-cam-2k-pan-tilt-amazon-prime-day-2025.jpg\" target=\"_blank\" rel=\"noopener\" class=\"article-content__figure\"><img loading=\"lazy\" decoding=\"async\" class=\"aligncenter size-large wp-image-2728123 wp-image wp-image\" src=\"https:\/\/www.europesays.com\/fr\/wp-content\/uploads\/2025\/07\/1752248203_218_eufy-security-indoor-cam-2k-pan-tilt-amazon-prime-day-2025-1200x675.jpg\" alt=\"\" width=\"1200\" height=\"675\"  \/><\/a><\/p>\n<ul class=\"wp-block-list\">\n<li>Des images film\u00e9es en 2K<\/li>\n<li>Une d\u00e9tection et un suivi des mouvements efficace<\/li>\n<li>La reconnaissance des bruits<\/li>\n<\/ul>\n<p>Vendu sur la boutique officielle \u00e0 49,99 euros, la cam\u00e9ra Eufy Security Indoor Cam 2K Pan &amp; Til est en ce moment moins ch\u00e8re sur Amazon : <a href=\"https:\/\/shop.frandroid.com\/1sfzi4xb\" target=\"_blank\" rel=\"noreferrer noopener affiliate nofollow\" data-gtm=\"{&quot;event&quot;:&quot;afficlic&quot;,&quot;nom_marchand&quot;:&quot;amazon_fr&quot;,&quot;nom_produit&quot;:&quot;inconnu&quot;,&quot;categorie_produit&quot;:&quot;inconnu&quot;,&quot;module_produit&quot;:&quot;editolink&quot;,&quot;position_marchand&quot;:0,&quot;texte&quot;:&quot;elle-est-affichee-a-seulement-29-99-euros&quot;}\">seulement 29,99 euros<\/a>.<\/p>\n<p>                                            12:20<br \/>\n                                                                iPad 11<\/p>\n<p>Apple sort l\u2019artillerie l\u00e9g\u00e8re, mais pr\u00e9cise avec son iPad 11 pouces \u00e9quip\u00e9 de la puce A16, en promo aujourd\u2019hui pour le Prime Day.<\/p>\n<p><a href=\"https:\/\/images.frandroid.com\/wp-content\/uploads\/2025\/07\/apple-ipad-11-prime-days-soldes-2025-bons-plans-frandroid.jpg\" target=\"_blank\" rel=\"noopener\" class=\"article-content__figure\"><img loading=\"lazy\" decoding=\"async\" width=\"1200\" height=\"675\" class=\"wp-image-2723667 wp-image wp-image\" src=\"https:\/\/www.europesays.com\/fr\/wp-content\/uploads\/2025\/07\/1752248205_629_apple-ipad-11-prime-days-soldes-2025-bons-plans-frandroid-1200x675.jpg\" alt=\"\"  \/><\/a><\/p>\n<ul class=\"wp-block-list\">\n<li style=\"list-style-type: none\">\n<ul class=\"wp-block-list\">\n<li>Une puce A16 Bionic : ultra rapide pour les apps cr\u00e9atives et le multit\u00e2che<\/li>\n<\/ul>\n<\/li>\n<\/ul>\n<ul class=\"wp-block-list\">\n<li style=\"list-style-type: none\">\n<ul class=\"wp-block-list\">\n<li>Un \u00e9cran Liquid Retina 11 pouces : net, lumineux, r\u00e9actif<\/li>\n<\/ul>\n<\/li>\n<\/ul>\n<ul class=\"wp-block-list\">\n<li style=\"list-style-type: none\">\n<ul class=\"wp-block-list\">\n<li>Cam\u00e9ras avant\/arri\u00e8re 12 Mpx : parfaites pour visios et captures de qualit\u00e9<\/li>\n<\/ul>\n<\/li>\n<\/ul>\n<p>Au lieu de 409,99 euros, l\u2019Apple iPad 11 est <a href=\"https:\/\/shop.frandroid.com\/2ey0tn37\" target=\"_blank\" rel=\"noreferrer noopener affiliate nofollow\" data-type=\"link\" data-id=\"https:\/\/shop.frandroid.com\/2ey0tn37\">aujourd\u2019hui disponible en promotion \u00e0 359,99 euros sur Amazon<\/a>.<\/p>\n<p>On trouve aussi l\u2019ancien mod\u00e8le, l\u2019iPad 10, <a href=\"https:\/\/shop.frandroid.com\/b6cqmxqe\" target=\"_blank\" rel=\"sponsored nofollow noopener\" data-gtm=\"{&quot;event&quot;:&quot;afficlic&quot;,&quot;nom_marchand&quot;:&quot;Amazon&quot;,&quot;nom_produit&quot;:&quot;inconnu&quot;,&quot;categorie_produit&quot;:&quot;inconnu&quot;,&quot;module_produit&quot;:&quot;editolink&quot;,&quot;position_marchand&quot;:0,&quot;texte&quot;:&quot;a-seulement-284-euros&quot;}\">\u00e0 seulement 284 euros<\/a>.<\/p>\n<p>                                            12:08<br \/>\n                                                                Lenovo IdeaPad Slim 5 14ABR8<\/p>\n<p>Pratique \u00e0 emporter partout et bien performant, le Lenovo IdeaPad Slim 5 est une machine id\u00e9ale pour la bureautique et le travail nomade. Il a en plus l\u2019avantage d\u2019\u00eatre nettement moins cher qu\u2019\u00e0 sa sortie pendant le Prime Day.<\/p>\n<p><a href=\"https:\/\/images.frandroid.com\/wp-content\/uploads\/2025\/07\/lenovo-ideapad-slim-5-14abr8-amazon-prime-day-2025.jpg\" target=\"_blank\" rel=\"noopener\" class=\"article-content__figure\"><img loading=\"lazy\" decoding=\"async\" class=\"aligncenter size-large wp-image-2728053 wp-image wp-image\" src=\"https:\/\/www.europesays.com\/fr\/wp-content\/uploads\/2025\/07\/1752248207_834_lenovo-ideapad-slim-5-14abr8-amazon-prime-day-2025-1200x675.jpg\" alt=\"\" width=\"1200\" height=\"675\"  \/><\/a><\/p>\n<ul class=\"wp-block-list\">\n<li>Un ch\u00e2ssis l\u00e9ger<\/li>\n<li>Un \u00e9cran OLED WUXGA de 14 pouces<\/li>\n<li>Un combo Ryzen 7 + 16 Go de RAM + SSD de 1 To<\/li>\n<\/ul>\n<p>Lanc\u00e9 \u00e0 999 euros, le Lenovo IdeaPad Slim 5 14ABR8 est <a href=\"https:\/\/shop.frandroid.com\/0lh39piq\" target=\"_blank\" rel=\"noreferrer noopener affiliate nofollow\" data-gtm=\"{&quot;event&quot;:&quot;afficlic&quot;,&quot;nom_marchand&quot;:&quot;amazon_fr&quot;,&quot;nom_produit&quot;:&quot;inconnu&quot;,&quot;categorie_produit&quot;:&quot;inconnu&quot;,&quot;module_produit&quot;:&quot;editolink&quot;,&quot;position_marchand&quot;:0,&quot;texte&quot;:&quot;desormais-affiche-a-649-euros-sur-amazon&quot;,&quot;offer_url&quot;:&quot;https:\/\/shop.frandroid.com\/0lh39piq&quot;,&quot;zone&quot;:&quot;contenu-page&quot;}\">d\u00e9sormais affich\u00e9 \u00e0 609 euros sur Amazon<\/a>. Notez que le prix le plus bas sur le 30 derniers jours \u00e9tait de 649 euros.<\/p>\n<p>                                            11:36<br \/>\n                                                                Nothing CMF Buds Pro 2<\/p>\n<p>La derni\u00e8re g\u00e9n\u00e9ration des \u00e9couteurs sans fil pas chers de Nothing, les CMF Buds Pro 2, proposent une r\u00e9duction de bruit active, un son de qualit\u00e9 et une excellente batterie tout en \u00e9tant abordable.<\/p>\n<p><a href=\"https:\/\/images.frandroid.com\/wp-content\/uploads\/2025\/07\/cmf-nothing-buds-pro-2-amazon-prime-day-2025.jpg\" target=\"_blank\" rel=\"noopener\" class=\"article-content__figure\"><img loading=\"lazy\" decoding=\"async\" class=\"aligncenter size-large wp-image-2727919 wp-image wp-image\" src=\"https:\/\/www.europesays.com\/fr\/wp-content\/uploads\/2025\/07\/1752248209_831_cmf-nothing-buds-pro-2-amazon-prime-day-2025-1200x675.jpg\" alt=\"\" width=\"1200\" height=\"675\"  \/><\/a><\/p>\n<ul class=\"wp-block-list\">\n<li>Une r\u00e9duction de bruit active efficace<\/li>\n<li>La technologie LDAC<\/li>\n<li>Une bonne autonomie<\/li>\n<\/ul>\n<p>Au lieu de 59,95 euros, les Nothing CMF Buds Pro 2 sont <a href=\"https:\/\/shop.frandroid.com\/wq044p8t\" target=\"_blank\" rel=\"sponsored nofollow noopener\" data-type=\"link\" data-id=\"https:\/\/www.amazon.fr\/dp\/B0D54298JX\" data-gtm=\"{&quot;event&quot;:&quot;afficlic&quot;,&quot;nom_marchand&quot;:&quot;Amazon&quot;,&quot;nom_produit&quot;:&quot;inconnu&quot;,&quot;categorie_produit&quot;:&quot;inconnu&quot;,&quot;module_produit&quot;:&quot;editolink&quot;,&quot;position_marchand&quot;:0,&quot;texte&quot;:&quot;aujourd-hui-disponibles-en-promotion-a-45-99-euros-sur-Amazon&quot;}\">aujourd\u2019hui disponibles en promotion \u00e0 45,99 euros sur Amazon<\/a>.<\/p>\n<p>                                            11:19<br \/>\n                                                                Xiaomi Poco M7 Pro 5G<\/p>\n<p>Le Xiaomi Poco M7 Pro 5G est un smartphone d\u2019entr\u00e9e de gamme qui est l\u00e0 pour ravir les petits budgets, surtout sur des jours quand le Prime Day d\u2019Amazon tombe.<\/p>\n<p><a href=\"https:\/\/images.frandroid.com\/wp-content\/uploads\/2025\/07\/poco-m7-pro-5g-prime-day-2025.jpg\" target=\"_blank\" rel=\"noopener\" class=\"article-content__figure\"><img loading=\"lazy\" decoding=\"async\" width=\"1200\" height=\"675\" class=\"wp-image-2724477 wp-image wp-image\" src=\"https:\/\/www.europesays.com\/fr\/wp-content\/uploads\/2025\/07\/1752248211_855_poco-m7-pro-5g-prime-day-2025-1200x675.jpg\" alt=\"\"  \/><\/a><\/p>\n<ul class=\"wp-block-list\">\n<li style=\"list-style-type: none\">\n<ul class=\"wp-block-list\">\n<li>Son \u00e9cran Amoled Full HD de 6,67 pouces \u00e0 120 Hz<\/li>\n<\/ul>\n<\/li>\n<\/ul>\n<ul class=\"wp-block-list\">\n<li style=\"list-style-type: none\">\n<ul class=\"wp-block-list\">\n<li>Les performances du GPU Dimensity 7025-Ultra<\/li>\n<\/ul>\n<\/li>\n<\/ul>\n<ul class=\"wp-block-list\">\n<li style=\"list-style-type: none\">\n<ul class=\"wp-block-list\">\n<li>La batterie de 5 110 mAh pour tenir plus d\u2019une journ\u00e9e<\/li>\n<\/ul>\n<\/li>\n<\/ul>\n<p>Avant le d\u00e9but du Prime Day Amazon, le Xiaomi Poco M7 Pro 5G \u00e9tait vendu 243 euros sur le site marchand. L\u00e0, pendant quelques jours, vous pouvez <a href=\"https:\/\/shop.frandroid.com\/p6rm8bpx\" target=\"_blank\" rel=\"noreferrer noopener affiliate nofollow\" data-gtm=\"{&quot;event&quot;:&quot;afficlic&quot;,&quot;nom_marchand&quot;:&quot;amazon_fr&quot;,&quot;nom_produit&quot;:&quot;inconnu&quot;,&quot;categorie_produit&quot;:&quot;inconnu&quot;,&quot;module_produit&quot;:&quot;editolink&quot;,&quot;position_marchand&quot;:0,&quot;texte&quot;:&quot;le-commander-pour-189-euros&quot;,&quot;offer_url&quot;:&quot;https:\/\/shop.frandroid.com\/p6rm8bpx&quot;,&quot;zone&quot;:&quot;contenu-page&quot;}\">le commander pour 189 euros<\/a>.<\/p>\n<p>                                            11:05<br \/>\n                                                                Nothing Phone (3a)<\/p>\n<p>Atypique : voici le mot qui caract\u00e9rise le mieux les smartphones con\u00e7us par Nothing, qui arborent, au dos, le fameux Glyph, soit des bandes LED qui s\u2019illuminent selon certaines actions. Le tout r\u00e9cent Nothing Phone (3a) en est bien \u00e9videmment \u00e9quip\u00e9, mais ce n\u2019est pas l\u00e0 son seul atout.<\/p>\n<p><a href=\"https:\/\/images.frandroid.com\/wp-content\/uploads\/2025\/05\/nothing-phone-3a-amazon-prime-day-2025.jpg\" target=\"_blank\" rel=\"noopener\" class=\"article-content__figure\"><img loading=\"lazy\" decoding=\"async\" width=\"1200\" height=\"675\" class=\"wp-image-2727561 wp-image wp-image\" src=\"https:\/\/www.europesays.com\/fr\/wp-content\/uploads\/2025\/07\/1752248212_384_nothing-phone-3a-amazon-prime-day-2025-1200x675.jpg\" alt=\"\"  \/><\/a><\/p>\n<ul class=\"wp-block-list\">\n<li style=\"list-style-type: none\">\n<ul class=\"wp-block-list\">\n<li>Un design toujours aussi original<\/li>\n<\/ul>\n<\/li>\n<\/ul>\n<ul class=\"wp-block-list\">\n<li style=\"list-style-type: none\">\n<ul class=\"wp-block-list\">\n<li>L\u2019application intelligente Essential Space<\/li>\n<\/ul>\n<\/li>\n<\/ul>\n<ul class=\"wp-block-list\">\n<li style=\"list-style-type: none\">\n<ul class=\"wp-block-list\">\n<li>Un t\u00e9l\u00e9objectif 2x sur un smartphone \u00e0 moins de 300 euros<\/li>\n<\/ul>\n<\/li>\n<\/ul>\n<p>Lanc\u00e9 \u00e0 349 euros, le Nothing Phone (3a) (8+128 Go) est aujourd\u2019hui <a href=\"https:\/\/shop.frandroid.com\/m2y2fj2o\" target=\"_blank\" rel=\"noreferrer noopener affiliate nofollow\" data-gtm=\"{&quot;event&quot;:&quot;afficlic&quot;,&quot;nom_marchand&quot;:&quot;amazon_fr&quot;,&quot;nom_produit&quot;:&quot;inconnu&quot;,&quot;categorie_produit&quot;:&quot;inconnu&quot;,&quot;module_produit&quot;:&quot;editolink&quot;,&quot;position_marchand&quot;:0,&quot;texte&quot;:&quot;disponible-en-promotion-a-299-euros-sur-amazon&quot;,&quot;offer_url&quot;:&quot;https:\/\/shop.frandroid.com\/m2y2fj2o&quot;,&quot;zone&quot;:&quot;contenu-page&quot;}\">disponible en promotion \u00e0 269 euros sur Amazon<\/a>. La version 12+256 Go reste quant \u00e0 elle <a href=\"https:\/\/shop.frandroid.com\/yy74elht\" target=\"_blank\" rel=\"noreferrer noopener affiliate nofollow\" data-gtm=\"{&quot;event&quot;:&quot;afficlic&quot;,&quot;nom_marchand&quot;:&quot;amazon_fr&quot;,&quot;nom_produit&quot;:&quot;inconnu&quot;,&quot;categorie_produit&quot;:&quot;inconnu&quot;,&quot;module_produit&quot;:&quot;editolink&quot;,&quot;position_marchand&quot;:0,&quot;texte&quot;:&quot;affichee-a-349-euros-au-lieu-de-399-euros-toujours-sur-amazon&quot;,&quot;offer_url&quot;:&quot;https:\/\/shop.frandroid.com\/yy74elht&quot;,&quot;zone&quot;:&quot;contenu-page&quot;}\">affich\u00e9e \u00e0 329 euros au lieu de 399 euros, toujours sur Amazon<\/a>.<\/p>\n<p>On trouve aussi la version Pro du smartphone <a href=\"https:\/\/shop.frandroid.com\/61j5bhq3\" target=\"_blank\" rel=\"noreferrer noopener affiliate nofollow\" data-gtm=\"{&quot;event&quot;:&quot;afficlic&quot;,&quot;nom_marchand&quot;:&quot;amazon_fr&quot;,&quot;nom_produit&quot;:&quot;inconnu&quot;,&quot;categorie_produit&quot;:&quot;inconnu&quot;,&quot;module_produit&quot;:&quot;editolink&quot;,&quot;position_marchand&quot;:0,&quot;texte&quot;:&quot;a-389-euros-sur-amazon&quot;,&quot;offer_url&quot;:&quot;https:\/\/shop.frandroid.com\/61j5bhq3&quot;,&quot;zone&quot;:&quot;contenu-page&quot;}\">\u00e0 389 euros sur Amazon<\/a>.<\/p>\n<p>                                            10:55<br \/>\n                                                                Arcade1Up Ms. Pac-Man 40th Anniversary<\/p>\n<p>Une vraie borne d\u2019arcade chez soi, avec Ms. Pac-Man en guest star, 10 titres Bandai Namco embarqu\u00e9s, et une ristourne qui donne envie de rejouer aux jeux des ann\u00e9es 80.<\/p>\n<p><a href=\"https:\/\/images.frandroid.com\/wp-content\/uploads\/2025\/07\/arcade1up-ms-pacman-40-anniversary-bons-plans-soldes-prime-day-frandroid.jpg\" target=\"_blank\" rel=\"noopener\" class=\"article-content__figure\"><img loading=\"lazy\" decoding=\"async\" width=\"1200\" height=\"675\" class=\"wp-image-2727701 wp-image wp-image\" src=\"https:\/\/www.europesays.com\/fr\/wp-content\/uploads\/2025\/07\/1752248214_310_arcade1up-ms-pacman-40-anniversary-bons-plans-soldes-prime-day-frandroid-1200x675.jpg\" alt=\"\"  \/><\/a><\/p>\n<ul class=\"wp-block-list\">\n<li style=\"list-style-type: none\">\n<ul class=\"wp-block-list\">\n<li>10 classiques Namco : Ms. Pac-Man, Galaga, Dig Dug, et plus<\/li>\n<\/ul>\n<\/li>\n<\/ul>\n<ul class=\"wp-block-list\">\n<li style=\"list-style-type: none\">\n<ul class=\"wp-block-list\">\n<li>Une borne au design r\u00e9tro avec \u00e9clairage et socle comm\u00e9moratif<\/li>\n<\/ul>\n<\/li>\n<\/ul>\n<ul class=\"wp-block-list\">\n<li style=\"list-style-type: none\">\n<ul class=\"wp-block-list\">\n<li>Des commandes fid\u00e8les \u00e0 l\u2019arcade originale<\/li>\n<\/ul>\n<\/li>\n<\/ul>\n<p>Au lieu de 582,44 euros, l\u2019Arcade1Up Ms. Pac-Man 40th Anniversary est <a href=\"https:\/\/shop.frandroid.com\/3joo1tft\" target=\"_blank\" rel=\"noreferrer noopener affiliate nofollow\" data-type=\"link\" data-id=\"https:\/\/www.amazon.fr\/dp\/B0CJ4ZBVHQ?smid=A1X6FK5RDHNB96\" data-gtm=\"{&quot;event&quot;:&quot;afficlic&quot;,&quot;nom_marchand&quot;:&quot;amazon_fr&quot;,&quot;nom_produit&quot;:&quot;inconnu&quot;,&quot;categorie_produit&quot;:&quot;inconnu&quot;,&quot;module_produit&quot;:&quot;editolink&quot;,&quot;position_marchand&quot;:0,&quot;texte&quot;:&quot;aujourd-hui-disponible-en-promotion-a-341-99-euros-sur-amazon&quot;,&quot;offer_url&quot;:&quot;https:\/\/shop.frandroid.com\/3joo1tft&quot;,&quot;zone&quot;:&quot;contenu-page&quot;}\">aujourd\u2019hui disponible en promotion \u00e0 341,99 euros sur Amazon<\/a>.<\/p>\n<p>On trouve aussi l\u2019\u00e9dition Marvel Capcom <a href=\"https:\/\/shop.frandroid.com\/r39vmb6w\" target=\"_blank\" rel=\"sponsored nofollow noopener\" data-gtm=\"{&quot;event&quot;:&quot;afficlic&quot;,&quot;nom_marchand&quot;:&quot;Amazon&quot;,&quot;nom_produit&quot;:&quot;inconnu&quot;,&quot;categorie_produit&quot;:&quot;inconnu&quot;,&quot;module_produit&quot;:&quot;editolink&quot;,&quot;position_marchand&quot;:0,&quot;texte&quot;:&quot;a-436-99-euros-au-lieu-de-599-99-euros&quot;}\">\u00e0 436,99 euros au lieu de 599,99 euros<\/a>.<\/p>\n<p>                                            10:44<br \/>\n                                                                Blink Outdoor 4<\/p>\n<p>Amazon dispose de deux marques dans l\u2019univers de la s\u00e9curit\u00e9 connect\u00e9e Ring et Blink. C\u2019est d\u2019ailleurs dans cette derni\u00e8re gamme que la firme ajoute une nouvelle cam\u00e9ra : la Blink Outdoor 4. Elle propose plusieurs am\u00e9liorations notables par rapport aux g\u00e9n\u00e9rations pr\u00e9c\u00e9dentes, tout en conservant un prix accessible et sa simplicit\u00e9 d\u2019installation.<\/p>\n<p><a href=\"https:\/\/images.frandroid.com\/wp-content\/uploads\/2025\/07\/blink-outdoor-4-amazon-prime-day-2025.jpg\" target=\"_blank\" rel=\"noopener\" class=\"article-content__figure\"><img loading=\"lazy\" decoding=\"async\" class=\"aligncenter size-large wp-image-2727737 wp-image wp-image\" src=\"https:\/\/www.europesays.com\/fr\/wp-content\/uploads\/2025\/07\/1752248216_68_blink-outdoor-4-amazon-prime-day-2025-1200x675.jpg\" alt=\"\" width=\"1200\" height=\"675\"  \/><\/a><\/p>\n<ul class=\"wp-block-list\">\n<li>Une cam\u00e9ra r\u00e9sistante qui filme en 1080p<\/li>\n<li>Un champ de vision \u00e9largi et d\u00e9tection de mouvements am\u00e9lior\u00e9e<\/li>\n<li>Une autonomie de deux ans<\/li>\n<\/ul>\n<p>La nouvelle cam\u00e9ra de surveillance connect\u00e9e Blink Outdoor 4 (avec Sync Module Core) est disponible \u00e0 79,99 euros, mais sur Amazon, elle se trouve d\u00e9j\u00e0\u00a0<a href=\"https:\/\/shop.frandroid.com\/blowjfxq\" target=\"_blank\" rel=\"noreferrer noopener affiliate nofollow\" data-gtm=\"{&quot;event&quot;:&quot;afficlic&quot;,&quot;nom_marchand&quot;:&quot;amazon_fr&quot;,&quot;nom_produit&quot;:&quot;inconnu&quot;,&quot;categorie_produit&quot;:&quot;inconnu&quot;,&quot;module_produit&quot;:&quot;editolink&quot;,&quot;position_marchand&quot;:0,&quot;texte&quot;:&quot;en-promotion-a-59-99-euros&quot;,&quot;offer_url&quot;:&quot;https:\/\/shop.frandroid.com\/blowjfxq&quot;,&quot;zone&quot;:&quot;contenu-page&quot;}\">en promotion \u00e0 37,99 euros<\/a>. Le lot de deux cam\u00e9ras est\u00a0<a href=\"https:\/\/shop.frandroid.com\/jj88vkj2\" target=\"_blank\" rel=\"noreferrer noopener affiliate nofollow\" data-gtm=\"{&quot;event&quot;:&quot;afficlic&quot;,&quot;nom_marchand&quot;:&quot;amazon_fr&quot;,&quot;nom_produit&quot;:&quot;inconnu&quot;,&quot;categorie_produit&quot;:&quot;inconnu&quot;,&quot;module_produit&quot;:&quot;editolink&quot;,&quot;position_marchand&quot;:0,&quot;texte&quot;:&quot;a-114-49-euros-au-lieu-de-154-99-euros&quot;,&quot;offer_url&quot;:&quot;https:\/\/shop.frandroid.com\/jj88vkj2&quot;,&quot;zone&quot;:&quot;contenu-page&quot;}\">\u00e0 69,49 euros au lieu de 154,99 euros<\/a>. On trouve aussi un pack comprenant <a href=\"https:\/\/shop.frandroid.com\/r0ibudic\" target=\"_blank\" rel=\"noreferrer noopener affiliate nofollow\" data-gtm=\"{&quot;event&quot;:&quot;afficlic&quot;,&quot;nom_marchand&quot;:&quot;amazon_fr&quot;,&quot;nom_produit&quot;:&quot;inconnu&quot;,&quot;categorie_produit&quot;:&quot;inconnu&quot;,&quot;module_produit&quot;:&quot;editolink&quot;,&quot;position_marchand&quot;:0,&quot;texte&quot;:&quot;3-cameras&quot;,&quot;offer_url&quot;:&quot;https:\/\/shop.frandroid.com\/r0ibudic&quot;,&quot;zone&quot;:&quot;contenu-page&quot;}\">3 cam\u00e9ras \u00e0 96,49 euros<\/a>\u00a0et de\u00a0<a href=\"https:\/\/shop.frandroid.com\/gcourdek\" target=\"_blank\" rel=\"noreferrer noopener affiliate nofollow\" data-gtm=\"{&quot;event&quot;:&quot;afficlic&quot;,&quot;nom_marchand&quot;:&quot;amazon_fr&quot;,&quot;nom_produit&quot;:&quot;inconnu&quot;,&quot;categorie_produit&quot;:&quot;inconnu&quot;,&quot;module_produit&quot;:&quot;editolink&quot;,&quot;position_marchand&quot;:0,&quot;texte&quot;:&quot;4-cameras-en-promotion&quot;,&quot;offer_url&quot;:&quot;https:\/\/shop.frandroid.com\/gcourdek&quot;,&quot;zone&quot;:&quot;contenu-page&quot;}\">4 cam\u00e9ras 123,49 euros<\/a>.<\/p>\n<p>                                            10:09<br \/>\n                                                                Sony ULT Field 5<\/p>\n<p>Lanc\u00e9e en avril 2025, l\u2019enceinte Bluetooth Sony ULT Field mise tout sur les basses et promet donc un son bien puissant. Le tout, d\u00e9livr\u00e9 par un mod\u00e8le compact, facile \u00e0 transporter et r\u00e9sistant.<\/p>\n<p><a href=\"https:\/\/images.frandroid.com\/wp-content\/uploads\/2025\/07\/sony-ult-field-5-prime-day-2025.jpg\" target=\"_blank\" rel=\"noopener\" class=\"article-content__figure\"><img loading=\"lazy\" decoding=\"async\" width=\"1200\" height=\"675\" class=\"wp-image-2724685 wp-image wp-image\" src=\"https:\/\/www.europesays.com\/fr\/wp-content\/uploads\/2025\/07\/1752248218_510_sony-ult-field-5-prime-day-2025-1200x675.jpg\" alt=\"\"  \/><\/a><\/p>\n<ul class=\"wp-block-list\">\n<li style=\"list-style-type: none\">\n<ul class=\"wp-block-list\">\n<li>Son format compact et sa bandouli\u00e8re<\/li>\n<\/ul>\n<\/li>\n<\/ul>\n<ul class=\"wp-block-list\">\n<li style=\"list-style-type: none\">\n<ul class=\"wp-block-list\">\n<li>Une autonomie de 25 heures<\/li>\n<\/ul>\n<\/li>\n<\/ul>\n<p>Habituellement affich\u00e9e \u00e0 299,99 euros, l\u2019enceinte Sony ULT Field 5 est d\u00e9sormais <a href=\"https:\/\/shop.frandroid.com\/yvqp5eb5\" target=\"_blank\" rel=\"noreferrer noopener affiliate nofollow\" data-gtm=\"{&quot;event&quot;:&quot;afficlic&quot;,&quot;nom_marchand&quot;:&quot;amazon_fr&quot;,&quot;nom_produit&quot;:&quot;inconnu&quot;,&quot;categorie_produit&quot;:&quot;inconnu&quot;,&quot;module_produit&quot;:&quot;editolink&quot;,&quot;position_marchand&quot;:0,&quot;texte&quot;:&quot;proposee-a-259-euros-sur-amazon&quot;,&quot;offer_url&quot;:&quot;https:\/\/shop.frandroid.com\/yvqp5eb5&quot;,&quot;zone&quot;:&quot;contenu-page&quot;}\">propos\u00e9e \u00e0 259,99 euros sur Amazon<\/a>.<\/p>\n<p>L\u2019ancienne r\u00e9f\u00e9rence, la Sony ULT Field 3, est de son c\u00f4t\u00e9 <a href=\"https:\/\/shop.frandroid.com\/rianpw7m\" target=\"_blank\" rel=\"noreferrer noopener affiliate nofollow\" data-gtm=\"{&quot;event&quot;:&quot;afficlic&quot;,&quot;nom_marchand&quot;:&quot;amazon_fr&quot;,&quot;nom_produit&quot;:&quot;inconnu&quot;,&quot;categorie_produit&quot;:&quot;inconnu&quot;,&quot;module_produit&quot;:&quot;editolink&quot;,&quot;position_marchand&quot;:0,&quot;texte&quot;:&quot;vendue-a-139-euros-au-lieu-de-199-euros-sur-amazon&quot;,&quot;offer_url&quot;:&quot;https:\/\/shop.frandroid.com\/rianpw7m&quot;,&quot;zone&quot;:&quot;contenu-page&quot;}\">vendue \u00e0 129 euros au lieu de 199 euros sur Amazon<\/a>. Elle \u00e9tait \u00e0 139 euros hier.<\/p>\n<p>                                            10:08<br \/>\n                                                                Dreame X50 Master<\/p>\n<p>Avec sa puissance de 20 000 Pa, son IA pour \u00e9viter les obstacles, sa base 8-en-1 ultra-compacte, le Dreame X50 Master red\u00e9finit l\u2019aspirateur robot. Et aujourd\u2019hui, \u00e0 l\u2019occasion du Prime Day, il s\u2019affiche d\u00e9j\u00e0 avec 400 euros de remise.<\/p>\n<p><a href=\"https:\/\/images.frandroid.com\/wp-content\/uploads\/2025\/07\/dreame-x50-master-prime-day-bons-plans-frandroid.jpg\" target=\"_blank\" rel=\"noopener\" class=\"article-content__figure\"><img loading=\"lazy\" decoding=\"async\" width=\"1200\" height=\"675\" class=\"wp-image-2724399 wp-image wp-image\" src=\"https:\/\/www.europesays.com\/fr\/wp-content\/uploads\/2025\/07\/1752248219_152_dreame-x50-master-prime-day-bons-plans-frandroid-1200x675.jpg\" alt=\"\"  \/><\/a><\/p>\n<ul class=\"wp-block-list\">\n<li style=\"list-style-type: none\">\n<ul class=\"wp-block-list\">\n<li>Une puissance d\u2019aspiration de20 000 Pa<\/li>\n<\/ul>\n<\/li>\n<\/ul>\n<ul class=\"wp-block-list\">\n<li style=\"list-style-type: none\">\n<ul class=\"wp-block-list\">\n<li>Une IA de nouvelle g\u00e9n\u00e9ration pour un \u00e9vitement d\u2019obstacles pr\u00e9cis et rapide<\/li>\n<\/ul>\n<\/li>\n<\/ul>\n<ul class=\"wp-block-list\">\n<li style=\"list-style-type: none\">\n<ul class=\"wp-block-list\">\n<li>Une base multifonction 8-en-1 ultra-compacte : nettoyage et entretien automatis\u00e9s<\/li>\n<\/ul>\n<\/li>\n<\/ul>\n<p>Au lieu de 1 699 euros, le Dreame X50 Master est <a href=\"https:\/\/shop.frandroid.com\/6i7i6je7\" target=\"_blank\" rel=\"noreferrer noopener affiliate nofollow\" data-type=\"link\" data-id=\"https:\/\/www.amazon.fr\/dp\/B0DPB81CW4\" data-gtm=\"{&quot;event&quot;:&quot;afficlic&quot;,&quot;nom_marchand&quot;:&quot;amazon_fr&quot;,&quot;nom_produit&quot;:&quot;inconnu&quot;,&quot;categorie_produit&quot;:&quot;inconnu&quot;,&quot;module_produit&quot;:&quot;editolink&quot;,&quot;position_marchand&quot;:0,&quot;texte&quot;:&quot;aujourd-hui-disponible-en-promotion-a-1-299-euros-sur-amazon&quot;,&quot;offer_url&quot;:&quot;https:\/\/shop.frandroid.com\/6i7i6je7&quot;,&quot;zone&quot;:&quot;contenu-page&quot;}\">aujourd\u2019hui disponible en promotion \u00e0 1 285 euros sur Amazon<\/a>. Il \u00e9tait \u00e0 1 299 euros hier.<\/p>\n<p>Pour \u00e9conomiser encore un peu, il y a aussi l\u2019ancien mod\u00e8le, le Dreame X40 Master, <a href=\"https:\/\/shop.frandroid.com\/kdwgg9zz\" target=\"_blank\" rel=\"noreferrer noopener affiliate nofollow\" data-gtm=\"{&quot;event&quot;:&quot;afficlic&quot;,&quot;nom_marchand&quot;:&quot;amazon_fr&quot;,&quot;nom_produit&quot;:&quot;inconnu&quot;,&quot;categorie_produit&quot;:&quot;inconnu&quot;,&quot;module_produit&quot;:&quot;editolink&quot;,&quot;position_marchand&quot;:0,&quot;texte&quot;:&quot;en-promotion-a-999-euros&quot;,&quot;offer_url&quot;:&quot;https:\/\/shop.frandroid.com\/kdwgg9zz&quot;,&quot;zone&quot;:&quot;contenu-page&quot;}\">en promotion \u00e0 985 euros<\/a>. Il \u00e9tait \u00e0 999 euros hier.<\/p>\n<p>                                            10:01<br \/>\n                                                                Potensic Atom 2<\/p>\n<p>Ultra-l\u00e9ger (moins de 249 g), capable de shooter en 4K HDR, avec un gimbal 3 axes, des modes intelligents de suivi et une port\u00e9e de 10 km\u2026 Le Potensic Atom 2 d\u00e9barque sur Amazon, et pour son entr\u00e9e sur le march\u00e9, le Prime Day lui donne une jolie promo.<\/p>\n<p><a href=\"https:\/\/images.frandroid.com\/wp-content\/uploads\/2025\/07\/potensic-atom-2-bons-plans-soldes-prime-day-frandroid.jpg\" target=\"_blank\" rel=\"noopener\" class=\"article-content__figure\"><img loading=\"lazy\" decoding=\"async\" width=\"1200\" height=\"675\" class=\"wp-image-2726043 wp-image wp-image\" src=\"https:\/\/www.europesays.com\/fr\/wp-content\/uploads\/2025\/07\/1752248222_30_potensic-atom-2-bons-plans-soldes-prime-day-frandroid-1200x675.jpg\" alt=\"\"  \/><\/a><\/p>\n<ul class=\"wp-block-list\">\n<li style=\"list-style-type: none\">\n<ul class=\"wp-block-list\">\n<li>Moins de 249 g, il passe partout et \u00e9vite les contraintes l\u00e9gales<\/li>\n<\/ul>\n<\/li>\n<\/ul>\n<ul class=\"wp-block-list\">\n<li style=\"list-style-type: none\">\n<ul class=\"wp-block-list\">\n<li>Vid\u00e9o 4K HDR, photo jusqu\u2019en 8K, avec stabilisation m\u00e9canique 3 axes<\/li>\n<\/ul>\n<\/li>\n<\/ul>\n<ul class=\"wp-block-list\">\n<li style=\"list-style-type: none\">\n<ul class=\"wp-block-list\">\n<li>Jusqu\u2019\u00e0 96 minutes de vol avec les trois batteries incluses<\/li>\n<\/ul>\n<\/li>\n<\/ul>\n<p>Au lieu de 329 euros, le Potensic Atom 2 est <a href=\"https:\/\/shop.frandroid.com\/2wrp8h7r\" target=\"_blank\" rel=\"sponsored nofollow noopener\" data-gtm=\"{&quot;event&quot;:&quot;afficlic&quot;,&quot;nom_marchand&quot;:&quot;Amazon&quot;,&quot;nom_produit&quot;:&quot;inconnu&quot;,&quot;categorie_produit&quot;:&quot;inconnu&quot;,&quot;module_produit&quot;:&quot;editolink&quot;,&quot;position_marchand&quot;:0,&quot;texte&quot;:&quot;aujourd-hui-disponible-en-promotion-a-263-99-euros-sur-Amazon&quot;}\">aujourd\u2019hui disponible en promotion \u00e0 263,99 euros sur Amazon<\/a>.<\/p>\n<p>                                            09:57<br \/>\n                                                                Google Pixel 9a<\/p>\n<p>Avec son \u00e9cran extr\u00eamement lumineux, sa batterie enfin \u00e0 la hauteur, sa puce Tensor G4 et ses bonnes capacit\u00e9s en photo, le Google Pixel 9a est un bon smartphone \u00e0 conseiller.<\/p>\n<p><img class=\"wp-image wp-image\" decoding=\"async\" src=\"https:\/\/www.europesays.com\/fr\/wp-content\/uploads\/2025\/07\/1752248223_876_google-pixel-9a-prime-day-2025-1200x675.jpg\"\/><\/p>\n<ul class=\"wp-block-list\">\n<li>Un \u00e9cran tellement lumineux<\/li>\n<li>De bonnes performances avec la puce Tensor G4 et toujours aussi bon en photo<\/li>\n<li>Une autonomie enfin \u00e0 la hauteur<\/li>\n<\/ul>\n<p>Lanc\u00e9 \u00e0 649 euros dans sa version 256 Go, le Google Pixel 9a est en ce moment\u00a0<a href=\"https:\/\/shop.frandroid.com\/vfy9ewyq\" target=\"_blank\" rel=\"noreferrer noopener affiliate nofollow\" data-gtm=\"{&quot;event&quot;:&quot;afficlic&quot;,&quot;nom_marchand&quot;:&quot;amazon_fr&quot;,&quot;nom_produit&quot;:&quot;inconnu&quot;,&quot;categorie_produit&quot;:&quot;inconnu&quot;,&quot;module_produit&quot;:&quot;editolink&quot;,&quot;position_marchand&quot;:0,&quot;texte&quot;:&quot;affiche-a-499-euros-sur-amazon&quot;,&quot;offer_url&quot;:&quot;https:\/\/shop.frandroid.com\/vfy9ewyq&quot;,&quot;zone&quot;:&quot;contenu-page&quot;}\">affich\u00e9 \u00e0 499 euros sur Amazon<\/a>.<\/p>\n<p>Quant \u00e0 sa version 128 Go, elle passe\u00a0<a href=\"https:\/\/shop.frandroid.com\/qv9pffdn\" target=\"_blank\" rel=\"noreferrer noopener affiliate nofollow\" data-gtm=\"{&quot;event&quot;:&quot;afficlic&quot;,&quot;nom_marchand&quot;:&quot;amazon_fr&quot;,&quot;nom_produit&quot;:&quot;inconnu&quot;,&quot;categorie_produit&quot;:&quot;inconnu&quot;,&quot;module_produit&quot;:&quot;editolink&quot;,&quot;position_marchand&quot;:0,&quot;texte&quot;:&quot;a-485-99-euros-au-lieu-de-549-euros&quot;,&quot;offer_url&quot;:&quot;https:\/\/shop.frandroid.com\/qv9pffdn&quot;,&quot;zone&quot;:&quot;contenu-page&quot;}\">\u00e0 473,99 euros au lieu de 549 euros<\/a>.<\/p>\n<p>                                            09:34<br \/>\n                                                                DJI Osmo Action 5 Pro<\/p>\n<p>Tous les ans, en fin d\u2019ann\u00e9e, la r\u00e9daction de Frandroid \u00e9lit le meilleur appareil de sa cat\u00e9gorie, ce sont les\u00a0<a href=\"https:\/\/www.frandroid.com\/guide-dachat\/2427684_la-meilleure-action-cam-de-2024-est-la-dji-osmo-action-5-pro-frandroid-awards-2024\" target=\"_blank\" rel=\"noopener\">Frandroid Awards<\/a>. En 2024, dans la cat\u00e9gorie des action cam, c\u2019est la DJI Osmo Action 5 Pro qui a remport\u00e9 le prix. Avec une note de 9\/10 dans nos colonnes et des qualit\u00e9s qui ne font que s\u2019accumuler, c\u2019est on ne peut plus m\u00e9rit\u00e9.<\/p>\n<p><a href=\"https:\/\/images.frandroid.com\/wp-content\/uploads\/2025\/07\/dji-omso-action-5-pro-amazon-prime-day-2025.jpg\" target=\"_blank\" rel=\"noopener\" class=\"article-content__figure\"><img loading=\"lazy\" decoding=\"async\" class=\"aligncenter size-large wp-image-2725551 wp-image wp-image\" src=\"https:\/\/www.europesays.com\/fr\/wp-content\/uploads\/2025\/07\/1752248225_149_dji-omso-action-5-pro-amazon-prime-day-2025-1200x675.jpg\" alt=\"\" width=\"1200\" height=\"675\"  \/><\/a><\/p>\n<ul class=\"wp-block-list\">\n<li>Les deux \u00e9crans tactiles r\u00e9agissent au doigt et \u00e0 l\u2019oeil<\/li>\n<li>Elle est \u00e9tanche jusqu\u2019\u00e0 20 m\u00e8tres<\/li>\n<li>2h d\u2019autonomie en 4K@30 fps, 3h en 1080p<\/li>\n<\/ul>\n<p>Au lieu de 379 euros, la DJI Omso Action 5 Pro est actuellement\u00a0<a href=\"https:\/\/shop.frandroid.com\/n0vhky85\" target=\"_blank\" rel=\"sponsored nofollow noopener\" data-gtm=\"{&quot;event&quot;:&quot;afficlic&quot;,&quot;nom_marchand&quot;:&quot;Amazon&quot;,&quot;nom_produit&quot;:&quot;inconnu&quot;,&quot;categorie_produit&quot;:&quot;inconnu&quot;,&quot;module_produit&quot;:&quot;editolink&quot;,&quot;position_marchand&quot;:0,&quot;texte&quot;:&quot;en-promotion-a-265-euros-sur-Amazon&quot;}\">en promotion \u00e0 265 euros sur Amazon<\/a>. Le prix a baiss\u00e9 de quelques euros depuis hier.<\/p>\n<p>On trouve \u00e9galement un mod\u00e8le plus abordable de la marque : <a href=\"https:\/\/shop.frandroid.com\/2469g4f7\" target=\"_blank\" rel=\"sponsored nofollow noopener\" data-gtm=\"{&quot;event&quot;:&quot;afficlic&quot;,&quot;nom_marchand&quot;:&quot;Amazon&quot;,&quot;nom_produit&quot;:&quot;inconnu&quot;,&quot;categorie_produit&quot;:&quot;inconnu&quot;,&quot;module_produit&quot;:&quot;editolink&quot;,&quot;position_marchand&quot;:0,&quot;texte&quot;:&quot;l-Osmo-Action-4-Essentiel-pour-seulement-189-euros&quot;}\">l\u2019Osmo Action 4 Essentiel pour seulement 189 euros<\/a>.<\/p>\n<p>                                            17:24<br \/>\n                                                                Creality Ender 3 V3 SE<\/p>\n<p>CR Touch int\u00e9gr\u00e9, vitesse de 250 mm\/s et extrudeuse directe Sprite, l\u2019imprimante 3D Creality Ender 3 V3 SE ne plaisante pas. Avec sa pr\u00e9cision redoutable et son montage rapide, elle s\u2019impose comme le meilleur plan pour se lancer (ou progresser) en impression 3D.<\/p>\n<p><a href=\"https:\/\/images.frandroid.com\/wp-content\/uploads\/2025\/07\/creality-ender-3-v3-bons-plans-soldes-prime-day-frandroid.jpg\" target=\"_blank\" rel=\"noopener\" class=\"article-content__figure\"><img loading=\"lazy\" decoding=\"async\" width=\"1200\" height=\"675\" class=\"wp-image-2724005 wp-image wp-image\" src=\"https:\/\/www.europesays.com\/fr\/wp-content\/uploads\/2025\/07\/1752248228_283_creality-ender-3-v3-bons-plans-soldes-prime-day-frandroid-1200x675.jpg\" alt=\"\"  \/><\/a><\/p>\n<ul class=\"wp-block-list\">\n<li style=\"list-style-type: none\">\n<ul class=\"wp-block-list\">\n<li>CR Touch int\u00e9gr\u00e9 : auto-nivellement pr\u00e9cis et sans prise de t\u00eate<\/li>\n<\/ul>\n<\/li>\n<\/ul>\n<ul class=\"wp-block-list\">\n<li style=\"list-style-type: none\">\n<ul class=\"wp-block-list\">\n<li>Une vitesse d\u2019impression jusqu\u2019\u00e0 250 mm\/s<\/li>\n<\/ul>\n<\/li>\n<\/ul>\n<ul class=\"wp-block-list\">\n<li style=\"list-style-type: none\">\n<ul class=\"wp-block-list\">\n<li>Une extrudeuse directe Sprit, pour une meilleure compatibilit\u00e9 avec plus de filaments.<\/li>\n<\/ul>\n<\/li>\n<\/ul>\n<p>Au lieu de 259 euros, le Creatily Ender 3 V3 est <a href=\"https:\/\/shop.frandroid.com\/ez4ml2r8\" target=\"_blank\" rel=\"noreferrer noopener affiliate nofollow\" data-type=\"link\" data-id=\"https:\/\/www.amazon.fr\/dp\/B0CC5GXZ2X\" data-gtm=\"{&quot;event&quot;:&quot;afficlic&quot;,&quot;nom_marchand&quot;:&quot;amazon_fr&quot;,&quot;nom_produit&quot;:&quot;inconnu&quot;,&quot;categorie_produit&quot;:&quot;inconnu&quot;,&quot;module_produit&quot;:&quot;editolink&quot;,&quot;position_marchand&quot;:0,&quot;texte&quot;:&quot;aujourd-hui-disponible-en-promotion-a-191-20-euros-sur-amazon&quot;,&quot;offer_url&quot;:&quot;https:\/\/shop.frandroid.com\/ez4ml2r8&quot;,&quot;zone&quot;:&quot;contenu-page&quot;}\">aujourd\u2019hui disponible en promotion \u00e0 191,20 euros sur Amazon<\/a>.<\/p>\n<p>                                            16:55<br \/>\n                                                                Acer Swift Go 16<\/p>\n<p>Un ch\u00e2ssis en m\u00e9tal, un \u00e9cran WQXGA, 16 Go de RAM, Copilot embarqu\u00e9\u2026 Le Swift Go 16 propose une fiche technique parfaite pour travailler avec un bel \u00e9cran.<\/p>\n<p><a href=\"https:\/\/images.frandroid.com\/wp-content\/uploads\/2025\/07\/acer-swift-go-16-bons-plans-soldes-prime-day-frandroid.jpg\" target=\"_blank\" rel=\"noopener\" class=\"article-content__figure\"><img loading=\"lazy\" decoding=\"async\" width=\"1200\" height=\"675\" class=\"wp-image-2726871 wp-image wp-image\" src=\"https:\/\/www.europesays.com\/fr\/wp-content\/uploads\/2025\/07\/1752248229_666_acer-swift-go-16-bons-plans-soldes-prime-day-frandroid-1200x675.jpg\" alt=\"\"  \/><\/a><\/p>\n<ul class=\"wp-block-list\">\n<li style=\"list-style-type: none\">\n<ul class=\"wp-block-list\">\n<li>Un \u00e9cran 16 pouces WQXGA<\/li>\n<\/ul>\n<\/li>\n<\/ul>\n<ul class=\"wp-block-list\">\n<li style=\"list-style-type: none\">\n<ul class=\"wp-block-list\">\n<li>Un processeur Intel Core Ultra 5<\/li>\n<\/ul>\n<\/li>\n<\/ul>\n<ul class=\"wp-block-list\">\n<li style=\"list-style-type: none\">\n<ul class=\"wp-block-list\">\n<li>Un duo 16 Go de RAM DDR5 et 512 Go de SSD<\/li>\n<\/ul>\n<\/li>\n<\/ul>\n<p>Au lieu de 899 euros, l\u2019Acer Swift Go 16 SFG16-72-561M est <a href=\"https:\/\/shop.frandroid.com\/59ih43wh\" target=\"_blank\" rel=\"noreferrer noopener affiliate nofollow\" data-gtm=\"{&quot;event&quot;:&quot;afficlic&quot;,&quot;nom_marchand&quot;:&quot;amazon_fr&quot;,&quot;nom_produit&quot;:&quot;inconnu&quot;,&quot;categorie_produit&quot;:&quot;inconnu&quot;,&quot;module_produit&quot;:&quot;editolink&quot;,&quot;position_marchand&quot;:0,&quot;texte&quot;:&quot;aujourd-hui-disponible-en-promotion-a-589-euros-sur-amazon&quot;,&quot;offer_url&quot;:&quot;https:\/\/shop.frandroid.com\/59ih43wh&quot;,&quot;zone&quot;:&quot;contenu-page&quot;}\">aujourd\u2019hui disponible en promotion \u00e0 589 euros sur Amazon<\/a>.<\/p>\n<p>                                            16:24<br \/>\n                                                                Beats Studio Pro<\/p>\n<p>Bonne r\u00e9duction de bruit active, autonomie plus que g\u00e9n\u00e9reuse, compatibilit\u00e9 avec les\u00a0iPhone\u00a0ET Android, connexion filaire par USB-C\u2026 On ne peut pas dire que le Beats Studio Pro est un casque qui manque d\u2019atouts. Toutefois, il n\u2019est pas exempt de d\u00e9fauts, d\u2019o\u00f9 sa note de 6\/10. Ce casque devient n\u00e9anmoins bien plus recommandable quand il est\u00a0\u00e0 moiti\u00e9 prix.<\/p>\n<p><a href=\"https:\/\/images.frandroid.com\/wp-content\/uploads\/2025\/07\/prime-day-beats-studio-pro.jpg\" target=\"_blank\" rel=\"noopener\" class=\"article-content__figure\"><img loading=\"lazy\" decoding=\"async\" width=\"1200\" height=\"675\" class=\"wp-image-2726573 wp-image wp-image\" src=\"https:\/\/www.europesays.com\/fr\/wp-content\/uploads\/2025\/07\/1752248231_137_prime-day-beats-studio-pro-1200x675.jpg\" alt=\"\"  \/><\/a><\/p>\n<ul class=\"wp-block-list\">\n<li style=\"list-style-type: none\">\n<ul class=\"wp-block-list\">\n<li>Un casque pour iOS et Android<\/li>\n<\/ul>\n<\/li>\n<\/ul>\n<ul class=\"wp-block-list\">\n<li style=\"list-style-type: none\">\n<ul class=\"wp-block-list\">\n<li>Une bonne r\u00e9duction de bruit active<\/li>\n<\/ul>\n<\/li>\n<\/ul>\n<ul class=\"wp-block-list\">\n<li style=\"list-style-type: none\">\n<ul class=\"wp-block-list\">\n<li>Une autonomie de 30 heures avec ANC<\/li>\n<\/ul>\n<\/li>\n<\/ul>\n<p>Au lieu de 399,95 euros lors de son lancement, le Beats Studio Pro est aujourd\u2019hui <a href=\"https:\/\/shop.frandroid.com\/cdoe8k5i\" target=\"_blank\" rel=\"noreferrer noopener affiliate nofollow\" data-type=\"link\" data-id=\"https:\/\/www.amazon.fr\/dp\/B0C95KFLRF?th=1\" data-gtm=\"{&quot;event&quot;:&quot;afficlic&quot;,&quot;nom_marchand&quot;:&quot;amazon_fr&quot;,&quot;nom_produit&quot;:&quot;inconnu&quot;,&quot;categorie_produit&quot;:&quot;inconnu&quot;,&quot;module_produit&quot;:&quot;editolink&quot;,&quot;position_marchand&quot;:0,&quot;texte&quot;:&quot;disponible-en-promotion-a-195-euros&quot;,&quot;offer_url&quot;:&quot;https:\/\/shop.frandroid.com\/cdoe8k5i&quot;,&quot;zone&quot;:&quot;contenu-page&quot;}\">disponible en promotion \u00e0 195 euros<\/a> sur Amazon.<\/p>\n<p>                                            16:12<br \/>\n                                                                Ring Outdoor Camera Plus<\/p>\n<p>La Ring Outdoor Camera Plus est une cam\u00e9ra de surveillance ext\u00e9rieure qui filme en 2K les alentours de votre domicile pour que vous dormiez sur vos deux oreilles.<\/p>\n<p><a href=\"https:\/\/images.frandroid.com\/wp-content\/uploads\/2025\/07\/ring-outdoor-camera-plus-prime-day-2025.jpg\" target=\"_blank\" rel=\"noopener\" class=\"article-content__figure\"><img loading=\"lazy\" decoding=\"async\" width=\"1200\" height=\"675\" class=\"wp-image-2726655 wp-image wp-image\" src=\"https:\/\/www.europesays.com\/fr\/wp-content\/uploads\/2025\/07\/1752248232_636_ring-outdoor-camera-plus-prime-day-2025-1200x675.jpg\" alt=\"\"  \/><\/a><\/p>\n<ul class=\"wp-block-list\">\n<li style=\"list-style-type: none\">\n<ul class=\"wp-block-list\">\n<li>La cam\u00e9ra s\u2019installe en quelques instants<\/li>\n<\/ul>\n<\/li>\n<\/ul>\n<ul class=\"wp-block-list\">\n<li style=\"list-style-type: none\">\n<ul class=\"wp-block-list\">\n<li>La r\u00e9solution 2K permet d\u2019avoir une belle image<\/li>\n<\/ul>\n<\/li>\n<\/ul>\n<ul class=\"wp-block-list\">\n<li style=\"list-style-type: none\">\n<ul class=\"wp-block-list\">\n<li>La prise en charge naturelle dans l\u2019\u00e9cosyst\u00e8me Alexa<\/li>\n<\/ul>\n<\/li>\n<\/ul>\n<p>Une cam\u00e9ra Ring Outdoor Camera Plus co\u00fbte normalement 99,99 euros, mais avec le Prime Day Amazon, <a href=\"https:\/\/shop.frandroid.com\/rxsazlwz\" target=\"_blank\" rel=\"noreferrer noopener affiliate nofollow\" data-gtm=\"{&quot;event&quot;:&quot;afficlic&quot;,&quot;nom_marchand&quot;:&quot;amazon_fr&quot;,&quot;nom_produit&quot;:&quot;inconnu&quot;,&quot;categorie_produit&quot;:&quot;inconnu&quot;,&quot;module_produit&quot;:&quot;editolink&quot;,&quot;position_marchand&quot;:0,&quot;texte&quot;:&quot;elle-passe-a-59-99-euros&quot;,&quot;offer_url&quot;:&quot;https:\/\/shop.frandroid.com\/rxsazlwz&quot;,&quot;zone&quot;:&quot;contenu-page&quot;}\">elle passe \u00e0 59,99 euros<\/a> pendant quelques jours.<\/p>\n<p>                                            15:54<br \/>\n                                                                Polaroid Now Gen 2<\/p>\n<p>L\u2019\u00e9t\u00e9 est l\u00e0 et les \u00e9ventuelles vacances et sorties avec lui. Pour immortaliser tout \u00e7a, quoi de mieux qu\u2019un Polaroid \u00e0 l\u2019ancienne, surtout avec le mod\u00e8le Now G\u00e9n\u00e9ration 2 au look vintage et \u00e0 petit prix pour le Prime Day.<\/p>\n<p><a href=\"https:\/\/images.frandroid.com\/wp-content\/uploads\/2025\/07\/polaroid-now-gen-2-amazon-prime-day-2025.jpg\" target=\"_blank\" rel=\"noopener\" class=\"article-content__figure\"><img loading=\"lazy\" decoding=\"async\" class=\"aligncenter size-large wp-image-2726753 wp-image wp-image\" src=\"https:\/\/www.europesays.com\/fr\/wp-content\/uploads\/2025\/07\/1752248234_720_polaroid-now-gen-2-amazon-prime-day-2025-1200x675.jpg\" alt=\"\" width=\"1200\" height=\"675\"  \/><\/a><\/p>\n<ul class=\"wp-block-list\">\n<li>Son look r\u00e9tro en fait un v\u00e9ritable objet esth\u00e9tique<\/li>\n<li>Il est \u00e9quip\u00e9 d\u2019un syst\u00e8me d\u2019autofocus<\/li>\n<li>Fonctionne avec une batterie rechargeable<\/li>\n<\/ul>\n<p>Le Polaroid Now G\u00e9n\u00e9ration 2, ici propos\u00e9 en noir,\u00a0<a href=\"https:\/\/shop.frandroid.com\/k57hu8eh\" target=\"_blank\" rel=\"sponsored nofollow noopener\" data-gtm=\"{&quot;event&quot;:&quot;afficlic&quot;,&quot;nom_marchand&quot;:&quot;Amazon&quot;,&quot;nom_produit&quot;:&quot;inconnu&quot;,&quot;categorie_produit&quot;:&quot;inconnu&quot;,&quot;module_produit&quot;:&quot;editolink&quot;,&quot;position_marchand&quot;:0,&quot;texte&quot;:&quot;passe-de-129-99-euros-a-69-99-euros-sur-Amazon&quot;}\">passe de 129,99 euros \u00e0 69,99 euros sur Amazon<\/a>.<\/p>\n<p>                                            15:41<br \/>\n                                                                UE Everboom<\/p>\n<p>L\u2019Ultimate Ears Everboom est une enceinte qui aime les grands espaces, la vie en plein air et la nature. C\u2019est Mike Horn, mais qui fait de la musique. Une enceinte puissante, Bluetooth, avec une autonomie flirtant avec les 20 h et une grande r\u00e9sistance aux \u00e9l\u00e9ments, ce qui permet de l\u2019emmener partout en vadrouille avec soi.<\/p>\n<p><a href=\"https:\/\/images.frandroid.com\/wp-content\/uploads\/2025\/07\/ue-everboom-amazon-prime-day-2025.jpg\" target=\"_blank\" rel=\"noopener\" class=\"article-content__figure\"><img loading=\"lazy\" decoding=\"async\" class=\"aligncenter size-large wp-image-2726707 wp-image wp-image\" src=\"https:\/\/www.europesays.com\/fr\/wp-content\/uploads\/2025\/07\/1752248236_459_ue-everboom-amazon-prime-day-2025-1200x675.jpg\" alt=\"\" width=\"1200\" height=\"675\"  \/><\/a><\/p>\n<ul class=\"wp-block-list\">\n<li>La certification IP67 qui atteste de sa r\u00e9sistance<\/li>\n<li>La connexion Bluetooth multipoint et la fonction Party Up<\/li>\n<li>L\u2019autonomie de 20 h permet de faire la f\u00eate jusqu\u2019au bout de la nuit<\/li>\n<\/ul>\n<p>Comme pr\u00e9cis\u00e9 juste au-dessus, l\u2019Ultimate Ears Everboom est une enceinte Bluetooth qui co\u00fbte d\u2019habitude 269,99 euros. Mais sur Amazon, la version noire avec la croix jaune\u00a0<a href=\"https:\/\/shop.frandroid.com\/majalx6f\" target=\"_blank\" rel=\"noreferrer noopener affiliate nofollow\" data-gtm=\"{&quot;event&quot;:&quot;afficlic&quot;,&quot;nom_marchand&quot;:&quot;amazon_fr&quot;,&quot;nom_produit&quot;:&quot;inconnu&quot;,&quot;categorie_produit&quot;:&quot;inconnu&quot;,&quot;module_produit&quot;:&quot;editolink&quot;,&quot;position_marchand&quot;:0,&quot;texte&quot;:&quot;est-a-179-99-euros&quot;,&quot;offer_url&quot;:&quot;https:\/\/shop.frandroid.com\/majalx6f&quot;,&quot;zone&quot;:&quot;contenu-page&quot;}\">est \u00e0 162,44 euros<\/a>.<\/p>\n<p>                15:28<\/p>\n<p>                    Nvidia Shield TV Pro<\/p>\n<p>La Nvidia Shield TV Pro, c\u2019est le lecteur multim\u00e9dia qui ne fait aucun compromis. Streaming 4K HDR, IA pour l\u2019upscaling, jeux en cloud, Dolby Vision\/Atmos\u2026 Et pendant le Prime Day, son tarif passe en mode promo.<\/p>\n<p><a href=\"https:\/\/images.frandroid.com\/wp-content\/uploads\/2025\/07\/nvidia-shield-tv-pro-bons-plans-soldes-amazon-prime-frandroid.jpg\" target=\"_blank\" rel=\"noopener\" class=\"article-content__figure\"><img loading=\"lazy\" decoding=\"async\" width=\"1200\" height=\"675\" class=\"wp-image-2726615 wp-image wp-image\" src=\"https:\/\/www.europesays.com\/fr\/wp-content\/uploads\/2025\/07\/1752248237_308_nvidia-shield-tv-pro-bons-plans-soldes-amazon-prime-frandroid-1200x675.jpg\" alt=\"\"  \/><\/a><\/p>\n<ul class=\"wp-block-list\">\n<li style=\"list-style-type: none\">\n<ul class=\"wp-block-list\">\n<li>Streaming 4K HDR avec upscaling IA ultra propre<\/li>\n<\/ul>\n<\/li>\n<\/ul>\n<ul class=\"wp-block-list\">\n<li style=\"list-style-type: none\">\n<ul class=\"wp-block-list\">\n<li>Dolby Vision + Atmos pour une ambiance cin\u00e9ma \u00e0 la maison<\/li>\n<\/ul>\n<\/li>\n<\/ul>\n<ul class=\"wp-block-list\">\n<li style=\"list-style-type: none\">\n<ul class=\"wp-block-list\">\n<li>Compatible GeForce NOW : du cloud gaming directement sur la t\u00e9l\u00e9<\/li>\n<\/ul>\n<\/li>\n<\/ul>\n<p>Au lieu de 219 euros, la Nvidia Shield TV Pro est <a href=\"https:\/\/shop.frandroid.com\/z9219lkb\" target=\"_blank\" rel=\"noreferrer noopener affiliate nofollow\" data-gtm=\"{&quot;event&quot;:&quot;afficlic&quot;,&quot;nom_marchand&quot;:&quot;amazon_fr&quot;,&quot;nom_produit&quot;:&quot;inconnu&quot;,&quot;categorie_produit&quot;:&quot;inconnu&quot;,&quot;module_produit&quot;:&quot;editolink&quot;,&quot;position_marchand&quot;:0,&quot;texte&quot;:&quot;aujourd-hui-disponible-en-promotion-a-184-euros-sur-amazon&quot;,&quot;offer_url&quot;:&quot;https:\/\/shop.frandroid.com\/z9219lkb&quot;,&quot;zone&quot;:&quot;contenu-page&quot;}\">aujourd\u2019hui disponible en promotion \u00e0 184 euros sur Amazon<\/a>.<\/p>\n<p>                                            15:18<br \/>\n                                                                Rowenta Turbo Swift Silence<\/p>\n<p>Si le mois de juin vous a d\u00e9j\u00e0 retourn\u00e9 la nuque comme un grille-pain, il est peut-\u00eatre temps de vous \u00e9quiper. Loin des clim\u2019 bruyantes et des ventilos jetables de supermarch\u00e9, Rowenta glisse dans la m\u00eal\u00e9e son Turbo Swift Silence, un ventilateur performant et silencieux aujourd\u2019hui en promotion.<\/p>\n<p><a href=\"https:\/\/images.frandroid.com\/wp-content\/uploads\/2025\/07\/rowenta-swift-turbo-silence-amazon-prime-day-2025.jpg\" target=\"_blank\" rel=\"noopener\" class=\"article-content__figure\"><img loading=\"lazy\" decoding=\"async\" class=\"aligncenter size-large wp-image-2726095 wp-image wp-image\" src=\"https:\/\/www.europesays.com\/fr\/wp-content\/uploads\/2025\/07\/1752248239_176_rowenta-swift-turbo-silence-amazon-prime-day-2025-1200x675.jpg\" alt=\"\" width=\"1200\" height=\"675\"  \/><\/a><\/p>\n<ul class=\"wp-block-list\">\n<li>Efficace jusqu\u2019\u00e0 25 m\u00e8tre<\/li>\n<li>Un niveau sonore tr\u00e8s bas (22 dB)<\/li>\n<li>Une orientation souple et oscillante pour couvrir toute la pi\u00e8ce<\/li>\n<\/ul>\n<p>Au lieu de 129,99 euros, le Rowenta Turbo Swift Silence est actuellement <a href=\"https:\/\/shop.frandroid.com\/6kw0h4wu\" target=\"_blank\" rel=\"sponsored nofollow noopener\" data-gtm=\"{&quot;event&quot;:&quot;afficlic&quot;,&quot;nom_marchand&quot;:&quot;Amazon&quot;,&quot;nom_produit&quot;:&quot;inconnu&quot;,&quot;categorie_produit&quot;:&quot;inconnu&quot;,&quot;module_produit&quot;:&quot;editolink&quot;,&quot;position_marchand&quot;:0,&quot;texte&quot;:&quot;en-promotion-a-92-99-euros-sur-Amazon&quot;}\">en promotion \u00e0 92,99 euros sur Amazon<\/a>.<\/p>\n<p>On trouve aussi un mod\u00e8le moins cher, le Rowenta Turbo Silence, <a href=\"https:\/\/shop.frandroid.com\/defe6ffq\" target=\"_blank\" rel=\"sponsored nofollow noopener\" data-gtm=\"{&quot;event&quot;:&quot;afficlic&quot;,&quot;nom_marchand&quot;:&quot;Amazon&quot;,&quot;nom_produit&quot;:&quot;inconnu&quot;,&quot;categorie_produit&quot;:&quot;inconnu&quot;,&quot;module_produit&quot;:&quot;editolink&quot;,&quot;position_marchand&quot;:0,&quot;texte&quot;:&quot;a-seulement-76-euros&quot;}\">\u00e0 seulement 76 euros<\/a>.<\/p>\n<p>                14:53<\/p>\n<p>                    MSI Claw<\/p>\n<p>Malgr\u00e9 des points communs avec ses rivales, la MSI Claw a tout de m\u00eame quelques points positifs qui m\u00e9ritent le d\u00e9tour, surtout avec cette baisse de prix in\u00e9dite du Prime Day qui\u00a0la rend plus abordable qu\u2019une\u00a0<a href=\"https:\/\/www.frandroid.com\/bons-plans\/2471320_nintendo-switch-2-quelles-sont-les-meilleures-offres-du-moment\" target=\"_blank\" rel=\"noreferrer noopener\">Nintendo Switch 2<\/a>.<\/p>\n<p><a href=\"https:\/\/images.frandroid.com\/wp-content\/uploads\/2025\/07\/msi-claw-amazon-prime-day-2025.jpg\" target=\"_blank\" rel=\"noopener\" class=\"article-content__figure\"><img loading=\"lazy\" decoding=\"async\" class=\"aligncenter size-large wp-image-2726533 wp-image wp-image\" src=\"https:\/\/www.europesays.com\/fr\/wp-content\/uploads\/2025\/07\/1752248241_727_msi-claw-amazon-prime-day-2025-1200x675.jpg\" alt=\"\" width=\"1200\" height=\"675\"  \/><\/a><\/p>\n<ul class=\"wp-block-list\">\n<li>Pour son ergonomie parfaite<\/li>\n<li>Son logiciel sous Windows<\/li>\n<li>Sa chauffe tr\u00e8s bien ma\u00eetris\u00e9e<\/li>\n<\/ul>\n<p>Lanc\u00e9e \u00e0 799 euros, la MSI Claw AM1-042FR sous Intel Core Ultra 5 et avec 512 Go de SSD se retrouve aujourd\u2019hui\u00a0<a href=\"https:\/\/shop.frandroid.com\/ycl0i4zp\" target=\"_blank\" rel=\"sponsored nofollow noopener\" data-gtm=\"{&quot;event&quot;:&quot;afficlic&quot;,&quot;nom_marchand&quot;:&quot;Amazon&quot;,&quot;nom_produit&quot;:&quot;inconnu&quot;,&quot;categorie_produit&quot;:&quot;inconnu&quot;,&quot;module_produit&quot;:&quot;editolink&quot;,&quot;position_marchand&quot;:0,&quot;texte&quot;:&quot;en-promotion-a-399-99-euros-sur-Amazon&quot;}\">en promotion \u00e0 399,99 euros sur Amazon<\/a>.<\/p>\n<p>                                            14:27<br \/>\n                                                                Dell XPS 13 (9350)<\/p>\n<p>Avec son look attrayant, sa l\u00e9g\u00e8ret\u00e9 et sa puce Intel Core Ultra, le r\u00e9cent Dell XPS (9350) est capable de r\u00e9pondre au mieux aux exigences des utilisateurs et des utilisatrices. Plut\u00f4t on\u00e9reux, il est en ce moment \u00e0 moiti\u00e9 prix pendant le Prime Day.<\/p>\n<p><a href=\"https:\/\/images.frandroid.com\/wp-content\/uploads\/2025\/07\/dell-xps-13-9350-prime-day-2025.jpg\" target=\"_blank\" rel=\"noopener\" class=\"article-content__figure\"><img loading=\"lazy\" decoding=\"async\" width=\"1200\" height=\"675\" class=\"wp-image-2726179 wp-image wp-image\" src=\"https:\/\/www.europesays.com\/fr\/wp-content\/uploads\/2025\/07\/1752248242_202_dell-xps-13-9350-prime-day-2025-1200x675.jpg\" alt=\"\"  \/><\/a><\/p>\n<ul class=\"wp-block-list\">\n<li style=\"list-style-type: none\">\n<ul class=\"wp-block-list\">\n<li>Un design sublime avec un \u00e9cran FHD+ \u00e0 120 Hz<\/li>\n<\/ul>\n<\/li>\n<\/ul>\n<ul class=\"wp-block-list\">\n<li style=\"list-style-type: none\">\n<ul class=\"wp-block-list\">\n<li>Une puce Intel Core Ultra 5 Series 2 + 16 Go RAM + 512 Go SSD<\/li>\n<\/ul>\n<\/li>\n<\/ul>\n<ul class=\"wp-block-list\">\n<li style=\"list-style-type: none\">\n<ul class=\"wp-block-list\">\n<li>Une autonomie confortable<\/li>\n<\/ul>\n<\/li>\n<\/ul>\n<p>Le Dell XPS 13 (9350) est habituellement vendu \u00e0 1 699 euros, mais durant le Prime Day,\u00a0il <a href=\"https:\/\/shop.frandroid.com\/3gbwamyc\" target=\"_blank\" rel=\"noreferrer noopener affiliate nofollow\" data-gtm=\"{&quot;event&quot;:&quot;afficlic&quot;,&quot;nom_marchand&quot;:&quot;amazon_fr&quot;,&quot;nom_produit&quot;:&quot;inconnu&quot;,&quot;categorie_produit&quot;:&quot;inconnu&quot;,&quot;module_produit&quot;:&quot;editolink&quot;,&quot;position_marchand&quot;:0,&quot;texte&quot;:&quot;s-affiche-a-899-euros-sur-amazon&quot;,&quot;offer_url&quot;:&quot;https:\/\/shop.frandroid.com\/3gbwamyc&quot;,&quot;zone&quot;:&quot;contenu-page&quot;}\">s\u2019affiche \u00e0 899 euros sur Amazon<\/a>.<\/p>\n<p>                                            14:10<br \/>\n                                                                MacBook Air M4<\/p>\n<p>Une envie de changement cot\u00e9 ordinateur portable ? Le MacBook Air 13 avec sa puce M4 est l\u2019un des meilleurs ordinateurs portables du moment. Puissant, l\u00e9ger avec un superbe \u00e9cran LCD, il se trouve moins cher pendant le Prime Day.<\/p>\n<p><a href=\"https:\/\/images.frandroid.com\/wp-content\/uploads\/2025\/07\/macbook-air-m4-amazon-prime-day-2025.jpg\" target=\"_blank\" rel=\"noopener\" class=\"article-content__figure\"><img loading=\"lazy\" decoding=\"async\" class=\"aligncenter size-large wp-image-2726411 wp-image wp-image\" src=\"https:\/\/www.europesays.com\/fr\/wp-content\/uploads\/2025\/07\/1752248244_426_macbook-air-m4-amazon-prime-day-2025-1200x675.jpg\" alt=\"\" width=\"1200\" height=\"675\"  \/><\/a><\/p>\n<ul class=\"wp-block-list\">\n<li>Puce Apple M4 grav\u00e9e en 3 nm<\/li>\n<li>Une grosse autonomie jusqu\u2019\u00e0 18 heures<\/li>\n<li>Des finitions raffin\u00e9es et une belle dalle LCD<\/li>\n<\/ul>\n<p>Au lieu de 1 199 euros, l\u2019Apple MacBook Air 13 M4 est a<a href=\"https:\/\/shop.frandroid.com\/j9fjki6o\" target=\"_blank\" rel=\"sponsored nofollow noopener\" data-gtm=\"{&quot;event&quot;:&quot;afficlic&quot;,&quot;nom_marchand&quot;:&quot;Amazon&quot;,&quot;nom_produit&quot;:&quot;inconnu&quot;,&quot;categorie_produit&quot;:&quot;inconnu&quot;,&quot;module_produit&quot;:&quot;editolink&quot;,&quot;position_marchand&quot;:0,&quot;texte&quot;:&quot;ujourd-hui-disponible-en-promotion-a-976-euros-sur-Amazon&quot;}\">ujourd\u2019hui disponible en promotion \u00e0 976 euros sur Amazon<\/a>.<\/p>\n<p>                                            12:30<br \/>\n                                                                Honor Pad X8a<\/p>\n<p>La tablette tactile Honor Pad X8a est un mod\u00e8le simple et efficace qui a surtout l\u2019avantage d\u2019\u00eatre vraiment peu ch\u00e8re.\u00a0Pendant le Prime Day, elle ne co\u00fbte pas plus de 120 euros.<\/p>\n<p><a href=\"https:\/\/images.frandroid.com\/wp-content\/uploads\/2025\/07\/honor-pad-x8a-prime-day-2025.jpg\" target=\"_blank\" rel=\"noopener\" class=\"article-content__figure\"><img loading=\"lazy\" decoding=\"async\" width=\"1200\" height=\"675\" class=\"wp-image-2726063 wp-image wp-image\" src=\"https:\/\/www.europesays.com\/fr\/wp-content\/uploads\/2025\/07\/1752248246_887_honor-pad-x8a-prime-day-2025-1200x675.jpg\" alt=\"\"  \/><\/a><\/p>\n<ul class=\"wp-block-list\">\n<li style=\"list-style-type: none\">\n<ul class=\"wp-block-list\">\n<li>Un \u00e9cran au top pour le streaming et le multim\u00e9dia<\/li>\n<\/ul>\n<\/li>\n<\/ul>\n<ul class=\"wp-block-list\">\n<li style=\"list-style-type: none\">\n<ul class=\"wp-block-list\">\n<li>MagicOS 8.0 (bas\u00e9 sur Android 14) est super fluide<\/li>\n<\/ul>\n<\/li>\n<\/ul>\n<ul class=\"wp-block-list\">\n<li style=\"list-style-type: none\">\n<ul class=\"wp-block-list\">\n<li>Autonomie de 14 h en lecture vid\u00e9o continue<\/li>\n<\/ul>\n<\/li>\n<\/ul>\n<p>Lanc\u00e9e \u00e0 199,90 euros, la version 128 Go de la Honor Pad X8a est actuellement disponible <a href=\"https:\/\/shop.frandroid.com\/vbk2i1bf\" target=\"_blank\" rel=\"noreferrer noopener affiliate nofollow\" data-gtm=\"{&quot;event&quot;:&quot;afficlic&quot;,&quot;nom_marchand&quot;:&quot;amazon_fr&quot;,&quot;nom_produit&quot;:&quot;inconnu&quot;,&quot;categorie_produit&quot;:&quot;inconnu&quot;,&quot;module_produit&quot;:&quot;editolink&quot;,&quot;position_marchand&quot;:0,&quot;texte&quot;:&quot;en-promotion-a-seulement-119-euros-sur-amazon&quot;,&quot;offer_url&quot;:&quot;https:\/\/shop.frandroid.com\/vbk2i1bf&quot;,&quot;zone&quot;:&quot;contenu-page&quot;}\">en promotion \u00e0 seulement 119 euros sur Amazon<\/a>.<\/p>\n<p>                                            12:08<br \/>\n                                                                Google Pixel Tablet<\/p>\n<p>Lanc\u00e9e il y a deux ans, la Google Pixel Tablet est une tablette qui peut aussi se transformer en Google Nest Hub gr\u00e2ce \u00e0 son dock de charge bien utile.<\/p>\n<p><a href=\"https:\/\/images.frandroid.com\/wp-content\/uploads\/2025\/07\/google-pixel-tablet-amazon-prime-day-2025.jpg\" target=\"_blank\" rel=\"noopener\" class=\"article-content__figure\"><img loading=\"lazy\" decoding=\"async\" class=\"aligncenter size-large wp-image-2726227 wp-image wp-image\" src=\"https:\/\/www.europesays.com\/fr\/wp-content\/uploads\/2025\/07\/1752248247_600_google-pixel-tablet-amazon-prime-day-2025-1200x675.jpg\" alt=\"\" width=\"1200\" height=\"675\"  \/><\/a><\/p>\n<ul class=\"wp-block-list\">\n<li>Un bel \u00e9cran de 11 pouces pour la consommation de contenus<\/li>\n<li>La Pixel Experience au centre de l\u2019appareil<\/li>\n<li>Un dock muni d\u2019une enceinte<\/li>\n<\/ul>\n<p>D\u2019abord affich\u00e9e \u00e0 719 euros, la Google Pixel Tablet (256 Go), avec son dock, est aujourd\u2019hui\u00a0<a href=\"https:\/\/shop.frandroid.com\/2fwgqa2m\" target=\"_blank\" rel=\"noreferrer noopener affiliate nofollow\" data-gtm=\"{&quot;event&quot;:&quot;afficlic&quot;,&quot;nom_marchand&quot;:&quot;amazon_fr&quot;,&quot;nom_produit&quot;:&quot;inconnu&quot;,&quot;categorie_produit&quot;:&quot;inconnu&quot;,&quot;module_produit&quot;:&quot;editolink&quot;,&quot;position_marchand&quot;:0,&quot;texte&quot;:&quot;disponible-en-promotion-a-499-euros-sur-amazon&quot;,&quot;offer_url&quot;:&quot;https:\/\/shop.frandroid.com\/2fwgqa2m&quot;,&quot;zone&quot;:&quot;contenu-page&quot;}\">disponible en promotion \u00e0 499 euros sur Amazon<\/a>. On trouve \u00e9galement la version sans dock\u00a0<a href=\"https:\/\/shop.frandroid.com\/rw5baftv\" target=\"_blank\" rel=\"noreferrer noopener affiliate nofollow\" data-gtm=\"{&quot;event&quot;:&quot;afficlic&quot;,&quot;nom_marchand&quot;:&quot;amazon_fr&quot;,&quot;nom_produit&quot;:&quot;inconnu&quot;,&quot;categorie_produit&quot;:&quot;inconnu&quot;,&quot;module_produit&quot;:&quot;editolink&quot;,&quot;position_marchand&quot;:0,&quot;texte&quot;:&quot;en-promotion-a-399-euros&quot;,&quot;offer_url&quot;:&quot;https:\/\/shop.frandroid.com\/rw5baftv&quot;,&quot;zone&quot;:&quot;contenu-page&quot;}\">en promotion \u00e0 399 euros<\/a>.<\/p>\n<p>                                            11:36<br \/>\n                                                                Huawei FreeBuds 6i<\/p>\n<p>Son puissant, r\u00e9duction de bruit active bluffante, confort de port\u2026 Les Huawei FreeBuds 6i sont des \u00e9couteurs sans fil que l\u2019on a test\u00e9s et valid\u00e9s. La bonne nouvelle, c\u2019est qu\u2019on les trouve \u00e0 -35 % pendant le Prime Day d\u2019Amazon.<\/p>\n<p><a href=\"https:\/\/images.frandroid.com\/wp-content\/uploads\/2025\/07\/huawei-freebuds-6i-prime-day-2025.jpg\" target=\"_blank\" rel=\"noopener\" class=\"article-content__figure\"><img loading=\"lazy\" decoding=\"async\" width=\"1200\" height=\"675\" class=\"wp-image-2723777 wp-image wp-image\" src=\"https:\/\/www.europesays.com\/fr\/wp-content\/uploads\/2025\/07\/1752248249_723_huawei-freebuds-6i-prime-day-2025-1200x675.jpg\" alt=\"\"  \/><\/a><\/p>\n<ul class=\"wp-block-list\">\n<li style=\"list-style-type: none\">\n<ul class=\"wp-block-list\">\n<li>Pour leur design confortable<\/li>\n<\/ul>\n<\/li>\n<\/ul>\n<ul class=\"wp-block-list\">\n<li style=\"list-style-type: none\">\n<ul class=\"wp-block-list\">\n<li>Pour leur son puissant et dynamique<\/li>\n<\/ul>\n<\/li>\n<\/ul>\n<ul class=\"wp-block-list\">\n<li style=\"list-style-type: none\">\n<ul class=\"wp-block-list\">\n<li>Pour leur excellente r\u00e9duction de bruit active + leur mode Transparence<\/li>\n<\/ul>\n<\/li>\n<\/ul>\n<p>Auparavant propos\u00e9s \u00e0 99,99 euros, les Huawei FreeBuds 6i sont <a href=\"https:\/\/shop.frandroid.com\/5khccbyd\" target=\"_blank\" rel=\"noreferrer noopener affiliate nofollow\" data-gtm=\"{&quot;event&quot;:&quot;afficlic&quot;,&quot;nom_marchand&quot;:&quot;amazon_fr&quot;,&quot;nom_produit&quot;:&quot;inconnu&quot;,&quot;categorie_produit&quot;:&quot;inconnu&quot;,&quot;module_produit&quot;:&quot;editolink&quot;,&quot;position_marchand&quot;:0,&quot;texte&quot;:&quot;desormais-affiches-a-64-99-euros-sur-amazon&quot;,&quot;offer_url&quot;:&quot;https:\/\/shop.frandroid.com\/5khccbyd&quot;,&quot;zone&quot;:&quot;contenu-page&quot;}\">d\u00e9sormais affich\u00e9s \u00e0 64,99 euros sur Amazon<\/a>.<\/p>\n<p>Les pr\u00e9d\u00e9cesseurs, les Huawei FreeBuds 5i, sont de leur c\u00f4t\u00e9 <a href=\"https:\/\/shop.frandroid.com\/1soijbmu\" target=\"_blank\" rel=\"noreferrer noopener affiliate nofollow\" data-gtm=\"{&quot;event&quot;:&quot;afficlic&quot;,&quot;nom_marchand&quot;:&quot;amazon_fr&quot;,&quot;nom_produit&quot;:&quot;inconnu&quot;,&quot;categorie_produit&quot;:&quot;inconnu&quot;,&quot;module_produit&quot;:&quot;editolink&quot;,&quot;position_marchand&quot;:0,&quot;texte&quot;:&quot;vendus-a-49-99-euros-au-lieu-de-99-99-euros-sur-amazon&quot;,&quot;offer_url&quot;:&quot;https:\/\/shop.frandroid.com\/1soijbmu&quot;,&quot;zone&quot;:&quot;contenu-page&quot;}\">vendus \u00e0 49,99 euros sur Amazon<\/a>.<\/p>\n<p>                                            11:10<br \/>\n                                                                Chargeur USB-C Ugreen 30 W<\/p>\n<p>Si vous recherchez un petit chargeur pour votre smartphone non compatible \u00e0 une charge rapide au-dessus de 30 W, ce mod\u00e8le de chez Ugreen fera parfaitement l\u2019affaire, d\u2019autant plus qu\u2019il est vraiment pas cher.<\/p>\n<p><a href=\"https:\/\/images.frandroid.com\/wp-content\/uploads\/2025\/07\/ugreen-30-w-amazon-prime-day-2025.jpg\" target=\"_blank\" rel=\"noopener\" class=\"article-content__figure\"><img loading=\"lazy\" decoding=\"async\" class=\"aligncenter size-large wp-image-2726049 wp-image wp-image\" src=\"https:\/\/www.europesays.com\/fr\/wp-content\/uploads\/2025\/07\/1752248251_903_ugreen-30-w-amazon-prime-day-2025-1200x675.jpg\" alt=\"\" width=\"1200\" height=\"675\"  \/><\/a><\/p>\n<ul>\n<li>1 port USB-C<\/li>\n<li>Charge jusqu\u2019\u00e0 30 W<\/li>\n<li>Peut m\u00eame servir \u00e0 charger un MacBook Air, selon la marque<\/li>\n<\/ul>\n<p>Au lieu de 17,99 euros, le chargeur Ugreen Nexode 30 W est actuellement <a href=\"https:\/\/shop.frandroid.com\/2859yaot\" target=\"_blank\" rel=\"sponsored nofollow noopener\" data-gtm=\"{&quot;event&quot;:&quot;afficlic&quot;,&quot;nom_marchand&quot;:&quot;Amazon&quot;,&quot;nom_produit&quot;:&quot;inconnu&quot;,&quot;categorie_produit&quot;:&quot;inconnu&quot;,&quot;module_produit&quot;:&quot;editolink&quot;,&quot;position_marchand&quot;:0,&quot;texte&quot;:&quot;en-promotion-a-11-69-euros-sur-Amazon&quot;}\">en promotion \u00e0 11,69 euros sur Amazon<\/a>.<\/p>\n<p>                                            10:57<br \/>\n                                                                HP Victus 16-r1001sf<\/p>\n<p>Une belle fiche technique avec un i7 14e gen, une RTX 4070, un \u00e9cran 144 Hz et un design blanc \u00e9clatant, le HP Victus 16-r1001sf aligne les specs s\u00e9rieuses. Et \u00e0 l\u2019occasion du Prime Day, il est en super promo.<\/p>\n<p><a href=\"https:\/\/images.frandroid.com\/wp-content\/uploads\/2025\/07\/hp-victus-soldes-prime-day-bons-plans-frandroid.jpg\" target=\"_blank\" rel=\"noopener\" class=\"article-content__figure\"><img loading=\"lazy\" decoding=\"async\" width=\"1200\" height=\"675\" class=\"wp-image-2725797 wp-image wp-image\" src=\"https:\/\/www.europesays.com\/fr\/wp-content\/uploads\/2025\/07\/1752248253_456_hp-victus-soldes-prime-day-bons-plans-frandroid-1200x675.jpg\" alt=\"\"  \/><\/a><\/p>\n<ul class=\"wp-block-list\">\n<li style=\"list-style-type: none\">\n<ul class=\"wp-block-list\">\n<li>Une puissante carte graphique Nvidia RTX 4070<\/li>\n<\/ul>\n<\/li>\n<\/ul>\n<ul class=\"wp-block-list\">\n<li style=\"list-style-type: none\">\n<ul class=\"wp-block-list\">\n<li>Un processeur i7-14650HX (20 c\u0153urs) pour encaisser multit\u00e2che et cr\u00e9ation sans trembler<\/li>\n<\/ul>\n<\/li>\n<\/ul>\n<ul class=\"wp-block-list\">\n<li style=\"list-style-type: none\">\n<ul class=\"wp-block-list\">\n<li>Un \u00e9cran 144 Hz Full HD IPS de 16 pouces pour jouer avec confort et fluidit\u00e9<\/li>\n<\/ul>\n<\/li>\n<\/ul>\n<p>Au lieu de 1 599 euros, le HP Victus 16-r1001sf est <a href=\"https:\/\/shop.frandroid.com\/50q0cowb\" target=\"_blank\" rel=\"noreferrer noopener affiliate nofollow\" data-type=\"link\" data-id=\"https:\/\/www.amazon.fr\/dp\/B0DCW3P4FL?smid=A1X6FK5RDHNB96\" data-gtm=\"{&quot;event&quot;:&quot;afficlic&quot;,&quot;nom_marchand&quot;:&quot;amazon_fr&quot;,&quot;nom_produit&quot;:&quot;inconnu&quot;,&quot;categorie_produit&quot;:&quot;inconnu&quot;,&quot;module_produit&quot;:&quot;editolink&quot;,&quot;position_marchand&quot;:0,&quot;texte&quot;:&quot;aujourd-hui-disponible-en-promotion-a-1-059-euros-sur-amazon&quot;,&quot;offer_url&quot;:&quot;https:\/\/shop.frandroid.com\/50q0cowb&quot;,&quot;zone&quot;:&quot;contenu-page&quot;}\">aujourd\u2019hui disponible en promotion \u00e0 1 059 euros sur Amazon<\/a>.<\/p>\n<p>                                            09:57<br \/>\n                                                                Kindle Paperwhite Signature Edition<\/p>\n<p>Plut\u00f4t que de prendre une valise d\u00e9di\u00e9e \u00e0 vos livres pour l\u2019\u00e9t\u00e9 ou de risquer l\u2019exc\u00e9dent de bagage, vous pouvez opter pour une liseuse \u00e9lectronique comme cette Kindle Paperwhite Signature. C\u2019est une tablette un peu particuli\u00e8re puisqu\u2019elle est con\u00e7ue pour la lecture, avec un \u00e9cran fait pour prendre soin de vos yeux et en proposant un rendu sous le doigt proche d\u2019une vraie feuille de papier.<\/p>\n<p><a href=\"https:\/\/images.frandroid.com\/wp-content\/uploads\/2025\/07\/amazon-kindle-paperwhite-signature-edition-32-go-laser-prime-day-2025.jpg\" target=\"_blank\" rel=\"noopener\" class=\"article-content__figure\"><img loading=\"lazy\" decoding=\"async\" width=\"1200\" height=\"675\" class=\"wp-image-2725603 wp-image wp-image\" src=\"https:\/\/www.europesays.com\/fr\/wp-content\/uploads\/2025\/07\/1752248254_447_amazon-kindle-paperwhite-signature-edition-32-go-laser-prime-day-2025-1200x675.jpg\" alt=\"\"  \/><\/a><\/p>\n<ul class=\"wp-block-list\">\n<li style=\"list-style-type: none\">\n<ul class=\"wp-block-list\">\n<li>Son grand \u00e9cran de 7 pouces avec \u00e9clairage automatique<\/li>\n<\/ul>\n<\/li>\n<\/ul>\n<ul class=\"wp-block-list\">\n<li style=\"list-style-type: none\">\n<ul class=\"wp-block-list\">\n<li>Une autonomie qui va jusqu\u2019\u00e0 12 semaines<\/li>\n<\/ul>\n<\/li>\n<\/ul>\n<ul class=\"wp-block-list\">\n<li style=\"list-style-type: none\">\n<ul class=\"wp-block-list\">\n<li>32 Go de stockage pour contenir des milliers de livres<\/li>\n<\/ul>\n<\/li>\n<\/ul>\n<p>La Kindle Paperwhite Signature Edition (32 Go) co\u00fbte d\u2019habitude 199,99 euros, mais pendant le Prime Day Amazon, <a href=\"https:\/\/shop.frandroid.com\/5u5ed5o9\" target=\"_blank\" rel=\"noreferrer noopener affiliate nofollow\" data-gtm=\"{&quot;event&quot;:&quot;afficlic&quot;,&quot;nom_marchand&quot;:&quot;amazon_fr&quot;,&quot;nom_produit&quot;:&quot;inconnu&quot;,&quot;categorie_produit&quot;:&quot;inconnu&quot;,&quot;module_produit&quot;:&quot;editolink&quot;,&quot;position_marchand&quot;:0,&quot;texte&quot;:&quot;vous-pouvez-l-avoir-pour-159-99-euros&quot;,&quot;offer_url&quot;:&quot;https:\/\/shop.frandroid.com\/5u5ed5o9&quot;,&quot;zone&quot;:&quot;contenu-page&quot;}\">vous pouvez l\u2019avoir pour 159,99 euros<\/a> jusqu\u2019au 11 juillet.<\/p>\n<p>                                            09:40<br \/>\n                                                                Lenovo Legion Go S<\/p>\n<p>La Lenovo Legion Go S, c\u2019est l\u2019une des consoles portables PC avec un \u00e9cran 8 pouces en 120 Hz, 32 Go de RAM et 1 To de SSD pour mettre la pression \u00e0 la concurrence. Et pour le Prime Day, elle fond son prix comme un boss de fin sous vos combos.<\/p>\n<p><a href=\"https:\/\/images.frandroid.com\/wp-content\/uploads\/2025\/07\/lenovo-legion-go-s-soldes-prime-day-frandroid.jpg\" target=\"_blank\" rel=\"noopener\" class=\"article-content__figure\"><img loading=\"lazy\" decoding=\"async\" width=\"1200\" height=\"675\" class=\"wp-image-2723897 wp-image wp-image\" src=\"https:\/\/www.europesays.com\/fr\/wp-content\/uploads\/2025\/07\/1752248257_535_lenovo-legion-go-s-soldes-prime-day-frandroid-1200x675.jpg\" alt=\"\"  \/><\/a><\/p>\n<ul class=\"wp-block-list\">\n<li style=\"list-style-type: none\">\n<ul class=\"wp-block-list\">\n<li>Un duo CPURyzen Z2 Go et graphique Radeon<\/li>\n<\/ul>\n<\/li>\n<\/ul>\n<ul class=\"wp-block-list\">\n<li style=\"list-style-type: none\">\n<ul class=\"wp-block-list\">\n<li>\u00c9cran 8 pouces 120 Hz : fluide, net, immersif<\/li>\n<\/ul>\n<\/li>\n<\/ul>\n<ul class=\"wp-block-list\">\n<li style=\"list-style-type: none\">\n<ul class=\"wp-block-list\">\n<li>32 Go de RAM + 1 To SSD : finies les concessions sur le stockage ou la vitesse<\/li>\n<\/ul>\n<\/li>\n<\/ul>\n<p>Au lieu de 849,99 euros, la Lenovo Legion Go S (avec 1 To de stockage) est <a href=\"https:\/\/shop.frandroid.com\/w99rs3t4\" target=\"_blank\" rel=\"noreferrer noopener affiliate nofollow\" data-type=\"link\" data-id=\"https:\/\/www.amazon.fr\/dp\/B0DTB1YLH7\" data-gtm=\"{&quot;event&quot;:&quot;afficlic&quot;,&quot;nom_marchand&quot;:&quot;amazon_fr&quot;,&quot;nom_produit&quot;:&quot;inconnu&quot;,&quot;categorie_produit&quot;:&quot;inconnu&quot;,&quot;module_produit&quot;:&quot;editolink&quot;,&quot;position_marchand&quot;:0,&quot;texte&quot;:&quot;aujourd-hui-disponible-en-promotion-a-649-euros-sur-amazon&quot;,&quot;offer_url&quot;:&quot;https:\/\/shop.frandroid.com\/w99rs3t4&quot;,&quot;zone&quot;:&quot;contenu-page&quot;}\">aujourd\u2019hui disponible en promotion \u00e0 649 euros sur Amazon<\/a>.<\/p>\n<p>                09:27<\/p>\n<p>                    DJI Neo<\/p>\n<p>135 grammes, du 4K bien cal\u00e9, une vraie stabilisation et un look pens\u00e9 pour tous les profils. Le DJI Neo ne cherche pas \u00e0 concurrencer les gros drones pros, il joue la carte de l\u2019accessibilit\u00e9 et de la fluidit\u00e9.<\/p>\n<p><a href=\"https:\/\/images.frandroid.com\/wp-content\/uploads\/2025\/07\/dji-neo-amazon-prime-day-2025.jpg\" target=\"_blank\" rel=\"noopener\" class=\"article-content__figure\"><img loading=\"lazy\" decoding=\"async\" class=\"aligncenter size-large wp-image-2725649 wp-image wp-image\" src=\"https:\/\/www.europesays.com\/fr\/wp-content\/uploads\/2025\/07\/1752248258_395_dji-neo-amazon-prime-day-2025-1200x675.jpg\" alt=\"\" width=\"1200\" height=\"675\"  \/><\/a><\/p>\n<ul class=\"wp-block-list\">\n<li>Ultra-l\u00e9ger (135 g), pas besoin d\u2019enregistrement ni de formation, il reste dans les clous des r\u00e9glementations loisirs.<\/li>\n<li>Vid\u00e9o 4K stabilis\u00e9e avec 30 FPS<\/li>\n<li>Protections int\u00e9gr\u00e9es, il est pr\u00eat \u00e0 voler en int\u00e9rieur comme en ext\u00e9rieur<\/li>\n<\/ul>\n<p>Au lieu de 199,99 euros, le DJI Neo est\u00a0<a href=\"https:\/\/shop.frandroid.com\/pytadj4o\" target=\"_blank\" rel=\"sponsored nofollow noopener\" data-type=\"link\" data-id=\"https:\/\/fr.aliexpress.com\/item\/1005008795684304.html\" data-gtm=\"{&quot;event&quot;:&quot;afficlic&quot;,&quot;nom_marchand&quot;:&quot;Amazon&quot;,&quot;nom_produit&quot;:&quot;inconnu&quot;,&quot;categorie_produit&quot;:&quot;inconnu&quot;,&quot;module_produit&quot;:&quot;editolink&quot;,&quot;position_marchand&quot;:0,&quot;texte&quot;:&quot;aujourd-hui-disponible-en-promotion-a-154-98-euros-sur-Amazon&quot;}\">aujourd\u2019hui disponible en promotion \u00e0 154 euros sur Amazon<\/a>.<\/p>\n<p>                09:15<\/p>\n<p>                    Quelques produits Apple en promotion<\/p>\n<p>Le Prime Day vient d\u2019\u00eatre lanc\u00e9\u00a0et Apple est mis \u00e0 l\u2019honneur sur Amazon. On trouve de belles r\u00e9ductions sur une foule d\u2019appareils de la marque \u00e0 la Pomme comme le r\u00e9cent\u00a0iPhone\u00a016e ou encore l\u2019iPad 11 (2025). C\u2019est l\u2019un des rares moments o\u00f9 l\u2019on peut les acqu\u00e9rir \u00e0 prix r\u00e9duit.<\/p>\n<p><a href=\"https:\/\/images.frandroid.com\/wp-content\/uploads\/2025\/07\/apple-prime-day-2025.jpg\" target=\"_blank\" rel=\"noopener\" class=\"article-content__figure\"><img loading=\"lazy\" decoding=\"async\" width=\"1200\" height=\"675\" class=\"wp-image-2724693 wp-image wp-image\" src=\"https:\/\/www.europesays.com\/fr\/wp-content\/uploads\/2025\/07\/1752248260_734_apple-prime-day-2025-1200x675.jpg\" alt=\"\"  \/><\/a><\/p>\n<p>                                            09:01<br \/>\n                                                                Sonos Ray<\/p>\n<p>La Sonos Ray, lanc\u00e9e en 2022, est une mini-barre de son fonctionnant en st\u00e9r\u00e9o et d\u00e9livrant un son \u00e9quilibr\u00e9 que nous avons beaucoup appr\u00e9ci\u00e9. Un mod\u00e8le suffisamment efficace, que l\u2019on trouve en ce moment avec 130 euros de r\u00e9duction.<\/p>\n<p><a href=\"https:\/\/images.frandroid.com\/wp-content\/uploads\/2025\/07\/sonos-ray-amazon-prime-day-2025.jpg\" target=\"_blank\" rel=\"noopener\" class=\"article-content__figure\"><img loading=\"lazy\" decoding=\"async\" class=\"aligncenter size-large wp-image-2725633 wp-image wp-image\" src=\"https:\/\/www.europesays.com\/fr\/wp-content\/uploads\/2025\/07\/1752248262_718_sonos-ray-amazon-prime-day-2025-1200x675.jpg\" alt=\"\" width=\"1200\" height=\"675\"  \/><\/a><\/p>\n<ul class=\"wp-block-list\">\n<li>Un format compact<\/li>\n<li>Une restitution sonore pr\u00e9cise et des voix bien restitu\u00e9es<\/li>\n<li>Compatible Dolby Digital, DTS et PCM<\/li>\n<li>Compatible AirPlay et Multiroom possible<\/li>\n<\/ul>\n<p>Lanc\u00e9e \u00e0 299,99 euros, la barre de son Sonos Ray est aujourd\u2019hui\u00a0<a href=\"https:\/\/shop.frandroid.com\/ktc4fmt3\" target=\"_blank\" rel=\"sponsored nofollow noopener\" data-gtm=\"{&quot;event&quot;:&quot;afficlic&quot;,&quot;nom_marchand&quot;:&quot;Amazon&quot;,&quot;nom_produit&quot;:&quot;inconnu&quot;,&quot;categorie_produit&quot;:&quot;inconnu&quot;,&quot;module_produit&quot;:&quot;editolink&quot;,&quot;position_marchand&quot;:0,&quot;texte&quot;:&quot;disponible-en-promotion-a-170-euros-sur-Amazon&quot;}\">disponible en promotion \u00e0 170 euros sur Amazon<\/a>.<\/p>\n<p>                                            08:56<br \/>\n                                                                Garmin Fenix 7 Pro Solar<\/p>\n<p>La Garmin Fenix 7 Pro Solar est une montre connect\u00e9e orient\u00e9e sport, avec un look premium et des fonctions haut de gamme, que vous retrouvez aujourd\u2019hui avec plus de 300 euros de r\u00e9duction sur Amazon.<\/p>\n<p><a href=\"https:\/\/images.frandroid.com\/wp-content\/uploads\/2025\/07\/garmin-fenix-7-pro-solar-amazon-prime-day-2025.jpg\" target=\"_blank\" rel=\"noopener\" class=\"article-content__figure\"><img loading=\"lazy\" decoding=\"async\" class=\"aligncenter size-large wp-image-2725623 wp-image wp-image\" src=\"https:\/\/www.europesays.com\/fr\/wp-content\/uploads\/2025\/07\/1752248264_2_garmin-fenix-7-pro-solar-amazon-prime-day-2025-1200x675.jpg\" alt=\"\" width=\"1200\" height=\"675\"  \/><\/a><\/p>\n<ul class=\"wp-block-list\">\n<li>L\u2019autonomie de 22 jours avec le capteur solaire<\/li>\n<li>La pr\u00e9cision du nouveau cardiofr\u00e9quencem\u00e8tre<\/li>\n<li>La lampe torche, loin d\u2019\u00eatre gadget, fonctionne tr\u00e8s bien<\/li>\n<\/ul>\n<p>La Garmin Fenix 7 Pro Solar est une montre connect\u00e9e qui co\u00fbte normalement 749,99 euros. Mais avec l\u2019offre Amazon du moment, vous pouvez\u00a0<a href=\"https:\/\/shop.frandroid.com\/v74ebbmu\" target=\"_blank\" rel=\"noreferrer noopener affiliate nofollow\" data-gtm=\"{&quot;event&quot;:&quot;afficlic&quot;,&quot;nom_marchand&quot;:&quot;amazon_fr&quot;,&quot;nom_produit&quot;:&quot;inconnu&quot;,&quot;categorie_produit&quot;:&quot;inconnu&quot;,&quot;module_produit&quot;:&quot;editolink&quot;,&quot;position_marchand&quot;:0,&quot;texte&quot;:&quot;l-avoir-pour-553-49-euros&quot;,&quot;offer_url&quot;:&quot;https:\/\/shop.frandroid.com\/v74ebbmu&quot;,&quot;zone&quot;:&quot;contenu-page&quot;}\">l\u2019avoir pour 521,55 euros<\/a>.<\/p>\n<p>                                            08:47<br \/>\n                                                                UGREEN Nexode 130W Batterie Externe 20 000mAh<\/p>\n<p>Avec le temps, UGreen s\u2019est fait une belle petite place dans le paysage des batteries externes. Ces produits s\u2019am\u00e9liorent avec les ann\u00e9es, en proposant des capacit\u00e9s toujours plus grandes et une puissance de plus en plus \u00e9lev\u00e9e.<\/p>\n<p><a href=\"https:\/\/images.frandroid.com\/wp-content\/uploads\/2025\/07\/ugreen-nexode-130w-batterie-externe-20000mah-amazon-prime-day-2025.jpg\" target=\"_blank\" rel=\"noopener\" class=\"article-content__figure\"><img loading=\"lazy\" decoding=\"async\" class=\"aligncenter size-large wp-image-2725609 wp-image wp-image\" src=\"https:\/\/www.europesays.com\/fr\/wp-content\/uploads\/2025\/07\/1752248265_450_ugreen-nexode-130w-batterie-externe-20000mah-amazon-prime-day-2025-1200x675.jpg\" alt=\"\" width=\"1200\" height=\"675\"  \/><\/a><\/p>\n<ul class=\"wp-block-list\">\n<li>Trois ports de sortie pour une puissance max de 130 W<\/li>\n<li>L\u2019\u00e9cran externe est pratique pour avoir acc\u00e8s aux infos<\/li>\n<li>Les bandes antid\u00e9rapantes pour bien tenir en place<\/li>\n<\/ul>\n<p>La batterie UGreen Nexode 130 W profite des ventes de printemps sur Amazon pour\u00a0<a href=\"https:\/\/shop.frandroid.com\/kjf99fyb\" target=\"_blank\" rel=\"noreferrer noopener affiliate nofollow\" data-gtm=\"{&quot;event&quot;:&quot;afficlic&quot;,&quot;nom_marchand&quot;:&quot;amazon_fr&quot;,&quot;nom_produit&quot;:&quot;inconnu&quot;,&quot;categorie_produit&quot;:&quot;inconnu&quot;,&quot;module_produit&quot;:&quot;editolink&quot;,&quot;position_marchand&quot;:0,&quot;texte&quot;:&quot;passer-de-94-99-euros-a-59-99-euros&quot;,&quot;offer_url&quot;:&quot;https:\/\/shop.frandroid.com\/kjf99fyb&quot;,&quot;zone&quot;:&quot;contenu-page&quot;}\">passer de 94,99 euros \u00e0 56,99 euros<\/a>. La version <a href=\"https:\/\/shop.frandroid.com\/vnvw3tk4\" target=\"_blank\" rel=\"sponsored nofollow noopener\" data-gtm=\"{&quot;event&quot;:&quot;afficlic&quot;,&quot;nom_marchand&quot;:&quot;Amazon&quot;,&quot;nom_produit&quot;:&quot;inconnu&quot;,&quot;categorie_produit&quot;:&quot;inconnu&quot;,&quot;module_produit&quot;:&quot;editolink&quot;,&quot;position_marchand&quot;:0,&quot;texte&quot;:&quot;sans-ecran-TFT-est-a-53-99-euros&quot;}\">sans \u00e9cran TFT est \u00e0 53,99 euros<\/a>.<\/p>\n<p>                                            08:26<br \/>\n                                                                Garming Edge Explore 2<\/p>\n<p>Pour accompagner toutes vos sorties, promenades et excursions en v\u00e9lo, vous pouvez compter sur l\u2019ordinateur Garming Edge Explore 2 disponible avec presque 100 euros de remise pour le Prime Day.<\/p>\n<p><a href=\"https:\/\/images.frandroid.com\/wp-content\/uploads\/2025\/07\/garmin-edge-explore-2-amazon-prime-day-2025.jpg\" target=\"_blank\" rel=\"noopener\" class=\"article-content__figure\"><img loading=\"lazy\" decoding=\"async\" class=\"aligncenter size-large wp-image-2725585 wp-image wp-image\" src=\"https:\/\/www.europesays.com\/fr\/wp-content\/uploads\/2025\/07\/1752248267_11_garmin-edge-explore-2-amazon-prime-day-2025-1200x675.jpg\" alt=\"\" width=\"1200\" height=\"675\"  \/><\/a><\/p>\n<ul class=\"wp-block-list\">\n<li>Il ne p\u00e8se que 104 grammes, vous allez le sentir \u00e0 peine<\/li>\n<li>Une autonomie pouss\u00e9e jusqu\u2019\u00e0 16 heures<\/li>\n<li>La certification IPX7 pour rouler sous la pluie, m\u00eame si ce n\u2019est pas des plus agr\u00e9able<\/li>\n<\/ul>\n<p>L\u2019ordinateur pour v\u00e9lo Garmin Edge Explore 2 est un appareil qui\u00a0<a href=\"https:\/\/shop.frandroid.com\/5bnq4ung\" target=\"_blank\" rel=\"noreferrer noopener affiliate nofollow\" data-gtm=\"{&quot;event&quot;:&quot;afficlic&quot;,&quot;nom_marchand&quot;:&quot;amazon_fr&quot;,&quot;nom_produit&quot;:&quot;inconnu&quot;,&quot;categorie_produit&quot;:&quot;inconnu&quot;,&quot;module_produit&quot;:&quot;editolink&quot;,&quot;position_marchand&quot;:0,&quot;texte&quot;:&quot;passe-de-299-99-euros-a-214-99-euros&quot;,&quot;offer_url&quot;:&quot;https:\/\/shop.frandroid.com\/5bnq4ung&quot;,&quot;zone&quot;:&quot;contenu-page&quot;}\">passe de 299,99 euros \u00e0 203,29 euros<\/a> sur Amazon.<\/p>\n<p>                08:17<\/p>\n<p>                    Realme GT 7T<\/p>\n<p>Le smartphone\u00a0Realme GT 7T\u00a0a r\u00e9cemment d\u00e9barqu\u00e9 sur le march\u00e9 avec de belles promesses. Sa fiche technique int\u00e9ressante comporte de bons points, comme sa puce performante, son \u00e9cran bien calibr\u00e9 et lumineux et surtout son \u00e9norme batterie de 7 000 mAh.<\/p>\n<p><a href=\"https:\/\/images.frandroid.com\/wp-content\/uploads\/2025\/07\/realme-gt-7t-amazon-prime-day-2025.jpg\" target=\"_blank\" rel=\"noopener\" class=\"article-content__figure\"><img loading=\"lazy\" decoding=\"async\" class=\"aligncenter size-large wp-image-2725575 wp-image wp-image\" src=\"https:\/\/www.europesays.com\/fr\/wp-content\/uploads\/2025\/07\/1752248269_468_realme-gt-7t-amazon-prime-day-2025-1200x675.jpg\" alt=\"\" width=\"1200\" height=\"675\"  \/><\/a><\/p>\n<ul class=\"wp-block-list\">\n<li>Un \u00e9cran AMOLED lumineux de 6,8 pouces \u00e0 120 Hz<\/li>\n<li>De bonnes performances avec la puce Dimensity 8400-MAX<\/li>\n<li>Une batterie de massive de 7 000 mAh + charge 120 W<\/li>\n<\/ul>\n<p>Lanc\u00e9 au prix de 649,99 euros, le Realme GT 7T (12 + 256 Go) est aujourd\u2019hui disponible <a href=\"https:\/\/shop.frandroid.com\/bzje4v4h\" target=\"_blank\" rel=\"noreferrer noopener affiliate nofollow\" data-gtm=\"{&quot;event&quot;:&quot;afficlic&quot;,&quot;nom_marchand&quot;:&quot;amazon_fr&quot;,&quot;nom_produit&quot;:&quot;inconnu&quot;,&quot;categorie_produit&quot;:&quot;inconnu&quot;,&quot;module_produit&quot;:&quot;editolink&quot;,&quot;position_marchand&quot;:0,&quot;texte&quot;:&quot;le-telephone-revient-a-499-99-euros&quot;,&quot;offer_url&quot;:&quot;https:\/\/shop.frandroid.com\/bzje4v4h&quot;,&quot;zone&quot;:&quot;contenu-page&quot;}\">en promotion \u00e0 seulement 399,99 euros<\/a>. Notez que le prix le plus bas sur les 30 derniers jours \u00e9tait de 499 euros.<\/p>\n<p>                                            08:09<br \/>\n                                                                HyperX Cloud Stinger 2 Core (version Xbox)<\/p>\n<p>HyperX s\u2019est fait un nom dans le domaine du gaming avec ses p\u00e9riph\u00e9riques tiers de qualit\u00e9 au prix abordable. Il y a un peu de tout dans leur catalogue : des\u00a0souris, des\u00a0claviers, des\u00a0manettes, des\u00a0micros et bien s\u00fbr, des casques.<\/p>\n<p><a href=\"https:\/\/images.frandroid.com\/wp-content\/uploads\/2025\/07\/hyperx-cloudx-stinger-2-core-amazon-prime-day-2025.jpg\" target=\"_blank\" rel=\"noopener\" class=\"article-content__figure\"><img loading=\"lazy\" decoding=\"async\" class=\"aligncenter size-large wp-image-2725571 wp-image wp-image\" src=\"https:\/\/www.europesays.com\/fr\/wp-content\/uploads\/2025\/07\/1752248271_421_hyperx-cloudx-stinger-2-core-amazon-prime-day-2025-1200x675.jpg\" alt=\"\" width=\"1200\" height=\"675\"  \/><\/a><\/p>\n<ul class=\"wp-block-list\">\n<li>Le micro s\u2019active\/s\u2019\u00e9teint automatiquement en pivotant<\/li>\n<li>La r\u00e9duction de bruit active<\/li>\n<li>Seulement 260 g sur la t\u00eate, il sait se faire discret<\/li>\n<\/ul>\n<p>Un casque HyperX Cloud Stinger 2 Core (Xbox) co\u00fbte normalement 49,99 euros. Mais sur Amazon, vous avez l\u2019occasion de <a href=\"https:\/\/shop.frandroid.com\/l11776pn\" target=\"_blank\" rel=\"sponsored nofollow noopener\" data-gtm=\"{&quot;event&quot;:&quot;afficlic&quot;,&quot;nom_marchand&quot;:&quot;Amazon&quot;,&quot;nom_produit&quot;:&quot;inconnu&quot;,&quot;categorie_produit&quot;:&quot;inconnu&quot;,&quot;module_produit&quot;:&quot;editolink&quot;,&quot;position_marchand&quot;:0,&quot;texte&quot;:&quot;le-commander-pour-23-49-euros&quot;}\">le commander pour 23,49 euros<\/a>.<\/p>\n<p>                                            07:59<br \/>\n                                                                Soundcore Motion+<\/p>\n<p>Envie de profiter de votre musique o\u00f9 vous voulez sans porter de casque ou d\u2019\u00e9couteurs, le tout \u00e0 un prix abordable ? Alors, voici l\u2019enceinte Bluetooth Anker Soundcore Motion+ !<\/p>\n<p><a href=\"https:\/\/images.frandroid.com\/wp-content\/uploads\/2025\/07\/soundcore-motion-amazon-prime-day-2025.jpg\" target=\"_blank\" rel=\"noopener\" class=\"article-content__figure\"><img loading=\"lazy\" decoding=\"async\" class=\"aligncenter size-large wp-image-2725567 wp-image wp-image\" src=\"https:\/\/www.europesays.com\/fr\/wp-content\/uploads\/2025\/07\/1752248272_453_soundcore-motion-amazon-prime-day-2025-1200x675.jpg\" alt=\"\" width=\"1200\" height=\"675\"  \/><\/a><\/p>\n<ul class=\"wp-block-list\">\n<li>Un son Hi-Res 30 W<\/li>\n<li>L\u2019autonomie de 12 heures environ<\/li>\n<li>Une bonne r\u00e9sistance \u00e0 l\u2019eau (certification IPX7)<\/li>\n<\/ul>\n<p>Au lieu de 99,99 euros, l\u2019enceinte Soundcore Motion+\u00a0 est aujourd\u2019hui disponible\u00a0<a href=\"https:\/\/shop.frandroid.com\/fl3mmd5g\" target=\"_blank\" rel=\"sponsored nofollow noopener\" data-gtm=\"{&quot;event&quot;:&quot;afficlic&quot;,&quot;nom_marchand&quot;:&quot;Amazon&quot;,&quot;nom_produit&quot;:&quot;inconnu&quot;,&quot;categorie_produit&quot;:&quot;inconnu&quot;,&quot;module_produit&quot;:&quot;editolink&quot;,&quot;position_marchand&quot;:0,&quot;texte&quot;:&quot;en-promotion-a-seulement-79-99-euros-sur-Amazon&quot;}\">en promotion \u00e0 seulement 61,99 euros sur Amazon<\/a><\/p>\n<p>                                            07:18<br \/>\n                                                                Meta Quest 3s<\/p>\n<p>Le Meta Quest 3S a \u00e9t\u00e9 pr\u00e9sent\u00e9 au monde entier en septembre 2024,\u00a0lors du Meta Connect. Le mot d\u2019ordre est simple : attirer les joueurs. Pour \u00e7a, un prix de lancement plus agressif, m\u00eame si, bien spur, \u00e7a se fait avec quelques concessions techniques, mais le r\u00e9sultat fonctionne bien malgr\u00e9 tout et peut vous faire d\u00e9couvrir la r\u00e9alit\u00e9 virtuelle, mais aussi la r\u00e9alit\u00e9 mixte.<\/p>\n<p><a href=\"https:\/\/images.frandroid.com\/wp-content\/uploads\/2025\/07\/meta-quest-3s-amazon-prime-day-2025.jpg\" target=\"_blank\" rel=\"noopener\" class=\"article-content__figure\"><img loading=\"lazy\" decoding=\"async\" class=\"aligncenter size-large wp-image-2725547 wp-image wp-image\" src=\"https:\/\/www.europesays.com\/fr\/wp-content\/uploads\/2025\/07\/1752248274_980_meta-quest-3s-amazon-prime-day-2025-1200x675.jpg\" alt=\"\" width=\"1200\" height=\"675\"  \/><\/a><\/p>\n<ul class=\"wp-block-list\">\n<li>Les capteurs qui filment l\u2019environnement<\/li>\n<li>La finition des manettes fournies avec<\/li>\n<li>La puce Snapdragon XR2 Gen 2 fonctionne tr\u00e8s bien<\/li>\n<\/ul>\n<p>Le Meta Quest 3S est disponible en deux mod\u00e8les :\u00a0<a href=\"https:\/\/shop.frandroid.com\/uue7c7fr\" target=\"_blank\" rel=\"noreferrer noopener affiliate nofollow\">128 Go \u00e0 279 euros au lieu de 329 euros<\/a>\u00a0et\u00a0<a href=\"https:\/\/shop.frandroid.com\/59l22w9q\" target=\"_blank\" rel=\"noreferrer noopener affiliate nofollow\" data-gtm=\"{&quot;event&quot;:&quot;afficlic&quot;,&quot;nom_marchand&quot;:&quot;amazon_fr&quot;,&quot;nom_produit&quot;:&quot;inconnu&quot;,&quot;categorie_produit&quot;:&quot;inconnu&quot;,&quot;module_produit&quot;:&quot;editolink&quot;,&quot;position_marchand&quot;:0,&quot;texte&quot;:&quot;256-go-a-389-euros-au-lieu-de-439-euros&quot;,&quot;offer_url&quot;:&quot;https:\/\/shop.frandroid.com\/59l22w9q&quot;,&quot;zone&quot;:&quot;contenu-page&quot;}\">256 Go \u00e0 369 euros au lieu de 439 euros<\/a>.<\/p>\n<p>                                            06:56<br \/>\n                                                                Bowers &amp; Wilkins Px7 S3 <\/p>\n<p>Le dernier casque Bluetooth de Bowers &amp; Wilkins, mod\u00e8le Px7 S3 profite du Prime Day Amazon pour passer sous la barre des 400 euros. Si vous aimez la musique et tous ses d\u00e9tails, il peut vous parler.<\/p>\n<p><a href=\"https:\/\/images.frandroid.com\/wp-content\/uploads\/2025\/07\/bowers-wilkins-px7-s3-prime-day-2025.jpg\" target=\"_blank\" rel=\"noopener\" class=\"article-content__figure\"><img loading=\"lazy\" decoding=\"async\" width=\"1200\" height=\"675\" class=\"wp-image-2723691 wp-image wp-image\" src=\"https:\/\/www.europesays.com\/fr\/wp-content\/uploads\/2025\/07\/1752248276_545_bowers-wilkins-px7-s3-prime-day-2025-1200x675.jpg\" alt=\"\"  \/><\/a><\/p>\n<ul class=\"wp-block-list\">\n<li style=\"list-style-type: none\">\n<ul class=\"wp-block-list\">\n<li>La compatibilit\u00e9 aptX Lossless et Hi-Res Audio<\/li>\n<\/ul>\n<\/li>\n<\/ul>\n<ul class=\"wp-block-list\">\n<li style=\"list-style-type: none\">\n<ul class=\"wp-block-list\">\n<li>Le design et le confort premium avec des mat\u00e9riaux nobles<\/li>\n<\/ul>\n<\/li>\n<\/ul>\n<ul class=\"wp-block-list\">\n<li style=\"list-style-type: none\">\n<ul class=\"wp-block-list\">\n<li>Une autonomie de 30 h avec ANC et la charge rapide<\/li>\n<\/ul>\n<\/li>\n<\/ul>\n<p>Le Bowers &amp; Wilkins Px7 S3 a \u00e9t\u00e9 lanc\u00e9 \u00e0 429 euros en avril dernier. S\u2019il vous fait de l\u2019\u0153il depuis sa sortie, il passe sous la barre psychologique des 400 euros <a href=\"https:\/\/shop.frandroid.com\/3r02zakv\" target=\"_blank\" rel=\"noreferrer noopener affiliate nofollow\" data-gtm=\"{&quot;event&quot;:&quot;afficlic&quot;,&quot;nom_marchand&quot;:&quot;amazon_fr&quot;,&quot;nom_produit&quot;:&quot;inconnu&quot;,&quot;categorie_produit&quot;:&quot;inconnu&quot;,&quot;module_produit&quot;:&quot;editolink&quot;,&quot;position_marchand&quot;:0,&quot;texte&quot;:&quot;puisqu-il-est-a-399-euros&quot;,&quot;offer_url&quot;:&quot;https:\/\/shop.frandroid.com\/3r02zakv&quot;,&quot;zone&quot;:&quot;contenu-page&quot;}\">puisqu\u2019il est \u00e0 365 euros<\/a> sur Amazon pour le Prime Day.<\/p>\n<p>                06:01<\/p>\n<p>                    Les produits Amazon en forte promotion<\/p>\n<p>\u00c0 l\u2019occasion du Prime Day, Amazon sort le grand jeu avec de belles promotions. Le g\u00e9ant du e-commerce a concoct\u00e9 une large s\u00e9lection de produits Tech \u00e0 prix cass\u00e9s pour vous faire de belles \u00e9conomies, notamment sur ses produits Echo, Kindle et Fire.<\/p>\n<p><a href=\"https:\/\/images.frandroid.com\/wp-content\/uploads\/2025\/07\/guide-produits-amazon-prime-day-2025.jpg\" target=\"_blank\" rel=\"noopener\" class=\"article-content__figure\"><img loading=\"lazy\" decoding=\"async\" width=\"1200\" height=\"675\" class=\"wp-image-2724375 wp-image wp-image\" src=\"https:\/\/www.europesays.com\/fr\/wp-content\/uploads\/2025\/07\/1752248277_350_guide-produits-amazon-prime-day-2025-1200x675.jpg\" alt=\"\"  \/><\/a><\/p>\n<p>                                            00:00<br \/>\n                                                                Acer Nitro KG242YEbiif<\/p>\n<p>Si la majorit\u00e9 des gamers pr\u00e9f\u00e8rent opter pour un \u00e9cran PC rafra\u00eechi \u00e0 144 Hz (voire \u00e0 240 Hz), tous n\u2019ont pas le budget n\u00e9cessaire pour se l\u2019offrir. Sur le march\u00e9, il est tout de m\u00eame possible de d\u00e9nicher des r\u00e9f\u00e9rences avec un taux de rafra\u00eechissement un poil moindre, mais bien moins on\u00e9reuses.<\/p>\n<p><a href=\"https:\/\/images.frandroid.com\/wp-content\/uploads\/2025\/07\/acer-nitro-kg242yebiif-prime-day-2025.jpg\" target=\"_blank\" rel=\"noopener\" class=\"article-content__figure\"><img loading=\"lazy\" decoding=\"async\" width=\"1200\" height=\"675\" class=\"wp-image-2723299 wp-image wp-image\" src=\"https:\/\/www.europesays.com\/fr\/wp-content\/uploads\/2025\/07\/1752248279_207_acer-nitro-kg242yebiif-prime-day-2025-1200x675.jpg\" alt=\"\"  \/><\/a><\/p>\n<ul class=\"wp-block-list\">\n<li style=\"list-style-type: none\">\n<ul class=\"wp-block-list\">\n<li>Une dalle IPS Full HD de 24 pouces<\/li>\n<\/ul>\n<\/li>\n<\/ul>\n<ul class=\"wp-block-list\">\n<li style=\"list-style-type: none\">\n<ul class=\"wp-block-list\">\n<li>Un taux de rafra\u00eechissement de 100 Hz<\/li>\n<\/ul>\n<\/li>\n<\/ul>\n<p>Auparavant affich\u00e9 \u00e0 119,99 euros, l\u2019\u00e9cran PC Acer Nitro KG242YEbiif est aujourd\u2019hui <a href=\"https:\/\/shop.frandroid.com\/vye6jlpd\" target=\"_blank\" rel=\"noreferrer noopener affiliate nofollow\" data-gtm=\"{&quot;event&quot;:&quot;afficlic&quot;,&quot;nom_marchand&quot;:&quot;amazon_fr&quot;,&quot;nom_produit&quot;:&quot;inconnu&quot;,&quot;categorie_produit&quot;:&quot;inconnu&quot;,&quot;module_produit&quot;:&quot;editolink&quot;,&quot;position_marchand&quot;:0,&quot;texte&quot;:&quot;disponible-en-promotion-a-79-99-euros-sur-amazon&quot;,&quot;offer_url&quot;:&quot;https:\/\/shop.frandroid.com\/vye6jlpd&quot;,&quot;zone&quot;:&quot;contenu-page&quot;}\">disponible en promotion \u00e0 79,99 euros sur Amazon<\/a>.<\/p>\n<p>                23:59<\/p>\n<p>                    iPhone 16e<\/p>\n<p>L\u2019iPhone 16e est le smartphone de l\u2019entre-deux, celui qui est propos\u00e9 au public entre deux grandes it\u00e9rations. Il s\u2019agit de l\u2019\u00e9quivalent de la gamme SE d\u2019Apple qui est l\u00e0 pour proposer un produit plus accessible financi\u00e8rement que le flagship de la marque.<\/p>\n<p><a href=\"https:\/\/images.frandroid.com\/wp-content\/uploads\/2025\/07\/apple-iphone-16e-prime-day-2025.jpg\" target=\"_blank\" rel=\"noopener\" class=\"article-content__figure\"><img loading=\"lazy\" decoding=\"async\" width=\"1200\" height=\"675\" class=\"wp-image-2723471 wp-image wp-image\" src=\"https:\/\/www.europesays.com\/fr\/wp-content\/uploads\/2025\/07\/1752248281_403_apple-iphone-16e-prime-day-2025-1200x675.jpg\" alt=\"\"  \/><\/a><\/p>\n<ul class=\"wp-block-list\">\n<li style=\"list-style-type: none\">\n<ul class=\"wp-block-list\">\n<li>Pour son \u00e9cran OLED HDR Dolby Vision de qualit\u00e9<\/li>\n<\/ul>\n<\/li>\n<\/ul>\n<ul class=\"wp-block-list\">\n<li style=\"list-style-type: none\">\n<ul class=\"wp-block-list\">\n<li>Parce qu\u2019il a une autonomie au-dessus de la moyenne<\/li>\n<\/ul>\n<\/li>\n<\/ul>\n<ul class=\"wp-block-list\">\n<li style=\"list-style-type: none\">\n<ul class=\"wp-block-list\">\n<li>Sa puce Apple A18 joue tr\u00e8s bien son r\u00f4le<\/li>\n<\/ul>\n<\/li>\n<\/ul>\n<p>L\u2019iPhone 16e est sur le march\u00e9 depuis le 28 f\u00e9vrier 2025 pour 719 euros, en tout cas pour la version 128 Go qui est celle propos\u00e9e ici. Mais pendant le Prime Day Amazon, <a href=\"https:\/\/shop.frandroid.com\/iwthf8yl\" target=\"_blank\" rel=\"noreferrer noopener affiliate nofollow\" data-gtm=\"{&quot;event&quot;:&quot;afficlic&quot;,&quot;nom_marchand&quot;:&quot;amazon_fr&quot;,&quot;nom_produit&quot;:&quot;inconnu&quot;,&quot;categorie_produit&quot;:&quot;inconnu&quot;,&quot;module_produit&quot;:&quot;editolink&quot;,&quot;position_marchand&quot;:0,&quot;texte&quot;:&quot;il-est-disponible-pour-592-euros&quot;,&quot;offer_url&quot;:&quot;https:\/\/shop.frandroid.com\/iwthf8yl&quot;,&quot;zone&quot;:&quot;contenu-page&quot;}\">il est disponible pour 592 euros<\/a>.<\/p>\n<p>Quels autres avantages pour les membres Amazon Prime ?<\/p>\n<p>Mis \u00e0 part les nombreuses offres dont vous pouvez profiter du Prime Day actuellement, le programme <a href=\"https:\/\/www.frandroid.com\/guide-dachat\/405507_10-avantages-damazon-prime-premium-et-comment-en-profiter-gratuitement-pendant-un-mois\" target=\"_blank\" rel=\"noopener\">Amazon Prime<\/a> regorge d\u2019avantages en tout genre pour vous faire rester le plus longtemps possible abonn\u00e9 au service. On retrouve notamment :<\/p>\n<p>Les Soldes d\u2019\u00e9t\u00e9 2025 x Prime Day avec Frandroid<\/p>\n<p>Jusqu\u2019au 22 juillet prochain, ce sont <a href=\"https:\/\/www.frandroid.com\/bons-plans\/2717571_soldes-dete-amazon-et-dautres-cassent-les-prix-pour-la-2e-demarque-voici-les-meilleures-offres-en-direct\" data-type=\"link\" data-id=\"https:\/\/www.frandroid.com\/bons-plans\/2717571_soldes-dete-amazon-et-dautres-cassent-les-prix-pour-la-2e-demarque-voici-les-meilleures-offres-en-direct\" target=\"_blank\" rel=\"noreferrer noopener\">les soldes d\u2019\u00e9t\u00e9 en France<\/a>. Mais, entre deux, le <a href=\"https:\/\/www.frandroid.com\/bons-plans\/2724701_amazon-lance-son-prime-day-2025-voici-les-meilleures-offres-en-direct-pour-ce-premier-jour-de-promotions\" target=\"_blank\" rel=\"noreferrer noopener\">Prime Day d\u2019Amazon<\/a> a fait son apparition, jusqu\u2019au 11 juillet. En cette occasion, la r\u00e9daction de Frandroid met \u00e0 votre service son expertise en mati\u00e8re de nouvelles technologies pour vous aider \u00e0 faire votre choix dans votre prochain achat Tech \u00e0 prix r\u00e9duit. Il y a plusieurs articles avec diff\u00e9rentes th\u00e9matiques, \u00e0 vous de choisir :<\/p>\n<p>Amazon Prime Day 2025<\/p>\n<p>Soldes d\u2019\u00e9t\u00e9 2025 <\/p>\n<p>Et pour \u00eatre s\u00fbr de ne manquer aucun bon plan de l\u2019\u00e9dition 2025 des soldes d\u2019\u00e9t\u00e9 et du Prime Day, vous pouvez aussi :<\/p>\n<ul class=\"wp-block-list\">\n<li>Nous suivre sur notre compte X\u00a0<a href=\"https:\/\/twitter.com\/FrandroidPromos\" target=\"_blank\" rel=\"noopener noreferrer\">@FrandroidPromos<\/a> uniquement d\u00e9di\u00e9 aux bons plans (pensez \u00e0 activer la cloche pour recevoir les notifications en temps r\u00e9el)<\/li>\n<li>\n<a href=\"https:\/\/whatsapp.com\/channel\/0029VabYxm5LI8YhSlD8xc05\" target=\"_blank\" rel=\"noopener\">Rejoindre notre canal WhatsApp<\/a> pour recevoir une fois par jour un condens\u00e9 des meilleures offres<\/li>\n<li>T\u00e9l\u00e9charger notre <a href=\"https:\/\/www.frandroid.com\/telecharger\/apps\/frandroid\" target=\"_blank\" rel=\"noopener\">application Frandroid<\/a> (disponible sur iOS et Android) pour activer les notifications de la cat\u00e9gorie \u00ab Bons Plans \u00bb et ainsi recevoir en temps r\u00e9el les nouveaux articles publi\u00e9s<\/li>\n<li>S\u2019abonner \u00e0 notre newsletter pour \u00eatre s\u00fbr de recevoir les offres en avant-premi\u00e8re (pas plus d\u2019un mail par jour, d\u00e9sinscription en 1 clic, aucune diffusion \u00e0 des tiers) :<\/li>\n<\/ul>\n<p class=\"newsletter-form__title is-size-6 is-size-7-mobile is-uppercase has-text-good-deals has-text-weight-semibold mb-4 px-5\">Frandroid Bons plans<\/p>\n<p class=\"has-text-centered-tablet newsletter-form__subtitle is-size-4 has-text-weight-bold has-text-primary column is-9-tablet is-10-mobile\">\n                C\u2019est enregistr\u00e9 ! Surveillez votre bo\u00eete aux lettres, vous allez entendre parler de nous\u00a0!\n            <\/p>\n<p class=\"newsletter-form__subtitle is-size-4 has-text-weight-bold has-text-gradient-pink\">Ne manquez aucun bon plan avec notre newsletter<\/p>\n<p class=\"is-size-7\">\n                Les donn\u00e9es transmises par le biais de ce formulaire sont destin\u00e9es \u00e0 Humanoid,<br \/>\n                soci\u00e9t\u00e9 \u00e9ditrice du site Frandroid en sa qualit\u00e9 de responsable de traitement.<br \/>\n                Elles ne seront en aucun cas c\u00e9d\u00e9es \u00e0 des tiers. Ces donn\u00e9es sont trait\u00e9es sous r\u00e9serve d\u2019obtention de<br \/>\n                votre consentement pour vous envoyer par e-mail des actualit\u00e9s et informations relatives aux contenus<br \/>\n                \u00e9ditoriaux publi\u00e9s sur Frandroid. Vous pouvez vous opposer \u00e0 tout moment \u00e0 ces e-mails<br \/>\n                en cliquant sur les liens de d\u00e9sinscriptions pr\u00e9sents dans chacun d\u2019eux. Pour plus d\u2019informations, vous<br \/>\n                pouvez consulter l\u2019int\u00e9gralit\u00e9 de notre <a href=\"https:\/\/www.frandroid.com\/politique-donnees-personnelles\" target=\"_blank\" rel=\"noopener\"><br \/>\n                politique de traitement de vos donn\u00e9es personnelles<\/a>.<br \/>\n                Vous disposez d\u2019un droit d\u2019acc\u00e8s, de rectification, d\u2019effacement, de limitation, de portabilit\u00e9 et<br \/>\n                d\u2019opposition pour motif l\u00e9gitime aux donn\u00e9es personnelles vous concernant. Pour exercer l\u2019un de ces droits,<br \/>\n                merci d\u2019effectuer votre demande via notre <a href=\"https:\/\/www.frandroid.com\/contact\/#RGPD\" target=\"_blank\" rel=\"noopener\">formulaire<br \/>\n                de demandes d\u2019exercices de droits d\u00e9di\u00e9<\/a>.\n            <\/p>\n<p>Appels illimit\u00e9s<\/p>\n<p>150 Go en France<\/p>\n<p>35 Go en Europe<\/p>\n<p>\n                        9.99\u20ac\/mois\n                                            <\/p>\n<p>                                7,99 avec Fibre\n                        <\/p>\n<p>Appels illimit\u00e9s<\/p>\n<p>100 Go \u2013 140 Go en France<\/p>\n<p>15 Go en Europe<\/p>\n<p>\n                        6.99\u20ac\/mois\n                                            <\/p>\n<p>                                SIM \u00e0 10\u20ac\n                        <\/p>\n<p>Appels illimit\u00e9s<\/p>\n<p>300 Go en France<\/p>\n<p>33 Go en Europe<\/p>\n<p>        <a href=\"https:\/\/www.frandroid.com\/comparateur-forfaits\" class=\"listplans-shortcode-cta button fr-button fr-button--pink fr-button--small-icon fr-button--icon-after mb-3-mobile \" target=\"_blank\" rel=\"noopener\"><br \/>\n            Tous les forfaits mobile<br \/>\n        <\/a><\/p>\n<p>D\u00e9bit jusqu\u2019\u00e0 8 Gb\/s <\/p>\n<p>Sans Player TV<\/p>\n<p>T\u00e9l\u00e9phonie fixe non incluse<\/p>\n<p>D\u00e9bit jusqu\u2019\u00e0 5 Gb\/s <\/p>\n<p>Sans Player TV<\/p>\n<p>T\u00e9l\u00e9phonie vers 1 destinations<\/p>\n<p>\n                        23.99\u20ac\/mois\n                                            <\/p>\n<p>                                49\u20ac offerts\n                        <\/p>\n<p>D\u00e9bit jusqu\u2019\u00e0 1 Gb\/s <\/p>\n<p>200 cha\u00eenes de TV incluses<\/p>\n<p>T\u00e9l\u00e9phonie vers 110 destinations<\/p>\n<p>\n                        29.99\u20ac\/mois\n                                            <\/p>\n<p>                                49\u20ac FMS offerts\n                        <\/p>\n<p>        <a href=\"https:\/\/www.frandroid.com\/offre-internet-comparateur-des-meilleures-offres-fibre-et-adsl\" class=\"listplans-shortcode-cta button fr-button fr-button--pink fr-button--small-icon fr-button--icon-after mb-3-mobile \" target=\"_blank\" rel=\"noopener\"><br \/>\n            Toutes les box internet<br \/>\n        <\/a><\/p>\n<p>            <script async src=\"https:\/\/platform.twitter.com\/widgets.js\" charset=\"utf-8\"><\/script><\/p>\n","protected":false},"excerpt":{"rendered":"Amazon a lanc\u00e9 mardi dernier son Prime Day, un \u00e9v\u00e9nement qui regorge de bonnes affaires. C\u2019est le dernier&hellip;\n","protected":false},"author":2,"featured_media":242778,"comment_status":"","ping_status":"","sticky":false,"template":"","format":"standard","meta":{"footnotes":""},"categories":[2],"tags":[11,37268,11776,201,270,1011,27,12,25,742],"class_list":{"0":"post-242777","1":"post","2":"type-post","3":"status-publish","4":"format-standard","5":"has-post-thumbnail","7":"category-actualites","8":"tag-actualites","9":"tag-amazon-prime-day-2025","10":"tag-amazon-prime","11":"tag-bons-plans-amazon","12":"tag-breaking","13":"tag-fr","14":"tag-france","15":"tag-news","16":"tag-republique-francaise","17":"tag-update"},"share_on_mastodon":{"url":"https:\/\/pubeurope.com\/@fr\/114835355270995073","error":""},"_links":{"self":[{"href":"https:\/\/www.europesays.com\/fr\/wp-json\/wp\/v2\/posts\/242777","targetHints":{"allow":["GET"]}}],"collection":[{"href":"https:\/\/www.europesays.com\/fr\/wp-json\/wp\/v2\/posts"}],"about":[{"href":"https:\/\/www.europesays.com\/fr\/wp-json\/wp\/v2\/types\/post"}],"author":[{"embeddable":true,"href":"https:\/\/www.europesays.com\/fr\/wp-json\/wp\/v2\/users\/2"}],"replies":[{"embeddable":true,"href":"https:\/\/www.europesays.com\/fr\/wp-json\/wp\/v2\/comments?post=242777"}],"version-history":[{"count":0,"href":"https:\/\/www.europesays.com\/fr\/wp-json\/wp\/v2\/posts\/242777\/revisions"}],"wp:featuredmedia":[{"embeddable":true,"href":"https:\/\/www.europesays.com\/fr\/wp-json\/wp\/v2\/media\/242778"}],"wp:attachment":[{"href":"https:\/\/www.europesays.com\/fr\/wp-json\/wp\/v2\/media?parent=242777"}],"wp:term":[{"taxonomy":"category","embeddable":true,"href":"https:\/\/www.europesays.com\/fr\/wp-json\/wp\/v2\/categories?post=242777"},{"taxonomy":"post_tag","embeddable":true,"href":"https:\/\/www.europesays.com\/fr\/wp-json\/wp\/v2\/tags?post=242777"}],"curies":[{"name":"wp","href":"https:\/\/api.w.org\/{rel}","templated":true}]}}