{"id":242783,"date":"2025-07-11T15:42:12","date_gmt":"2025-07-11T15:42:12","guid":{"rendered":"https:\/\/www.europesays.com\/fr\/242783\/"},"modified":"2025-07-11T15:42:12","modified_gmt":"2025-07-11T15:42:12","slug":"pour-une-ancienne-figure-bordelaise-lubb-va-a-terme-depasser-le-stade-toulousain","status":"publish","type":"post","link":"https:\/\/www.europesays.com\/fr\/242783\/","title":{"rendered":"pour une ancienne figure bordelaise, l\u2019UBB va \u00ab \u00e0 terme \u00bb d\u00e9passer le Stade Toulousain"},"content":{"rendered":"<p>Un pari audacieux de la part de Marc Delpoux. Ces derniers mois, les duels entre le Stade Toulousain et l\u2019Union Bordeaux-B\u00e8gles sont devenus les affiches les plus attendus en Top 14 et en Europe. Les deux derni\u00e8res finales du championnat ont oppos\u00e9 les deux \u00e9quipes, les hommes d\u2019Ugo Mola en sortant vainqueur \u00e0 chaque fois.<\/p>\n<p>Si en 2024, les Toulousains n\u2019avaient fait qu\u2019une bouch\u00e9e des Bordelais (59-3), la derni\u00e8re finale fut nettement plus serr\u00e9e et s\u2019est d\u00e9cid\u00e9e dans les prolongations (39-33). Entre temps, l\u2019UBB avait \u00e9limin\u00e9 le tenant du titre en Champions Cup, preuve de sa progression. Invit\u00e9 \u00e0 d\u00e9briefer la victoire des co\u00e9quipiers de Thomas Ramos en Top 14, Marc Delpoux a fait un pronostic fort sur la progression du club bordelais pour 100%UBB sur <a href=\"https:\/\/www.francebleu.fr\/emissions\/100-ubb-l-emission\/top-14-ubb-conquete-jeu-aerien-ces-petits-details-qui-ont-fait-la-difference-9650446\" rel=\"nofollow noopener\" target=\"_blank\">Ici Gironde.<\/a><\/p>\n<blockquote>\n<p>\u00ab\u00a0Je crois que chaque ann\u00e9e Bordeaux va se rapprocher de plus en plus du Stade Toulousain et va tr\u00e8s certainement \u00e0 terme le d\u00e9passer\u00a0\u00bb<\/p>\n<\/blockquote>\n<p>\u00ab\u00a0Bordeaux a besoin de toutes ses armes pour battre le Stade Toulousain\u00a0\u00bb<\/p>\n<p>Pour l\u2019ancien manager de l\u2019UBB, \u00e0 l\u2019origine de la mont\u00e9e du club en Top 14 en 2011, les courbes pourraient s\u2019inverser. N\u00e9anmoins, Marc Delpoux estime que l\u2019UBB a besoin de toutes ses armes pour battre Toulouse.<\/p>\n<blockquote>\n<p>\u00a0\u00ab\u00a0Il y a des faits de matchs et Bielle-Biarrey qui ne peut pas jouer \u00e0 son niveau.\u00a0Je crois que Bordeaux a besoin de toutes ses armes pour battre le Stade Toulousain. Malheureusement, \u00e7a n&rsquo;a pas \u00e9t\u00e9 le cas\u00a0\u00bb <\/p>\n<\/blockquote>\n<p>Partagez cette info avec vos amis et vos proches en cliquant ici<br \/>Pour r\u00e9sumer<\/p>\n<p>Marc Delpoux est revenu pour Ici Gironde sur la finale de Top 14 perdue par l\u2019Union Bordeaux-B\u00e8gles face au Stade Toulousain. Il estime que les hommes de Yannick Bru se rapprochent des Rouge et Noir et vont prendre leur place.<\/p>\n<p> <img decoding=\"async\" width=\"76\" height=\"76\" loading=\"lazy\" src=\"https:\/\/www.europesays.com\/fr\/wp-content\/uploads\/2025\/04\/avatar-quinze.png\" alt=\"Arnaud D\u00e9chelotte\"\/><\/p>\n","protected":false},"excerpt":{"rendered":"Un pari audacieux de la part de Marc Delpoux. Ces derniers mois, les duels entre le Stade Toulousain&hellip;\n","protected":false},"author":2,"featured_media":242784,"comment_status":"","ping_status":"","sticky":false,"template":"","format":"standard","meta":{"footnotes":""},"categories":[1416],"tags":[1011,27,479,1468,60],"class_list":{"0":"post-242783","1":"post","2":"type-post","3":"status-publish","4":"format-standard","5":"has-post-thumbnail","7":"category-rugby","8":"tag-fr","9":"tag-france","10":"tag-rugby","11":"tag-rugby-football","12":"tag-sports"},"share_on_mastodon":{"url":"https:\/\/pubeurope.com\/@fr\/114835367337285331","error":""},"_links":{"self":[{"href":"https:\/\/www.europesays.com\/fr\/wp-json\/wp\/v2\/posts\/242783","targetHints":{"allow":["GET"]}}],"collection":[{"href":"https:\/\/www.europesays.com\/fr\/wp-json\/wp\/v2\/posts"}],"about":[{"href":"https:\/\/www.europesays.com\/fr\/wp-json\/wp\/v2\/types\/post"}],"author":[{"embeddable":true,"href":"https:\/\/www.europesays.com\/fr\/wp-json\/wp\/v2\/users\/2"}],"replies":[{"embeddable":true,"href":"https:\/\/www.europesays.com\/fr\/wp-json\/wp\/v2\/comments?post=242783"}],"version-history":[{"count":0,"href":"https:\/\/www.europesays.com\/fr\/wp-json\/wp\/v2\/posts\/242783\/revisions"}],"wp:featuredmedia":[{"embeddable":true,"href":"https:\/\/www.europesays.com\/fr\/wp-json\/wp\/v2\/media\/242784"}],"wp:attachment":[{"href":"https:\/\/www.europesays.com\/fr\/wp-json\/wp\/v2\/media?parent=242783"}],"wp:term":[{"taxonomy":"category","embeddable":true,"href":"https:\/\/www.europesays.com\/fr\/wp-json\/wp\/v2\/categories?post=242783"},{"taxonomy":"post_tag","embeddable":true,"href":"https:\/\/www.europesays.com\/fr\/wp-json\/wp\/v2\/tags?post=242783"}],"curies":[{"name":"wp","href":"https:\/\/api.w.org\/{rel}","templated":true}]}}