{"id":242787,"date":"2025-07-11T15:45:11","date_gmt":"2025-07-11T15:45:11","guid":{"rendered":"https:\/\/www.europesays.com\/fr\/242787\/"},"modified":"2025-07-11T15:45:11","modified_gmt":"2025-07-11T15:45:11","slug":"on-est-a-la-limite-de-partout","status":"publish","type":"post","link":"https:\/\/www.europesays.com\/fr\/242787\/","title":{"rendered":"On est \u00e0 la limite de partout"},"content":{"rendered":"<p>La premi\u00e8re journ\u00e9e du GP d&rsquo;Allemagne a offert un sc\u00e9nario classique pour <a href=\"https:\/\/fr.motorsport.com\/driver\/fabio-quartararo\/109400\/\" target=\"_blank\" rel=\"noopener\">Fabio Quartararo<\/a>, capable d&rsquo;une bonne performance sur un tour lanc\u00e9, mais plus en difficult\u00e9 en rythme de course. Le Fran\u00e7ais a ainsi assez facilement assur\u00e9 sa pr\u00e9sence en Q2, en prenant la quatri\u00e8me place derri\u00e8re trois pilotes Ducati, mais se montre plus r\u00e9serv\u00e9 sur ses chances pour les deux courses du week-end.<\/p>\n<p>Interrog\u00e9 sur la possibilit\u00e9 qu&rsquo;il convertisse ses performances sur un tour en rythme de course, Quartararo a clairement confirm\u00e9 son pessimisme, d\u00e9j\u00e0 <a href=\"https:\/\/fr.motorsport.com\/motogp\/news\/quartararo-retour-lieu-derniere-victoire-motogp\/10740728\/\" target=\"_blank\" rel=\"noopener\">perceptible jeudi<\/a>. \u00ab\u00a0Je ne pense pas\u00a0\u00bb, a r\u00e9pondu le pilote Yamaha. \u00ab\u00a0On n&rsquo;a pas de rythme mais on sait que sur un tour, on peut \u00eatre rapide. J&rsquo;esp\u00e8re que dans les prochaines semaines ou les prochains mois, on pourra trouver une solution pour le rythme. Ce n&rsquo;est pas vraiment le rythme, c&rsquo;est plus trouver plus de grip, pour que la moto glisse moins, qu&rsquo;elle n&rsquo;use et ne fasse pas trop surchauffer le pneu.\u00a0\u00bb<\/p>\n<p>Ce manque d&rsquo;adh\u00e9rence \u00e0 l&rsquo;arri\u00e8re reste un gros souci de la Yamaha, mais pas le seul\u00a0: \u00ab\u00a0La surchauffe du pneu est l&rsquo;un [des probl\u00e8mes]. Mais on glisse aussi beaucoup plus, donc on a moins de performance. On voit que les autres sont une demi-seconde plus rapides donc on attaque un peu plus. Quand on donne 80% et qu&rsquo;on en garde un peu, ils en donnent 50, donc ils ont encore 30 points de marge sur nous. On peut voir que la temp\u00e9rature et le grip sont le principal probl\u00e8me.\u00a0\u00bb<\/p>\n<p>Signe de ce manque d&rsquo;adh\u00e9rence, Quartararo doit s&rsquo;accommoder d&rsquo;une roue arri\u00e8re qui perd le contact avec le sol, ce qui s&rsquo;est vu de mani\u00e8re spectaculaire ce vendredi, quand il a abord\u00e9 le premier virage en faisant presque un stoppie involontaire. Il a d\u00fb traverser le bac \u00e0 gravier, ce qui l&rsquo;a priv\u00e9 d&rsquo;un dernier tour rapide.<\/p>\n<p>\u00ab\u00a0Le probl\u00e8me, c&rsquo;est que c&rsquo;est super sensible, d\u00e8s que la moto commence \u00e0 partir. Ce n&rsquo;est pas que je fais vraiment quelque chose de diff\u00e9rent. C&rsquo;est juste qu&rsquo;on est \u00e0 la limite de partout. Sur un tour, d\u00e8s que tu veux pousser un petit peu plus, c&rsquo;est ce qui arrive.\u00a0\u00bb<\/p>\n<p>\u00a0<\/p>\n<p>Tout au long de la journ\u00e9e, Quartararo a senti que sa Yamaha restait excellente sur l&rsquo;avant mais trop limit\u00e9e par l&rsquo;arri\u00e8re, ce qu&rsquo;il a beaucoup ressenti au premier virage\u00a0: \u00ab\u00a0Pour nous, c&rsquo;est assez bizarre. Il y a aussi de petites bosses et on freine compl\u00e8tement avec l&rsquo;avant. On n&rsquo;arrive pas \u00e0 ralentir, la moto se soul\u00e8ve \u00e9norm\u00e9ment. Ils freinent vraiment avec les deux roues et on freine vraiment sur l&rsquo;avant. Les sensations sur l&rsquo;avant sont vraiment bonnes mais en performance pure, ce n&rsquo;est pas bon.\u00a0\u00bb<\/p>\n<p>\u00ab\u00a0Je suis beaucoup tomb\u00e9 de l&rsquo;avant cette ann\u00e9e parce que j&rsquo;attaque avec \u00e7a, mais on utilise beaucoup plus l&rsquo;avant que les autres et je n&rsquo;utilise pas l&rsquo;arri\u00e8re pour m&rsquo;arr\u00eater\u00a0\u00bb, a-t-il d\u00e9taill\u00e9. \u00ab\u00a0Sinc\u00e8rement, je pense qu&rsquo;on a l&rsquo;une des meilleures motos pour les sensations sur l&rsquo;avant. Je n&rsquo;ai pas test\u00e9 les autres mais je sens qu&rsquo;on a une grande confiance, mais on l&rsquo;utilise beaucoup plus et on est beaucoup plus \u00e0 la limite. L&rsquo;\u00e9quilibre n&rsquo;est pas super, super bon. J&rsquo;esp\u00e8re que l&rsquo;on pourra progresser dans ce domaine.\u00a0\u00bb<\/p>\n<p>Lire aussi :<\/p>\n<\/p>\n<p>Dans cet article<\/p>\n<p>Soyez le premier inform\u00e9 et souscrivez aux alertes mails pour recevoir les infos en temps r\u00e9el<\/p>\n<p>    S&rsquo;abonner aux alertes de news<\/p>\n","protected":false},"excerpt":{"rendered":"La premi\u00e8re journ\u00e9e du GP d&rsquo;Allemagne a offert un sc\u00e9nario classique pour Fabio Quartararo, capable d&rsquo;une bonne performance&hellip;\n","protected":false},"author":2,"featured_media":242788,"comment_status":"","ping_status":"","sticky":false,"template":"","format":"standard","meta":{"footnotes":""},"categories":[1413],"tags":[1680,1011,27,36254,1457,1456,1458,36255,60,3796],"class_list":{"0":"post-242787","1":"post","2":"type-post","3":"status-publish","4":"format-standard","5":"has-post-thumbnail","7":"category-moto","8":"tag-fabio-quartararo","9":"tag-fr","10":"tag-france","11":"tag-gp-dallemagne","12":"tag-moto","13":"tag-motocycle","14":"tag-motogp","15":"tag-sachsenring","16":"tag-sports","17":"tag-yamaha-factory-racing"},"share_on_mastodon":{"url":"https:\/\/pubeurope.com\/@fr\/114835378854588074","error":""},"_links":{"self":[{"href":"https:\/\/www.europesays.com\/fr\/wp-json\/wp\/v2\/posts\/242787","targetHints":{"allow":["GET"]}}],"collection":[{"href":"https:\/\/www.europesays.com\/fr\/wp-json\/wp\/v2\/posts"}],"about":[{"href":"https:\/\/www.europesays.com\/fr\/wp-json\/wp\/v2\/types\/post"}],"author":[{"embeddable":true,"href":"https:\/\/www.europesays.com\/fr\/wp-json\/wp\/v2\/users\/2"}],"replies":[{"embeddable":true,"href":"https:\/\/www.europesays.com\/fr\/wp-json\/wp\/v2\/comments?post=242787"}],"version-history":[{"count":0,"href":"https:\/\/www.europesays.com\/fr\/wp-json\/wp\/v2\/posts\/242787\/revisions"}],"wp:featuredmedia":[{"embeddable":true,"href":"https:\/\/www.europesays.com\/fr\/wp-json\/wp\/v2\/media\/242788"}],"wp:attachment":[{"href":"https:\/\/www.europesays.com\/fr\/wp-json\/wp\/v2\/media?parent=242787"}],"wp:term":[{"taxonomy":"category","embeddable":true,"href":"https:\/\/www.europesays.com\/fr\/wp-json\/wp\/v2\/categories?post=242787"},{"taxonomy":"post_tag","embeddable":true,"href":"https:\/\/www.europesays.com\/fr\/wp-json\/wp\/v2\/tags?post=242787"}],"curies":[{"name":"wp","href":"https:\/\/api.w.org\/{rel}","templated":true}]}}