{"id":242795,"date":"2025-07-11T15:50:12","date_gmt":"2025-07-11T15:50:12","guid":{"rendered":"https:\/\/www.europesays.com\/fr\/242795\/"},"modified":"2025-07-11T15:50:12","modified_gmt":"2025-07-11T15:50:12","slug":"ces-architectes-expliquent-comment-transformer-une-maison-des-annees-1970","status":"publish","type":"post","link":"https:\/\/www.europesays.com\/fr\/242795\/","title":{"rendered":"Ces architectes expliquent comment transformer une maison des ann\u00e9es 1970"},"content":{"rendered":"<p>La toiture a \u00e9t\u00e9 conserv\u00e9e dans sa quasi-totalit\u00e9, \u00e0 l\u2019exception d\u2019une intervention cl\u00e9 : l\u2019ouverture d\u2019un grand puits de lumi\u00e8re ouvrable. \u00ab Cette ouverture permet non seulement l\u2019acc\u00e8s \u00e0 la nouvelle <a href=\"https:\/\/www.admagazine.fr\/article\/idees-deco-terrasse-adopter\" rel=\"nofollow noopener\" target=\"_blank\">terrasse<\/a> ext\u00e9rieure, mais \u00e9tablit aussi une connexion directe avec le ciel, agissant comme un dispositif qui articule verticalement la maison et transforme la perception de l\u2019espace int\u00e9rieur. \u00bb<\/p>\n<p>Accessible par un escalier de meunier bleu, \u00e0 la fois simple et saisissant, le puits de lumi\u00e8re \u00ab inonde le volume, le traverse et red\u00e9finit l\u2019atmosph\u00e8re de la maison au gr\u00e9 des heures et des saisons \u00bb, selon les concepteurs. \u00ab Plus qu\u2019un simple \u00e9clairage, la lumi\u00e8re structure l\u2019espace, r\u00e9v\u00e8le les <a href=\"https:\/\/www.admagazine.fr\/advisitesprivees\/article\/madrid-etonnant-duplex-terrasse-tout-en-textures\" rel=\"nofollow noopener\" target=\"_blank\">textures<\/a> et active les surfaces, \u00e9tablissant un lien changeant entre la vie quotidienne et le rythme naturel de l\u2019environnement. \u00bb<\/p>\n<p>Vue de l\u2019entr\u00e9e, \u00e9galement carrel\u00e9e.<\/p>\n<p>Hiperfocal<\/p>\n<p>Alors que la toiture fait allusion au pass\u00e9, le sol, en r\u00e9sine vert sauge, unifie l\u2019ensemble du plan horizontal et se prolonge en un socle en c\u00e9ramique de 20 centim\u00e8tres de haut. \u00ab \u00c0 partir de cette base, un rev\u00eatement mural technique et suspendu court le long du p\u00e9rim\u00e8tre jusqu\u2019\u00e0 2,80 m\u00e8tres, int\u00e9grant toutes les installations n\u00e9cessaires tout en pr\u00e9servant la clart\u00e9 visuelle de l\u2019espace \u00bb, pr\u00e9cise l\u2019agence, en r\u00e9f\u00e9rence \u00e0 la <a href=\"https:\/\/www.admagazine.fr\/article\/amenager-cloison-vitree-salon\" rel=\"nofollow noopener\" target=\"_blank\">cloison<\/a> blanche qui vient se superposer \u00e0 la ma\u00e7onnerie apparente.<\/p>\n<p>D\u00e9tail de la salle de bains.<\/p>\n<p>Hiperfocal<\/p>\n","protected":false},"excerpt":{"rendered":"La toiture a \u00e9t\u00e9 conserv\u00e9e dans sa quasi-totalit\u00e9, \u00e0 l\u2019exception d\u2019une intervention cl\u00e9 : l\u2019ouverture d\u2019un grand puits&hellip;\n","protected":false},"author":2,"featured_media":242796,"comment_status":"","ping_status":"","sticky":false,"template":"","format":"standard","meta":{"footnotes":""},"categories":[1358],"tags":[38235,1348,1384,1385,1386,58,59,123,1011,27],"class_list":{"0":"post-242795","1":"post","2":"type-post","3":"status-publish","4":"format-standard","5":"has-post-thumbnail","7":"category-arts-et-design","8":"tag-annees-1970","9":"tag-arts","10":"tag-arts-and-design","11":"tag-arts-et-design","12":"tag-design","13":"tag-divertissement","14":"tag-entertainment","15":"tag-espagne","16":"tag-fr","17":"tag-france"},"share_on_mastodon":{"url":"https:\/\/pubeurope.com\/@fr\/114835398493555492","error":""},"_links":{"self":[{"href":"https:\/\/www.europesays.com\/fr\/wp-json\/wp\/v2\/posts\/242795","targetHints":{"allow":["GET"]}}],"collection":[{"href":"https:\/\/www.europesays.com\/fr\/wp-json\/wp\/v2\/posts"}],"about":[{"href":"https:\/\/www.europesays.com\/fr\/wp-json\/wp\/v2\/types\/post"}],"author":[{"embeddable":true,"href":"https:\/\/www.europesays.com\/fr\/wp-json\/wp\/v2\/users\/2"}],"replies":[{"embeddable":true,"href":"https:\/\/www.europesays.com\/fr\/wp-json\/wp\/v2\/comments?post=242795"}],"version-history":[{"count":0,"href":"https:\/\/www.europesays.com\/fr\/wp-json\/wp\/v2\/posts\/242795\/revisions"}],"wp:featuredmedia":[{"embeddable":true,"href":"https:\/\/www.europesays.com\/fr\/wp-json\/wp\/v2\/media\/242796"}],"wp:attachment":[{"href":"https:\/\/www.europesays.com\/fr\/wp-json\/wp\/v2\/media?parent=242795"}],"wp:term":[{"taxonomy":"category","embeddable":true,"href":"https:\/\/www.europesays.com\/fr\/wp-json\/wp\/v2\/categories?post=242795"},{"taxonomy":"post_tag","embeddable":true,"href":"https:\/\/www.europesays.com\/fr\/wp-json\/wp\/v2\/tags?post=242795"}],"curies":[{"name":"wp","href":"https:\/\/api.w.org\/{rel}","templated":true}]}}