{"id":242801,"date":"2025-07-11T15:53:12","date_gmt":"2025-07-11T15:53:12","guid":{"rendered":"https:\/\/www.europesays.com\/fr\/242801\/"},"modified":"2025-07-11T15:53:12","modified_gmt":"2025-07-11T15:53:12","slug":"le-dernier-cd-de-la-chanteuse-pop-est-illisible-on-vous-explique-pourquoi","status":"publish","type":"post","link":"https:\/\/www.europesays.com\/fr\/242801\/","title":{"rendered":"Le dernier CD de la chanteuse pop est illisible, on vous explique pourquoi"},"content":{"rendered":"<p>Le 27 juin \u00e9tait un jour que les fans de <a href=\"https:\/\/www.20minutes.fr\/arts-stars\/people\/2372499-20181115-non-lorde-invente-concept-scene-suspendue\" class=\"color-ultramarine c-link\" rel=\"nofollow noopener\" target=\"_blank\">Lorde<\/a> ne voulaient pas manquer. Et pour cause\u00a0: le quatri\u00e8me opus de la chanteuse pop \u00e9tait de sortie. Baptis\u00e9 Virgin, ce nouvel album de 11 titres f\u00eatait son arriv\u00e9e sur toutes les plateformes de streaming, mais aussi en vinyle et CD.<\/p>\n<p><img decoding=\"async\" alt=\"Le CD de \u00abVirgin\u00bb de la chanteuse Lorde, sorti dans une version transparente.\" class=\"c-img\" loading=\"lazy\" fetchpriority=\"auto\" width=\"718\"  src=\"https:\/\/img.20mn.fr\/iIUFkfHmQuGZV8SN2iYJ9ik\/718x0-10.859209142505039x4.937241462240363-78.0277123122657\" \/>Le CD de \u00abVirgin\u00bb de la chanteuse Lorde, sorti dans une version transparente.\u2002-\u00a0Capture<\/p>\n<p>Lorde, ce sont apr\u00e8s dix ans de carri\u00e8re seulement, quelques titres iconiques, comme Team et bien s\u00fbr Royals. Sur Virgin, son nouvel album sorti le 27\u00a0juin, Man of the Year, se distingue d\u00e9j\u00e0. Il s\u2019agit d\u2019une chanson <a href=\"https:\/\/www.youtube.com\/watch?v=ynrSkSYirB0\" target=\"_blank\" class=\"color-ultramarine c-link\" rel=\"nofollow noopener\">au clip \u00e9tonnan<\/a>t dans laquelle la chanteuse questionne son identit\u00e9 de genre. Mais pas certain que les personnes ayant achet\u00e9 le CD de Virgin puissent en d\u00e9couvrir les paroles. La raison\u00a0? Ce compact-disc, dont l\u2019originalit\u00e9 est d\u2019\u00eatre transparent, n\u2019est pas lisible sur toutes les platines.<\/p>\n<p>Bad buzz pour la chanteuse qui voulait, avec sa galette aussi translucide que le verre, d\u00e9livrer un message environnemental\u00a0: \u00ab\u00a0THIS IS A PLASTIC PRODUCT. ALL PARTS ARE RECYCLABLE INCLUDING DISC\u00a0\u00bb, est-il indiqu\u00e9 sur <a href=\"https:\/\/lorde.store\/products\/virgin-cd-clear-disc\" rel=\"nofollow noopener\" target=\"_blank\" class=\"color-ultramarine c-link\">le store de l\u2019artiste<\/a>. Soit\u00a0: \u00ab\u00a0Ceci est un produit recyclable. Toutes ses parties sont recyclables, disque compris\u00a0\u00bb.<\/p>\n<p>Les vieux lecteurs incrimin\u00e9s<\/p>\n<p>Reste que nombre d\u2019acheteurs ont eu la mauvaise surprise de glisser dans leur lecteur un CD muet. Certains, eux, ont pu le lire sans probl\u00e8me. \u00ab\u00a0\u00c7a a march\u00e9 dans ma voiture et sur le lecteur pourri de ma s\u0153ur, mais pas sur ma boombox CD\/cassette des ann\u00e9es\u00a02000\u00a0\u00bb, s\u2019\u00e9meut dirt9irl sur Reddit. \u00ab\u00a0Oh mon Dieu, je pensais que c\u2019\u00e9tait un shitpost lol, trop cool\u00a0!!!\u00a0\u00bb, r\u00e9torque closingbridge.<\/p>\n<p>Certains r\u00e9v\u00e8lent que le disque n\u2019est pas reconnu et qu\u2019un message d\u2019erreur s\u2019affiche sur leur lecteur. Et l\u2019on ne compte plus sur <a href=\"https:\/\/www.20minutes.fr\/high-tech\/tiktok\/\" class=\"color-ultramarine c-link\" rel=\"nofollow noopener\" target=\"_blank\">TikTok<\/a> les vid\u00e9os de fans s\u2019\u00e9panchant sur leur sort, comme hattie_08, visiblement bien ennuy\u00e9e d\u2019avoir investi dans un CD qu\u2019elle ne pourra pas \u00e9couter.<\/p>\n<p class=\"mb-xxl@xs color-ultramarine font-weight-semi-bold@xs font-source-serif-pro heading-s@xs\">L\u2019acc\u00e8s \u00e0 ce contenu a \u00e9t\u00e9 bloqu\u00e9 afin de respecter votre choix de consentement<\/p>\n<p class=\"mb-m@xs text-l@xs\">En cliquant sur\u00ab J\u2019accepte \u00bb, vous acceptez le d\u00e9p\u00f4t de cookies par des services externes et aurez ainsi acc\u00e8s aux contenus de nos partenaires.<\/p>\n<p class=\"mb-xl@xs text-s@xs\">Plus d\u2019informations sur la page<a href=\"https:\/\/www.20minutes.fr\/gestion-cookies\" class=\"mx-xxs@xs color-ultramarine\" rel=\"nofollow noopener\" target=\"_blank\">Politique de gestion des cookies<\/a><\/p>\n<p>J\u2019accepte<\/p>\n<p>D\u2019apr\u00e8s les constats, il semble d\u2019ailleurs que ce sont les machines les plus anciennes qui sont \u00e0 la ramasse\u00a0: lecteurs CD d\u2019\u00e9poque, discman, autoradios. Parfois, la lecture s\u2019effectue mais de fa\u00e7on hachur\u00e9e, saccad\u00e9e. Et il y a aussi des cas o\u00f9 cela fonctionne normalement, mais visiblement de pr\u00e9f\u00e9rence avec un lecteur r\u00e9cent, voire du tr\u00e8s bon mat\u00e9riel. Certains pensent qu\u2019il faut faire le noir dans la pi\u00e8ce o\u00f9 le lecteur tourne pour r\u00e9ussir \u00e0 \u00e9couter Virgin\u2026<\/p>\n<p><a href=\"https:\/\/www.20minutes.fr\/arts-stars\/culture\/musique\/\" class=\"c-link c-btn c-btn--primary\" rel=\"nofollow noopener\" target=\"_blank\">Nos articles \u00abMusique\u00bb<\/a><\/p>\n<p>En tout \u00e9tat de cause, c\u2019est la transparence m\u00eame du CD qui est point\u00e9e, car ce type de support de lecture a besoin d\u2019une surface r\u00e9fl\u00e9chissante (habituellement en m\u00e9tal) pour renvoyer le rayon laser qui effectue ainsi la lecture des informations sur la galette.<\/p>\n<p>Si les \u00e9quipes de Lorde ont forc\u00e9ment pr\u00e9vu une surface r\u00e9fl\u00e9chissante sur le disque, on en ignore la nature, mais il semble qu\u2019elle soit bien trop fine pour permettre la lecture. Ne respectant pas les standards techniques en vigueur, Virgin risque de terminer sa carri\u00e8re, sinon au recyclage, du moins au rayon objets collector.<\/p>\n<\/p>\n<p>L\u2019album de Lorde (qui se produira au Z\u00e9nith, \u00e0 Paris, le 10\u00a0novembre prochain) est \u00e9galement sorti en vinyle, avec diff\u00e9rentes \u00e9ditions\u00a0: une noire, une rouge, mais aussi une \u00ab\u00a0Full Transparency Edition\u00a0\u00bb, soit un 33 trs transparent (et pr\u00e9sent\u00e9 dans une pochette en PVC). Lui, parfaitement lisible. Propos\u00e9 en \u00e9dition limit\u00e9e, il serait \u00e9puis\u00e9. Mais nous l\u2019avons d\u00e9j\u00e0 trouv\u00e9 sur <a href=\"https:\/\/www.20minutes.fr\/dossier\/le_bon_coin\" class=\"color-ultramarine c-link\" rel=\"nofollow noopener\" target=\"_blank\">Leboncoin<\/a>.<\/p>\n","protected":false},"excerpt":{"rendered":"Le 27 juin \u00e9tait un jour que les fans de Lorde ne voulaient pas manquer. Et pour cause\u00a0:&hellip;\n","protected":false},"author":2,"featured_media":242802,"comment_status":"","ping_status":"","sticky":false,"template":"","format":"standard","meta":{"footnotes":""},"categories":[1355],"tags":[251,7703,58,59,1011,27,662,1361,873,37825,626,10044,34147,2439,29729,12177],"class_list":{"0":"post-242801","1":"post","2":"type-post","3":"status-publish","4":"format-standard","5":"has-post-thumbnail","7":"category-musique","8":"tag-culture","9":"tag-disque","10":"tag-divertissement","11":"tag-entertainment","12":"tag-fr","13":"tag-france","14":"tag-ile-de-france","15":"tag-music","16":"tag-musique","17":"tag-musique-en-streaming","18":"tag-paris","19":"tag-pop","20":"tag-reddit","21":"tag-tiktok","22":"tag-vinyle","23":"tag-zenith"},"share_on_mastodon":{"url":"https:\/\/pubeurope.com\/@fr\/114835410486280934","error":""},"_links":{"self":[{"href":"https:\/\/www.europesays.com\/fr\/wp-json\/wp\/v2\/posts\/242801","targetHints":{"allow":["GET"]}}],"collection":[{"href":"https:\/\/www.europesays.com\/fr\/wp-json\/wp\/v2\/posts"}],"about":[{"href":"https:\/\/www.europesays.com\/fr\/wp-json\/wp\/v2\/types\/post"}],"author":[{"embeddable":true,"href":"https:\/\/www.europesays.com\/fr\/wp-json\/wp\/v2\/users\/2"}],"replies":[{"embeddable":true,"href":"https:\/\/www.europesays.com\/fr\/wp-json\/wp\/v2\/comments?post=242801"}],"version-history":[{"count":0,"href":"https:\/\/www.europesays.com\/fr\/wp-json\/wp\/v2\/posts\/242801\/revisions"}],"wp:featuredmedia":[{"embeddable":true,"href":"https:\/\/www.europesays.com\/fr\/wp-json\/wp\/v2\/media\/242802"}],"wp:attachment":[{"href":"https:\/\/www.europesays.com\/fr\/wp-json\/wp\/v2\/media?parent=242801"}],"wp:term":[{"taxonomy":"category","embeddable":true,"href":"https:\/\/www.europesays.com\/fr\/wp-json\/wp\/v2\/categories?post=242801"},{"taxonomy":"post_tag","embeddable":true,"href":"https:\/\/www.europesays.com\/fr\/wp-json\/wp\/v2\/tags?post=242801"}],"curies":[{"name":"wp","href":"https:\/\/api.w.org\/{rel}","templated":true}]}}