{"id":242805,"date":"2025-07-11T15:55:12","date_gmt":"2025-07-11T15:55:12","guid":{"rendered":"https:\/\/www.europesays.com\/fr\/242805\/"},"modified":"2025-07-11T15:55:12","modified_gmt":"2025-07-11T15:55:12","slug":"la-faute-au-froid-au-mode-de-vie-mais-aussi-aux-medicaments","status":"publish","type":"post","link":"https:\/\/www.europesays.com\/fr\/242805\/","title":{"rendered":"la faute au froid, au mode de vie mais aussi aux m\u00e9dicaments"},"content":{"rendered":"<p>\n\t\t<strong>Nous ne sommes pas tous \u00e9gaux face \u00e0 la grippe, au rhume, aux angines. Nous avons tous quelqu\u2019un de notre entourage qui en ce moment \u00e0 La R\u00e9union, tombe malade\u2026tout le temps. En cette p\u00e9riode d&rsquo;hiver austral, les virus et autres bact\u00e9ries nous donnent la vie dure et ce n&rsquo;est pas d\u00fb \u00e0 la malchance. Chez certaines personnes, m\u00eame les m\u00e9dicaments ne suffisent plus. Plusieurs facteurs peuvent l&rsquo;expliquer : la p\u00e9riode, le mode de vie et surtout la prise trop fr\u00e9quente de m\u00e9dicaments (Photo : sly\/www.imazpress.com)<\/strong>\n\t<\/p>\n<p>\nSi les R\u00e9unionnais ont l&rsquo;impression de tomber davantage malades, bien au contraire, \u00ab\u00a0la qualit\u00e9 des soins s&rsquo;est am\u00e9lior\u00e9e avec le progr\u00e8s d\u00fb aux innovations technologiques. L&rsquo;\u00e9tat de sant\u00e9 de la population s&rsquo;est am\u00e9lior\u00e9\u00a0\u00bb, expliquent les infectiologues du CHU de La R\u00e9union.<\/p>\n<p>\nApr\u00e8s \u00ab\u00a0les viroses respiratoires restent des \u00e9v\u00e9nements fr\u00e9quents et le recours au soin reste majeur en cette p\u00e9riode hivernale\u00a0\u00bb, reconnait le Docteur K\u00e9vin Diallo, praticien hospitalier au service de maladies infectieuses du CHU Sud.<\/p>\n<p>\n<a href=\"https:\/\/imazpress.com\/actus-reunion\/finit-le-chik-place-aux-virus-de-l-hiver\" target=\"_blank\" rel=\"nofollow noopener\">Lire aussi &#8211;\u00a0C\u2019est l\u2019hiver : le chikungunya s\u2019en va, d\u2019autres virus arrivent<\/a><\/p>\n<p><b>&#8211; Le froid indirectement impliqu\u00e9 &#8211;<\/b><\/p>\n<p>\nSi certains tombent en effet plus malades que d&rsquo;autres, \u00ab\u00a0il existe de nombreux facteurs intervenant dans l&rsquo;efficacit\u00e9 du syst\u00e8me immunitaire\u00a0\u00bb, d\u00e9taille l&rsquo;infectiologue.<\/p>\n<p>\n\u00ab\u00a0Le mode de vie est impactant (exemple du tabagisme), de m\u00eame que certaines pr\u00e9dispositions g\u00e9n\u00e9tiques ou encore des fragilit\u00e9s individuelles (immunod\u00e9pressions, comorbidit\u00e9s)\u00a0\u00bb, ajoute-t-il. \u00ab\u00a0<\/p>\n<p>\nDe plus, \u00ab\u00a0l&rsquo;immunit\u00e9 s&rsquo;affaiblit avec l&rsquo;\u00e2ge ou par la pr\u00e9sence d&rsquo;une immunod\u00e9pression (constitutionnelle ou acquise)\u00a0\u00bb, pr\u00e9cise le m\u00e9decin.<\/p>\n<p>\n\u00ab\u00a0Les interactions en milieu clos, plus fr\u00e9quentes, favorisent \u00e9galement la diss\u00e9mination virale\u00a0\u00bb, pr\u00e9cise le Docteur K\u00e9vin Diallo.<\/p>\n<p>\nToutefois, il n\u2019est pas possible de d\u00e9douaner compl\u00e8tement le froid. Indirectement, il facilite la p\u00e9n\u00e9tration des virus respiratoires dans nos organismes. En hiver, \u00ab\u00a0la circulation des virus respiratoire est plus importante car beaucoup de ces virus sont thermosensibles (sensibles au froid)\u00a0\u00bb, ajoute le praticien.<\/p>\n<p>\n\u00ab\u00a0L\u2019inhalation d\u2019air froid entra\u00eene un refroidissement de la muqueuse des voies respiratoires sup\u00e9rieures, ce qui tend \u00e0 emp\u00eacher les m\u00e9canismes de lutte contre les infections\u00a0\u00bb, expliquent les infectiologues.<\/p>\n<p><b>&#8211; Trop de m\u00e9dicaments\u00a0peut vous rendre plus malades &#8211;<\/b><\/p>\n<p>\nLa surprescription et l&rsquo;autom\u00e9dication rendent aussi les virus et les bact\u00e9ries beaucoup plus r\u00e9sistants.<\/p>\n<p>\nPrenez l&rsquo;exemple d&rsquo;un patient qui garde les m\u00e9dicaments dans son armoire \u00e0 pharmacie, bien apr\u00e8s la fin de la prescription, ou de ce m\u00e9decin qui prescrit et antibiotiques et cortico\u00efdes pour un mal de gorge et un nez pris.<\/p>\n<p>\u00ab\u00a0La surprescription, la surutilisation d&rsquo;antibiotiques et l&rsquo;autom\u00e9dication ce n&rsquo;est pas bon\u00a0\u00bb,\u00a0 rappelait il y a quelque mois le directeur de la veille sanitaire \u00e0 l&rsquo;ARS, le <a href=\"https:\/\/imazpress.com\/actus-reunion\/face-aux-petits-virus-et-bacteries-les-medicaments-peuvent-vous-rendre-encore-plus-malades\" target=\"_blank\" rel=\"nofollow noopener\">professeur Xavier de Paris<\/a>. \u00ab\u00a0Cela permet aux bact\u00e9ries qui ont la capacit\u00e9 de s&rsquo;adapter aux m\u00e9dicaments de devenir r\u00e9sistantes \u00e0 ces antibiotiques.\u00a0\u00bb<\/p>\n<p>\n<img decoding=\"async\" alt=\"\" src=\"https:\/\/imazpress.com\/medias\/static\/images\/Capture%20d\" ecran=\"\" style=\"width: 500px; height: 202px;\"\/><\/p>\n<p>\n\u00c0 La R\u00e9union, il existe d&rsquo;ailleurs un centre r\u00e9gional d&rsquo;antibioth\u00e9rapie avec, comme mission, d&rsquo;information les professionnels de sant\u00e9. \u00ab\u00a0Il faut leur donner les bonnes pratiques car quand on va voir un m\u00e9decin pour un rhume ou un syndrome grippal et ressortir sans antibiotiques c&rsquo;est bien\u00a0\u00bb, ajoutait-il.<\/p>\n<p>\n<a href=\"https:\/\/imazpress.com\/actus-reunion\/face-aux-petits-virus-et-bacteries-les-medicaments-peuvent-vous-rendre-encore-plus-malades\" target=\"_blank\" rel=\"nofollow noopener\">Lire aussi &#8211;\u00a0Face aux \u00ab\u00a0petits\u00a0\u00bb virus et bact\u00e9ries, les m\u00e9dicaments peuvent vous rendre (encore) plus malades<\/a><\/p>\n<p><b>&#8211; Les gestes barri\u00e8res \u00e0 respecter &#8211;<\/b><\/p>\n<p>\n\u00c0 part une petite cuill\u00e8re de miel et du repos, point de rem\u00e8des magiques pour se pr\u00e9munir contre ces virus.<\/p>\n<p>\nSur son site Internet, le minist\u00e8re de la Sant\u00e9 rappelle les \u00e9ternels gestes qui \u00abmarchent\u00bb: \u00e9ternuer dans son coude, se laver les mains r\u00e9guli\u00e8rement avec du savon ou du gel hydroalcoolique, utiliser des mouchoirs \u00e0 usage unique et les jeter tout de suite apr\u00e8s usage, porter un masque jetable, limiter les contacts directs ou via les objets et a\u00e9rer son logement au moins 10 minutes par jour.<\/p>\n<p>\nEnfin, si par malheur vous attrapez l\u2019un ou l\u2019autre de ces virus, il ne sert \u00e0 rien de se jeter sur les antibiotiques. Ces m\u00e9dicaments qui visent les bact\u00e9ries ne peuvent rien contre les virus.\u00a0D\u2019o\u00f9 l\u2019importance de suivre la tr\u00e8s c\u00e9l\u00e8bre expression, \u00ab\u00a0les antibiotiques, ce n\u2019est pas automatique\u00a0\u00bb.<\/p>\n<p><b>ma.m\/www.imazpress.com\/redac@ipreunion.com<\/b><\/p>\n<p class=\"article__tags\">Sant\u00e9, Virus, Bact\u00e9rie, Maladie, Froid, Hiver<\/p>\n","protected":false},"excerpt":{"rendered":"Nous ne sommes pas tous \u00e9gaux face \u00e0 la grippe, au rhume, aux angines. Nous avons tous quelqu\u2019un&hellip;\n","protected":false},"author":2,"featured_media":242806,"comment_status":"","ping_status":"","sticky":false,"template":"","format":"standard","meta":{"footnotes":""},"categories":[10],"tags":[1011,27,72,71],"class_list":{"0":"post-242805","1":"post","2":"type-post","3":"status-publish","4":"format-standard","5":"has-post-thumbnail","7":"category-sante","8":"tag-fr","9":"tag-france","10":"tag-health","11":"tag-sante"},"share_on_mastodon":{"url":"https:\/\/pubeurope.com\/@fr\/114835418269392593","error":""},"_links":{"self":[{"href":"https:\/\/www.europesays.com\/fr\/wp-json\/wp\/v2\/posts\/242805","targetHints":{"allow":["GET"]}}],"collection":[{"href":"https:\/\/www.europesays.com\/fr\/wp-json\/wp\/v2\/posts"}],"about":[{"href":"https:\/\/www.europesays.com\/fr\/wp-json\/wp\/v2\/types\/post"}],"author":[{"embeddable":true,"href":"https:\/\/www.europesays.com\/fr\/wp-json\/wp\/v2\/users\/2"}],"replies":[{"embeddable":true,"href":"https:\/\/www.europesays.com\/fr\/wp-json\/wp\/v2\/comments?post=242805"}],"version-history":[{"count":0,"href":"https:\/\/www.europesays.com\/fr\/wp-json\/wp\/v2\/posts\/242805\/revisions"}],"wp:featuredmedia":[{"embeddable":true,"href":"https:\/\/www.europesays.com\/fr\/wp-json\/wp\/v2\/media\/242806"}],"wp:attachment":[{"href":"https:\/\/www.europesays.com\/fr\/wp-json\/wp\/v2\/media?parent=242805"}],"wp:term":[{"taxonomy":"category","embeddable":true,"href":"https:\/\/www.europesays.com\/fr\/wp-json\/wp\/v2\/categories?post=242805"},{"taxonomy":"post_tag","embeddable":true,"href":"https:\/\/www.europesays.com\/fr\/wp-json\/wp\/v2\/tags?post=242805"}],"curies":[{"name":"wp","href":"https:\/\/api.w.org\/{rel}","templated":true}]}}