{"id":242821,"date":"2025-07-11T16:03:14","date_gmt":"2025-07-11T16:03:14","guid":{"rendered":"https:\/\/www.europesays.com\/fr\/242821\/"},"modified":"2025-07-11T16:03:14","modified_gmt":"2025-07-11T16:03:14","slug":"municipales-a-saint-etienne-lfi-entrera-en-campagne-en-septembre-avec-sa-propre-tete-de-liste","status":"publish","type":"post","link":"https:\/\/www.europesays.com\/fr\/242821\/","title":{"rendered":"Municipales\u00a0\u00e0 Saint-Etienne : LFI entrera en campagne en septembre avec sa propre t\u00eate de liste"},"content":{"rendered":"<p class=\"is-style-chapo\">Au lendemain d\u2019une r\u00e9union avec les autres formations potentiellement partenaires d\u2019une union mardi qualifi\u00e9e de \u00ab\u00a0derni\u00e8re chance\u00a0\u00bb mais \u00ab\u00a0pass\u00e9e \u00bb, la d\u00e9cision de pr\u00e9senter une liste men\u00e9e par un repr\u00e9sentant LFI \u2013 tout restant ouverte \u00e0 l\u2019int\u00e9gration d\u2019alli\u00e9s \u2013 est acquise, d\u00e9clare le parti. Ce qui confirme la teneur d\u2019un communiqu\u00e9 publi\u00e9 lundi dernier. Les discussions ne sont pas rompues et c\u2019est normal que cela prenne du temps, r\u00e9torquent de leur c\u00f4t\u00e9 EELV et le PS. Pendant ce temps, l\u2019association Saint\u00e9 Populaire a tenu une assembl\u00e9e se terminant par une consultation de ses membres sur l\u2019attitude \u00e0 suivre en cas de d\u00e9sunion\u2026<\/p>\n<p><img loading=\"lazy\" decoding=\"async\" width=\"1024\" height=\"576\" src=\"https:\/\/www.europesays.com\/fr\/wp-content\/uploads\/2025\/05\/f1-1024x576.jpg\" alt=\"\" class=\"wp-image-79338\"  \/>Nicolas Preux et Valentine Mercier, co chefs de file de LFI lors de leur pr\u00e9sentation en mai \u00e0 Saint-Etienne. \u00a9If Saint-Etienne \/ Xavier Alix <\/p>\n<p>\u00c7a fissure d\u00e9j\u00e0 \u00e0 droite pendant qu\u2019\u00e0 gauche, le ciment n\u2019a toujours pas pris. Dans le premier cas, Eric Le Jaou\u00ebn, pour Horizons, semble d\u00e9j\u00e0 se d\u00e9solidariser de l\u2019union de sept partis de droite et du centre cens\u00e9e \u00eatre <a href=\"https:\/\/www.if-saint-etienne.fr\/politique-societe\/municipales-2026-a-saint-etienne-a-droite-et-au-centre-sept-dun-coup\" target=\"_blank\" rel=\"noreferrer noopener\">act\u00e9e<\/a> il y a un mois et demi, \u00e0 coup de communiqu\u00e9s isol\u00e9s et de d\u00e9saccord exprim\u00e9 quant \u00e0 la sollicitation de Maurice Vincent et les socio-d\u00e9mocrates \u00e0 les rejoindre (pourtant clairement annonc\u00e9e en sa pr\u00e9sence en mai\u00a0; l\u2019ex maire a refus\u00e9). Dans le second cas, les discussions d\u2019union \u2013 croisant \u00e0 la fois \u00e9l\u00e9ments de programme mais davantage et de plus en plus la d\u00e9signation de la t\u00eate de liste commune ainsi que sa composition \u2013 entre PC, PS, EELV, l\u2019association <a href=\"https:\/\/www.if-saint-etienne.fr\/politique-societe\/municipales-2026-sainte-populaire-donnee-transversale-a-gauche\" target=\"_blank\" rel=\"noreferrer noopener\">Saint\u00e9 Populaire<\/a> et LFI \u00ab\u00a0patinent \u00bb. Et n\u2019ont donc que trop patin\u00e9, estiment les repr\u00e9sentants du dernier parti cit\u00e9. \u00a0\u00a0\u00a0\u00a0<\/p>\n<p>\u00ab\u00a0Il y a plusieurs semaines d\u00e9j\u00e0, le PS annon\u00e7ait son <a href=\"https:\/\/www.if-saint-etienne.fr\/politique-societe\/municipales-2026-a-saint-etienne-regis-juanico-premier-des-socialistes-entendre-tete-de-liste\" target=\"_blank\" rel=\"noreferrer noopener\">candidat<\/a> t\u00eate de liste dans la presse avant m\u00eame de l\u2019\u00e9voquer dans le cadre unitaire, pointait LFI dans un communiqu\u00e9 publi\u00e9 lundi. Or, cette organisation s\u2019\u00e9tant gravement discr\u00e9dit\u00e9e aupr\u00e8s des \u00e9lecteurs-ices par ses choix politiques, nous refusons qu\u2019elle incarne la t\u00eate d\u2019une liste d\u2019union, sans pour autant l\u2019exclure de toute n\u00e9gociation. Dans ces conditions, leur repr\u00e9sentante a alors d\u00e9clar\u00e9 quitter la table unitaire. Les \u00c9cologistes, quant \u00e0 eux, manifestent de l\u2019inconstance au gr\u00e9 des discussions, retardant toute avanc\u00e9e concr\u00e8te. Cependant, aucune organisation pr\u00e9sente ne s\u2019oppose \u00e0 une t\u00eate de liste LFI. C\u2019est une excellente nouvelle puisque les forces de gauche \u00e0 Saint-\u00c9tienne ont la lourde responsabilit\u00e9 de faire advenir en mars 2026 un nouvel ex\u00e9cutif d\u2019union populaire qui r\u00e9ponde \u00e0 l\u2019urgence sociale, d\u00e9mocratique et environnementale.\u00a0\u00bb<\/p>\n<p>\u00ab\u00a0Aucune chance pour que cela bouge\u00a0\u00bb<\/p>\n<p>Pour les Insoumis st\u00e9phanois, \u00ab\u00a0cela exige de lutter contre l\u2019abstention, de mobiliser la jeunesse, d\u2019impliquer les classes populaires et de construire une liste repr\u00e9sentative de toute la population st\u00e9phanoise (\u2026). C\u2019est un travail de longue haleine et c\u2019est pourquoi nous lancerons notre campagne officielle d\u00e8s septembre. D\u2019ici l\u00e0, la ou le candidat-e soutenu-e par notre mouvement pour la fonction de maire aura \u00e9t\u00e9 d\u00e9sign\u00e9-e.\u00a0\u00bb Contact\u00e9e mercredi, deux jours apr\u00e8s ce communiqu\u00e9, au lendemain d\u2019une nouvelle r\u00e9union entre les cinq potentiels partenaires, Valentine Mercier, co cheffe de file des Insoumis pour les Municipales \u00e0 Saint-Etienne, estimait que les discussions avaient assez dur\u00e9 et que ce qui \u00e9tait une \u00ab\u00a0derni\u00e8re chance\u00a0\u00bb, la veille de s\u2019entendre, \u00e9tait pass\u00e9e malgr\u00e9 la tenue d\u2019une derni\u00e8re r\u00e9union estivale d\u2019ici la fin du mois. \u00ab\u00a0Encore des heures hier pour ne pas aborder franchement le sujet, tourner autour du pot et trancher\u2026 La campagne doit d\u00e9marrer en septembre et pas plus tard afin d\u2019aller chercher cet \u00e9lectorat favorable qui ne se mobilise pas habituellement.\u00a0\u00bb<\/p>\n<p>La \u00ab\u00a0Ligne rouge\u00a0\u00bb est inamovible\u00a0: pas de t\u00eate de liste PS. \u00ab\u00a0Nos r\u00e9cents r\u00e9sultats \u00e9lectoraux sur Saint-Etienne parlent pour nous, alors nous n\u2019attendrons pas d\u00e9cembre comme veut faire EELV dont le discours a eu tendance \u00e0 s\u2019aligner sur celui du PS.\u00a0\u00bb Cat\u00e9gorique donc \u2013 \u00ab\u00a0aucune chance pour que cela bouge\u00a0\u00bb \u2013 m\u00eame si la porte reste encore ouverte \u00e0 l\u2019int\u00e9gration d\u2019alli\u00e9s. \u00ab Nous comprenons cette impatience et elle est normale d\u2019autant que le contexte est celui d\u2019une tr\u00e8s grande partie de la population qui veut changer de maire, temp\u00e8re Julie Tokhi d\u2019EELV Saint-Etienne, contact\u00e9e par If. Mais ce n\u2019est pas ind\u00e9passable et pour nous. Il reste du temps. Nous avons \u00e9chang\u00e9 derni\u00e8rement entre nous tous pour d\u00e9terminer des crit\u00e8res les plus objectifs possibles pour d\u00e9signer une t\u00eate de liste. C\u2019est une d\u00e9marche plus constructive, nous pensons, que de d\u00e9signer une ligne rouge absolue et n\u2019avons pas chang\u00e9 de discours puisque nous le disons depuis le d\u00e9but. Alors poursuivons. Nous n\u2019avons pas parl\u00e9 de d\u00e9cembre pour d\u00e9marrer car une campagne commune peut tr\u00e8s bien d\u00e9marrer \u00e0 la rentr\u00e9e sans t\u00eate de liste.\u00a0\u00bb<\/p>\n<p>\u00ab\u00a0Ce n\u2019est pas notre \u00e9tat d\u2019esprit\u00a0\u00bb<\/p>\n<p>C\u00f4t\u00e9 socialiste, Isabelle Dumestre d\u00e9clare \u00e0 IF que \u00ab\u00a0LFI doit veiller \u00e0 ne pas se tromper d\u2019adversaire\u00a0: la droite qui ne peut que profiter de cet affichage. Non, je n\u2019ai jamais quitt\u00e9 la table des n\u00e9gociations, et non, R\u00e9gis Juanico, en tant que \u00ab\u00a0premier des socialistes\u00a0\u00bb n\u2019est pas \u00e0 consid\u00e9rer comme impos\u00e9 aux autres en tant que t\u00eate de liste sans conditions de notre part. Ce n\u2019est pas notre \u00e9tat d\u2019esprit. Un jeu de pression\u00a0? Il semble que ce communiqu\u00e9 en d\u00e9but de semaine est l\u00e0 pour acc\u00e9l\u00e9rer le fait d\u2019acter une d\u00e9sunion. Mais, collectivement, c\u2019est tr\u00e8s loin d\u2019\u00eatre le cas. L\u2019argument du poids \u00e9lectoral, nous pouvons l\u2019avancer aussi. L\u2019\u00e9lection de Pierrick Courbon aux l\u00e9gislatives montre bien que le PS st\u00e9phanois n\u2019est pas un \u00e9pouvantail. Nous avons d\u2019ailleurs continu\u00e9 \u00e0 discuter malgr\u00e9 le refus de primaires de la part de nos partenaires qui dans leurs arguments nous disaient \u00ab\u00a0non, parce que vous allez les gagner\u00a0\u00bb\u00a0! Quant au fait que ce ne va pas assez vite\u2026 Si c\u2019est le souci, pourquoi LFI attend septembre pour Saint-Chamond o\u00f9 l\u2019union\u00a0est d\u00e9j\u00e0 <a href=\"https:\/\/www.if-saint-etienne.fr\/politique-societe\/municipales-2026-a-saint-chamond-lunion-de-la-gauche-ferme-et-complete\" target=\"_blank\" rel=\"noreferrer noopener\">faite<\/a> entre l\u2019ensemble des autres formations ?\u00a0\u00bb<\/p>\n<p>Du c\u00f4t\u00e9 du PC, il semble que l\u2019enjeu de la t\u00eate de liste ne soit pas une probl\u00e9matique \u00e0 condition d\u2019exister dans cette union et avec la m\u00eame ligne tenue depuis le d\u00e9but\u00a0: qu\u2019aucun parti n\u2019\u00e9crase, ne domine sans partage cette alliance. Reste, enfin, l\u2019association <a href=\"https:\/\/www.google.com\/url?sa=t&amp;source=web&amp;rct=j&amp;opi=89978449&amp;url=https:\/\/www.facebook.com\/61563283078508&amp;ved=2ahUKEwiT37e2kbWOAxVXKvsDHVd7LLAQFnoECA8QAQ&amp;usg=AOvVaw26M7Vo5RZhCLvb5VSvFLd3\" target=\"_blank\" rel=\"noreferrer noopener\">Saint\u00e9 Populaire<\/a> qui compte d\u2019ailleurs \u2013 mais entre autres \u2013 des militants, sinon sympathisants des quatre partis. Au lendemain de la derni\u00e8re ICE (Instance consultative ext\u00e9rieure) en date entre les quatre formations mardi, elle tenait une assembl\u00e9e populaire. Son objet n\u2019\u00e9tait pas uniquement les n\u00e9gociations avec les partis sur une t\u00eate de liste et sa composition, tient \u00e0 pr\u00e9ciser une de ses porte-paroles Fanny Vincent\u00a0: \u00ab\u00a0Les trois quarts de l\u2019assembl\u00e9e \u00e9taient \u00e0 nouveau consacr\u00e9s au programme, \u00e0 affiner nos priorit\u00e9s, le type d\u2019\u00e9lus que nous souhaitons et leur capacit\u00e9 \u00e0 promouvoir une r\u00e9elle d\u00e9mocratie locale.\u00a0\u00bb Il y a cependant eu un vote sur quatre questions en fin de s\u00e9ance autour des n\u00e9gociations actuellement men\u00e9es.<\/p>\n<p>Saint\u00e9 Populaire \u00ab\u00a0plut\u00f4t\u00a0\u00bb favorable \u00e0 LFI mais\u2026<\/p>\n<p>73 voix exprim\u00e9es sur quatre questions indiquant, d\u00e9j\u00e0, pour la premi\u00e8re, la volont\u00e9 claire de continuer \u00e0 exister fermement hors des appareils politiques. Mais volont\u00e9 plus partag\u00e9e sur l\u2019id\u00e9e d\u2019une \u00ab\u00a0liste autonome\u00a0\u00bb \u00ab\u00a0en cas d\u2019\u00e9clatement du NFP\u00a0\u00bb\u00a0: 36 voix plut\u00f4t ou tout \u00e0 fait pour, contre 29 \u00e0 l\u2019oppos\u00e9e (8 ind\u00e9cis). Plus net\u00a0: 66 voix favorables contre 3 (4 ind\u00e9cis) pour s\u2019associer, toujours en cas de d\u00e9sunion act\u00e9e, avec au moins un des partis en question. Enfin, via un <a href=\"https:\/\/www.if-saint-etienne.fr\/election-presidentielle-2022\/et-si-on-essayait-de-voter-autrement\" target=\"_blank\" rel=\"noreferrer noopener\">syst\u00e8me<\/a> de 4 points par votant \u00e0 repartir entre ces quatre derniers, une quatri\u00e8me question demandait avec qui s\u2019associer en cas de pr\u00e9sence de plusieurs listes de gauche. LFI en sort largement vainqueur avec 134 points, 62 pour les \u00e9cologistes, 46 pour le PC, 16 pour le PS. D\u00e9duction exprim\u00e9e par Fanny Vincent\u00a0: \u00ab\u00a0Le PS suscite donc une certaine d\u00e9fiance d\u00e9j\u00e0 per\u00e7ue depuis le d\u00e9but de nos d\u00e9bats mais l\u00e0, du coup officialis\u00e9e par vote.\u00a0\u00bb<\/p>\n<p>En revanche, \u00ab\u00a0malgr\u00e9 l\u2019avance de LFI, EELV et le PC ne font pas pour autant l\u2019objet d\u2019un rejet, loin de l\u00e0. Quoi qu\u2019il en soit, notre d\u00e9marche restera pleine et ind\u00e9pendante de tout parti, LFI ou autres. Cet enlisement, nous le constatons aussi autour de la d\u00e9termination d\u2019une t\u00eate liste dans le cadre de l\u2019ICE. Nous sommes plut\u00f4t d\u2019accord pour dire qu\u2019il faut d\u00e9marrer la campagne \u00e0 la rentr\u00e9e. Ce que nous allons proposer d\u2019ici l\u00e0 aux partis du coup, c\u2019est de d\u00e9signer une t\u00eate de liste non encart\u00e9e. Ce qui ne veut pas dire forc\u00e9ment membre de Saint\u00e9 Populaire mais \u00ab\u00a0citoyenne\u00a0\u00bb. Nous entendons par l\u00e0, non encart\u00e9e qui n\u2019est pas \u00ab\u00a0professionnelle\u00a0\u00bb de la politique avec le parcours type d\u2019attach\u00e9 puis encha\u00eenant les mandats.\u00a0\u00bb Et apr\u00e8s\u00a0? Si cette proposition n\u2019aboutit pas\u00a0non plus ? \u00ab Nous ne pouvons rien annoncer en avance parce que ce n\u2019est pas d\u00e9termin\u00e9 \u00e0 l\u2019avance. Il y aura, comme toujours, une consultation vis-\u00e0-vis de la situation constat\u00e9e \u00e0 la rentr\u00e9e, voil\u00e0 tout.\u00a0\u00bb<\/p>\n","protected":false},"excerpt":{"rendered":"Au lendemain d\u2019une r\u00e9union avec les autres formations potentiellement partenaires d\u2019une union mardi qualifi\u00e9e de \u00ab\u00a0derni\u00e8re chance\u00a0\u00bb mais&hellip;\n","protected":false},"author":2,"featured_media":242822,"comment_status":"","ping_status":"","sticky":false,"template":"","format":"standard","meta":{"footnotes":""},"categories":[9653],"tags":[1111,11,2430,2286,15916,15917,1777,674,1011,27,18897,18898,12,38238,38239,25,4001,31911],"class_list":{"0":"post-242821","1":"post","2":"type-post","3":"status-publish","4":"format-standard","5":"has-post-thumbnail","7":"category-saint-etienne","8":"tag-actu","9":"tag-actualites","10":"tag-auvergne-rhone-alpes","11":"tag-eelv","12":"tag-electif","13":"tag-elections-municipales-saint-etienne","14":"tag-eu","15":"tag-europe","16":"tag-fr","17":"tag-france","18":"tag-lfi-loire","19":"tag-municipales-saint-etienne","20":"tag-news","21":"tag-pc-loire","22":"tag-ps-loire","23":"tag-republique-francaise","24":"tag-saint-etienne","25":"tag-sainte-populaire"},"share_on_mastodon":{"url":"https:\/\/pubeurope.com\/@fr\/114835449827472698","error":""},"_links":{"self":[{"href":"https:\/\/www.europesays.com\/fr\/wp-json\/wp\/v2\/posts\/242821","targetHints":{"allow":["GET"]}}],"collection":[{"href":"https:\/\/www.europesays.com\/fr\/wp-json\/wp\/v2\/posts"}],"about":[{"href":"https:\/\/www.europesays.com\/fr\/wp-json\/wp\/v2\/types\/post"}],"author":[{"embeddable":true,"href":"https:\/\/www.europesays.com\/fr\/wp-json\/wp\/v2\/users\/2"}],"replies":[{"embeddable":true,"href":"https:\/\/www.europesays.com\/fr\/wp-json\/wp\/v2\/comments?post=242821"}],"version-history":[{"count":0,"href":"https:\/\/www.europesays.com\/fr\/wp-json\/wp\/v2\/posts\/242821\/revisions"}],"wp:featuredmedia":[{"embeddable":true,"href":"https:\/\/www.europesays.com\/fr\/wp-json\/wp\/v2\/media\/242822"}],"wp:attachment":[{"href":"https:\/\/www.europesays.com\/fr\/wp-json\/wp\/v2\/media?parent=242821"}],"wp:term":[{"taxonomy":"category","embeddable":true,"href":"https:\/\/www.europesays.com\/fr\/wp-json\/wp\/v2\/categories?post=242821"},{"taxonomy":"post_tag","embeddable":true,"href":"https:\/\/www.europesays.com\/fr\/wp-json\/wp\/v2\/tags?post=242821"}],"curies":[{"name":"wp","href":"https:\/\/api.w.org\/{rel}","templated":true}]}}