{"id":242825,"date":"2025-07-11T16:05:13","date_gmt":"2025-07-11T16:05:13","guid":{"rendered":"https:\/\/www.europesays.com\/fr\/242825\/"},"modified":"2025-07-11T16:05:13","modified_gmt":"2025-07-11T16:05:13","slug":"sous-sols-enfumes-les-residents-de-limmeuble-evacues","status":"publish","type":"post","link":"https:\/\/www.europesays.com\/fr\/242825\/","title":{"rendered":"sous-sols enfum\u00e9s, les r\u00e9sidents de l\u2019immeuble \u00e9vacu\u00e9s"},"content":{"rendered":"<p>Les pompiers de la caserne de Vandoeuvre sont intervenus vendredi 11\u00a0juillet, vers 15\u00a0h, \u00e0 Jarville, \u00e0 la suite d\u2019un d\u00e9part de feu localis\u00e9 au niveau d\u2019une chaudi\u00e8re \u00e0 gaz qui venait de faire l\u2019objet d\u2019une intervention de la part d\u2019un chauffagiste.<\/p>\n<p>Le sinistre s\u2019est d\u00e9clar\u00e9 dans les sous-sols d\u2019un immeuble du 25, rue Rapha\u00ebl-Lang, \u00e0 la limite entre Vandoeuvre et Jarville. Les r\u00e9sidents ont \u00e9t\u00e9 \u00e9vacu\u00e9s le temps que la dizaine de pompiers plac\u00e9e sous le commandement du lieutenant Dylan Rocher proc\u00e8de \u00e0 l\u2019extinction et \u00e0 une intense ventilation des locaux.<\/p>\n<p>Aucun bless\u00e9 n\u2019est \u00e0 d\u00e9plorer. La police \u00e9tait sur place afin de s\u00e9curiser l\u2019intervention.<\/p>\n","protected":false},"excerpt":{"rendered":"Les pompiers de la caserne de Vandoeuvre sont intervenus vendredi 11\u00a0juillet, vers 15\u00a0h, \u00e0 Jarville, \u00e0 la suite&hellip;\n","protected":false},"author":2,"featured_media":242826,"comment_status":"","ping_status":"","sticky":false,"template":"","format":"standard","meta":{"footnotes":""},"categories":[9635],"tags":[1111,11,1704,1777,674,274,1011,27,775,1310,9648,9649,3457,1702,12,25],"class_list":{"0":"post-242825","1":"post","2":"type-post","3":"status-publish","4":"format-standard","5":"has-post-thumbnail","7":"category-nancy","8":"tag-actu","9":"tag-actualites","10":"tag-edition-nancy-et-agglomeration","11":"tag-eu","12":"tag-europe","13":"tag-faits-divers-justice","14":"tag-fr","15":"tag-france","16":"tag-grand-est","17":"tag-incendie","18":"tag-jarville-la-malgrange","19":"tag-metropole-du-grand-nancy-54b2","20":"tag-meurthe-et-moselle","21":"tag-nancy","22":"tag-news","23":"tag-republique-francaise"},"share_on_mastodon":{"url":"https:\/\/pubeurope.com\/@fr\/114835457457040464","error":""},"_links":{"self":[{"href":"https:\/\/www.europesays.com\/fr\/wp-json\/wp\/v2\/posts\/242825","targetHints":{"allow":["GET"]}}],"collection":[{"href":"https:\/\/www.europesays.com\/fr\/wp-json\/wp\/v2\/posts"}],"about":[{"href":"https:\/\/www.europesays.com\/fr\/wp-json\/wp\/v2\/types\/post"}],"author":[{"embeddable":true,"href":"https:\/\/www.europesays.com\/fr\/wp-json\/wp\/v2\/users\/2"}],"replies":[{"embeddable":true,"href":"https:\/\/www.europesays.com\/fr\/wp-json\/wp\/v2\/comments?post=242825"}],"version-history":[{"count":0,"href":"https:\/\/www.europesays.com\/fr\/wp-json\/wp\/v2\/posts\/242825\/revisions"}],"wp:featuredmedia":[{"embeddable":true,"href":"https:\/\/www.europesays.com\/fr\/wp-json\/wp\/v2\/media\/242826"}],"wp:attachment":[{"href":"https:\/\/www.europesays.com\/fr\/wp-json\/wp\/v2\/media?parent=242825"}],"wp:term":[{"taxonomy":"category","embeddable":true,"href":"https:\/\/www.europesays.com\/fr\/wp-json\/wp\/v2\/categories?post=242825"},{"taxonomy":"post_tag","embeddable":true,"href":"https:\/\/www.europesays.com\/fr\/wp-json\/wp\/v2\/tags?post=242825"}],"curies":[{"name":"wp","href":"https:\/\/api.w.org\/{rel}","templated":true}]}}