{"id":242827,"date":"2025-07-11T16:08:20","date_gmt":"2025-07-11T16:08:20","guid":{"rendered":"https:\/\/www.europesays.com\/fr\/242827\/"},"modified":"2025-07-11T16:08:20","modified_gmt":"2025-07-11T16:08:20","slug":"noel-a-nancy-le-plus-beau-parcours-decouverte","status":"publish","type":"post","link":"https:\/\/www.europesays.com\/fr\/242827\/","title":{"rendered":"No\u00ebl \u00e0 Nancy : Le plus beau parcours-d\u00e9couverte"},"content":{"rendered":"<p style=\"text-align: justify;\">Vous connaissez <a href=\"https:\/\/mon-grand-est.fr\/nancy\/\" target=\"_blank\" rel=\"noopener\">Nancy<\/a> pour les festivit\u00e9s de la Saint-Nicolas ? Pour sa belle place Stanislas magnifiquement \u00e9clair\u00e9e la nuit ? Pour ses mus\u00e9es d\u2019art ? Pendant la p\u00e9riode de l\u2019Avent, Nancy est une f\u00eate ! Elle s\u2019improvise Ville-Lumi\u00e8re. Elle surprend par ses illuminations et ses d\u00e9corations ! La capitale des ducs de Lorraine \u00e9tait justement la premi\u00e8re \u00e9tape\u00a0de notre dernier \u00ab\u00a0<a href=\"https:\/\/mon-grand-est.fr\/voyage-de-noel-en-alsace-lorraine\/\" target=\"_blank\" rel=\"noopener\">Voyage de No\u00ebl<\/a>\u00a0\u00bb en Alsace-Lorraine. Pendant deux jours, j\u2019ai arpent\u00e9 les rues et les places de la ville. C\u2019est ce <strong>parcours-d\u00e9couverte de No\u00ebl \u00e0 Nancy<\/strong> que j\u2019ai le plaisir de vous partager.<\/p>\n<\/p>\n<p>\u00a0<\/p>\n<p>Pourquoi j\u2019ai voulu d\u00e9couvrir\u00a0No\u00ebl \u00e0 Nancy !<\/p>\n<p style=\"text-align: justify;\">Ainsi, en cette fin novembre 2018, j\u2019ai quitt\u00e9 mes Alpes de Savoie pour atteindre Nancy, la 1e \u00e9tape de notre <a href=\"https:\/\/mon-grand-est.fr\/voyage-de-noel-en-alsace-lorraine\/\" target=\"_blank\" rel=\"noopener\">Voyage de No\u00ebl<\/a>. Apr\u00e8s une longue route \u00e0 travers le Jura, la Franche-Comt\u00e9 et les Vosges, j\u2019avais\u00a0h\u00e2te de d\u00e9couvrir la saison de No\u00ebl \u00e0\u00a0Nancy. Une saison qui a pour nom \u00ab\u00a0<strong>Les F\u00eates de Saint-Nicolas<\/strong>\u00ab\u00a0.<\/p>\n<p><img loading=\"lazy\" decoding=\"async\" class=\"wp-image-10160\" src=\"https:\/\/www.europesays.com\/fr\/wp-content\/uploads\/2025\/07\/Voyage-de-No\u00ebl-2018-\u00a9-French-Moments.jpg\" alt=\"Voyage de No\u00ebl 2018 \u00a9 French Moments\" width=\"450\" height=\"535\" data-jpibfi-post-excerpt=\"\" data-jpibfi-post-url=\"https:\/\/mon-grand-est.fr\/noel-a-nancy\/\" data-jpibfi-post-title=\"No\u00ebl \u00e0 Nancy : Le plus beau parcours-d\u00e9couverte\" data-jpibfi-src=\"https:\/\/www.europesays.com\/fr\/wp-content\/uploads\/2025\/07\/Voyage-de-No\u00ebl-2018-\u00a9-French-Moments.jpg\"  \/>Mon r\u00e9cent voyage de No\u00ebl en Alsace-Lorraine \u00a9 French Moments<\/p>\n<p>\u00a0<\/p>\n<p style=\"text-align: justify;\">J\u2019ai \u00e9t\u00e9 agr\u00e9ablement surpris. Car si les illuminations de la <a href=\"https:\/\/mon-grand-est.fr\/place-stanislas\/\" target=\"_blank\" rel=\"noopener\">place Stanislas<\/a> sont un spectacle incontournable, Nancy r\u00e9serve d\u2019autres belles surprises.<\/p>\n<p style=\"text-align: justify;\">Je connais Nancy\u00a0de\u00a0nuit pour avoir visit\u00e9 la ville \u00e0 plusieurs reprises en \u00e9t\u00e9. Mais d\u00e9couvrir Nancy\u00a0pendant l\u2019<a href=\"https:\/\/mon-grand-est.fr\/periode-de-lavent\/\" target=\"_blank\" rel=\"noopener\">Avent<\/a> \u00e9tait une exp\u00e9rience toute aussi enchant\u00e9e\u00a0que surprenante.<\/p>\n<p><img loading=\"lazy\" decoding=\"async\" class=\"size-full wp-image-13494\" src=\"https:\/\/www.europesays.com\/fr\/wp-content\/uploads\/2025\/07\/Nancy-Place-Stanislas-Christmas-02-\u00a9-French-Moments.jpg\" alt=\"No\u00ebl \u00e0 Nancy \u00a9 French Moments\" width=\"1200\" height=\"805\" data-jpibfi-post-excerpt=\"\" data-jpibfi-post-url=\"https:\/\/mon-grand-est.fr\/noel-a-nancy\/\" data-jpibfi-post-title=\"No\u00ebl \u00e0 Nancy : Le plus beau parcours-d\u00e9couverte\" data-jpibfi-src=\"https:\/\/www.europesays.com\/fr\/wp-content\/uploads\/2025\/07\/Nancy-Place-Stanislas-Christmas-02-\u00a9-French-Moments.jpg\"  \/>Sur la place Stanislas \u00e0 Nancy \u00a9 French Moments<\/p>\n<p>\u00a0<\/p>\n<p style=\"text-align: justify;\">Imaginez\u00a0<strong>la f\u00e9\u00e9rie des illuminations \u00e0 la tomb\u00e9e de la nuit<\/strong>. La place Stanislas et son grand sapin, bien s\u00fbr. Mais \u00e9galement la place de la Carri\u00e8re et sa grande-roue, la <a href=\"https:\/\/mon-grand-est.fr\/vieille-ville-de-nancy\/\" target=\"_blank\" rel=\"noopener\">Ville-Vieille<\/a>\u00a0et ses demeures de la Renaissance, le village de Saint-Nicolas sur la place Charles III. L\u2019enchantement des chalets d\u00e9cor\u00e9s et les guirlandes lumineuses <strong>qui font de Nancy une f\u00eate<\/strong> pendant tout le mois de d\u00e9cembre.<\/p>\n<p>\u00a0<\/p>\n<p>A la d\u00e9couverte de No\u00ebl \u00e0 Nancy<\/p>\n<p style=\"text-align: justify;\">Les attractions de No\u00ebl \u00e0 Nancy sont concentr\u00e9es dans la ville historique, de la place Charles III \u00e0 la porte de la Craffe, en passant par la place Stanislas. D\u00e9ambuler \u00e0 pied d\u2019un site\u00a0\u00e0 l\u2019autre permet de se familiariser avec les b\u00e2timents et monuments historiques\u00a0de la ville.<\/p>\n<p style=\"text-align: justify;\">Pour vous, j\u2019ai con\u00e7u<strong> un\u00a0parcours de visite reliant\u00a0les 5 villages des F\u00eates de Saint-Nicolas \u00e0 Nancy<\/strong>. Il vous permettra de d\u00e9couvrir des ambiances et illuminations diff\u00e9rentes\u2026 et compl\u00e9mentaires !<\/p>\n<p style=\"text-align: justify;\">Pour suivre le fil de ma visite de No\u00ebl \u00e0 Nancy, rien de mieux qu\u2019une carte !<\/p>\n<ul>\n<li style=\"text-align: justify;\">Longueur du parcours-d\u00e9couverte : <strong>4\u00a0km environ<\/strong><\/li>\n<li style=\"text-align: justify;\">Dur\u00e9e de la balade : <strong>environ 2h<\/strong>\u2026 mais bien plus si vous souhaitez d\u00e9couvrir chaque chalet du village de Saint-Nicolas et visiter le mus\u00e9e des beaux-arts<\/li>\n<\/ul>\n<p style=\"text-align: justify;\">D\u2019ailleurs, j\u2019ai eu besoin de deux journ\u00e9es pour d\u00e9couvrir toutes les attractions de No\u00ebl \u00e0 Nancy. Si vous incluez les visites des mus\u00e9es et monuments (mus\u00e9e des Beaux-Arts, cath\u00e9drale, grande-roue, patinoire\u2026 sans oublier le shopping), il est pr\u00e9f\u00e9rable de rester au moins 2 jours. Ce serait dommage de b\u00e2cler votre s\u00e9jour \u00e0 Nancy !<\/p>\n<p>\u00a0<\/p>\n<p>Le parcours-d\u00e9couverte de No\u00ebl \u00e0 Nancy !<\/p>\n<p style=\"text-align: justify;\">Si le parcours s\u2019av\u00e8re trop long pour vous (et que vous restez deux jours \u00e0 Nancy), vous pouvez le scinder en deux ou plusieurs parties !<\/p>\n<p style=\"text-align: justify;\">Par exemple :\u00a0<\/p>\n<ul>\n<li style=\"text-align: justify;\"><strong>journ\u00e9e 1<\/strong> \u2013 la vieille-ville, mus\u00e9e des beaux-arts,\u00a0la place Stanislas et la place de la Carri\u00e8re<\/li>\n<li style=\"text-align: justify;\"><strong>journ\u00e9e 2<\/strong> \u2013 le quartier de la gare (patinoire), le village de St Nicolas (place Charles III), mus\u00e9e de l\u2019Ecole de Nancy (hors parcours)<\/li>\n<\/ul>\n<p style=\"text-align: justify;\">Allez, c\u2019est parti avec la premi\u00e8re \u00e9tape de mon s\u00e9jour : direction l\u2019h\u00f4tel !<\/p>\n<p>\u00a0<\/p>\n<p>Un h\u00f4tel de charme au c\u0153ur de la vieille-ville historique<\/p>\n<p style=\"text-align: justify;\">Pendant ce s\u00e9jour, j\u2019ai \u00e9t\u00e9 h\u00e9berg\u00e9 \u00e0 l\u2019<strong><a href=\"https:\/\/www.booking.com\/hotel\/fr\/hotel-de-guise.en.html?aid=1673480&amp;no_rooms=1&amp;group_adults=1\" target=\"_blank\" rel=\"noopener noreferrer\">H\u00f4tel de Guise***<\/a><\/strong>, situ\u00e9 18\u00a0rue de Guise\u00a0\u00e0 Nancy.<\/p>\n<p><img loading=\"lazy\" decoding=\"async\" class=\"size-full wp-image-11101\" src=\"https:\/\/www.europesays.com\/fr\/wp-content\/uploads\/2025\/07\/Hotel-de-Guise-Nancy-\u00a9-French-Moments.jpg\" alt=\"L'H\u00f4tel de Guise \u00e0 Nancy \u00a9 French Moments\" width=\"1200\" height=\"804\" data-jpibfi-post-excerpt=\"\" data-jpibfi-post-url=\"https:\/\/mon-grand-est.fr\/noel-a-nancy\/\" data-jpibfi-post-title=\"No\u00ebl \u00e0 Nancy : Le plus beau parcours-d\u00e9couverte\" data-jpibfi-src=\"https:\/\/www.europesays.com\/fr\/wp-content\/uploads\/2025\/07\/Hotel-de-Guise-Nancy-\u00a9-French-Moments.jpg\"  \/>L\u2019H\u00f4tel de Guise \u00e0 Nancy \u00a9 French Moments<\/p>\n<p style=\"text-align: justify;\">On ne peut pas trouver d\u2019emplacement plus central\u00a0pour d\u00e9couvrir le centre historique de Nancy\u00a0!<\/p>\n<p style=\"text-align: justify;\">Comme son nom l\u2019indique, l\u2019H\u00f4tel de Guise est situ\u00e9 dans la rue \u00e9ponyme, \u00e0 deux pas du Palais ducal et de la place Saint-Epvre. La place Stanislas n\u2019est qu\u2019\u00e0 5-10 minutes \u00e0 pied.<\/p>\n<p style=\"text-align: justify;\">L\u2019h\u00f4tel occupe un h\u00f4tel particulier\u00a0de la Renaissance aux chambres confortables et douillettes. Invit\u00e9 par Nancy Tourisme, j\u2019ai eu la chance d\u2019occuper une chambre au calme.<\/p>\n<p style=\"text-align: justify;\"><a href=\"https:\/\/www.booking.com\/hotel\/fr\/hotel-de-guise.en.html?aid=1673480&amp;no_rooms=1&amp;group_adults=1\" target=\"_blank\" rel=\"noopener noreferrer\">R\u00e9servez votre chambre \u00e0 l\u2019H\u00f4tel de Guise***\u2026<\/a><\/p>\n<p>\u00a0<\/p>\n<p>D\u00e9couverte de la Ville-Vieille \u00e0 la tomb\u00e9e de la nuit<\/p>\n<p style=\"text-align: justify;\">C\u2019est la fin de la journ\u00e9e ? La nuit approche ? Le moment id\u00e9al pour d\u00e9buter\u00a0notre balade.<\/p>\n<p>\u00a0<\/p>\n<p>La Grande-Rue et ses devantures<\/p>\n<p style=\"text-align: justify;\">Commen\u00e7ons notre d\u00e9couverte de Nancy\u00a0\u00e0 No\u00ebl par le quartier historique dans lequel se situe notre h\u00f4tel : la <a href=\"https:\/\/mon-grand-est.fr\/vieille-ville-de-nancy\/\" target=\"_blank\" rel=\"noopener\">Ville-Vieille<\/a>. Longez la rue de Guise jusqu\u2019\u00e0 la <strong>Grande-Rue<\/strong> puis prendre \u00e0 gauche. Remarquez les anciennes devantures des boutiques. A la tomb\u00e9e de la nuit, elles offrent\u00a0une ambiance feutr\u00e9e et \u00ab\u00a0vieille-France\u00a0\u00bb.<\/p>\n<p><img loading=\"lazy\" decoding=\"async\" class=\"size-full wp-image-13482\" src=\"https:\/\/www.europesays.com\/fr\/wp-content\/uploads\/2025\/07\/Nancy-Grande-Rue-Christmas-03-\u00a9-French-Moments.jpg\" alt=\"No\u00ebl \u00e0 Nancy \u00a9 French Moments\" width=\"1200\" height=\"801\" data-jpibfi-post-excerpt=\"\" data-jpibfi-post-url=\"https:\/\/mon-grand-est.fr\/noel-a-nancy\/\" data-jpibfi-post-title=\"No\u00ebl \u00e0 Nancy : Le plus beau parcours-d\u00e9couverte\" data-jpibfi-src=\"https:\/\/www.europesays.com\/fr\/wp-content\/uploads\/2025\/07\/Nancy-Grande-Rue-Christmas-03-\u00a9-French-Moments.jpg\"  \/>La Grande-Rue pendant la saison de No\u00ebl \u00a9 French Moments<img loading=\"lazy\" decoding=\"async\" class=\"size-full wp-image-13484\" src=\"https:\/\/www.europesays.com\/fr\/wp-content\/uploads\/2025\/07\/Nancy-Grande-Rue-Christmas-05-\u00a9-French-Moments.jpg\" alt=\"No\u00ebl \u00e0 Nancy \u00a9 French Moments\" width=\"805\" height=\"1200\" data-jpibfi-post-excerpt=\"\" data-jpibfi-post-url=\"https:\/\/mon-grand-est.fr\/noel-a-nancy\/\" data-jpibfi-post-title=\"No\u00ebl \u00e0 Nancy : Le plus beau parcours-d\u00e9couverte\" data-jpibfi-src=\"https:\/\/www.europesays.com\/fr\/wp-content\/uploads\/2025\/07\/Nancy-Grande-Rue-Christmas-05-\u00a9-French-Moments.jpg\"  \/>Vieille devanture de boutique, Grande-Rue \u00a9 French Moments<img loading=\"lazy\" decoding=\"async\" class=\"size-full wp-image-13481\" src=\"https:\/\/www.europesays.com\/fr\/wp-content\/uploads\/2025\/07\/Nancy-Grande-Rue-Christmas-02-\u00a9-French-Moments.jpg\" alt=\"No\u00ebl \u00e0 Nancy \u00a9 French Moments\" width=\"1200\" height=\"801\" data-jpibfi-post-excerpt=\"\" data-jpibfi-post-url=\"https:\/\/mon-grand-est.fr\/noel-a-nancy\/\" data-jpibfi-post-title=\"No\u00ebl \u00e0 Nancy : Le plus beau parcours-d\u00e9couverte\" data-jpibfi-src=\"https:\/\/www.europesays.com\/fr\/wp-content\/uploads\/2025\/07\/Nancy-Grande-Rue-Christmas-02-\u00a9-French-Moments.jpg\"  \/>Vitrine d\u2019une boutique de la Grande-Rue \u00a9 French Moments<img loading=\"lazy\" decoding=\"async\" class=\"size-full wp-image-10180\" src=\"https:\/\/www.europesays.com\/fr\/wp-content\/uploads\/2025\/07\/Nancy-GrandRue-Christmas-02-\u00a9-French-Moments.jpg\" alt=\"Grand'Rue \u00e0 Nancy \u00a9 French Moments\" width=\"800\" height=\"1200\" data-jpibfi-post-excerpt=\"\" data-jpibfi-post-url=\"https:\/\/mon-grand-est.fr\/noel-a-nancy\/\" data-jpibfi-post-title=\"No\u00ebl \u00e0 Nancy : Le plus beau parcours-d\u00e9couverte\" data-jpibfi-src=\"https:\/\/www.europesays.com\/fr\/wp-content\/uploads\/2025\/07\/Nancy-GrandRue-Christmas-02-\u00a9-French-Moments.jpg\"  \/>P\u00e2tisserie de la Grand\u2019Rue \u00e0 Nancy \u00a9 French Moments<img loading=\"lazy\" decoding=\"async\" class=\"size-full wp-image-10179\" src=\"https:\/\/www.europesays.com\/fr\/wp-content\/uploads\/2025\/07\/Nancy-GrandRue-Christmas-01-\u00a9-French-Moments.jpg\" alt=\"Grand'Rue \u00e0 Nancy \u00a9 French Moments\" width=\"1200\" height=\"801\" data-jpibfi-post-excerpt=\"\" data-jpibfi-post-url=\"https:\/\/mon-grand-est.fr\/noel-a-nancy\/\" data-jpibfi-post-title=\"No\u00ebl \u00e0 Nancy : Le plus beau parcours-d\u00e9couverte\" data-jpibfi-src=\"https:\/\/www.europesays.com\/fr\/wp-content\/uploads\/2025\/07\/Nancy-GrandRue-Christmas-01-\u00a9-French-Moments.jpg\"  \/>Librairie de la Grand\u2019Rue \u00e0 Nancy \u00a9 French Moments<\/p>\n<p>\u00a0<\/p>\n<p>La porte de la Craffe et le Hameau des artistes<\/p>\n<p style=\"text-align: justify;\">La <strong>Porte de la Craffe<\/strong> appara\u00eet soudain toute \u00e9clair\u00e9e.\u00a0A l\u2019int\u00e9rieur, voyez les trois g\u00e9ants en papier repr\u00e9sentant les personnages de la l\u00e9gende.<\/p>\n<p><img loading=\"lazy\" decoding=\"async\" class=\"size-full wp-image-13561\" src=\"https:\/\/www.europesays.com\/fr\/wp-content\/uploads\/2025\/07\/Nancy-Porte-de-la-Craffe-Christmas-01-\u00a9-French-Moments.jpg\" alt=\"No\u00ebl \u00e0 Nancy \u00a9 French Moments\" width=\"1200\" height=\"801\" data-jpibfi-post-excerpt=\"\" data-jpibfi-post-url=\"https:\/\/mon-grand-est.fr\/noel-a-nancy\/\" data-jpibfi-post-title=\"No\u00ebl \u00e0 Nancy : Le plus beau parcours-d\u00e9couverte\" data-jpibfi-src=\"https:\/\/www.europesays.com\/fr\/wp-content\/uploads\/2025\/07\/Nancy-Porte-de-la-Craffe-Christmas-01-\u00a9-French-Moments.jpg\"  \/>La porte de la Craffe illumin\u00e9e \u00a9 French Moments<\/p>\n<p>\u00a0<\/p>\n<p style=\"text-align: justify;\">Devant le monument, sur la petite place des Bourgets, se trouvent les chalets du <strong>Hameau des artistes<\/strong>.<\/p>\n<p><img loading=\"lazy\" decoding=\"async\" class=\"size-full wp-image-13483\" src=\"https:\/\/www.europesays.com\/fr\/wp-content\/uploads\/2025\/07\/Nancy-Grande-Rue-Christmas-04-\u00a9-French-Moments.jpg\" alt=\"No\u00ebl \u00e0 Nancy \u00a9 French Moments\" width=\"1200\" height=\"801\" data-jpibfi-post-excerpt=\"\" data-jpibfi-post-url=\"https:\/\/mon-grand-est.fr\/noel-a-nancy\/\" data-jpibfi-post-title=\"No\u00ebl \u00e0 Nancy : Le plus beau parcours-d\u00e9couverte\" data-jpibfi-src=\"https:\/\/www.europesays.com\/fr\/wp-content\/uploads\/2025\/07\/Nancy-Grande-Rue-Christmas-04-\u00a9-French-Moments.jpg\"  \/>La place des Bourgets et la Grande-Rue \u00a9 French Moments<\/p>\n<p>\u00a0<\/p>\n<p style=\"text-align: justify;\">Il est organis\u00e9 par l\u2019association des commer\u00e7ants de la Grande-Rue et la MJC Lillebonne. Les chalets sont occup\u00e9s par un collectif de cr\u00e9ateurs : graphistes, plasticiens, sculpteurs, artisans d\u2019art\u2026<\/p>\n<p style=\"text-align: justify;\">Rebroussez chemin et marchez le long de la Grande-Rue en direction du Palais ducal.<\/p>\n<p>\u00a0<\/p>\n<p>L\u2019\u00e9glise des Cordeliers et le Palais ducal<\/p>\n<p style=\"text-align: justify;\">Si <strong>l\u2019\u00e9glise des Cordeliers<\/strong> est ouverte, allez jeter un \u0153il \u00e0 l\u2019int\u00e9rieur. Le sanctuaire, attenant au Palais ducal, porte le surnom de \u00ab\u00a0Saint-Denis lorrain\u00a0\u00bb. En effet, on y trouve les tombeaux de nombreux ducs et duchesses de Lorraine.<\/p>\n<p><img loading=\"lazy\" decoding=\"async\" class=\"size-full wp-image-13517\" src=\"https:\/\/www.europesays.com\/fr\/wp-content\/uploads\/2025\/07\/Nancy-Stained-Glass-Cordeliers-Church-\u00a9-French-Moments.jpg\" alt=\"Eglise des Cordeliers, Nancy \u00a9 French Moments\" width=\"1200\" height=\"801\" data-jpibfi-post-excerpt=\"\" data-jpibfi-post-url=\"https:\/\/mon-grand-est.fr\/noel-a-nancy\/\" data-jpibfi-post-title=\"No\u00ebl \u00e0 Nancy : Le plus beau parcours-d\u00e9couverte\" data-jpibfi-src=\"https:\/\/www.europesays.com\/fr\/wp-content\/uploads\/2025\/07\/Nancy-Stained-Glass-Cordeliers-Church-\u00a9-French-Moments.jpg\"  \/>Le vitrail de l\u2019\u00e9glise des Cordeliers, Nancy \u00a9 French Moments<\/p>\n<p>\u00a0<\/p>\n<p style=\"text-align: justify;\">Admirez le site \u00e0 l\u2019angle de l\u2019\u00e9glise et de la Grande-Rue. Au loin se profile le clocher et la fl\u00e8che de l\u2019\u00e9glise Saint-Epvre.<\/p>\n<p><img loading=\"lazy\" decoding=\"async\" class=\"size-full wp-image-10181\" src=\"https:\/\/www.europesays.com\/fr\/wp-content\/uploads\/2025\/07\/Nancy-GrandRue-Christmas-03-\u00a9-French-Moments.jpg\" alt=\"Grand'Rue \u00e0 Nancy \u00a9 French Moments\" width=\"1200\" height=\"801\" data-jpibfi-post-excerpt=\"\" data-jpibfi-post-url=\"https:\/\/mon-grand-est.fr\/noel-a-nancy\/\" data-jpibfi-post-title=\"No\u00ebl \u00e0 Nancy : Le plus beau parcours-d\u00e9couverte\" data-jpibfi-src=\"https:\/\/www.europesays.com\/fr\/wp-content\/uploads\/2025\/07\/Nancy-GrandRue-Christmas-03-\u00a9-French-Moments.jpg\"  \/>La Grand\u2019Rue \u00e0 No\u00ebl, Nancy \u00a9 French Moments<\/p>\n<p>\u00a0<\/p>\n<p style=\"text-align: justify;\">A l\u2019heure o\u00f9 j\u2019\u00e9cris cet article, le mus\u00e9e historique lorrain est en pleine r\u00e9novation pour une r\u00e9ouverture pr\u00e9vue en 2023. Vous pouvez toutefois admirer la fa\u00e7ade du <a href=\"https:\/\/mon-grand-est.fr\/vieille-ville-de-nancy\/\" target=\"_blank\" rel=\"noopener\">Palais ducal<\/a> depuis la Grande-Rue. Arr\u00eatez-vous au <strong>grand portail<\/strong>, chef d\u2019\u0153uvre de la Renaissance en Lorraine.<\/p>\n<p><img loading=\"lazy\" decoding=\"async\" class=\"size-full wp-image-13576\" src=\"https:\/\/www.europesays.com\/fr\/wp-content\/uploads\/2025\/07\/Nancy-Porterie-Palais-Ducal-by-night-\u00a9-French-Moments.jpg\" alt=\"No\u00ebl \u00e0 Nancy \u00a9 French Moments\" width=\"1200\" height=\"801\" data-jpibfi-post-excerpt=\"\" data-jpibfi-post-url=\"https:\/\/mon-grand-est.fr\/noel-a-nancy\/\" data-jpibfi-post-title=\"No\u00ebl \u00e0 Nancy : Le plus beau parcours-d\u00e9couverte\" data-jpibfi-src=\"https:\/\/www.europesays.com\/fr\/wp-content\/uploads\/2025\/07\/Nancy-Porterie-Palais-Ducal-by-night-\u00a9-French-Moments.jpg\"  \/>La porterie Renaissance du Palais Ducal de Nancy \u00a9 French Moments<\/p>\n<p>\u00a0<\/p>\n<p style=\"text-align: justify;\">Sur la droite s\u2019\u00e9l\u00e8ve la fl\u00e8che de <strong>l\u2019\u00e9glise Saint-Epvre<\/strong>, joliment \u00e9clair\u00e9e la nuit.<\/p>\n<p><img loading=\"lazy\" decoding=\"async\" class=\"size-full wp-image-13606\" src=\"https:\/\/www.europesays.com\/fr\/wp-content\/uploads\/2025\/07\/Nancy-Saint-Epvre-night-\u00a9-French-Moments.jpg\" alt=\"No\u00ebl \u00e0 Nancy \u00a9 French Moments\" width=\"1200\" height=\"804\" data-jpibfi-post-excerpt=\"\" data-jpibfi-post-url=\"https:\/\/mon-grand-est.fr\/noel-a-nancy\/\" data-jpibfi-post-title=\"No\u00ebl \u00e0 Nancy : Le plus beau parcours-d\u00e9couverte\" data-jpibfi-src=\"https:\/\/www.europesays.com\/fr\/wp-content\/uploads\/2025\/07\/Nancy-Saint-Epvre-night-\u00a9-French-Moments.jpg\"  \/>La fa\u00e7ade de l\u2019\u00e9glise Saint-Epvre de Nancy \u00a9 French Moments<\/p>\n<p>\u00a0<\/p>\n<p style=\"text-align: justify;\">Passons sous les arches \u00e0 gauche pour entrer dans l\u2019h\u00e9micycle de la Carri\u00e8re.<\/p>\n<p>\u00a0<\/p>\n<p>La place de la Carri\u00e8re \u00e0 No\u00ebl<\/p>\n<p style=\"text-align: justify;\">La fa\u00e7ade majestueuse du <a href=\"https:\/\/mon-grand-est.fr\/palais-du-gouvernement-nancy\/\" target=\"_blank\" rel=\"noopener\">palais du Gouvernement<\/a>\u00a0fait \u00e9cho \u00e0 celle de l\u2019<a href=\"https:\/\/mon-grand-est.fr\/hotel-de-ville-de-nancy\/\" target=\"_blank\" rel=\"noopener\">h\u00f4tel de ville<\/a> dont on peut apercevoir la silhouette au-del\u00e0 de l\u2019<a href=\"https:\/\/mon-grand-est.fr\/arc-de-triomphe-here-nancy\/\" target=\"_blank\" rel=\"noopener\">arc de triomphe<\/a>. Sauf que\u2026<\/p>\n<p style=\"text-align: justify;\">La vue est obstru\u00e9e par une grande-roue, heureux ajout de ces c\u00e9l\u00e9brations de No\u00ebl \u00e0 Nancy.<\/p>\n<p><img loading=\"lazy\" decoding=\"async\" class=\"size-full wp-image-10187\" src=\"https:\/\/www.europesays.com\/fr\/wp-content\/uploads\/2025\/07\/Nancy-Place-de-la-Carri\u00e8re-Christmas-05-\u00a9-French-Moments.jpg\" alt=\"La place de la Carri\u00e8re, Nancy \u00a9 French Moments\" width=\"1200\" height=\"800\" data-jpibfi-post-excerpt=\"\" data-jpibfi-post-url=\"https:\/\/mon-grand-est.fr\/noel-a-nancy\/\" data-jpibfi-post-title=\"No\u00ebl \u00e0 Nancy : Le plus beau parcours-d\u00e9couverte\" data-jpibfi-src=\"https:\/\/www.europesays.com\/fr\/wp-content\/uploads\/2025\/07\/Nancy-Place-de-la-Carri\u00e8re-Christmas-05-\u00a9-French-Moments.jpg\"  \/>La place de la Carri\u00e8re, Nancy \u00a9 French Moments<\/p>\n<p style=\"text-align: justify;\">Longeons la place de la Carri\u00e8re en sa direction\u2026<\/p>\n<p>\u00a0<\/p>\n<p>La Grande Roue de No\u00ebl \u00e0 Nancy<\/p>\n<p style=\"text-align: justify;\">Chaque ann\u00e9e depuis No\u00ebl 2017, la grande roue de Nancy prend ses quartiers sur la <a href=\"https:\/\/mon-grand-est.fr\/place-de-la-carriere-nancy\/\" target=\"_blank\" rel=\"noopener\">place de la Carri\u00e8re<\/a>. Les 24 nacelles \u00e9l\u00e8vent les visiteurs \u00e0 une hauteur de 33 m\u00e8tres pour un spectacle incroyable.<\/p>\n<p><img loading=\"lazy\" decoding=\"async\" class=\"size-full wp-image-8879\" src=\"https:\/\/www.europesays.com\/fr\/wp-content\/uploads\/2025\/07\/Place-de-la-Carriere-Nancy-Christmas-02-\u00a9-French-Moments.jpg\" alt=\"Place de la Carri\u00e8re \u00e0 Nancy \u00a9 French Moments\" width=\"1200\" height=\"804\" data-jpibfi-post-excerpt=\"\" data-jpibfi-post-url=\"https:\/\/mon-grand-est.fr\/noel-a-nancy\/\" data-jpibfi-post-title=\"No\u00ebl \u00e0 Nancy : Le plus beau parcours-d\u00e9couverte\" data-jpibfi-src=\"https:\/\/www.europesays.com\/fr\/wp-content\/uploads\/2025\/07\/Place-de-la-Carriere-Nancy-Christmas-02-\u00a9-French-Moments.jpg\"  \/>La grande roue de No\u00ebl \u00e0 Nancy \u00a9 French Moments<\/p>\n<p>\u00a0<\/p>\n<p style=\"text-align: justify;\">Je n\u2019aurais jamais pens\u00e9 qu\u2019un jour, je pouvais admirer Nancy ainsi. En effet, du sommet\u00a0de l\u2019attraction, on surplombe l\u2019arc H\u00e9r\u00e9 et, au del\u00e0, <strong>la <a href=\"https:\/\/mon-grand-est.fr\/place-stanislas\/\" target=\"_blank\" rel=\"noopener\">place Stanislas<\/a> et son grand sapin<\/strong>.<\/p>\n<p><img loading=\"lazy\" decoding=\"async\" class=\"size-full wp-image-13479\" src=\"https:\/\/www.europesays.com\/fr\/wp-content\/uploads\/2025\/07\/Nancy-Grande-Roue-Noel-08-\u00a9-French-Moments.jpg\" alt=\"No\u00ebl \u00e0 Nancy \u00a9 French Moments\" width=\"1200\" height=\"803\" data-jpibfi-post-excerpt=\"\" data-jpibfi-post-url=\"https:\/\/mon-grand-est.fr\/noel-a-nancy\/\" data-jpibfi-post-title=\"No\u00ebl \u00e0 Nancy : Le plus beau parcours-d\u00e9couverte\" data-jpibfi-src=\"https:\/\/www.europesays.com\/fr\/wp-content\/uploads\/2025\/07\/Nancy-Grande-Roue-Noel-08-\u00a9-French-Moments.jpg\"  \/>Au sommet de la Grande-Route pendant la saison de No\u00ebl \u00e0 Nancy \u00a9 French Moments<\/p>\n<p>\u00a0<\/p>\n<p style=\"text-align: justify;\">Voyez-vous, on a l\u2019impression d\u2019\u00eatre dans un d\u00e9cor de th\u00e9\u00e2tre. Petit zoom\u00a0sur la place et l\u2019<a href=\"https:\/\/mon-grand-est.fr\/hotel-de-ville-de-nancy\/\" target=\"_blank\" rel=\"noopener\">h\u00f4tel de ville de Nancy<\/a> :<\/p>\n<p><img loading=\"lazy\" decoding=\"async\" class=\"size-full wp-image-13475\" src=\"https:\/\/www.europesays.com\/fr\/wp-content\/uploads\/2025\/07\/Nancy-Grande-Roue-Noel-04-\u00a9-French-Moments.jpg\" alt=\"No\u00ebl \u00e0 Nancy \u00a9 French Moments\" width=\"1200\" height=\"804\" data-jpibfi-post-excerpt=\"\" data-jpibfi-post-url=\"https:\/\/mon-grand-est.fr\/noel-a-nancy\/\" data-jpibfi-post-title=\"No\u00ebl \u00e0 Nancy : Le plus beau parcours-d\u00e9couverte\" data-jpibfi-src=\"https:\/\/www.europesays.com\/fr\/wp-content\/uploads\/2025\/07\/Nancy-Grande-Roue-Noel-04-\u00a9-French-Moments.jpg\"  \/>La place Stanislas vue de la grande roue, No\u00ebl \u00e0 Nancy \u00a9 French Moments<\/p>\n<p>\u00a0<\/p>\n<p style=\"text-align: justify;\">Plus loin, on reconnait les tours de la cath\u00e9drale, les immeubles du quartier Saint-S\u00e9bastien, la Tour Thiers, et la <a href=\"https:\/\/mon-grand-est.fr\/vieille-ville-de-nancy\/\" target=\"_blank\" rel=\"noopener\">Ville-Vieille<\/a>. La grande \u00e9tendue sombre marque l\u2019emplacement du <a href=\"https:\/\/mon-grand-est.fr\/parc-de-la-pepiniere-nancy\/\" target=\"_blank\" rel=\"noopener\">Parc de la P\u00e9pini\u00e8re<\/a>.<\/p>\n<p><img loading=\"lazy\" decoding=\"async\" class=\"size-full wp-image-13472\" src=\"https:\/\/www.europesays.com\/fr\/wp-content\/uploads\/2025\/07\/Nancy-Grande-Roue-Noel-01-\u00a9-French-Moments.jpg\" alt=\"No\u00ebl \u00e0 Nancy \u00a9 French Moments\" width=\"1200\" height=\"801\" data-jpibfi-post-excerpt=\"\" data-jpibfi-post-url=\"https:\/\/mon-grand-est.fr\/noel-a-nancy\/\" data-jpibfi-post-title=\"No\u00ebl \u00e0 Nancy : Le plus beau parcours-d\u00e9couverte\" data-jpibfi-src=\"https:\/\/www.europesays.com\/fr\/wp-content\/uploads\/2025\/07\/Nancy-Grande-Roue-Noel-01-\u00a9-French-Moments.jpg\"  \/>La place de la carri\u00e8re vue depuis la grande roue de No\u00ebl \u00a9 French Moments<img loading=\"lazy\" decoding=\"async\" class=\"size-full wp-image-13478\" src=\"https:\/\/www.europesays.com\/fr\/wp-content\/uploads\/2025\/07\/Nancy-Grande-Roue-Noel-07-\u00a9-French-Moments.jpg\" alt=\"No\u00ebl \u00e0 Nancy \u00a9 French Moments\" width=\"1200\" height=\"804\" data-jpibfi-post-excerpt=\"\" data-jpibfi-post-url=\"https:\/\/mon-grand-est.fr\/noel-a-nancy\/\" data-jpibfi-post-title=\"No\u00ebl \u00e0 Nancy : Le plus beau parcours-d\u00e9couverte\" data-jpibfi-src=\"https:\/\/www.europesays.com\/fr\/wp-content\/uploads\/2025\/07\/Nancy-Grande-Roue-Noel-07-\u00a9-French-Moments.jpg\"  \/>La place Stanislas depuis la grande roue de No\u00ebl \u00a9 French Moments<img loading=\"lazy\" decoding=\"async\" class=\"size-full wp-image-13474\" src=\"https:\/\/www.europesays.com\/fr\/wp-content\/uploads\/2025\/07\/Nancy-Grande-Roue-Noel-03-\u00a9-French-Moments.jpg\" alt=\"No\u00ebl \u00e0 Nancy \u00a9 French Moments\" width=\"1200\" height=\"805\" data-jpibfi-post-excerpt=\"\" data-jpibfi-post-url=\"https:\/\/mon-grand-est.fr\/noel-a-nancy\/\" data-jpibfi-post-title=\"No\u00ebl \u00e0 Nancy : Le plus beau parcours-d\u00e9couverte\" data-jpibfi-src=\"https:\/\/www.europesays.com\/fr\/wp-content\/uploads\/2025\/07\/Nancy-Grande-Roue-Noel-03-\u00a9-French-Moments.jpg\"  \/>La cath\u00e9drale de Nancy depuis la grande roue de No\u00ebl \u00a9 French Moments<\/p>\n<p>\u00a0<\/p>\n<p style=\"text-align: justify;\">Encore un tour de grande roue pour rep\u00e9rer\u00a0le Village gourmand de la Marmaille et celui de la place Vaud\u00e9mont.<\/p>\n<p><img loading=\"lazy\" decoding=\"async\" class=\"size-full wp-image-13473\" src=\"https:\/\/www.europesays.com\/fr\/wp-content\/uploads\/2025\/07\/Nancy-Grande-Roue-Noel-02-\u00a9-French-Moments.jpg\" alt=\"No\u00ebl \u00e0 Nancy \u00a9 French Moments\" width=\"1200\" height=\"804\" data-jpibfi-post-excerpt=\"\" data-jpibfi-post-url=\"https:\/\/mon-grand-est.fr\/noel-a-nancy\/\" data-jpibfi-post-title=\"No\u00ebl \u00e0 Nancy : Le plus beau parcours-d\u00e9couverte\" data-jpibfi-src=\"https:\/\/www.europesays.com\/fr\/wp-content\/uploads\/2025\/07\/Nancy-Grande-Roue-Noel-02-\u00a9-French-Moments.jpg\"  \/>Le village de la Marmaille \u00a9 French Moments<\/p>\n<p>\u00a0<\/p>\n<p style=\"text-align: justify;\">En tout cas, il n\u2019y a pas meilleur emplacement pour admirer\u00a0l\u2019ensemble architectural du 18e si\u00e8cle et les places de Nancy inscrites \u00e0 l\u2019Unesco.<\/p>\n<p>\u00a0<\/p>\n<p>Le Village gourmand de la Marmaille<\/p>\n<p style=\"text-align: justify;\">Une fois revenu sur le plancher des vaches, arpentons les all\u00e9es du <strong>Village gourmand de la Marmaille<\/strong>.<\/p>\n<p><img loading=\"lazy\" decoding=\"async\" class=\"size-full wp-image-10188\" src=\"https:\/\/www.europesays.com\/fr\/wp-content\/uploads\/2025\/07\/Nancy-Place-de-la-Carri\u00e8re-Christmas-06-\u00a9-French-Moments.jpg\" alt=\"La place de la Carri\u00e8re, Nancy \u00a9 French Moments\" width=\"1200\" height=\"801\" data-jpibfi-post-excerpt=\"\" data-jpibfi-post-url=\"https:\/\/mon-grand-est.fr\/noel-a-nancy\/\" data-jpibfi-post-title=\"No\u00ebl \u00e0 Nancy : Le plus beau parcours-d\u00e9couverte\" data-jpibfi-src=\"https:\/\/www.europesays.com\/fr\/wp-content\/uploads\/2025\/07\/Nancy-Place-de-la-Carri\u00e8re-Christmas-06-\u00a9-French-Moments.jpg\"  \/>Le march\u00e9 de No\u00ebl sur la place de la Carri\u00e8re, Nancy \u00a9 French Moments<\/p>\n<p>\u00a0<\/p>\n<p style=\"text-align: justify;\">Vous avez une petite faim ? Vous \u00eates au bon endroit ! Les quatre chalets du village vous proposent des gourmandises et collations dans leur espace couvert et chauff\u00e9.\u00a0En effet, l\u2019int\u00e9rieur des chalets de restauration est autant soign\u00e9 que cosy :<\/p>\n<p><img loading=\"lazy\" decoding=\"async\" class=\"size-full wp-image-13522\" src=\"https:\/\/www.europesays.com\/fr\/wp-content\/uploads\/2025\/07\/Nancy-Village-de-la-Marmaille-05-\u00a9-French-Moments.jpg\" alt=\"No\u00ebl \u00e0 Nancy \u00a9 French Moments\" width=\"1200\" height=\"801\" data-jpibfi-post-excerpt=\"\" data-jpibfi-post-url=\"https:\/\/mon-grand-est.fr\/noel-a-nancy\/\" data-jpibfi-post-title=\"No\u00ebl \u00e0 Nancy : Le plus beau parcours-d\u00e9couverte\" data-jpibfi-src=\"https:\/\/www.europesays.com\/fr\/wp-content\/uploads\/2025\/07\/Nancy-Village-de-la-Marmaille-05-\u00a9-French-Moments.jpg\"  \/>Ambiance cosy au Village de la Marmaille, place de la Carri\u00e8re \u00a9 French Moments<img loading=\"lazy\" decoding=\"async\" class=\"size-full wp-image-13521\" src=\"https:\/\/www.europesays.com\/fr\/wp-content\/uploads\/2025\/07\/Nancy-Village-de-la-Marmaille-04-\u00a9-French-Moments.jpg\" alt=\"No\u00ebl \u00e0 Nancy \u00a9 French Moments\" width=\"1200\" height=\"801\" data-jpibfi-post-excerpt=\"\" data-jpibfi-post-url=\"https:\/\/mon-grand-est.fr\/noel-a-nancy\/\" data-jpibfi-post-title=\"No\u00ebl \u00e0 Nancy : Le plus beau parcours-d\u00e9couverte\" data-jpibfi-src=\"https:\/\/www.europesays.com\/fr\/wp-content\/uploads\/2025\/07\/Nancy-Village-de-la-Marmaille-04-\u00a9-French-Moments.jpg\"  \/>Belle ambiance feutr\u00e9e au Village de la Marmaille, place de la Carri\u00e8re \u00a9 French Moments<img loading=\"lazy\" decoding=\"async\" class=\"size-full wp-image-10229\" src=\"https:\/\/www.europesays.com\/fr\/wp-content\/uploads\/2025\/07\/Nancy-Place-de-la-Carri\u00e8re-Christmas-09-\u00a9-French-Moments.jpg\" alt=\"Nancy \u00e0 No\u00ebl \u00a9 French Moments\" width=\"1200\" height=\"801\" data-jpibfi-post-excerpt=\"\" data-jpibfi-post-url=\"https:\/\/mon-grand-est.fr\/noel-a-nancy\/\" data-jpibfi-post-title=\"No\u00ebl \u00e0 Nancy : Le plus beau parcours-d\u00e9couverte\" data-jpibfi-src=\"https:\/\/www.europesays.com\/fr\/wp-content\/uploads\/2025\/07\/Nancy-Place-de-la-Carri\u00e8re-Christmas-09-\u00a9-French-Moments.jpg\"  \/>Int\u00e9rieur cosy d\u2019un chalet du march\u00e9 de la Marmaille \u00e0 Nancy \u00a9 French Moments<img loading=\"lazy\" decoding=\"async\" class=\"size-full wp-image-13518\" src=\"https:\/\/www.europesays.com\/fr\/wp-content\/uploads\/2025\/07\/Nancy-Village-de-la-Marmaille-01-\u00a9-French-Moments.jpg\" alt=\"No\u00ebl \u00e0 Nancy \u00a9 French Moments\" width=\"1200\" height=\"805\" data-jpibfi-post-excerpt=\"\" data-jpibfi-post-url=\"https:\/\/mon-grand-est.fr\/noel-a-nancy\/\" data-jpibfi-post-title=\"No\u00ebl \u00e0 Nancy : Le plus beau parcours-d\u00e9couverte\" data-jpibfi-src=\"https:\/\/www.europesays.com\/fr\/wp-content\/uploads\/2025\/07\/Nancy-Village-de-la-Marmaille-01-\u00a9-French-Moments.jpg\"  \/>Au Village de la Marmaille, No\u00ebl \u00e0 Nancy \u00a9 French Moments<\/p>\n<p>\u00a0<\/p>\n<p>Le mythique Paris-M\u00e9diterrann\u00e9e<\/p>\n<p style=\"text-align: justify;\">Et puis le village de la Marmaille, c\u2019est aussi quelques\u00a0man\u00e8ges anciens\u00a0qui plaisent \u00e0 plusieurs g\u00e9n\u00e9rations de grands enfants. Un brin de nostalgie pour les plus \u00e2g\u00e9s\u2026 beaucoup d\u2019\u00e9merveillement pour les plus jeunes. C\u2019est le cas du fameux <strong>petit train Paris-M\u00e9diterran\u00e9e<\/strong>.<\/p>\n<p><img loading=\"lazy\" decoding=\"async\" class=\"size-full wp-image-13519\" src=\"https:\/\/www.europesays.com\/fr\/wp-content\/uploads\/2025\/07\/Nancy-Village-de-la-Marmaille-02-\u00a9-French-Moments.jpg\" alt=\"No\u00ebl \u00e0 Nancy \u00a9 French Moments\" width=\"1200\" height=\"801\" data-jpibfi-post-excerpt=\"\" data-jpibfi-post-url=\"https:\/\/mon-grand-est.fr\/noel-a-nancy\/\" data-jpibfi-post-title=\"No\u00ebl \u00e0 Nancy : Le plus beau parcours-d\u00e9couverte\" data-jpibfi-src=\"https:\/\/www.europesays.com\/fr\/wp-content\/uploads\/2025\/07\/Nancy-Village-de-la-Marmaille-02-\u00a9-French-Moments.jpg\"  \/>Le mythique Paris-M\u00e9diterran\u00e9e \u00a9 French Moments<\/p>\n<p>\u00a0<\/p>\n<p>Une affiche nous renseigne sur l\u2019histoire de ce mythique man\u00e8ge :<\/p>\n<p style=\"text-align: justify;\">Ce man\u00e8ge original, compos\u00e9 de deux petites \u00ab\u00a0automotrices\u00a0\u00bb aliment\u00e9es en 60 V continu par l\u2019interm\u00e9diaire d\u2019un rail de prise de courant, a \u00e9t\u00e9 int\u00e9gralement construit par son propri\u00e9taire, M. Bielli, alors chaudronnier \u00e0 l\u2019arsenal de Toulon. Seuls les rails et les roues ont \u00e9t\u00e9 fabriqu\u00e9s par la soci\u00e9t\u00e9 Popineau, de Paris. Ce \u00ab\u00a0Paris-M\u00e9diterrann\u00e9e\u00a0\u00bb a \u00e9t\u00e9 r\u00e9ceptionn\u00e9 par le service des Mines en 1945 et il circule depuis sous l\u2019\u00ab\u00a0immatriculation\u00a0\u00bb ATA 100 T (sic). Au cours des essais, les automotrices ont atteint la vitesse de 14 km\/h, mais elles ne d\u00e9passent pas normalement le 7 km\/h en service courant.<\/p>\n<p><img loading=\"lazy\" decoding=\"async\" class=\"size-full wp-image-13520\" src=\"https:\/\/www.europesays.com\/fr\/wp-content\/uploads\/2025\/07\/Nancy-Village-de-la-Marmaille-03-\u00a9-French-Moments.jpg\" alt=\"No\u00ebl \u00e0 Nancy \u00a9 French Moments\" width=\"1200\" height=\"801\" data-jpibfi-post-excerpt=\"\" data-jpibfi-post-url=\"https:\/\/mon-grand-est.fr\/noel-a-nancy\/\" data-jpibfi-post-title=\"No\u00ebl \u00e0 Nancy : Le plus beau parcours-d\u00e9couverte\" data-jpibfi-src=\"https:\/\/www.europesays.com\/fr\/wp-content\/uploads\/2025\/07\/Nancy-Village-de-la-Marmaille-03-\u00a9-French-Moments.jpg\"  \/>Un tour de man\u00e8ge sur le Paris-M\u00e9diterran\u00e9e \u00a9 French Moments<\/p>\n<p style=\"text-align: justify;\">Il est si mythique ce train que j\u2019ai vu des adultes vouloir y monter\u2026 mais ces grands enfants avaient trop grandi.\u00a0Ces grands rigolos\u00a0ne pouvaient entrer par la porte r\u00e9serv\u00e9e aux jeunes\u00a0passagers.<\/p>\n<p>\u00a0<\/p>\n<p>Sous l\u2019arc de triomphe<\/p>\n<p style=\"text-align: justify;\">Passons sous l\u2019arc de triomphe pour d\u00e9couvrir une \u0153uvre lumineuse, sonore et mobile, renouvel\u00e9e chaque ann\u00e9e.<\/p>\n<p><img loading=\"lazy\" decoding=\"async\" class=\"size-full wp-image-10178\" src=\"https:\/\/www.europesays.com\/fr\/wp-content\/uploads\/2025\/07\/Nancy-Arc-de-Triomphe-Christmas-01-\u00a9-French-Moments.jpg\" alt=\"L'univers onirique maritime sous l\u2019arc H\u00e9r\u00e9 \u00e0 Nancy \u00a9 French Moments\" width=\"1200\" height=\"800\" data-jpibfi-post-excerpt=\"\" data-jpibfi-post-url=\"https:\/\/mon-grand-est.fr\/noel-a-nancy\/\" data-jpibfi-post-title=\"No\u00ebl \u00e0 Nancy : Le plus beau parcours-d\u00e9couverte\" data-jpibfi-src=\"https:\/\/www.europesays.com\/fr\/wp-content\/uploads\/2025\/07\/Nancy-Arc-de-Triomphe-Christmas-01-\u00a9-French-Moments.jpg\"  \/>L\u2019univers onirique maritime sous l\u2019arc H\u00e9r\u00e9 \u00e0 Nancy \u00a9 French Moments<\/p>\n<p>\u00a0<\/p>\n<p style=\"text-align: justify;\">En 2018, il s\u2019agit de l\u2019univers\u00a0\u00ab l\u2019Arc\u2019quatique \u00bb par l\u2019artiste\u00a0Daniel Mestanza. Ce\u00a0monde\u00a0onirique maritime\u00a0se compose de pr\u00e8s de 200 \u00eatres marins :\u00a0sardines, carpes, raie mantas, tortue, baleine\u2026 Pourquoi un tel univers \u00e0 Nancy ? Parce que <a href=\"https:\/\/mon-grand-est.fr\/qui-est-saint-nicolas\/\" target=\"_blank\" rel=\"noopener\">Saint-Nicolas<\/a>, le Saint patron des Lorrains, \u00e9tend \u00e9galement son patronage aux\u00a0mariniers et aux\u00a0marins\u00a0!<\/p>\n<p><img loading=\"lazy\" decoding=\"async\" class=\"size-full wp-image-13462\" src=\"https:\/\/www.europesays.com\/fr\/wp-content\/uploads\/2025\/07\/1752250022_421_Nancy-Arc-de-Triomphe-Christmas-01-\u00a9-French-Moments.jpg\" alt=\"No\u00ebl \u00e0 Nancy \u00a9 French Moments\" width=\"1200\" height=\"801\" data-jpibfi-post-excerpt=\"\" data-jpibfi-post-url=\"https:\/\/mon-grand-est.fr\/noel-a-nancy\/\" data-jpibfi-post-title=\"No\u00ebl \u00e0 Nancy : Le plus beau parcours-d\u00e9couverte\" data-jpibfi-src=\"https:\/\/www.europesays.com\/fr\/wp-content\/uploads\/2025\/07\/1752250022_421_Nancy-Arc-de-Triomphe-Christmas-01-\u00a9-French-Moments.jpg\"  \/>Sous l\u2019arc H\u00e9r\u00e9 pendant la saison de No\u00ebl \u00e0 Nancy \u00a9 French Moments \u00a9 French Moments<\/p>\n<p>\u00a0<\/p>\n<p>La place Stanislas : le centre de No\u00ebl \u00e0 Nancy<\/p>\n<p style=\"text-align: justify;\">Nous voici d\u00e9sormais sur <strong>le site le plus embl\u00e9matique de No\u00ebl \u00e0 Nancy<\/strong>. Le c\u0153ur\u00a0des F\u00eates de Saint-Nicolas.<\/p>\n<p><img loading=\"lazy\" decoding=\"async\" class=\"size-full wp-image-13503\" src=\"https:\/\/www.europesays.com\/fr\/wp-content\/uploads\/2025\/07\/Nancy-Place-Stanislas-Christmas-11-\u00a9-French-Moments.jpg\" alt=\"Place Stanislas, No\u00ebl \u00e0 Nancy \u00a9 French Moments\" width=\"1200\" height=\"801\" data-jpibfi-post-excerpt=\"\" data-jpibfi-post-url=\"https:\/\/mon-grand-est.fr\/noel-a-nancy\/\" data-jpibfi-post-title=\"No\u00ebl \u00e0 Nancy : Le plus beau parcours-d\u00e9couverte\" data-jpibfi-src=\"https:\/\/www.europesays.com\/fr\/wp-content\/uploads\/2025\/07\/Nancy-Place-Stanislas-Christmas-11-\u00a9-French-Moments.jpg\"  \/>Entrons place Stanislas pendant la saison de No\u00ebl \u00e0 Nancy \u00a9 French Moments<\/p>\n<p>\u00a0<\/p>\n<p style=\"text-align: justify;\">La <a href=\"https:\/\/mon-grand-est.fr\/place-stanislas\/\" target=\"_blank\" rel=\"noopener\">place Stanislas<\/a> (que l\u2019on ne pr\u00e9sente plus !) surprend de jour comme de nuit par sa majest\u00e9 et son \u00e9l\u00e9gance. Mais le spectacle qui m\u2019a \u00e9t\u00e9 donn\u00e9 de voir en cette fin novembre \u00e9tait \u00e0 couper le souffle.<\/p>\n<p style=\"text-align: justify;\">Le grand sapin illumin\u00e9, les cand\u00e9labres d\u00e9cor\u00e9s, les fa\u00e7ades \u00e9clair\u00e9es\u2026 la place est assur\u00e9ment la plus belle place du monde ce soir-l\u00e0 !<\/p>\n<p>\u00a0<\/p>\n<p>Le grand sapin de la place Stanislas<\/p>\n<p style=\"text-align: justify;\">Entre la statue de Stanislas et la fontaine de Neptune, le <a href=\"https:\/\/mon-grand-est.fr\/tout-savoir-sur-le-sapin-de-noel\/\" target=\"_blank\" rel=\"noopener\">grand sapin<\/a> a trouv\u00e9 sa place depuis plusieurs ann\u00e9es. Auparavant, il n\u2019\u00e9tait dress\u00e9 qu\u2019apr\u00e8s le grand weekend de la Saint-Nicolas. Depuis le milieu des ann\u00e9es 2010, il prend part aux <a href=\"https:\/\/mon-grand-est.fr\/fetes-de-la-saint-nicolas-a-nancy\/\" target=\"_blank\" rel=\"noopener\">f\u00eates de Saint-Nicolas<\/a> d\u00e8s le premier jour.<\/p>\n<p style=\"text-align: justify;\">Le sapin mesure une vingtaine de m\u00e8tres, p\u00e8se entre 6 et 7 tonnes et est issu d\u2019une for\u00eat vosgienne de Lorraine.<\/p>\n<p style=\"text-align: justify;\">Le sapin de l\u2019\u00e9dition 2023 vient de Taintrux dans les Vosges. Ses propri\u00e9taires ont plant\u00e9 le conif\u00e8re en 1995 alors qu\u2019ils construisaient leur maison. Le sapin ayant pris beaucoup d\u2019ampleur au bord de la route, ils ont eu \u00e0 coeur de l\u2019offrir \u00e0 la Ville de Nancy.<\/p>\n<p>Dress\u00e9 au centre de la place Stanislas, cet arbre culmine \u00e0 18 m\u00e8tres et p\u00e8se environ 4 tonnes.\u00a0<\/p>\n<p style=\"text-align: justify;\">Son illumination fin novembre donne le coup d\u2019envoi des f\u00eates de fin d\u2019ann\u00e9e \u00e0 Nancy.<\/p>\n<p><img loading=\"lazy\" decoding=\"async\" class=\"size-full wp-image-13506\" src=\"https:\/\/www.europesays.com\/fr\/wp-content\/uploads\/2025\/07\/Nancy-Place-Stanislas-Christmas-14-\u00a9-French-Moments.jpg\" alt=\"No\u00ebl \u00e0 Nancy \u00a9 French Moments\" width=\"1200\" height=\"803\" data-jpibfi-post-excerpt=\"\" data-jpibfi-post-url=\"https:\/\/mon-grand-est.fr\/noel-a-nancy\/\" data-jpibfi-post-title=\"No\u00ebl \u00e0 Nancy : Le plus beau parcours-d\u00e9couverte\" data-jpibfi-src=\"https:\/\/www.europesays.com\/fr\/wp-content\/uploads\/2025\/07\/Nancy-Place-Stanislas-Christmas-14-\u00a9-French-Moments.jpg\"  \/>Vous saurez tout sur le grand sapin de No\u00ebl \u00e0 Nancy ! \u00a9 French Moments<\/p>\n<p>\u00a0<\/p>\n<p style=\"text-align: justify;\">Il est habill\u00e9 de guirlandes blanches scintillantes, enroul\u00e9es une \u00e0 une sur chacune de ses branches.<\/p>\n<p><img loading=\"lazy\" decoding=\"async\" class=\"size-full wp-image-13504\" src=\"https:\/\/www.europesays.com\/fr\/wp-content\/uploads\/2025\/07\/Nancy-Place-Stanislas-Christmas-12-\u00a9-French-Moments.jpg\" alt=\"Place Stanislas, No\u00ebl \u00e0 Nancy \u00a9 French Moments\" width=\"1200\" height=\"801\" data-jpibfi-post-excerpt=\"\" data-jpibfi-post-url=\"https:\/\/mon-grand-est.fr\/noel-a-nancy\/\" data-jpibfi-post-title=\"No\u00ebl \u00e0 Nancy : Le plus beau parcours-d\u00e9couverte\" data-jpibfi-src=\"https:\/\/www.europesays.com\/fr\/wp-content\/uploads\/2025\/07\/Nancy-Place-Stanislas-Christmas-12-\u00a9-French-Moments.jpg\"  \/>Sur la place Stanislas pendant la saison de No\u00ebl \u00e0 Nancy \u00a9 French Moments<img loading=\"lazy\" decoding=\"async\" class=\"size-full wp-image-13497\" src=\"https:\/\/www.europesays.com\/fr\/wp-content\/uploads\/2025\/07\/Nancy-Place-Stanislas-Christmas-05-\u00a9-French-Moments.jpg\" alt=\"Place Stanislas, No\u00ebl \u00e0 Nancy \u00a9 French Moments\" width=\"1200\" height=\"801\" data-jpibfi-post-excerpt=\"\" data-jpibfi-post-url=\"https:\/\/mon-grand-est.fr\/noel-a-nancy\/\" data-jpibfi-post-title=\"No\u00ebl \u00e0 Nancy : Le plus beau parcours-d\u00e9couverte\" data-jpibfi-src=\"https:\/\/www.europesays.com\/fr\/wp-content\/uploads\/2025\/07\/Nancy-Place-Stanislas-Christmas-05-\u00a9-French-Moments.jpg\"  \/>Au pied du sapin de No\u00ebl \u00e0 Nancy \u00a9 French Moments<img loading=\"lazy\" decoding=\"async\" class=\"size-full wp-image-10199\" src=\"https:\/\/www.europesays.com\/fr\/wp-content\/uploads\/2025\/07\/Nancy-Place-Stanislas-Christmas-07-\u00a9-French-Moments.jpg\" alt=\"La place Stanislas, Nancy \u00a9 French Moments\" width=\"1200\" height=\"801\" data-jpibfi-post-excerpt=\"\" data-jpibfi-post-url=\"https:\/\/mon-grand-est.fr\/noel-a-nancy\/\" data-jpibfi-post-title=\"No\u00ebl \u00e0 Nancy : Le plus beau parcours-d\u00e9couverte\" data-jpibfi-src=\"https:\/\/www.europesays.com\/fr\/wp-content\/uploads\/2025\/07\/Nancy-Place-Stanislas-Christmas-07-\u00a9-French-Moments.jpg\"  \/>Le grand sapin de la place Stanislas, Nancy \u00a9 French Moments<img loading=\"lazy\" decoding=\"async\" class=\"size-full wp-image-13507\" src=\"https:\/\/www.europesays.com\/fr\/wp-content\/uploads\/2025\/07\/Nancy-Place-Stanislas-Christmas-15-\u00a9-French-Moments.jpg\" alt=\"Place Stanislas, No\u00ebl \u00e0 Nancy \u00a9 French Moments\" width=\"1200\" height=\"801\" data-jpibfi-post-excerpt=\"\" data-jpibfi-post-url=\"https:\/\/mon-grand-est.fr\/noel-a-nancy\/\" data-jpibfi-post-title=\"No\u00ebl \u00e0 Nancy : Le plus beau parcours-d\u00e9couverte\" data-jpibfi-src=\"https:\/\/www.europesays.com\/fr\/wp-content\/uploads\/2025\/07\/Nancy-Place-Stanislas-Christmas-15-\u00a9-French-Moments.jpg\"  \/>Sous le grand sapin de No\u00ebl \u00e0 Nancy \u00a9 French Moments<\/p>\n<p style=\"text-align: justify;\">Car chaque ann\u00e9e, les festivit\u00e9s de Saint-Nicolas \u00e0 Nancy mettent un pays \u00e0 l\u2019honneur. La Pologne en 2016, a Belgique en 2017, le Japon en 2018, le Luxembourg en 2019, la ville russe jumel\u00e9e \u00e0 Nancy en 2021, la Gr\u00e8ce en 2022 et <strong>l\u2019Allemagne en 2023<\/strong>\u00a0!<\/p>\n<p>\u00a0<\/p>\n<p>Les cand\u00e9labres<\/p>\n<p style=\"text-align: justify;\">Observez les ravissants cand\u00e9labres de la place.<\/p>\n<p><img loading=\"lazy\" decoding=\"async\" class=\"size-full wp-image-13505\" src=\"https:\/\/www.europesays.com\/fr\/wp-content\/uploads\/2025\/07\/Nancy-Place-Stanislas-Christmas-13-\u00a9-French-Moments.jpg\" alt=\"No\u00ebl \u00e0 Nancy \u00a9 French Moments\" width=\"1200\" height=\"804\" data-jpibfi-post-excerpt=\"\" data-jpibfi-post-url=\"https:\/\/mon-grand-est.fr\/noel-a-nancy\/\" data-jpibfi-post-title=\"No\u00ebl \u00e0 Nancy : Le plus beau parcours-d\u00e9couverte\" data-jpibfi-src=\"https:\/\/www.europesays.com\/fr\/wp-content\/uploads\/2025\/07\/Nancy-Place-Stanislas-Christmas-13-\u00a9-French-Moments.jpg\"  \/>Cand\u00e9labre et sapin de No\u00ebl sur la place Stanislas (\u00e9dition 2018) \u00a9 French Moments<\/p>\n<p>\u00a0<\/p>\n<p style=\"text-align: justify;\">Ils font \u00e9cho \u00e0 la d\u00e9coration du sapin et sont encercl\u00e9s par des d\u00e9cors repr\u00e9sentant les fleurs de cerisier du Japon (en 2018).<\/p>\n<p><img loading=\"lazy\" decoding=\"async\" class=\"size-full wp-image-10195\" src=\"https:\/\/www.europesays.com\/fr\/wp-content\/uploads\/2025\/07\/Nancy-Place-Stanislas-Christmas-03-\u00a9-French-Moments.jpg\" alt=\"La place Stanislas, No\u00ebl \u00e0 Nancy \u00a9 French Moments\" width=\"1200\" height=\"801\" data-jpibfi-post-excerpt=\"\" data-jpibfi-post-url=\"https:\/\/mon-grand-est.fr\/noel-a-nancy\/\" data-jpibfi-post-title=\"No\u00ebl \u00e0 Nancy : Le plus beau parcours-d\u00e9couverte\" data-jpibfi-src=\"https:\/\/www.europesays.com\/fr\/wp-content\/uploads\/2025\/07\/Nancy-Place-Stanislas-Christmas-03-\u00a9-French-Moments.jpg\"  \/>Un des cand\u00e9labres de la place Stanislas aux couleurs du Japon \u00a9 French Moments<\/p>\n<p>\u00a0<\/p>\n<p>Les Rendez-Vous de Saint-Nicolas<\/p>\n<p style=\"text-align: justify;\">Pour les F\u00eates de Saint-Nicolas, <strong>un spectacle sons et lumi\u00e8res<\/strong> d\u2019environ 8 minutes est projet\u00e9 deux \u00e0 trois fois par jour sur la fa\u00e7ade de l\u2019h\u00f4tel de ville.\u00a0<\/p>\n<p>\u00a0<\/p>\n<p style=\"text-align: justify;\">Le spectacle de 2018 a redonn\u00e9 vie aux personnages de la l\u00e9gende :<\/p>\n<ul>\n<li style=\"text-align: justify;\">les trois enfants perdus dans la for\u00eat,<\/li>\n<li style=\"text-align: justify;\">le m\u00e9chant boucher,<\/li>\n<li style=\"text-align: justify;\">saint-Nicolas et son \u00e2ne qui vient sauver la situation !<\/li>\n<\/ul>\n<p style=\"text-align: justify;\">Et pour couronner le tout, la chanson de Saint-Nicolas : \u00ab\u00a0Saint Nicolas, Saint Nicolas, Saint Nicolaaaaaas !\u00a0\u00bb\u2026 qui continue de trotter dans nos t\u00eates longtemps apr\u00e8s la fin du spectacle !<\/p>\n<p>\u00a0<\/p>\n<p>La Course de Saint-Nicolas<\/p>\n<p style=\"text-align: justify;\">Pendant ma visite de jour \u00e0 Nancy, je suis tomb\u00e9 sur deux manifestations sportives : la Course des 10 km et la Course des familles.<\/p>\n<p><img loading=\"lazy\" decoding=\"async\" class=\"size-full wp-image-10231\" src=\"https:\/\/www.europesays.com\/fr\/wp-content\/uploads\/2025\/07\/Nancy-Saint-Nicolas-on-place-Stanislas-\u00a9-French-Moments.jpg\" alt=\"Saint-Nicolas \u00e0 Nancy \u00a9 French Moments\" width=\"1200\" height=\"800\" data-jpibfi-post-excerpt=\"\" data-jpibfi-post-url=\"https:\/\/mon-grand-est.fr\/noel-a-nancy\/\" data-jpibfi-post-title=\"No\u00ebl \u00e0 Nancy : Le plus beau parcours-d\u00e9couverte\" data-jpibfi-src=\"https:\/\/www.europesays.com\/fr\/wp-content\/uploads\/2025\/07\/Nancy-Saint-Nicolas-on-place-Stanislas-\u00a9-French-Moments.jpg\"  \/>Saint-Nicolas sur la place Stanislas de Nancy \u00e0 l\u2019arriv\u00e9e de la course \u00a9 French Moments<\/p>\n<p style=\"text-align: justify;\">L\u2019arriv\u00e9e de ces courses bon enfant se situe sur la place Stanislas en pr\u00e9sence du grand <a href=\"https:\/\/mon-grand-est.fr\/qui-est-saint-nicolas\/\" target=\"_blank\" rel=\"noopener\">Saint-Nicolas<\/a> en personne !<\/p>\n<p>\u00a0<\/p>\n<p>Faites \u00e9tape \u00e0 l\u2019office de tourisme !<\/p>\n<p style=\"text-align: justify;\">L\u2019<a href=\"https:\/\/www.nancy-tourisme.fr\" target=\"_blank\" rel=\"noopener noreferrer\">office de tourisme<\/a> de Nancy est id\u00e9alement situ\u00e9 \u00e0 droite de l\u2019h\u00f4tel de ville (c\u00f4t\u00e9 Gambetta-Dominicains). En plus des informations que vous recevrez de la part de vos h\u00f4tes et h\u00f4tesses d\u2019accueil, vous y trouverez des id\u00e9es de cadeaux et\/ou de souvenirs de votre passage \u00e0 Nancy.<\/p>\n<p style=\"text-align: justify;\">Comme ces objets\u00a0\u00e0 l\u2019effigie de Saint-Nicolas :<\/p>\n<p><img loading=\"lazy\" decoding=\"async\" class=\"size-full wp-image-13470\" src=\"https:\/\/www.europesays.com\/fr\/wp-content\/uploads\/2025\/07\/Nancy-Emaux-Saint-Nicolas-\u00a9-French-Moments.jpg\" alt=\"Saint-Nicolas \u00e0 Nancy \u00a9 French Moments\" width=\"1200\" height=\"801\" data-jpibfi-post-excerpt=\"\" data-jpibfi-post-url=\"https:\/\/mon-grand-est.fr\/noel-a-nancy\/\" data-jpibfi-post-title=\"No\u00ebl \u00e0 Nancy : Le plus beau parcours-d\u00e9couverte\" data-jpibfi-src=\"https:\/\/www.europesays.com\/fr\/wp-content\/uploads\/2025\/07\/Nancy-Emaux-Saint-Nicolas-\u00a9-French-Moments.jpg\"  \/>Objets \u00e0 l\u2019effigie de Saint-Nicolas \u00a9 French Moments<\/p>\n<p>\u00a0<\/p>\n<p style=\"text-align: justify;\">Mais aussi les fameuses boules de No\u00ebl de la <a href=\"https:\/\/mon-grand-est.fr\/site-verrier-de-meisenthal\/\" target=\"_blank\" rel=\"noopener\">cristallerie de Meisenthal<\/a> :<\/p>\n<p><img loading=\"lazy\" decoding=\"async\" class=\"size-full wp-image-13489\" src=\"https:\/\/www.europesays.com\/fr\/wp-content\/uploads\/2025\/07\/Nancy-Meisenthal-Baubles-\u00a9-French-Moments.jpg\" alt=\"Meisenthal \u00a9 French Moments\" width=\"1200\" height=\"803\" data-jpibfi-post-excerpt=\"\" data-jpibfi-post-url=\"https:\/\/mon-grand-est.fr\/noel-a-nancy\/\" data-jpibfi-post-title=\"No\u00ebl \u00e0 Nancy : Le plus beau parcours-d\u00e9couverte\" data-jpibfi-src=\"https:\/\/www.europesays.com\/fr\/wp-content\/uploads\/2025\/07\/Nancy-Meisenthal-Baubles-\u00a9-French-Moments.jpg\"  \/>Les boules de No\u00ebl \u00ab\u00a0made in\u00a0\u00bb Meisenthal \u00e0 Nancy Tourisme \u00a9 French Moments<\/p>\n<p>\u00a0<\/p>\n<p>Le mus\u00e9e des Beaux-Arts<\/p>\n<p style=\"text-align: justify;\">Pendant que nous sommes sur la place Stanislas, j\u2019en profite pour vous pr\u00e9senter le fameux <a href=\"https:\/\/mon-grand-est.fr\/musee-des-beaux-arts-de-nancy\/\" target=\"_blank\" rel=\"noopener\">mus\u00e9e des Beaux-Arts de Nancy<\/a>. En cette fin d\u2019ann\u00e9e, il peut faire\u00a0froid\u2026 On peut choisir de se r\u00e9chauffer dans un des caf\u00e9s de la ville. Ou alors d\u2019explorer le mus\u00e9e des Beaux-Arts\u00a0!<\/p>\n<p style=\"text-align: justify;\">A l\u2019int\u00e9rieur du mus\u00e9e, vous admirerez plusieurs collections d\u2019art europ\u00e9en du 14e si\u00e8cle \u00e0 nos jours, notamment la fabuleuse collection Daum au sous-sol\u2026<\/p>\n<p><img loading=\"lazy\" decoding=\"async\" class=\"size-full wp-image-4131\" src=\"https:\/\/www.europesays.com\/fr\/wp-content\/uploads\/2025\/07\/Mus\u00e9e-des-Beaux-Arts-de-Nancy-05-photo-by-French-Moments.jpg\" alt=\"mus\u00e9e des Beaux-Arts de Nancy\" width=\"1200\" height=\"803\" data-jpibfi-post-excerpt=\"\" data-jpibfi-post-url=\"https:\/\/mon-grand-est.fr\/noel-a-nancy\/\" data-jpibfi-post-title=\"No\u00ebl \u00e0 Nancy : Le plus beau parcours-d\u00e9couverte\" data-jpibfi-src=\"https:\/\/www.europesays.com\/fr\/wp-content\/uploads\/2025\/07\/Mus\u00e9e-des-Beaux-Arts-de-Nancy-05-photo-by-French-Moments.jpg\"  \/>Mus\u00e9e des Beaux-Arts de Nancy, photo par French Moments<img loading=\"lazy\" decoding=\"async\" class=\"size-full wp-image-4132\" src=\"https:\/\/www.europesays.com\/fr\/wp-content\/uploads\/2025\/07\/Mus\u00e9e-des-Beaux-Arts-de-Nancy-06-photo-by-French-Moments.jpg\" alt=\"mus\u00e9e des Beaux-Arts de Nancy\" width=\"1200\" height=\"803\" data-jpibfi-post-excerpt=\"\" data-jpibfi-post-url=\"https:\/\/mon-grand-est.fr\/noel-a-nancy\/\" data-jpibfi-post-title=\"No\u00ebl \u00e0 Nancy : Le plus beau parcours-d\u00e9couverte\" data-jpibfi-src=\"https:\/\/www.europesays.com\/fr\/wp-content\/uploads\/2025\/07\/Mus\u00e9e-des-Beaux-Arts-de-Nancy-06-photo-by-French-Moments.jpg\"  \/>Les belles peintures au mus\u00e9e des Beaux-Arts de Nancy, photo par French Moments<img loading=\"lazy\" decoding=\"async\" class=\"size-full wp-image-4112\" src=\"https:\/\/www.europesays.com\/fr\/wp-content\/uploads\/2025\/07\/Escalier-18e-Jean-Lamour-mus\u00e9e-des-Beaux-Arts-de-Nancy-02-photo-by-French-Moments.jpg\" alt=\"mus\u00e9e des Beaux-Arts de Nancy\" width=\"1200\" height=\"803\" data-jpibfi-post-excerpt=\"\" data-jpibfi-post-url=\"https:\/\/mon-grand-est.fr\/noel-a-nancy\/\" data-jpibfi-post-title=\"No\u00ebl \u00e0 Nancy : Le plus beau parcours-d\u00e9couverte\" data-jpibfi-src=\"https:\/\/www.europesays.com\/fr\/wp-content\/uploads\/2025\/07\/Escalier-18e-Jean-Lamour-mus\u00e9e-des-Beaux-Arts-de-Nancy-02-photo-by-French-Moments.jpg\"  \/>L\u2019escalier 18e avec les ferronneries de Jean Lamour \u00a9 French Moments<img loading=\"lazy\" decoding=\"async\" class=\"size-full wp-image-4119\" src=\"https:\/\/www.europesays.com\/fr\/wp-content\/uploads\/2025\/07\/Collection-Daum-Nancy-07-photo-by-French-Moments.jpg\" alt=\"Daum Nancy\" width=\"1200\" height=\"803\" data-jpibfi-post-excerpt=\"\" data-jpibfi-post-url=\"https:\/\/mon-grand-est.fr\/noel-a-nancy\/\" data-jpibfi-post-title=\"No\u00ebl \u00e0 Nancy : Le plus beau parcours-d\u00e9couverte\" data-jpibfi-src=\"https:\/\/www.europesays.com\/fr\/wp-content\/uploads\/2025\/07\/Collection-Daum-Nancy-07-photo-by-French-Moments.jpg\"  \/>Collection Daum, photo par French Moments<\/p>\n<p>\u00a0<\/p>\n<p style=\"text-align: justify;\">Comptez 1h \u00e0 2h pour une visite des collections des mus\u00e9es en mode rapide ! <a href=\"https:\/\/mon-grand-est.fr\/musee-des-beaux-arts-de-nancy\/\" target=\"_blank\" rel=\"noopener\">En savoir plus\u2026<\/a><\/p>\n<p>\u00a0<\/p>\n<p>Encore des photos de la place Stanislas by night\u00a0!<\/p>\n<p style=\"text-align: justify;\">Avant de quitter la place Stanislas, quelques photos :<\/p>\n<p><img loading=\"lazy\" decoding=\"async\" class=\"size-full wp-image-13509\" src=\"https:\/\/www.europesays.com\/fr\/wp-content\/uploads\/2025\/07\/Nancy-Place-Stanislas-Christmas-17-\u00a9-French-Moments.jpg\" alt=\"Place Stanislas, No\u00ebl \u00e0 Nancy \u00a9 French Moments\" width=\"1200\" height=\"801\" data-jpibfi-post-excerpt=\"\" data-jpibfi-post-url=\"https:\/\/mon-grand-est.fr\/noel-a-nancy\/\" data-jpibfi-post-title=\"No\u00ebl \u00e0 Nancy : Le plus beau parcours-d\u00e9couverte\" data-jpibfi-src=\"https:\/\/www.europesays.com\/fr\/wp-content\/uploads\/2025\/07\/Nancy-Place-Stanislas-Christmas-17-\u00a9-French-Moments.jpg\"  \/>En longeant l\u2019h\u00f4tel de ville de Nancy \u00a9 French Moments<img loading=\"lazy\" decoding=\"async\" class=\"size-full wp-image-13501\" src=\"https:\/\/www.europesays.com\/fr\/wp-content\/uploads\/2025\/07\/Nancy-Place-Stanislas-Christmas-09-\u00a9-French-Moments.jpg\" alt=\"Place Stanislas, No\u00ebl \u00e0 Nancy \u00a9 French Moments\" width=\"1200\" height=\"802\" data-jpibfi-post-excerpt=\"\" data-jpibfi-post-url=\"https:\/\/mon-grand-est.fr\/noel-a-nancy\/\" data-jpibfi-post-title=\"No\u00ebl \u00e0 Nancy : Le plus beau parcours-d\u00e9couverte\" data-jpibfi-src=\"https:\/\/www.europesays.com\/fr\/wp-content\/uploads\/2025\/07\/Nancy-Place-Stanislas-Christmas-09-\u00a9-French-Moments.jpg\"  \/>La Place Stanislas \u00e0 No\u00ebl \u00a9 French Moments<img loading=\"lazy\" decoding=\"async\" class=\"size-full wp-image-13496\" src=\"https:\/\/www.europesays.com\/fr\/wp-content\/uploads\/2025\/07\/Nancy-Place-Stanislas-Christmas-04-\u00a9-French-Moments.jpg\" alt=\"Place Stanislas, No\u00ebl \u00e0 Nancy \u00a9 French Moments\" width=\"801\" height=\"1200\" data-jpibfi-post-excerpt=\"\" data-jpibfi-post-url=\"https:\/\/mon-grand-est.fr\/noel-a-nancy\/\" data-jpibfi-post-title=\"No\u00ebl \u00e0 Nancy : Le plus beau parcours-d\u00e9couverte\" data-jpibfi-src=\"https:\/\/www.europesays.com\/fr\/wp-content\/uploads\/2025\/07\/Nancy-Place-Stanislas-Christmas-04-\u00a9-French-Moments.jpg\"  \/>Vue sur la cath\u00e9drale de Nancy \u00a9 French Moments<img loading=\"lazy\" decoding=\"async\" class=\"size-full wp-image-13495\" src=\"https:\/\/www.europesays.com\/fr\/wp-content\/uploads\/2025\/07\/1752250042_451_Nancy-Place-Stanislas-Christmas-03-\u00a9-French-Moments.jpg\" alt=\"Place Stanislas, No\u00ebl \u00e0 Nancy \u00a9 French Moments\" width=\"1200\" height=\"801\" data-jpibfi-post-excerpt=\"\" data-jpibfi-post-url=\"https:\/\/mon-grand-est.fr\/noel-a-nancy\/\" data-jpibfi-post-title=\"No\u00ebl \u00e0 Nancy : Le plus beau parcours-d\u00e9couverte\" data-jpibfi-src=\"https:\/\/www.europesays.com\/fr\/wp-content\/uploads\/2025\/07\/1752250042_451_Nancy-Place-Stanislas-Christmas-03-\u00a9-French-Moments.jpg\"  \/>L\u2019arc H\u00e9r\u00e9 la nuit \u00a9 French Moments<img loading=\"lazy\" decoding=\"async\" class=\"size-full wp-image-13499\" src=\"https:\/\/www.europesays.com\/fr\/wp-content\/uploads\/2025\/07\/1752250044_249_Nancy-Place-Stanislas-Christmas-07-\u00a9-French-Moments.jpg\" alt=\"Place Stanislas, No\u00ebl \u00e0 Nancy \u00a9 French Moments\" width=\"1200\" height=\"801\" data-jpibfi-post-excerpt=\"\" data-jpibfi-post-url=\"https:\/\/mon-grand-est.fr\/noel-a-nancy\/\" data-jpibfi-post-title=\"No\u00ebl \u00e0 Nancy : Le plus beau parcours-d\u00e9couverte\" data-jpibfi-src=\"https:\/\/www.europesays.com\/fr\/wp-content\/uploads\/2025\/07\/1752250044_249_Nancy-Place-Stanislas-Christmas-07-\u00a9-French-Moments.jpg\"  \/>Sur la place Stanislas pendant la saison de No\u00ebl \u00e0 Nancy \u00a9 French Moments<img loading=\"lazy\" decoding=\"async\" class=\"size-full wp-image-10064\" src=\"https:\/\/www.europesays.com\/fr\/wp-content\/uploads\/2025\/07\/Fontaine-Neptune-Nancy-19-November-\u00a9-French-Moments.jpg\" alt=\"Place Stanislas, Nancy \u00a9 French Moments\" width=\"1200\" height=\"800\" data-jpibfi-post-excerpt=\"\" data-jpibfi-post-url=\"https:\/\/mon-grand-est.fr\/noel-a-nancy\/\" data-jpibfi-post-title=\"No\u00ebl \u00e0 Nancy : Le plus beau parcours-d\u00e9couverte\" data-jpibfi-src=\"https:\/\/www.europesays.com\/fr\/wp-content\/uploads\/2025\/07\/Fontaine-Neptune-Nancy-19-November-\u00a9-French-Moments.jpg\"  \/>La fontaine de Neptune lors d\u2019une nuit de novembre, place Stanislas de Nancy \u00a9 French Moments<img loading=\"lazy\" decoding=\"async\" class=\"size-full wp-image-13493\" src=\"https:\/\/www.europesays.com\/fr\/wp-content\/uploads\/2025\/07\/Nancy-Place-Stanislas-Christmas-01-\u00a9-French-Moments.jpg\" alt=\"Place Stanislas, No\u00ebl \u00e0 Nancy \u00a9 French Moments\" width=\"1200\" height=\"801\" data-jpibfi-post-excerpt=\"\" data-jpibfi-post-url=\"https:\/\/mon-grand-est.fr\/noel-a-nancy\/\" data-jpibfi-post-title=\"No\u00ebl \u00e0 Nancy : Le plus beau parcours-d\u00e9couverte\" data-jpibfi-src=\"https:\/\/www.europesays.com\/fr\/wp-content\/uploads\/2025\/07\/Nancy-Place-Stanislas-Christmas-01-\u00a9-French-Moments.jpg\"  \/>La fontaine d\u2019Amphitrite sublim\u00e9e la nuit \u00a9 French Moments<\/p>\n<p>\u00a0<\/p>\n<p>Incursion en Ville-Neuve<\/p>\n<p style=\"text-align: justify;\">Quittons \u00e0 pr\u00e9sent la place Stanislas par la rue des Dominicains. Traversez la rue Saint-Georges.<\/p>\n<p><img loading=\"lazy\" decoding=\"async\" class=\"size-full wp-image-13516\" src=\"https:\/\/www.europesays.com\/fr\/wp-content\/uploads\/2025\/07\/Nancy-rue-Saint-Jean-Christmas-01-\u00a9-French-Moments.jpg\" alt=\"No\u00ebl \u00e0 Nancy \u00a9 French Moments\" width=\"1200\" height=\"801\" data-jpibfi-post-excerpt=\"\" data-jpibfi-post-url=\"https:\/\/mon-grand-est.fr\/noel-a-nancy\/\" data-jpibfi-post-title=\"No\u00ebl \u00e0 Nancy : Le plus beau parcours-d\u00e9couverte\" data-jpibfi-src=\"https:\/\/www.europesays.com\/fr\/wp-content\/uploads\/2025\/07\/Nancy-rue-Saint-Jean-Christmas-01-\u00a9-French-Moments.jpg\"  \/>La rue Saint-Jean au centre de la ville \u00a9 French Moments<\/p>\n<p>\u00a0<\/p>\n<p style=\"text-align: justify;\">A ce point, vous pouvez faire un petit crochet par la cath\u00e9drale toute proche et\/ou continuez tout droit le long de la rue du Pont Mouja.<\/p>\n<p><img loading=\"lazy\" decoding=\"async\" class=\"size-full wp-image-8921\" src=\"https:\/\/www.europesays.com\/fr\/wp-content\/uploads\/2025\/07\/Nancy-Cathedral-04-\u00a9-French-Moments.jpg\" alt=\"Cath\u00e9drale de Nancy \u00a9 French Moments\" width=\"1200\" height=\"801\" data-jpibfi-post-excerpt=\"\" data-jpibfi-post-url=\"https:\/\/mon-grand-est.fr\/noel-a-nancy\/\" data-jpibfi-post-title=\"No\u00ebl \u00e0 Nancy : Le plus beau parcours-d\u00e9couverte\" data-jpibfi-src=\"https:\/\/www.europesays.com\/fr\/wp-content\/uploads\/2025\/07\/Nancy-Cathedral-04-\u00a9-French-Moments.jpg\"  \/>La fa\u00e7ade illumin\u00e9e de la Cath\u00e9drale de Nancy \u00a9 French Moments<\/p>\n<p>\u00a0<\/p>\n<p style=\"text-align: justify;\">Prenez \u00e0 droite la rue pi\u00e9tonne de la Fa\u00efencerie. Vous arrivez \u00e0 l\u2019angle avec la rue Saint-Dizier.<\/p>\n<p style=\"text-align: justify;\">Devant vous se dresse le b\u00e2timent du <strong>March\u00e9 Couvert<\/strong>. C\u2019est une bonne id\u00e9e d\u2019y entrer pour se familiariser avec la gastronomie lorraine.<\/p>\n<p><img loading=\"lazy\" decoding=\"async\" class=\"size-full wp-image-13488\" src=\"https:\/\/www.europesays.com\/fr\/wp-content\/uploads\/2025\/07\/Nancy-March\u00e9-Couvert-No\u00ebl-\u00a9-French-Moments.jpg\" alt=\"No\u00ebl \u00e0 Nancy \u00a9 French Moments\" width=\"1200\" height=\"801\" data-jpibfi-post-excerpt=\"\" data-jpibfi-post-url=\"https:\/\/mon-grand-est.fr\/noel-a-nancy\/\" data-jpibfi-post-title=\"No\u00ebl \u00e0 Nancy : Le plus beau parcours-d\u00e9couverte\" data-jpibfi-src=\"https:\/\/www.europesays.com\/fr\/wp-content\/uploads\/2025\/07\/Nancy-March\u00e9-Couvert-No\u00ebl-\u00a9-French-Moments.jpg\"  \/>Au March\u00e9 Couvert de Nancy pendant la saison des f\u00eates \u00a9 French Moments<\/p>\n<p style=\"text-align: justify;\">En sortant du march\u00e9 sur la place Charles III, vous vous trouverez nez-\u00e0-nez avec le march\u00e9 de No\u00ebl !<\/p>\n<p>\u00a0<\/p>\n<p>Le Grand Village de Saint-Nicolas<\/p>\n<p style=\"text-align: justify;\">C\u2019est le nom que l\u2019on donne ici au march\u00e9 de No\u00ebl de Nancy.<\/p>\n<p style=\"text-align: justify;\">Les 65 chalets forment chaque ann\u00e9e un grand village festif et attractif. Le village de Saint-Nicolas est organis\u00e9 avec succ\u00e8s par une association locale, <a href=\"https:\/\/www.boutic-nancy.fr\" target=\"_blank\" rel=\"noopener noreferrer\">les Vitrines de Nancy<\/a>\u00a0sur la place Charles III restaur\u00e9e\u00a0et rendue pi\u00e9tonne\u00a0en 2013. L\u2019\u00e9v\u00e9nement \u00e9volue chaque ann\u00e9e.\u00a0En 2018, le nombre d\u2019entr\u00e9es est pass\u00e9\u00a0de deux \u00e0 quatre.\u00a0<\/p>\n<p><img loading=\"lazy\" decoding=\"async\" class=\"size-full wp-image-13535\" src=\"https:\/\/www.europesays.com\/fr\/wp-content\/uploads\/2025\/07\/Nancy-Village-de-Saint-Nicolas-13-\u00a9-French-Moments.jpg\" alt=\"No\u00ebl \u00e0 Nancy \u00a9 French Moments\" width=\"1200\" height=\"805\" data-jpibfi-post-excerpt=\"\" data-jpibfi-post-url=\"https:\/\/mon-grand-est.fr\/noel-a-nancy\/\" data-jpibfi-post-title=\"No\u00ebl \u00e0 Nancy : Le plus beau parcours-d\u00e9couverte\" data-jpibfi-src=\"https:\/\/www.europesays.com\/fr\/wp-content\/uploads\/2025\/07\/Nancy-Village-de-Saint-Nicolas-13-\u00a9-French-Moments.jpg\"  \/>Une des all\u00e9es du Village de Saint-Nicolas \u00e0 Nancy \u00a9 French Moments<\/p>\n<p>\u00a0<\/p>\n<p style=\"text-align: justify;\">C\u2019est l\u2019endroit id\u00e9al pour d\u00e9nicher des id\u00e9es cadeaux originales ou go\u00fbter aux pains d\u2019\u00e9pices et autres douceurs :<\/p>\n<ul>\n<li style=\"text-align: justify;\">objets (bijoux, sacs, bonnets, \u00e9charpes et foulards, maroquinerie\u2026)<\/li>\n<li style=\"text-align: justify;\">d\u00e9coration int\u00e9rieure (\u00e9toiles lumineuses, \u00e9maux\u2026)<\/li>\n<li style=\"text-align: justify;\">d\u00e9co de No\u00ebl (emporte pi\u00e8ces, santons de Provence\u2026)<\/li>\n<li style=\"text-align: justify;\">gourmandises (nougats, chocolats \u00e0 la casse, hu\u00eetres, escargots, foie gras, bonbons des Vosges, vin chaud\u2026)<\/li>\n<\/ul>\n<p>\u00a0<\/p>\n<p>Un march\u00e9 de No\u00ebl qui m\u2019a surpris !<\/p>\n<p style=\"text-align: justify;\">Ce que j\u2019ai aim\u00e9 dans ce march\u00e9, c\u2019est la pr\u00e9sence de commerces en lien direct avec No\u00ebl, comme ce chalet\u00a0offrant des d\u00e9corations de No\u00ebl :<\/p>\n<p><img loading=\"lazy\" decoding=\"async\" class=\"size-full wp-image-13533\" src=\"https:\/\/www.europesays.com\/fr\/wp-content\/uploads\/2025\/07\/Nancy-Village-de-Saint-Nicolas-11-\u00a9-French-Moments.jpg\" alt=\"No\u00ebl \u00e0 Nancy \u00a9 French Moments\" width=\"1200\" height=\"805\" data-jpibfi-post-excerpt=\"\" data-jpibfi-post-url=\"https:\/\/mon-grand-est.fr\/noel-a-nancy\/\" data-jpibfi-post-title=\"No\u00ebl \u00e0 Nancy : Le plus beau parcours-d\u00e9couverte\" data-jpibfi-src=\"https:\/\/www.europesays.com\/fr\/wp-content\/uploads\/2025\/07\/Nancy-Village-de-Saint-Nicolas-11-\u00a9-French-Moments.jpg\"  \/>Tout le n\u00e9cessaire pour d\u00e9corer son sapin de No\u00ebl \u00a9 French Moments<img loading=\"lazy\" decoding=\"async\" class=\"size-full wp-image-13531\" src=\"https:\/\/www.europesays.com\/fr\/wp-content\/uploads\/2025\/07\/Nancy-Village-de-Saint-Nicolas-09-\u00a9-French-Moments.jpg\" alt=\"No\u00ebl \u00e0 Nancy \u00a9 French Moments\" width=\"1200\" height=\"805\" data-jpibfi-post-excerpt=\"\" data-jpibfi-post-url=\"https:\/\/mon-grand-est.fr\/noel-a-nancy\/\" data-jpibfi-post-title=\"No\u00ebl \u00e0 Nancy : Le plus beau parcours-d\u00e9couverte\" data-jpibfi-src=\"https:\/\/www.europesays.com\/fr\/wp-content\/uploads\/2025\/07\/Nancy-Village-de-Saint-Nicolas-09-\u00a9-French-Moments.jpg\"  \/>Au march\u00e9 de Saint-Nicolas \u00e0 Nancy \u00a9 French Moments<img loading=\"lazy\" decoding=\"async\" class=\"size-full wp-image-13530\" src=\"https:\/\/www.europesays.com\/fr\/wp-content\/uploads\/2025\/07\/Nancy-Village-de-Saint-Nicolas-08-\u00a9-French-Moments.jpg\" alt=\"No\u00ebl \u00e0 Nancy \u00a9 French Moments\" width=\"1200\" height=\"801\" data-jpibfi-post-excerpt=\"\" data-jpibfi-post-url=\"https:\/\/mon-grand-est.fr\/noel-a-nancy\/\" data-jpibfi-post-title=\"No\u00ebl \u00e0 Nancy : Le plus beau parcours-d\u00e9couverte\" data-jpibfi-src=\"https:\/\/www.europesays.com\/fr\/wp-content\/uploads\/2025\/07\/Nancy-Village-de-Saint-Nicolas-08-\u00a9-French-Moments.jpg\"  \/>Chalet de d\u00e9corations de No\u00ebl \u00e0 Nancy \u00a9 French Moments<\/p>\n<p>\u00a0<\/p>\n<p style=\"text-align: justify;\">J\u2019ai aim\u00e9\u2026 mais j\u2019ai surtout \u00e9t\u00e9 surpris car \u2013 je vous l\u2019avoue \u2013 je m\u2019attendais \u00e0 d\u00e9couvrir un de ces march\u00e9s de No\u00ebl fades et sans grand int\u00e9r\u00eat. Comme c\u2019est le cas de march\u00e9s de No\u00ebl que j\u2019ai pu visiter \u00e0 Paris ou ailleurs en France.<\/p>\n<p style=\"text-align: justify;\">Et je me demandais comment la situation du march\u00e9 de Nancy, \u00e0 l\u2019ombre des tours modernes du quartier Saint-S\u00e9bastien, att\u00e9nuerait\u00a0le c\u00f4t\u00e9 \u00ab\u00a0f\u00e9\u00e9rique\u00a0\u00bb\u2026 Mais, voil\u00e0, une fois la nuit tomb\u00e9e, la magie des lumi\u00e8res scintillantes et des bonnes odeurs gourmandes op\u00e8re\u2026 et l\u2019on est transport\u00e9 dans un autre monde !<\/p>\n<p>\u00a0<\/p>\n<p>Fl\u00e2nons \u00e0 pr\u00e9sent dans les all\u00e9es du march\u00e9\u2026<\/p>\n<p style=\"text-align: justify;\">J\u2019appr\u00e9cie particuli\u00e8rement les \u00e9tals remplis de gourmandises\u2026 ne me demandez pas pourquoi ! \ud83d\ude09<\/p>\n<p><img loading=\"lazy\" decoding=\"async\" class=\"size-full wp-image-13534\" src=\"https:\/\/www.europesays.com\/fr\/wp-content\/uploads\/2025\/07\/Nancy-Village-de-Saint-Nicolas-12-\u00a9-French-Moments.jpg\" alt=\"No\u00ebl \u00e0 Nancy \u00a9 French Moments\" width=\"1200\" height=\"805\" data-jpibfi-post-excerpt=\"\" data-jpibfi-post-url=\"https:\/\/mon-grand-est.fr\/noel-a-nancy\/\" data-jpibfi-post-title=\"No\u00ebl \u00e0 Nancy : Le plus beau parcours-d\u00e9couverte\" data-jpibfi-src=\"https:\/\/www.europesays.com\/fr\/wp-content\/uploads\/2025\/07\/Nancy-Village-de-Saint-Nicolas-12-\u00a9-French-Moments.jpg\"  \/>Friandises au march\u00e9 de Saint-Nicolas \u00e0 Nancy \u00a9 French Moments<\/p>\n<p>\u00a0<\/p>\n<p style=\"text-align: justify;\">A y regarder de plus pr\u00e8s, ce sont surtout les pains d\u2019\u00e9pices que j\u2019affectionne le plus\u2026 certains sont m\u00eame \u00e0 l\u2019effigie de Nancy :<\/p>\n<p><img loading=\"lazy\" decoding=\"async\" class=\"size-full wp-image-10225\" src=\"https:\/\/www.europesays.com\/fr\/wp-content\/uploads\/2025\/07\/Nancy-Gingerbread-\u00a9-French-Moments.jpg\" alt=\"Nancy \u00e0 No\u00ebl \u00a9 French Moments\" width=\"1200\" height=\"803\" data-jpibfi-post-excerpt=\"\" data-jpibfi-post-url=\"https:\/\/mon-grand-est.fr\/noel-a-nancy\/\" data-jpibfi-post-title=\"No\u00ebl \u00e0 Nancy : Le plus beau parcours-d\u00e9couverte\" data-jpibfi-src=\"https:\/\/www.europesays.com\/fr\/wp-content\/uploads\/2025\/07\/Nancy-Gingerbread-\u00a9-French-Moments.jpg\"  \/>Pain d\u2019\u00e9pices du march\u00e9 de Saint Nicolas \u00e0 Nancy \u00a9 French Moments<\/p>\n<p>\u00a0<\/p>\n<p style=\"text-align: justify;\">J\u2019\u00e9voquais \u00e0 l\u2019instant les d\u00e9cos de No\u00ebl. N\u2019oublions pas non plus les santons ou figurines pour la <a href=\"https:\/\/mon-grand-est.fr\/tradition-de-la-creche-de-noel\/\" target=\"_blank\" rel=\"noopener\">cr\u00e8che<\/a> :<\/p>\n<p><img loading=\"lazy\" decoding=\"async\" class=\"size-full wp-image-13525\" src=\"https:\/\/www.europesays.com\/fr\/wp-content\/uploads\/2025\/07\/Nancy-Village-de-Saint-Nicolas-03-\u00a9-French-Moments.jpg\" alt=\"No\u00ebl \u00e0 Nancy \u00a9 French Moments\" width=\"1200\" height=\"801\" data-jpibfi-post-excerpt=\"\" data-jpibfi-post-url=\"https:\/\/mon-grand-est.fr\/noel-a-nancy\/\" data-jpibfi-post-title=\"No\u00ebl \u00e0 Nancy : Le plus beau parcours-d\u00e9couverte\" data-jpibfi-src=\"https:\/\/www.europesays.com\/fr\/wp-content\/uploads\/2025\/07\/Nancy-Village-de-Saint-Nicolas-03-\u00a9-French-Moments.jpg\"  \/>Des centaines de figurines pour la cr\u00e8che de No\u00ebl ! \u00a9 French Moments<\/p>\n<p>\u00a0<\/p>\n<p style=\"text-align: justify;\">Il faut parfois prendre le temps et s\u2019arr\u00eater pour observer la dynamique d\u2019un march\u00e9 de No\u00ebl. Les passants, les curieux, les gourmands\u2026 et les photographes amateurs ! \ud83d\udcf8<\/p>\n<p><img loading=\"lazy\" decoding=\"async\" class=\"size-full wp-image-13529\" src=\"https:\/\/www.europesays.com\/fr\/wp-content\/uploads\/2025\/07\/Nancy-Village-de-Saint-Nicolas-07-\u00a9-French-Moments.jpg\" alt=\"No\u00ebl \u00e0 Nancy \u00a9 French Moments\" width=\"1200\" height=\"801\" data-jpibfi-post-excerpt=\"\" data-jpibfi-post-url=\"https:\/\/mon-grand-est.fr\/noel-a-nancy\/\" data-jpibfi-post-title=\"No\u00ebl \u00e0 Nancy : Le plus beau parcours-d\u00e9couverte\" data-jpibfi-src=\"https:\/\/www.europesays.com\/fr\/wp-content\/uploads\/2025\/07\/Nancy-Village-de-Saint-Nicolas-07-\u00a9-French-Moments.jpg\"  \/>Moments gourmands et conviviaux au march\u00e9 de Saint-Nicolas \u00e0 Nancy \u00a9 French Moments<\/p>\n<p>\u00a0<\/p>\n<p style=\"text-align: justify;\">Levez les yeux et observez ces petits d\u00e9tails qui passeraient facilement inaper\u00e7us. Comme la d\u00e9coration soign\u00e9e des chalets :<\/p>\n<p><img loading=\"lazy\" decoding=\"async\" class=\"size-full wp-image-13527\" src=\"https:\/\/www.europesays.com\/fr\/wp-content\/uploads\/2025\/07\/Nancy-Village-de-Saint-Nicolas-05-\u00a9-French-Moments.jpg\" alt=\"No\u00ebl \u00e0 Nancy \u00a9 French Moments\" width=\"1200\" height=\"805\" data-jpibfi-post-excerpt=\"\" data-jpibfi-post-url=\"https:\/\/mon-grand-est.fr\/noel-a-nancy\/\" data-jpibfi-post-title=\"No\u00ebl \u00e0 Nancy : Le plus beau parcours-d\u00e9couverte\" data-jpibfi-src=\"https:\/\/www.europesays.com\/fr\/wp-content\/uploads\/2025\/07\/Nancy-Village-de-Saint-Nicolas-05-\u00a9-French-Moments.jpg\"  \/>Zoom sur les d\u00e9corations des chalets du march\u00e9 de Saint Nicolas \u00e0 Nancy \u00a9 French Moments<\/p>\n<p>\u00a0<\/p>\n<p>Et encore celui-ci qui est orn\u00e9 de motifs que\u00a0j\u2019imagine peints \u00e0 la main :<\/p>\n<p><img loading=\"lazy\" decoding=\"async\" class=\"size-full wp-image-13532\" src=\"https:\/\/www.europesays.com\/fr\/wp-content\/uploads\/2025\/07\/Nancy-Village-de-Saint-Nicolas-10-\u00a9-French-Moments.jpg\" alt=\"No\u00ebl \u00e0 Nancy \u00a9 French Moments\" width=\"1200\" height=\"801\" data-jpibfi-post-excerpt=\"\" data-jpibfi-post-url=\"https:\/\/mon-grand-est.fr\/noel-a-nancy\/\" data-jpibfi-post-title=\"No\u00ebl \u00e0 Nancy : Le plus beau parcours-d\u00e9couverte\" data-jpibfi-src=\"https:\/\/www.europesays.com\/fr\/wp-content\/uploads\/2025\/07\/Nancy-Village-de-Saint-Nicolas-10-\u00a9-French-Moments.jpg\"  \/>Zoom sur les d\u00e9corations des chalets du march\u00e9 de Saint Nicolas \u00e0 Nancy \u00a9 French Moments<\/p>\n<p>\u00a0<\/p>\n<p>Mais il y a encore plus surprenant<\/p>\n<p style=\"text-align: justify;\">Ce chalet en forme de chapelle est un \u00ab\u00a0vestige\u00a0\u00bb de march\u00e9s de No\u00ebl plus anciens dans la ville. Vous voyez la petite cloche ? Il s\u2019agit d\u2019une \u00ab\u00a0vraie\u00a0\u00bb cloche. Elle \u00e9tait utilis\u00e9e au 19e si\u00e8cle dans une \u00e9cole catholique de la rue de Strasbourg \u00e0 Nancy. L\u2019\u00e9tablissement scolaire ferma en 1905 lors de l\u2019application\u00a0de la loi de s\u00e9paration des \u00e9glises et de l\u2019Etat. Mais la cloche\u00a0a trouv\u00e9 une nouvelle vie au march\u00e9 de Saint-Nicolas !<\/p>\n<p style=\"text-align: justify;\">Et c\u2019est pas tout. Rep\u00e9rez les personnages de la cr\u00e8che (Marie, rois mages\u2026) sur l\u2019auvent. A gauche de la photo, voyez cette niche abritant la Vierge Marie, protectrice des Nanc\u00e9iens lors de la <a href=\"https:\/\/mon-grand-est.fr\/marecages-de-nancy\/\" target=\"_blank\" rel=\"noopener\">Bataille de Nancy<\/a> en 1477.<\/p>\n<p><img loading=\"lazy\" decoding=\"async\" class=\"size-full wp-image-13528\" src=\"https:\/\/www.europesays.com\/fr\/wp-content\/uploads\/2025\/07\/Nancy-Village-de-Saint-Nicolas-06-\u00a9-French-Moments.jpg\" alt=\"No\u00ebl \u00e0 Nancy \u00a9 French Moments\" width=\"1200\" height=\"805\" data-jpibfi-post-excerpt=\"\" data-jpibfi-post-url=\"https:\/\/mon-grand-est.fr\/noel-a-nancy\/\" data-jpibfi-post-title=\"No\u00ebl \u00e0 Nancy : Le plus beau parcours-d\u00e9couverte\" data-jpibfi-src=\"https:\/\/www.europesays.com\/fr\/wp-content\/uploads\/2025\/07\/Nancy-Village-de-Saint-Nicolas-06-\u00a9-French-Moments.jpg\"  \/>Zoom sur les d\u00e9corations des chalets du march\u00e9 de Saint Nicolas \u00e0 Nancy \u00a9 French Moments<\/p>\n<p>\u00a0<\/p>\n<p>Le carrousel de Nancy<\/p>\n<p style=\"text-align: justify;\">Dirigeons-nous vers le centre du village. Voici\u00a0le carrousel pour enfants. Ce n\u2019est pas n\u2019importe quel man\u00e8ge.<\/p>\n<p><img loading=\"lazy\" decoding=\"async\" class=\"size-full wp-image-13538\" src=\"https:\/\/www.europesays.com\/fr\/wp-content\/uploads\/2025\/07\/Nancy-Village-de-Saint-Nicolas-16-\u00a9-French-Moments.jpg\" alt=\"No\u00ebl \u00e0 Nancy \u00a9 French Moments\" width=\"1200\" height=\"801\" data-jpibfi-post-excerpt=\"\" data-jpibfi-post-url=\"https:\/\/mon-grand-est.fr\/noel-a-nancy\/\" data-jpibfi-post-title=\"No\u00ebl \u00e0 Nancy : Le plus beau parcours-d\u00e9couverte\" data-jpibfi-src=\"https:\/\/www.europesays.com\/fr\/wp-content\/uploads\/2025\/07\/Nancy-Village-de-Saint-Nicolas-16-\u00a9-French-Moments.jpg\"  \/>Le carrousel de Nancy \u00a9 French Moments<\/p>\n<p>\u00a0<\/p>\n<p style=\"text-align: justify;\">Ce carrousel,\u00a0fabriqu\u00e9 r\u00e9cemment par l\u2019Italien Bertazzon pr\u00e8s de Venise, est compos\u00e9 de 22 chevaux de bois. Il est pr\u00e9sent sur le march\u00e9 de No\u00ebl depuis 2016.<\/p>\n<p><img loading=\"lazy\" decoding=\"async\" class=\"size-full wp-image-13541\" src=\"https:\/\/www.europesays.com\/fr\/wp-content\/uploads\/2025\/07\/Nancy-Village-de-Saint-Nicolas-19-\u00a9-French-Moments.jpg\" alt=\"No\u00ebl \u00e0 Nancy \u00a9 French Moments\" width=\"1200\" height=\"805\" data-jpibfi-post-excerpt=\"\" data-jpibfi-post-url=\"https:\/\/mon-grand-est.fr\/noel-a-nancy\/\" data-jpibfi-post-title=\"No\u00ebl \u00e0 Nancy : Le plus beau parcours-d\u00e9couverte\" data-jpibfi-src=\"https:\/\/www.europesays.com\/fr\/wp-content\/uploads\/2025\/07\/Nancy-Village-de-Saint-Nicolas-19-\u00a9-French-Moments.jpg\"  \/>Le carrousel de Nancy \u00a9 French Moments<img loading=\"lazy\" decoding=\"async\" class=\"size-full wp-image-13540\" src=\"https:\/\/www.europesays.com\/fr\/wp-content\/uploads\/2025\/07\/Nancy-Village-de-Saint-Nicolas-18-\u00a9-French-Moments.jpg\" alt=\"No\u00ebl \u00e0 Nancy \u00a9 French Moments\" width=\"1200\" height=\"805\" data-jpibfi-post-excerpt=\"\" data-jpibfi-post-url=\"https:\/\/mon-grand-est.fr\/noel-a-nancy\/\" data-jpibfi-post-title=\"No\u00ebl \u00e0 Nancy : Le plus beau parcours-d\u00e9couverte\" data-jpibfi-src=\"https:\/\/www.europesays.com\/fr\/wp-content\/uploads\/2025\/07\/Nancy-Village-de-Saint-Nicolas-18-\u00a9-French-Moments.jpg\"  \/>Repr\u00e9sentation de l\u2019arc h\u00e9r\u00e9 sur le carrousel de Nancy \u00a9 French Moments<img loading=\"lazy\" decoding=\"async\" class=\"size-full wp-image-13539\" src=\"https:\/\/www.europesays.com\/fr\/wp-content\/uploads\/2025\/07\/Nancy-Village-de-Saint-Nicolas-17-\u00a9-French-Moments.jpg\" alt=\"No\u00ebl \u00e0 Nancy \u00a9 French Moments\" width=\"1200\" height=\"806\" data-jpibfi-post-excerpt=\"\" data-jpibfi-post-url=\"https:\/\/mon-grand-est.fr\/noel-a-nancy\/\" data-jpibfi-post-title=\"No\u00ebl \u00e0 Nancy : Le plus beau parcours-d\u00e9couverte\" data-jpibfi-src=\"https:\/\/www.europesays.com\/fr\/wp-content\/uploads\/2025\/07\/Nancy-Village-de-Saint-Nicolas-17-\u00a9-French-Moments.jpg\"  \/>Repr\u00e9sentation de la place Stanislas sur le carrousel de Nancy \u00a9 French Moments<img loading=\"lazy\" decoding=\"async\" class=\"size-full wp-image-2962\" src=\"https:\/\/www.europesays.com\/fr\/wp-content\/uploads\/2025\/07\/March\u00e9-de-Saint-Nicolas-\u00e0-Nancy-04-\u00a9-French-Moments.jpg\" alt=\"March\u00e9 de Saint-Nicolas \u00e0 Nancy\" width=\"1200\" height=\"901\" data-jpibfi-post-excerpt=\"\" data-jpibfi-post-url=\"https:\/\/mon-grand-est.fr\/noel-a-nancy\/\" data-jpibfi-post-title=\"No\u00ebl \u00e0 Nancy : Le plus beau parcours-d\u00e9couverte\" data-jpibfi-src=\"https:\/\/www.europesays.com\/fr\/wp-content\/uploads\/2025\/07\/March\u00e9-de-Saint-Nicolas-\u00e0-Nancy-04-\u00a9-French-Moments.jpg\"  \/>Le carrousel de Nancy \u00a9 French Moments<\/p>\n<p>\u00a0<\/p>\n<p style=\"text-align: justify;\">Ses dix panneaux et dix plafonds sont orn\u00e9s de peintures \u00e0 la main repr\u00e9sentant des monuments de Nancy : la place Stanislas, les anges de l\u2019arc H\u00e9r\u00e9, la porte de la Craffe\u2026<\/p>\n<p style=\"text-align: justify;\">Nouveaut\u00e9 2018 : le plafond lumineux qui part du carrousel. Ce dernier est le point de d\u00e9part des illuminations qui couvrent la totalit\u00e9 du grand village. Une bonne id\u00e9e sur le papier mais en attendant la tomb\u00e9e du jour, la structure m\u00e9tallique \u00e0 nu fait un peu t\u00e2che sur le march\u00e9\u2026<\/p>\n<p>\u00a0<\/p>\n<p>La maison de Saint Nicolas<\/p>\n<p style=\"text-align: justify;\">Si vous avez de la chance, vous apercevrez peut-\u00eatre le grand Saint-Nicolas arpentant les all\u00e9es du march\u00e9 de No\u00ebl.<\/p>\n<p><img loading=\"lazy\" decoding=\"async\" class=\"size-full wp-image-5786\" src=\"https:\/\/www.europesays.com\/fr\/wp-content\/uploads\/2025\/07\/Saint-Nicolas-in-Nancy-\u00a9-French-Moments.jpg\" alt=\"f\u00eates de la Saint-Nicolas \u00e0 Nancy \u00a9 French Moments\" width=\"1200\" height=\"805\" data-jpibfi-post-excerpt=\"\" data-jpibfi-post-url=\"https:\/\/mon-grand-est.fr\/noel-a-nancy\/\" data-jpibfi-post-title=\"No\u00ebl \u00e0 Nancy : Le plus beau parcours-d\u00e9couverte\" data-jpibfi-src=\"https:\/\/www.europesays.com\/fr\/wp-content\/uploads\/2025\/07\/Saint-Nicolas-in-Nancy-\u00a9-French-Moments.jpg\"  \/>Saint-Nicolas \u00e0 Nancy \u00a9 French Moments<\/p>\n<p>\u00a0<\/p>\n<p style=\"text-align: justify;\">Mais si vous ne le trouvez pas, c\u2019est qu\u2019il est chez lui. Dans sa maison au c\u0153ur du village.<\/p>\n<p><img loading=\"lazy\" decoding=\"async\" class=\"size-full wp-image-13536\" src=\"https:\/\/www.europesays.com\/fr\/wp-content\/uploads\/2025\/07\/Nancy-Village-de-Saint-Nicolas-14-\u00a9-French-Moments.jpg\" alt=\"Saint-Nicolas \u00e0 Nancy \u00a9 French Moments\" width=\"1200\" height=\"803\" data-jpibfi-post-excerpt=\"\" data-jpibfi-post-url=\"https:\/\/mon-grand-est.fr\/noel-a-nancy\/\" data-jpibfi-post-title=\"No\u00ebl \u00e0 Nancy : Le plus beau parcours-d\u00e9couverte\" data-jpibfi-src=\"https:\/\/www.europesays.com\/fr\/wp-content\/uploads\/2025\/07\/Nancy-Village-de-Saint-Nicolas-14-\u00a9-French-Moments.jpg\"  \/>Saint-Nicolas et les enfants \u00a9 French Moments<\/p>\n<p>\u00a0<\/p>\n<p style=\"text-align: justify;\">En 2018, la <strong>maison de saint Nicolas<\/strong> a fait son apparition dans le village. Le chalet\u00a0accueille \u00e9galement la boutique Toa avec ses objets de d\u00e9co et ses jouets pour les enfants.<\/p>\n<p><img loading=\"lazy\" decoding=\"async\" class=\"size-full wp-image-13537\" src=\"https:\/\/www.europesays.com\/fr\/wp-content\/uploads\/2025\/07\/Nancy-Village-de-Saint-Nicolas-15-\u00a9-French-Moments.jpg\" alt=\"No\u00ebl \u00e0 Nancy \u00a9 French Moments\" width=\"1200\" height=\"804\" data-jpibfi-post-excerpt=\"\" data-jpibfi-post-url=\"https:\/\/mon-grand-est.fr\/noel-a-nancy\/\" data-jpibfi-post-title=\"No\u00ebl \u00e0 Nancy : Le plus beau parcours-d\u00e9couverte\" data-jpibfi-src=\"https:\/\/www.europesays.com\/fr\/wp-content\/uploads\/2025\/07\/Nancy-Village-de-Saint-Nicolas-15-\u00a9-French-Moments.jpg\"  \/>La maison de Saint-Nicolas sur la place Charles III \u00e0 Nancy \u00a9 French Moments<\/p>\n<p style=\"text-align: justify;\">D\u2019ailleurs, saviez-vous\u00a0Saint-Nicolas laisse sa place au <a href=\"https:\/\/mon-grand-est.fr\/qui-est-le-pere-noel\/\" target=\"_blank\" rel=\"noopener\">P\u00e8re No\u00ebl<\/a> \u00e0 la mi-d\u00e9cembre ?<\/p>\n<p>\u00a0<\/p>\n<p>L\u2019\u00e9glise Saint-S\u00e9bastien<\/p>\n<p style=\"text-align: justify;\">De passage sur la place Charles III, vous avez certainement remarqu\u00e9 la fa\u00e7ade baroque d\u2019une \u00e9glise.<\/p>\n<p><img loading=\"lazy\" decoding=\"async\" class=\"wp-image-2969 size-full\" src=\"https:\/\/www.europesays.com\/fr\/wp-content\/uploads\/2025\/07\/March\u00e9-de-Saint-Nicolas-\u00e0-Nancy-10-\u00a9-French-Moments.jpg\" alt=\"March\u00e9 de Saint-Nicolas \u00e0 Nancy\" width=\"958\" height=\"641\" data-jpibfi-post-excerpt=\"\" data-jpibfi-post-url=\"https:\/\/mon-grand-est.fr\/noel-a-nancy\/\" data-jpibfi-post-title=\"No\u00ebl \u00e0 Nancy : Le plus beau parcours-d\u00e9couverte\" data-jpibfi-src=\"https:\/\/www.europesays.com\/fr\/wp-content\/uploads\/2025\/07\/March\u00e9-de-Saint-Nicolas-\u00e0-Nancy-10-\u00a9-French-Moments.jpg\"  \/>Le March\u00e9 de Saint-Nicolas \u00e0 l\u2019ombre de l\u2019\u00e9glise Saint-S\u00e9bastien (photo prise en 2016) \u00a9 French Moments<\/p>\n<p>\u00a0<\/p>\n<p style=\"text-align: justify;\">Il s\u2019agit de <strong>l\u2019\u00e9glise Saint-S\u00e9bastien<\/strong>, construite au 18e si\u00e8cle, et dont vous pouvez visiter l\u2019int\u00e9rieur.<\/p>\n<p><img loading=\"lazy\" decoding=\"async\" class=\"size-full wp-image-13469\" src=\"https:\/\/www.europesays.com\/fr\/wp-content\/uploads\/2025\/07\/Nancy-Eglise-Saint-Sebastien-\u00a9-French-Moments.jpg\" alt=\"Saint-S\u00e9bastien, Nancy \u00a9 French Moments\" width=\"1200\" height=\"801\" data-jpibfi-post-excerpt=\"\" data-jpibfi-post-url=\"https:\/\/mon-grand-est.fr\/noel-a-nancy\/\" data-jpibfi-post-title=\"No\u00ebl \u00e0 Nancy : Le plus beau parcours-d\u00e9couverte\" data-jpibfi-src=\"https:\/\/www.europesays.com\/fr\/wp-content\/uploads\/2025\/07\/Nancy-Eglise-Saint-Sebastien-\u00a9-French-Moments.jpg\"  \/>L\u2019int\u00e9rieur de l\u2019\u00e9glise Saint-S\u00e9bastien \u00e0 Nancy \u00a9 French Moments<\/p>\n<p>\u00a0<\/p>\n<p>En route vers le quai des Glaces<\/p>\n<p style=\"text-align: justify;\">Prenez la rue des Ponts puis \u00e0 gauche, la rue Saint-Jean. Remontez l\u2019art\u00e8re commer\u00e7ante de Nancy et traversez la place Andr\u00e9 Maginot jusqu\u2019au magasin Printemps. Atteignez la place Thiers par l\u2019avenue Foch et la rue Mazagran.<\/p>\n<p style=\"text-align: justify;\">Au passage, vous aurez d\u00e9j\u00e0 remarqu\u00e9 les d\u00e9corations lumineuses qui enjambent les rues du centre-ville. Ce sont\u00a054 sites qui sont mis en lumi\u00e8re dans la commune.<\/p>\n<p><img loading=\"lazy\" decoding=\"async\" class=\"size-full wp-image-13466\" src=\"https:\/\/www.europesays.com\/fr\/wp-content\/uploads\/2025\/07\/Nancy-Christmas-Lights-01-\u00a9-French-Moments.jpg\" alt=\"No\u00ebl \u00e0 Nancy \u00a9 French Moments\" width=\"1200\" height=\"805\" data-jpibfi-post-excerpt=\"\" data-jpibfi-post-url=\"https:\/\/mon-grand-est.fr\/noel-a-nancy\/\" data-jpibfi-post-title=\"No\u00ebl \u00e0 Nancy : Le plus beau parcours-d\u00e9couverte\" data-jpibfi-src=\"https:\/\/www.europesays.com\/fr\/wp-content\/uploads\/2025\/07\/Nancy-Christmas-Lights-01-\u00a9-French-Moments.jpg\"  \/>Guirlandes lumineuses de No\u00ebl \u00e0 Nancy \u00a9 French Moments<\/p>\n<p>\u00a0<\/p>\n<p style=\"text-align: justify;\">La pose a n\u00e9cessit\u00e9 le travail des \u00e9quipes du Centre Technique de la Ville de Nancy sur plus de 3 semaines.<\/p>\n<p><img loading=\"lazy\" decoding=\"async\" class=\"size-full wp-image-10219\" src=\"https:\/\/www.europesays.com\/fr\/wp-content\/uploads\/2025\/07\/Nancy-Ville-Neuve-Christmas-01-\u00a9-French-Moments.jpg\" alt=\"Saint Nicolas Nancy \u00a9 French Moments\" width=\"1200\" height=\"801\" data-jpibfi-post-excerpt=\"\" data-jpibfi-post-url=\"https:\/\/mon-grand-est.fr\/noel-a-nancy\/\" data-jpibfi-post-title=\"No\u00ebl \u00e0 Nancy : Le plus beau parcours-d\u00e9couverte\" data-jpibfi-src=\"https:\/\/www.europesays.com\/fr\/wp-content\/uploads\/2025\/07\/Nancy-Ville-Neuve-Christmas-01-\u00a9-French-Moments.jpg\"  \/>Illuminations de rue \u00e0 Nancy \u00e0 l\u2019effigie de Saint-Nicolas \u00a9 French Moments<\/p>\n<p>\u00a0<\/p>\n<p style=\"text-align: justify;\">Sur la place Simone Veil (anciennement place Thiers)\u00a0se trouve <strong>une patinoire de 375 m2<\/strong> (25 m\u00e8tres sur 15 m\u00e8tres).<\/p>\n<p><img loading=\"lazy\" decoding=\"async\" class=\"size-full wp-image-13510\" src=\"https:\/\/www.europesays.com\/fr\/wp-content\/uploads\/2025\/07\/Nancy-Quai-des-Glaces-01-\u00a9-French-Moments.jpg\" alt=\"No\u00ebl \u00e0 Nancy \u00a9 French Moments\" width=\"1200\" height=\"804\" data-jpibfi-post-excerpt=\"\" data-jpibfi-post-url=\"https:\/\/mon-grand-est.fr\/noel-a-nancy\/\" data-jpibfi-post-title=\"No\u00ebl \u00e0 Nancy : Le plus beau parcours-d\u00e9couverte\" data-jpibfi-src=\"https:\/\/www.europesays.com\/fr\/wp-content\/uploads\/2025\/07\/Nancy-Quai-des-Glaces-01-\u00a9-French-Moments.jpg\"  \/>La patinoire du quai des glaces \u00a9 French Moments<\/p>\n<p>\u00a0<\/p>\n<p style=\"text-align: justify;\">Dans les chalets qui l\u2019entourent, vous trouverez de la nourriture\u00a0\u00e0 consommer sur place\u00a0ou \u00e0 emporter !<\/p>\n<p><img loading=\"lazy\" decoding=\"async\" class=\"size-full wp-image-13515\" src=\"https:\/\/www.europesays.com\/fr\/wp-content\/uploads\/2025\/07\/Nancy-Quai-des-Glaces-06-\u00a9-French-Moments.jpg\" alt=\"No\u00ebl \u00e0 Nancy \u00a9 French Moments\" width=\"1200\" height=\"803\" data-jpibfi-post-excerpt=\"\" data-jpibfi-post-url=\"https:\/\/mon-grand-est.fr\/noel-a-nancy\/\" data-jpibfi-post-title=\"No\u00ebl \u00e0 Nancy : Le plus beau parcours-d\u00e9couverte\" data-jpibfi-src=\"https:\/\/www.europesays.com\/fr\/wp-content\/uploads\/2025\/07\/Nancy-Quai-des-Glaces-06-\u00a9-French-Moments.jpg\"  \/>No\u00ebl \u00e0 Nancy : le quai des glaces \u00a9 French Moments<img loading=\"lazy\" decoding=\"async\" class=\"size-full wp-image-13514\" src=\"https:\/\/www.europesays.com\/fr\/wp-content\/uploads\/2025\/07\/Nancy-Quai-des-Glaces-05-\u00a9-French-Moments.jpg\" alt=\"No\u00ebl \u00e0 Nancy \u00a9 French Moments\" width=\"1200\" height=\"803\" data-jpibfi-post-excerpt=\"\" data-jpibfi-post-url=\"https:\/\/mon-grand-est.fr\/noel-a-nancy\/\" data-jpibfi-post-title=\"No\u00ebl \u00e0 Nancy : Le plus beau parcours-d\u00e9couverte\" data-jpibfi-src=\"https:\/\/www.europesays.com\/fr\/wp-content\/uploads\/2025\/07\/Nancy-Quai-des-Glaces-05-\u00a9-French-Moments.jpg\"  \/>Moments de convivialit\u00e9 au quai des glaces \u00e0 Nancy ! \u00a9 French Moments<img loading=\"lazy\" decoding=\"async\" class=\"size-full wp-image-13513\" src=\"https:\/\/www.europesays.com\/fr\/wp-content\/uploads\/2025\/07\/Nancy-Quai-des-Glaces-04-\u00a9-French-Moments.jpg\" alt=\"No\u00ebl \u00e0 Nancy \u00a9 French Moments\" width=\"1200\" height=\"804\" data-jpibfi-post-excerpt=\"\" data-jpibfi-post-url=\"https:\/\/mon-grand-est.fr\/noel-a-nancy\/\" data-jpibfi-post-title=\"No\u00ebl \u00e0 Nancy : Le plus beau parcours-d\u00e9couverte\" data-jpibfi-src=\"https:\/\/www.europesays.com\/fr\/wp-content\/uploads\/2025\/07\/Nancy-Quai-des-Glaces-04-\u00a9-French-Moments.jpg\"  \/>Le quai des glaces face \u00e0 la gare de Nancy \u00a9 French Moments<img loading=\"lazy\" decoding=\"async\" class=\"size-full wp-image-13512\" src=\"https:\/\/www.europesays.com\/fr\/wp-content\/uploads\/2025\/07\/Nancy-Quai-des-Glaces-03-\u00a9-French-Moments.jpg\" alt=\"No\u00ebl \u00e0 Nancy \u00a9 French Moments\" width=\"1200\" height=\"804\" data-jpibfi-post-excerpt=\"\" data-jpibfi-post-url=\"https:\/\/mon-grand-est.fr\/noel-a-nancy\/\" data-jpibfi-post-title=\"No\u00ebl \u00e0 Nancy : Le plus beau parcours-d\u00e9couverte\" data-jpibfi-src=\"https:\/\/www.europesays.com\/fr\/wp-content\/uploads\/2025\/07\/Nancy-Quai-des-Glaces-03-\u00a9-French-Moments.jpg\"  \/>Les vestiaires de la patinoire \u00a9 French Moments<img loading=\"lazy\" decoding=\"async\" class=\"size-full wp-image-13511\" src=\"https:\/\/www.europesays.com\/fr\/wp-content\/uploads\/2025\/07\/Nancy-Quai-des-Glaces-02-\u00a9-French-Moments.jpg\" alt=\"No\u00ebl \u00e0 Nancy \u00a9 French Moments\" width=\"1200\" height=\"801\" data-jpibfi-post-excerpt=\"\" data-jpibfi-post-url=\"https:\/\/mon-grand-est.fr\/noel-a-nancy\/\" data-jpibfi-post-title=\"No\u00ebl \u00e0 Nancy : Le plus beau parcours-d\u00e9couverte\" data-jpibfi-src=\"https:\/\/www.europesays.com\/fr\/wp-content\/uploads\/2025\/07\/Nancy-Quai-des-Glaces-02-\u00a9-French-Moments.jpg\"  \/>La patinoire du quai des glaces face \u00e0 la gare de Nancy \u00a9 French Moments<\/p>\n<p>\u00a0<\/p>\n<p>Quelques bonnes adresses dans le quartier de la gare<\/p>\n<p style=\"text-align: justify;\">Avant de poursuivre\u00a0notre route, voici deux adresses pour les gourmands\u00a0:<\/p>\n<p><img loading=\"lazy\" decoding=\"async\" class=\"size-full wp-image-13471\" src=\"https:\/\/www.europesays.com\/fr\/wp-content\/uploads\/2025\/07\/Nancy-Excelsior-Christmas-\u00a9-French-Moments.jpg\" alt=\"No\u00ebl \u00e0 Nancy \u00a9 French Moments\" width=\"1200\" height=\"803\" data-jpibfi-post-excerpt=\"\" data-jpibfi-post-url=\"https:\/\/mon-grand-est.fr\/noel-a-nancy\/\" data-jpibfi-post-title=\"No\u00ebl \u00e0 Nancy : Le plus beau parcours-d\u00e9couverte\" data-jpibfi-src=\"https:\/\/www.europesays.com\/fr\/wp-content\/uploads\/2025\/07\/Nancy-Excelsior-Christmas-\u00a9-French-Moments.jpg\"  \/>La Brasserie Excelsior, un des joyaux de l\u2019Art nouveau \u00e0 Nancy \u00a9 French Moments<\/p>\n<p>\u00a0<\/p>\n<p><img loading=\"lazy\" decoding=\"async\" class=\"size-full wp-image-13487\" src=\"https:\/\/www.europesays.com\/fr\/wp-content\/uploads\/2025\/07\/Nancy-Lefevre-Lemoine-Christmas-01-\u00a9-French-Moments.jpg\" alt=\"No\u00ebl \u00e0 Nancy \u00a9 French Moments\" width=\"1200\" height=\"801\" data-jpibfi-post-excerpt=\"\" data-jpibfi-post-url=\"https:\/\/mon-grand-est.fr\/noel-a-nancy\/\" data-jpibfi-post-title=\"No\u00ebl \u00e0 Nancy : Le plus beau parcours-d\u00e9couverte\" data-jpibfi-src=\"https:\/\/www.europesays.com\/fr\/wp-content\/uploads\/2025\/07\/Nancy-Lefevre-Lemoine-Christmas-01-\u00a9-French-Moments.jpg\"  \/>La vitrine de la confiserie-biscuiterie Lef\u00e8vre-Lemoine \u00e0 Nancy \u00a9 French Moments<\/p>\n<p>\u00a0<\/p>\n<p style=\"text-align: justify;\">Vous voulez une autre \u2018bonne adresse\u2018 ? Descendez la rue Poincar\u00e9 (qui devient la rue Gambetta). A hauteur du 21 rue Gambetta, voici la fameuse <a href=\"https:\/\/www.macaron-de-nancy.com\" target=\"_blank\" rel=\"noopener noreferrer\">Maison des S\u0153urs Macarons<\/a>. Une institution \u00e0 Nancy qui, comme son nom l\u2019indique, est sp\u00e9cialis\u00e9e dans la fabrication de\u2026 macarons !<\/p>\n<p><img loading=\"lazy\" decoding=\"async\" class=\"size-full wp-image-13560\" src=\"https:\/\/www.europesays.com\/fr\/wp-content\/uploads\/2025\/07\/Nancy-Maison-des-Soeurs-Macarons-by-night-\u00a9-French-Moments.jpg\" alt=\"La maison des S\u0153urs Macarons \u00e0 Nancy \u00a9 French Moments\" width=\"1200\" height=\"803\" data-jpibfi-post-excerpt=\"\" data-jpibfi-post-url=\"https:\/\/mon-grand-est.fr\/noel-a-nancy\/\" data-jpibfi-post-title=\"No\u00ebl \u00e0 Nancy : Le plus beau parcours-d\u00e9couverte\" data-jpibfi-src=\"https:\/\/www.europesays.com\/fr\/wp-content\/uploads\/2025\/07\/Nancy-Maison-des-Soeurs-Macarons-by-night-\u00a9-French-Moments.jpg\"  \/>La maison des S\u0153urs Macarons \u00e0 Nancy \u00a9 French Moments<\/p>\n<p>\u00a0<\/p>\n<p style=\"text-align: justify;\">Pour les f\u00eates, la v\u00e9n\u00e9rable maison propose un calendrier de l\u2019Avent 100% fait maison sur le th\u00e8me de la Saint-Nicolas.<\/p>\n<p>\u25ba<a href=\"https:\/\/mon-grand-est.fr\/gourmandises-lorraines\/\" target=\"_blank\" rel=\"noopener\">Lisez mon article sur les meilleures gourmandises de Lorraine pour en savoir plus !<\/a><\/p>\n<p>\u00a0<\/p>\n<p>Le village gourmand de la place Vaud\u00e9mont<\/p>\n<p style=\"text-align: justify;\">Sur la petite <strong>place de Vaud\u00e9mont<\/strong>, vous trouverez un village de No\u00ebl \u00e0 l\u2019ambiance chaleureuse et conviviale. Initi\u00e9\u00a0par l\u2019association des commer\u00e7ants Le Grenier de Callot, c\u2019est l\u2019endroit id\u00e9al pour d\u00e9couvrir des sp\u00e9cialit\u00e9s culinaires locales et exotiques.<\/p>\n<p><img loading=\"lazy\" decoding=\"async\" class=\"size-full wp-image-13542\" src=\"https:\/\/www.europesays.com\/fr\/wp-content\/uploads\/2025\/07\/Nancy-Village-Gourmand-Vaud\u00e9mont-01-\u00a9-French-Moments.jpg\" alt=\"No\u00ebl \u00e0 Nancy \u00a9 French Moments\" width=\"1200\" height=\"801\" data-jpibfi-post-excerpt=\"\" data-jpibfi-post-url=\"https:\/\/mon-grand-est.fr\/noel-a-nancy\/\" data-jpibfi-post-title=\"No\u00ebl \u00e0 Nancy : Le plus beau parcours-d\u00e9couverte\" data-jpibfi-src=\"https:\/\/www.europesays.com\/fr\/wp-content\/uploads\/2025\/07\/Nancy-Village-Gourmand-Vaud\u00e9mont-01-\u00a9-French-Moments.jpg\"  \/>Moments de convivialit\u00e9 au village gourmand de la place de Vaud\u00e9mont \u00e0 Nancy \u00a9 French Moments<\/p>\n<p>\u00a0<\/p>\n<p style=\"text-align: justify;\">Par exemple, on y trouve des tourtes au munster g\u00e9rom\u00e9, des escargots, des escalopes au foie gras\u2026 A consommer sur place ou \u00e0 emporter !<\/p>\n<p><img loading=\"lazy\" decoding=\"async\" class=\"size-full wp-image-13547\" src=\"https:\/\/www.europesays.com\/fr\/wp-content\/uploads\/2025\/07\/Nancy-Village-Gourmand-Vaud\u00e9mont-06-\u00a9-French-Moments.jpg\" alt=\"No\u00ebl \u00e0 Nancy \u00a9 French Moments\" width=\"1200\" height=\"806\" data-jpibfi-post-excerpt=\"\" data-jpibfi-post-url=\"https:\/\/mon-grand-est.fr\/noel-a-nancy\/\" data-jpibfi-post-title=\"No\u00ebl \u00e0 Nancy : Le plus beau parcours-d\u00e9couverte\" data-jpibfi-src=\"https:\/\/www.europesays.com\/fr\/wp-content\/uploads\/2025\/07\/Nancy-Village-Gourmand-Vaud\u00e9mont-06-\u00a9-French-Moments.jpg\"  \/>Le village gourmand de la place Vaud\u00e9mont \u00e0 Nancy \u00a9 French Moments<img loading=\"lazy\" decoding=\"async\" class=\"size-full wp-image-13546\" src=\"https:\/\/www.europesays.com\/fr\/wp-content\/uploads\/2025\/07\/Nancy-Village-Gourmand-Vaud\u00e9mont-05-\u00a9-French-Moments.jpg\" alt=\"No\u00ebl \u00e0 Nancy \u00a9 French Moments\" width=\"1200\" height=\"803\" data-jpibfi-post-excerpt=\"\" data-jpibfi-post-url=\"https:\/\/mon-grand-est.fr\/noel-a-nancy\/\" data-jpibfi-post-title=\"No\u00ebl \u00e0 Nancy : Le plus beau parcours-d\u00e9couverte\" data-jpibfi-src=\"https:\/\/www.europesays.com\/fr\/wp-content\/uploads\/2025\/07\/Nancy-Village-Gourmand-Vaud\u00e9mont-05-\u00a9-French-Moments.jpg\"  \/>Au village gourmand de la place Vaud\u00e9mont \u00e0 Nancy \u00a9 French Moments<img loading=\"lazy\" decoding=\"async\" class=\"size-full wp-image-13545\" src=\"https:\/\/www.europesays.com\/fr\/wp-content\/uploads\/2025\/07\/Nancy-Village-Gourmand-Vaud\u00e9mont-04-\u00a9-French-Moments.jpg\" alt=\"No\u00ebl \u00e0 Nancy \u00a9 French Moments\" width=\"1200\" height=\"801\" data-jpibfi-post-excerpt=\"\" data-jpibfi-post-url=\"https:\/\/mon-grand-est.fr\/noel-a-nancy\/\" data-jpibfi-post-title=\"No\u00ebl \u00e0 Nancy : Le plus beau parcours-d\u00e9couverte\" data-jpibfi-src=\"https:\/\/www.europesays.com\/fr\/wp-content\/uploads\/2025\/07\/Nancy-Village-Gourmand-Vaud\u00e9mont-04-\u00a9-French-Moments.jpg\"  \/>On vous attend au village gourmand, place Vaud\u00e9mont \u00e0 Nancy \u00a9 French Moments<img loading=\"lazy\" decoding=\"async\" class=\"size-full wp-image-13544\" src=\"https:\/\/www.europesays.com\/fr\/wp-content\/uploads\/2025\/07\/Nancy-Village-Gourmand-Vaud\u00e9mont-03-\u00a9-French-Moments.jpg\" alt=\"No\u00ebl \u00e0 Nancy \u00a9 French Moments\" width=\"1200\" height=\"804\" data-jpibfi-post-excerpt=\"\" data-jpibfi-post-url=\"https:\/\/mon-grand-est.fr\/noel-a-nancy\/\" data-jpibfi-post-title=\"No\u00ebl \u00e0 Nancy : Le plus beau parcours-d\u00e9couverte\" data-jpibfi-src=\"https:\/\/www.europesays.com\/fr\/wp-content\/uploads\/2025\/07\/Nancy-Village-Gourmand-Vaud\u00e9mont-03-\u00a9-French-Moments.jpg\"  \/>Le village gourmand de la place Vaud\u00e9mont \u00e0 Nancy \u00a9 French Moments<img loading=\"lazy\" decoding=\"async\" class=\"size-full wp-image-13543\" src=\"https:\/\/www.europesays.com\/fr\/wp-content\/uploads\/2025\/07\/Nancy-Village-Gourmand-Vaud\u00e9mont-02-\u00a9-French-Moments.jpg\" alt=\"No\u00ebl \u00e0 Nancy \u00a9 French Moments\" width=\"1200\" height=\"805\" data-jpibfi-post-excerpt=\"\" data-jpibfi-post-url=\"https:\/\/mon-grand-est.fr\/noel-a-nancy\/\" data-jpibfi-post-title=\"No\u00ebl \u00e0 Nancy : Le plus beau parcours-d\u00e9couverte\" data-jpibfi-src=\"https:\/\/www.europesays.com\/fr\/wp-content\/uploads\/2025\/07\/Nancy-Village-Gourmand-Vaud\u00e9mont-02-\u00a9-French-Moments.jpg\"  \/>Au village gourmand de la place Vaud\u00e9mont \u00e0 Nancy \u00a9 French Moments<img loading=\"lazy\" decoding=\"async\" class=\"size-full wp-image-10230\" src=\"https:\/\/www.europesays.com\/fr\/wp-content\/uploads\/2025\/07\/Nancy-Place-de-Vaud\u00e9mont-Christmas-\u00a9-French-Moments.jpg\" alt=\"No\u00ebl \u00e0 Nancy \u00a9 French Moments\" width=\"1200\" height=\"801\" data-jpibfi-post-excerpt=\"\" data-jpibfi-post-url=\"https:\/\/mon-grand-est.fr\/noel-a-nancy\/\" data-jpibfi-post-title=\"No\u00ebl \u00e0 Nancy : Le plus beau parcours-d\u00e9couverte\" data-jpibfi-src=\"https:\/\/www.europesays.com\/fr\/wp-content\/uploads\/2025\/07\/Nancy-Place-de-Vaud\u00e9mont-Christmas-\u00a9-French-Moments.jpg\"  \/>Un aper\u00e7u du village gourmand de Vaud\u00e9mont \u00e0 Nancy \u00a9 French Moments<\/p>\n<p>\u00a0<\/p>\n<p style=\"text-align: justify;\">La place Stanislas voisine est toute proche\u2026 on est comme qui dirait attir\u00e9 vers elle. Si vous avez encore le temps, n\u2019h\u00e9sitez pas \u00e0 y retourner !<\/p>\n<p><img loading=\"lazy\" decoding=\"async\" class=\"size-full wp-image-13502\" src=\"https:\/\/www.europesays.com\/fr\/wp-content\/uploads\/2025\/07\/Nancy-Place-Stanislas-Christmas-10-\u00a9-French-Moments.jpg\" alt=\"Place Stanislas, No\u00ebl \u00e0 Nancy \u00a9 French Moments\" width=\"1200\" height=\"801\" data-jpibfi-post-excerpt=\"\" data-jpibfi-post-url=\"https:\/\/mon-grand-est.fr\/noel-a-nancy\/\" data-jpibfi-post-title=\"No\u00ebl \u00e0 Nancy : Le plus beau parcours-d\u00e9couverte\" data-jpibfi-src=\"https:\/\/www.europesays.com\/fr\/wp-content\/uploads\/2025\/07\/Nancy-Place-Stanislas-Christmas-10-\u00a9-French-Moments.jpg\"  \/>La place Stanislas pendant la saison de No\u00ebl \u00e0 Nancy \u00a9 French Moments<\/p>\n<p>\u00a0<\/p>\n<p>Retour \u00e0 l\u2019h\u00f4tel par la Ville-Vieille<\/p>\n<p style=\"text-align: justify;\">Prenez la rue des Mar\u00e9chaux, que les Nanc\u00e9iens surnomment la \u00ab\u00a0rue gourmande\u00a0\u00bb \u00e0 cause du nombre de (bons) restaurants qui la jalonnent.<\/p>\n<p style=\"text-align: justify;\">Puis, tournez \u00e0 droite rue Lafayette. Vous longez l\u2019\u00e9glise Saint-Epvre, chef d\u2019\u0153uvre n\u00e9o-gothique du 19e si\u00e8cle aux proportions dignes d\u2019une cath\u00e9drale.<\/p>\n<p style=\"text-align: justify;\">Traversez la <strong>place Saint-Epvre<\/strong>.<\/p>\n<p><img loading=\"lazy\" decoding=\"async\" class=\"size-full wp-image-13492\" src=\"https:\/\/www.europesays.com\/fr\/wp-content\/uploads\/2025\/07\/Nancy-Place-Saint-Epvre-Christmas-01-\u00a9-French-Moments.jpg\" alt=\"No\u00ebl \u00e0 Nancy \u00a9 French Moments\" width=\"1200\" height=\"801\" data-jpibfi-post-excerpt=\"\" data-jpibfi-post-url=\"https:\/\/mon-grand-est.fr\/noel-a-nancy\/\" data-jpibfi-post-title=\"No\u00ebl \u00e0 Nancy : Le plus beau parcours-d\u00e9couverte\" data-jpibfi-src=\"https:\/\/www.europesays.com\/fr\/wp-content\/uploads\/2025\/07\/Nancy-Place-Saint-Epvre-Christmas-01-\u00a9-French-Moments.jpg\"  \/>Place Saint-Epvre, No\u00ebl \u00e0 Nancy \u00a9 French Moments<\/p>\n<p>\u00a0<\/p>\n<p style=\"text-align: justify;\">Engagez-vous dans la rue Monseigneur Trouillet qui devient la rue des Loups. La rue de Guise (et l\u2019h\u00f4tel) se trouvent sur la droite. Je vous souhaite bonne nuit et faites de beaux r\u00eaves (de Nancy bien s\u00fbr !)<\/p>\n<p>\u00a0<\/p>\n<p>Les incontournables d\u2019un No\u00ebl \u00e0 Nancy<\/p>\n<p style=\"text-align: justify;\">Ce parcours-d\u00e9couverte \u00e9tait riche en d\u00e9couvertes\u2026 et il m\u2019a fallu deux soir\u00e9es enti\u00e8res pour en faire le tour (oui, je passe beaucoup [trop] de temps \u00e0 prendre des photos !)<\/p>\n<p><img loading=\"lazy\" decoding=\"async\" class=\"size-full wp-image-10205\" src=\"https:\/\/www.europesays.com\/fr\/wp-content\/uploads\/2025\/07\/1752250097_614_Nancy-Place-Stanislas-Christmas-12-\u00a9-French-Moments.jpg\" alt=\"La place Stanislas, Nancy \u00a9 French Moments\" width=\"1200\" height=\"801\" data-jpibfi-post-excerpt=\"\" data-jpibfi-post-url=\"https:\/\/mon-grand-est.fr\/noel-a-nancy\/\" data-jpibfi-post-title=\"No\u00ebl \u00e0 Nancy : Le plus beau parcours-d\u00e9couverte\" data-jpibfi-src=\"https:\/\/www.europesays.com\/fr\/wp-content\/uploads\/2025\/07\/1752250097_614_Nancy-Place-Stanislas-Christmas-12-\u00a9-French-Moments.jpg\"  \/>La cath\u00e9drale vue de la place Stanislas, Nancy \u00a9 French Moments<\/p>\n<p>\u00a0<\/p>\n<p style=\"text-align: justify;\">Si votre temps \u00e0 Nancy\u00a0est limit\u00e9 (par exemple \u00e0 une journ\u00e9e + soir\u00e9e), je vous conseille les sites suivants :<\/p>\n<ul style=\"text-align: justify;\">\n<li>la place Stanislas la nuit (et le son et lumi\u00e8re Les Rendez-Vous de Saint-Nicolas)<\/li>\n<li>la place de la Carri\u00e8re et sa grande-roue<\/li>\n<li>le village\u00a0de No\u00ebl de la place Charles III\u00a0en Ville-Neuve<\/li>\n<li style=\"text-align: justify;\">la Grande-Rue, de la place Saint-Epvre \u00e0 la porte de la Craffe<\/li>\n<\/ul>\n<p style=\"text-align: justify;\">Laissez-moi un commentaire ci-dessous si vous avez des questions sur votre visite de No\u00ebl \u00e0 Nancy. Ou \u00e9crivez-moi vos r\u00e9actions apr\u00e8s avoir visit\u00e9 la ville. Je serais ravi de vous lire !<\/p>\n<p>\u00a0<\/p>\n<p>No\u00ebl \u00e0 Nancy Pratique<\/p>\n<p>Les dates de l\u2019\u00e9dition 2023 des <strong>F\u00eates\u00a0de Saint-Nicolas \u00e0 Nancy<\/strong> :<\/p>\n<ul>\n<li>Les f\u00eates d\u00e9buteront <strong>le 24 novembre 2023<\/strong>\u00a0et s\u2019ach\u00e8veront <strong>le 7 janvier 2024<\/strong>.<\/li>\n<li>Le grand week-end de la Saint-Nicolas se d\u00e9roulera les <strong>samedi 9 et dimanche 10 d\u00e9cembre<\/strong>.\u00a0<\/li>\n<li>Pays invit\u00e9 d\u2019honneur : <strong>l\u2019Allemagne<\/strong><\/li>\n<\/ul>\n<p>\u00a0<\/p>\n<p>Vous avez mal aux pieds d\u2019avoir pi\u00e9tin\u00e9 si longtemps ?<\/p>\n<p style=\"text-align: justify;\">Nancy a pens\u00e9 \u00e0 tout\u2026 figurez-vous qu\u2019un <strong>petit train touristique gratuit<\/strong> vous permet de vous d\u00e9placer d\u2019un site de No\u00ebl \u00e0 l\u2019autre pendant les weekends de l\u2019Avent. Il marque des arr\u00eats aux sites suivants :<\/p>\n<ul>\n<li style=\"text-align: justify;\">Square Bourgets (pr\u00e8s de la porte de la Craffe)<\/li>\n<li style=\"text-align: justify;\">H\u00e9r\u00e9 (arc de triomphe c\u00f4t\u00e9 place de la Carri\u00e8re)<\/li>\n<li style=\"text-align: justify;\">Simone Veil (anciennement place Thiers)<\/li>\n<li style=\"text-align: justify;\">Charles III \u2013 4 \u00e9glises<\/li>\n<li style=\"text-align: justify;\">Charles III \u2013 Ponts<\/li>\n<\/ul>\n<p><img loading=\"lazy\" decoding=\"async\" class=\"size-full wp-image-13491\" src=\"https:\/\/www.europesays.com\/fr\/wp-content\/uploads\/2025\/07\/Nancy-Petit-Train-Noel-01-\u00a9-French-Moments.jpg\" alt=\"No\u00ebl \u00e0 Nancy \u00a9 French Moments\" width=\"1200\" height=\"802\" data-jpibfi-post-excerpt=\"\" data-jpibfi-post-url=\"https:\/\/mon-grand-est.fr\/noel-a-nancy\/\" data-jpibfi-post-title=\"No\u00ebl \u00e0 Nancy : Le plus beau parcours-d\u00e9couverte\" data-jpibfi-src=\"https:\/\/www.europesays.com\/fr\/wp-content\/uploads\/2025\/07\/Nancy-Petit-Train-Noel-01-\u00a9-French-Moments.jpg\"  \/>Le petit train touristique gratuit relie les 5 grands sites de No\u00ebl \u00e0 Nancy \u00a9 French Moments<\/p>\n<p>Pour en savoir plus sur la saison de\u00a0No\u00ebl \u00e0 Nancy,\u00a0<a href=\"https:\/\/saint-nicolas.nancy.fr\" target=\"_blank\" rel=\"noopener noreferrer\">visitez le site web<\/a>\u00a0de l\u2019\u00e9v\u00e9nement. Vous y trouverez les dates et horaires d\u2019ouverture des diff\u00e9rents march\u00e9s et \u00e9v\u00e9nements.<\/p>\n<p>\u00a0<\/p>\n<p>D\u00e9couvrez Nancy\u00a0sur le blog :<\/p>\n<p>\u00a0<\/p>\n<p>Visiter Nancy\u00a0: prenez le City Pass !<\/p>\n<p><img loading=\"lazy\" decoding=\"async\" class=\"size-full wp-image-9028 aligncenter\" src=\"https:\/\/www.europesays.com\/fr\/wp-content\/uploads\/2025\/07\/Nancy-City-Pass-2.png\" alt=\"Nancy City Pass\" width=\"175\" height=\"216\" data-jpibfi-post-excerpt=\"\" data-jpibfi-post-url=\"https:\/\/mon-grand-est.fr\/noel-a-nancy\/\" data-jpibfi-post-title=\"No\u00ebl \u00e0 Nancy : Le plus beau parcours-d\u00e9couverte\" data-jpibfi-src=\"https:\/\/www.europesays.com\/fr\/wp-content\/uploads\/2025\/07\/Nancy-City-Pass-2.png\"\/><\/p>\n<p style=\"text-align: justify;\">Le City Pass 1 jour, 2 jours ou 3 jours, c\u2019est le bon plan \u00e0 petit prix pour votre court s\u00e9jour \u00e0 Nancy avec :<\/p>\n<ul>\n<li style=\"text-align: justify;\">Un acc\u00e8s gratuit et libre aux diff\u00e9rents mus\u00e9es et sites publics de la m\u00e9tropole.<\/li>\n<li style=\"text-align: justify;\">Une visite guid\u00e9e* et une visite audio-guid\u00e9e gratuites de la ville.<\/li>\n<li style=\"text-align: justify;\">L\u2019ensemble du r\u00e9seau de transport m\u00e9tropolitain STAN (bus et tramway) pendant 24h inclus.<\/li>\n<li style=\"text-align: justify;\">Des offres et des r\u00e9ductions valables dans de nombreuses boutiques, restaurants et activit\u00e9s.\u00a0<\/li>\n<\/ul>\n<p style=\"text-align: justify;\">** R\u00e9servation obligatoire pour les visites guid\u00e9es<\/p>\n<p>\ud83d\udc49\u00a0<a href=\"http:\/\/www.nancy-tourisme.fr\/sejourner\/nancy-city-pass\/\" target=\"_blank\" rel=\"noopener noreferrer\">Pour en savoir plus<\/a><\/p>\n<p>\u00a0<\/p>\n<p>Venir \u00e0 Nancy\u00a0: c\u2019est facile avec les Parking-Relais !<\/p>\n<p style=\"text-align: justify;\">Si vous venez en voiture \u00e0 Nancy, la solution rapide et \u00e9conomique pour se rendre au centre-ville est celle du parking-relais. L\u2019agglom\u00e9ration compte\u00a010 parkings relais totalisant plus de 1 000 places.<\/p>\n<p>\ud83d\udc49\u00a0<a href=\"https:\/\/www.reseau-stan.com\/se-deplacer\/lintermodalite\/parkings-relais\" target=\"_blank\" rel=\"noopener noreferrer\">Pour en savoir plus sur les tarifs et le fonctionnement du parking-relais<\/a><\/p>\n<p>\u00a0<\/p>\n<p>S\u00e9journer \u00e0\u00a0Nancy<\/p>\n<p style=\"text-align: justify;\">Un bon conseil : ne vous y prenez pas \u00e0 la derni\u00e8re minute pour r\u00e9server votre s\u00e9jour \u00e0 Nancy\u00a0! L\u2019\u00e9v\u00e9nement de la Saint-Nicolas et des festivit\u00e9s de No\u00ebl \u00e0 Nancy attirent beaucoup de monde et les disponibilit\u00e9s d\u2019h\u00e9bergement\u00a0partent vite !<\/p>\n<p style=\"text-align: justify;\">Pour r\u00e9server votre h\u00e9bergement, <a href=\"https:\/\/www.booking.com\/searchresults.en.html?city=-1454430&amp;aid=1673480&amp;no_rooms=1&amp;group_adults=1\" target=\"_blank\" rel=\"noopener noreferrer\">cliquez sur ce lien affili\u00e9<\/a> qui vous renverra sur la plateforme de notre partenaire ou bien naviguez sur la carte ci-dessous :<\/p>\n<\/p>\n<p>\u00a0<\/p>\n<p>Nancy\u00a0: votre base pour No\u00ebl !<\/p>\n<p style=\"text-align: justify;\">Situ\u00e9e \u00e0 1h30 de Paris Gare de l\u2019Est en TGV, la ville de Nancy\u00a0est une bonne base pour visiter les autres\u00a0<a href=\"https:\/\/mon-grand-est.fr\/tradition-du-marche-de-noel\/\" target=\"_blank\" rel=\"noopener\">march\u00e9s de No\u00ebl<\/a>\u00a0de la r\u00e9gion. S\u00e9journez-y le temps d\u2019un weekend\u00a0pour d\u00e9couvrir les march\u00e9s suivants : <a href=\"https:\/\/mon-grand-est.fr\/decouvrir-marche-de-noel-de-metz\/\" target=\"_blank\" rel=\"noopener\">Metz<\/a>\u00a0(40 min en train),\u00a0<a href=\"https:\/\/mon-grand-est.fr\/marche-de-noel-de-strasbourg\/\" target=\"_blank\" rel=\"noopener\">Strasbourg<\/a>\u00a0(1 h en train seulement), Luxembourg\u00a0(50 min en train), Tr\u00e8ves\u00a0(1h50 en train), Sarrebruck\u00a0(1h en train).<\/p>\n<p>\u00a0<\/p>\n<p>Epinglez pour plus tard !<\/p>\n<p style=\"text-align: justify;\"><strong>Vous avez aim\u00e9 cet article sur No\u00ebl \u00e0 Nancy ? Pour m\u2019aider \u00e0 faire connaitre ce blog, partagez-le sur les r\u00e9seaux sociaux (Facebook, X et Pinterest) !<\/strong><\/p>\n<p><img loading=\"lazy\" decoding=\"async\" class=\"aligncenter wp-image-13550\" src=\"https:\/\/www.europesays.com\/fr\/wp-content\/uploads\/2025\/07\/Noel-Nancy-Pinterest-02-\u00a9-French-Moments.jpg\" alt=\"No\u00ebl \u00e0 Nancy \u00a9 French Moments\" width=\"350\" height=\"673\" data-jpibfi-post-excerpt=\"\" data-jpibfi-post-url=\"https:\/\/mon-grand-est.fr\/noel-a-nancy\/\" data-jpibfi-post-title=\"No\u00ebl \u00e0 Nancy : Le plus beau parcours-d\u00e9couverte\" data-jpibfi-src=\"https:\/\/www.europesays.com\/fr\/wp-content\/uploads\/2025\/07\/Noel-Nancy-Pinterest-02-\u00a9-French-Moments.jpg\"  \/><\/p>\n<p>\u00a0<\/p>\n<p style=\"text-align: justify;\">Je remercie <a href=\"https:\/\/www.nancy-tourisme.fr\" target=\"_blank\" rel=\"noopener noreferrer\">Nancy Tourisme<\/a> pour son accueil pendant ce s\u00e9jour inoubliable \u00e0 Nancy. C\u2019\u00e9tait une superbe opportunit\u00e9 pour d\u00e9couvrir la saison de No\u00ebl \u00e0 Nancy ! Cet article est le r\u00e9cit de ce s\u00e9jour et j\u2019esp\u00e8re qu\u2019il vous donnera, cher lecteur, envie de visiter la Ville aux Portes d\u2019Or \u00e0 No\u00ebl.<\/p>\n","protected":false},"excerpt":{"rendered":"Vous connaissez Nancy pour les festivit\u00e9s de la Saint-Nicolas ? Pour sa belle place Stanislas magnifiquement \u00e9clair\u00e9e la&hellip;\n","protected":false},"author":2,"featured_media":242828,"comment_status":"","ping_status":"","sticky":false,"template":"","format":"standard","meta":{"footnotes":""},"categories":[9635],"tags":[1111,11,38240,38241,1777,674,1011,27,775,38242,776,36053,3457,38243,1702,12,15830,9647,25,14334,38244,38245,38246],"class_list":{"0":"post-242827","1":"post","2":"type-post","3":"status-publish","4":"format-standard","5":"has-post-thumbnail","7":"category-nancy","8":"tag-actu","9":"tag-actualites","10":"tag-christmas","11":"tag-christmas-market","12":"tag-eu","13":"tag-europe","14":"tag-fr","15":"tag-france","16":"tag-grand-est","17":"tag-les-fetes-de-saint-nicolas","18":"tag-lorraine","19":"tag-marche-de-noel","20":"tag-meurthe-et-moselle","21":"tag-mon-grand-est","22":"tag-nancy","23":"tag-news","24":"tag-noel","25":"tag-place-stanislas","26":"tag-republique-francaise","27":"tag-saint-nicolas","28":"tag-village-de-saint-nicolas","29":"tag-weihnachstmarkt","30":"tag-weihnachten"},"share_on_mastodon":{"url":"https:\/\/pubeurope.com\/@fr\/114835472914482202","error":""},"_links":{"self":[{"href":"https:\/\/www.europesays.com\/fr\/wp-json\/wp\/v2\/posts\/242827","targetHints":{"allow":["GET"]}}],"collection":[{"href":"https:\/\/www.europesays.com\/fr\/wp-json\/wp\/v2\/posts"}],"about":[{"href":"https:\/\/www.europesays.com\/fr\/wp-json\/wp\/v2\/types\/post"}],"author":[{"embeddable":true,"href":"https:\/\/www.europesays.com\/fr\/wp-json\/wp\/v2\/users\/2"}],"replies":[{"embeddable":true,"href":"https:\/\/www.europesays.com\/fr\/wp-json\/wp\/v2\/comments?post=242827"}],"version-history":[{"count":0,"href":"https:\/\/www.europesays.com\/fr\/wp-json\/wp\/v2\/posts\/242827\/revisions"}],"wp:featuredmedia":[{"embeddable":true,"href":"https:\/\/www.europesays.com\/fr\/wp-json\/wp\/v2\/media\/242828"}],"wp:attachment":[{"href":"https:\/\/www.europesays.com\/fr\/wp-json\/wp\/v2\/media?parent=242827"}],"wp:term":[{"taxonomy":"category","embeddable":true,"href":"https:\/\/www.europesays.com\/fr\/wp-json\/wp\/v2\/categories?post=242827"},{"taxonomy":"post_tag","embeddable":true,"href":"https:\/\/www.europesays.com\/fr\/wp-json\/wp\/v2\/tags?post=242827"}],"curies":[{"name":"wp","href":"https:\/\/api.w.org\/{rel}","templated":true}]}}