{"id":242831,"date":"2025-07-11T16:10:12","date_gmt":"2025-07-11T16:10:12","guid":{"rendered":"https:\/\/www.europesays.com\/fr\/242831\/"},"modified":"2025-07-11T16:10:12","modified_gmt":"2025-07-11T16:10:12","slug":"le-sport-a-toulon-vivre-pratiquer-partager","status":"publish","type":"post","link":"https:\/\/www.europesays.com\/fr\/242831\/","title":{"rendered":"Le sport \u00e0 Toulon : vivre, pratiquer, partager"},"content":{"rendered":"<p>\t\t\t\t\t\t\t\tLe Rugby Club Toulonnais, un symbole identitaire fort<\/p>\n<p class=\"ai-optimize-9 ai-optimize-introduction\">Le RCT incarne l\u2019\u00e2me sportive de la ville. Le Rugby Club Toulonnais (RCT) est plus qu\u2019un club. C\u2019est une fiert\u00e9 locale. Avec ses titres europ\u00e9ens et ses supporters passionn\u00e9s, il symbolise l\u2019esprit de combativit\u00e9 toulonnais. Le Stade Mayol, en plein c\u0153ur de la ville, vibre \u00e0 chaque match. Il unit g\u00e9n\u00e9rations et milieux sociaux autour d\u2019une passion commune. Le rugby fa\u00e7onne l\u2019identit\u00e9 toulonnaise et inspire au quotidien.<\/p>\n<p>Des \u00e9v\u00e9nements qui rassemblent autour du sport : match des l\u00e9gendes pr\u00e9vu en octobre-novembre 2025 \u00e0 Toulon<\/p>\n<p class=\"ai-optimize-10\">La Ville de Toulon multiplie les \u00e9v\u00e9nements sportifs, notamment autour du rugby.<br \/><strong>Le match des l\u00e9gendes, pr\u00e9vu en octobre-novembre 2025, opposera France 98 aux anciens du RCT.<\/strong> Pour l\u2019occasion, d\u2019anciens internationaux du football et du rugby se retrouveront sur le terrain pour une rencontre m\u00ealant les deux disciplines. Les anciens Toulonnais seront aussi de la partie.<br \/>Ce rendez-vous caritatif, port\u00e9 par le footballeur Pascal Olmeta dans le cadre de l\u2019association <a href=\"http:\/\/www.assopascalolmeta.com\/\" target=\"_blank\" rel=\"noopener nofollow\">\u00ab\u00a0Un Sourire, Un Espoir pour la Vie\u00a0\u00bb<\/a>, promet un stade Mayol en \u00e9bullition. L\u2019association vient en aide aux enfants atteints de cancer ou de maladies orphelines. En septembre nous reviendront plus pr\u00e9cis\u00e9ment sur cet \u00e9v\u00e9nement avec le lancement officiel.<\/p>\n<p class=\"ai-optimize-10\">D\u2019autres manifestations comme le <a href=\"https:\/\/www.info83.fr\/waterugby-plonge-a-toulon\/\" target=\"_blank\" rel=\"noopener nofollow\"><strong>Water Rugby<\/strong> qui a eu lieu en juin 2025 sur le port de Toulon, <\/a>la <a href=\"https:\/\/www.facebook.com\/toulonswimrace\/?locale=fr_FR\" target=\"_blank\" rel=\"noopener nofollow\"><strong>Toulon Swim Race<\/strong> qui se d\u00e9roulera le 31 ao\u00fbt 2025 au Mourillon, <\/a>ou encore, le <strong>National de jeu proven\u00e7al<\/strong>, qui se tiendra pour la premi\u00e8re fois \u00e0 Toulon, sur les plages du Mourillon du 13 au 15 septembre 2025, valorisent l\u2019environnement naturel toulonnais.<\/p>\n<blockquote>\n<p class=\"ai-optimize-10\">Ces moments festifs renforcent le lien entre sport, territoire et habitants.<\/p>\n<\/blockquote>\n<p>Sport et sant\u00e9, une priorit\u00e9 municipale<\/p>\n<p class=\"ai-optimize-11\">Pour Laurent Bonnet, le sport ne se limite pas au spectacle. Il d\u00e9fend le sport comme levier de sant\u00e9 publique. Kin\u00e9sith\u00e9rapeute de m\u00e9tier, il milite pour 30 minutes d\u2019activit\u00e9 physique par jour.<br \/>La ville soutient plus de 200 associations pour faciliter l\u2019acc\u00e8s au sport. L\u2019objectif : faire bouger les Toulonnais, quel que soit leur \u00e2ge.<\/p>\n<p class=\"ai-optimize-11\">\u00c0 travers l\u2019exemple du <a href=\"https:\/\/www.info83.fr\/?s=rct\" target=\"_blank\" rel=\"noopener nofollow\">RCT<\/a>, du <a href=\"https:\/\/www.info83.fr\/?s=Sporting\" target=\"_blank\" rel=\"noopener nofollow\">Sporting<\/a>, du <a href=\"https:\/\/www.info83.fr\/?s=htv\" target=\"_blank\" rel=\"noopener nofollow\">HTV Basket<\/a>, du Toulon M\u00e9tropole Var Handball, du TMF futsal, du Rugby Fauteuil Club TPM,\u2026 et les nombreux autres clubs toulonnais, Toulon promeut une culture sportive inclusive et durable.<\/p>\n<blockquote>\n<p class=\"ai-optimize-12\">Rejoignez le mouvement\u202f! Faites du sport \u00e0 Toulon. Participez aux \u00e9v\u00e9nements, int\u00e9grez un club, et bougez pour votre sant\u00e9 et votre plaisir.<strong><br \/><\/strong><\/p>\n<\/blockquote>\n<p class=\"ai-optimize-15\"><strong><img decoding=\"async\" class=\"emoji\" role=\"img\" draggable=\"false\" src=\"https:\/\/s.w.org\/images\/core\/emoji\/13.1.0\/svg\/1f538.svg\" alt=\"\ud83d\udd38\" data-pin-no-hover=\"true\"\/>Info83, le Var proche de vous<br \/><\/strong><\/p>\n<p class=\"ai-optimize-16\"><img decoding=\"async\" class=\"emoji\" role=\"img\" draggable=\"false\" src=\"https:\/\/s.w.org\/images\/core\/emoji\/13.1.0\/svg\/27a1.svg\" alt=\"\u27a1\ufe0f\" data-pin-no-hover=\"true\"\/>\u00a0<a href=\"https:\/\/bit.ly\/2OZZMMK\" target=\"_blank\" rel=\"noopener noreferrer nofollow\">Facebook Info83<\/a><\/p>\n<p class=\"ai-optimize-17\"><img decoding=\"async\" class=\"emoji\" role=\"img\" draggable=\"false\" src=\"https:\/\/s.w.org\/images\/core\/emoji\/13.1.0\/svg\/27a1.svg\" alt=\"\u27a1\ufe0f\" data-pin-no-hover=\"true\"\/>\u00a0<a href=\"https:\/\/bit.ly\/2ONkTC9\" target=\"_blank\" rel=\"noopener noreferrer nofollow\">Youtube Info83<\/a><\/p>\n<p>\u00a0<\/p>\n","protected":false},"excerpt":{"rendered":"Le Rugby Club Toulonnais, un symbole identitaire fort Le RCT incarne l\u2019\u00e2me sportive de la ville. Le Rugby&hellip;\n","protected":false},"author":2,"featured_media":242832,"comment_status":"","ping_status":"","sticky":false,"template":"","format":"standard","meta":{"footnotes":""},"categories":[9619],"tags":[1111,11,1777,674,1011,27,38247,24594,12,882,3461,25,517,2310],"class_list":{"0":"post-242831","1":"post","2":"type-post","3":"status-publish","4":"format-standard","5":"has-post-thumbnail","7":"category-toulon","8":"tag-actu","9":"tag-actualites","10":"tag-eu","11":"tag-europe","12":"tag-fr","13":"tag-france","14":"tag-france-98","15":"tag-match-des-legendes","16":"tag-news","17":"tag-provence-alpes-cote-dazur","18":"tag-rct","19":"tag-republique-francaise","20":"tag-sport","21":"tag-toulon"},"share_on_mastodon":{"url":"","error":""},"_links":{"self":[{"href":"https:\/\/www.europesays.com\/fr\/wp-json\/wp\/v2\/posts\/242831","targetHints":{"allow":["GET"]}}],"collection":[{"href":"https:\/\/www.europesays.com\/fr\/wp-json\/wp\/v2\/posts"}],"about":[{"href":"https:\/\/www.europesays.com\/fr\/wp-json\/wp\/v2\/types\/post"}],"author":[{"embeddable":true,"href":"https:\/\/www.europesays.com\/fr\/wp-json\/wp\/v2\/users\/2"}],"replies":[{"embeddable":true,"href":"https:\/\/www.europesays.com\/fr\/wp-json\/wp\/v2\/comments?post=242831"}],"version-history":[{"count":0,"href":"https:\/\/www.europesays.com\/fr\/wp-json\/wp\/v2\/posts\/242831\/revisions"}],"wp:featuredmedia":[{"embeddable":true,"href":"https:\/\/www.europesays.com\/fr\/wp-json\/wp\/v2\/media\/242832"}],"wp:attachment":[{"href":"https:\/\/www.europesays.com\/fr\/wp-json\/wp\/v2\/media?parent=242831"}],"wp:term":[{"taxonomy":"category","embeddable":true,"href":"https:\/\/www.europesays.com\/fr\/wp-json\/wp\/v2\/categories?post=242831"},{"taxonomy":"post_tag","embeddable":true,"href":"https:\/\/www.europesays.com\/fr\/wp-json\/wp\/v2\/tags?post=242831"}],"curies":[{"name":"wp","href":"https:\/\/api.w.org\/{rel}","templated":true}]}}