{"id":242839,"date":"2025-07-11T16:14:26","date_gmt":"2025-07-11T16:14:26","guid":{"rendered":"https:\/\/www.europesays.com\/fr\/242839\/"},"modified":"2025-07-11T16:14:26","modified_gmt":"2025-07-11T16:14:26","slug":"des-travaux-jusqua-la-fin-du-mois-daout","status":"publish","type":"post","link":"https:\/\/www.europesays.com\/fr\/242839\/","title":{"rendered":"des travaux jusqu&rsquo;\u00e0 la fin du mois d&rsquo;ao\u00fbt"},"content":{"rendered":"<p>            Par<br \/>\n        <strong><br \/>\n            <a href=\"https:\/\/actu.fr\/auteur\/fmass\" title=\"Consulter tous les articles de Fabien Massin\" target=\"_blank\" rel=\"noopener\">Fabien Massin<\/a><br \/>\n        <\/strong><\/p>\n<p>        Publi\u00e9 le<\/p>\n<p>            11 juil. 2025 \u00e0 17h12        <\/p>\n<p>La circulation \u00e0 un croisement important de l\u2019agglo de <a href=\"https:\/\/actu.fr\/normandie\/rouen_76540\" target=\"_blank\" rel=\"noopener\">Rouen (Seine-Maritime)<\/a> va \u00eatre modifi\u00e9e d\u2019ici quelques semaines. Il s\u2019agit <strong>du bas de la R\u00e9publique et de son prolongement en direction du pont Corneille<\/strong>. Pour cela, des travaux vont \u00eatre men\u00e9s du 15 juillet \u00e0 la fin du mois d\u2019ao\u00fbt 2025.\u00a0<\/p>\n<p class=\" wall-content\">La <a href=\"https:\/\/actu.fr\/tag\/metropole-rouen\" target=\"_blank\" rel=\"noopener\">M\u00e9tropole Rouen Normandie<\/a> saisit l\u2019opportunit\u00e9 des travaux actuellement conduits sur le pont Corneille \u2014 <a href=\"https:\/\/actu.fr\/normandie\/rouen_76540\/travaux-a-rouen-ferme-depuis-pres-d-un-an-voici-quand-le-pont-corneille-doit-rouvrir-totalement_62350690.html\" target=\"_blank\" rel=\"noopener\">en cours depuis mars 2024<\/a> \u2014 pour repenser la circulation dans cette zone, dans le but de la fluidifier. Cela, en facilitant le franchissement du quai de Paris pour les v\u00e9los et les bus.\u00a0<\/p>\n<p>R\u00e9alignement des voies et nouvelles pistes cyclables<\/p>\n<p class=\" wall-content\">Les travaux seront men\u00e9s sur la section d\u2019environ 100 m\u00e8tres entre le quai de Paris et la rue des Augustins. Voici les modifications qui vont \u00eatre apport\u00e9es :\u00a0<\/p>\n<p class=\" wall-content\">\u2022 Avec les travaux sur le pont Corneille, les circulations vont \u00eatre modifi\u00e9es, engendrant un d\u00e9calage des voies de bus\/v\u00e9los par rapport \u00e0 la rue de la R\u00e9publique. Des travaux sont donc n\u00e9cessaires <strong>pour r\u00e9aligner les voies<\/strong> et assurer la continuit\u00e9 de la circulation.\u00a0<\/p>\n<p class=\" wall-content\">\u2022 Au bas de la rue de la R\u00e9publique, en direction de l\u2019H\u00f4tel de ville, la voie du bus montante actuellement situ\u00e9e c\u00f4t\u00e9 ouest de la rue, sera d\u00e9cal\u00e9e c\u00f4t\u00e9 est et <strong>compl\u00e9t\u00e9e par une piste cyclable de 2 m\u00e8tres de large<\/strong>. Cet am\u00e9nagement se r\u00e9alignera sur la voie bus existante au nord, pass\u00e9e la rue des Augustins.<\/p>\n<p>Vid\u00e9os : en ce moment sur Actu<\/p>\n<p class=\" wall-content\">\u2022 En direction de la Seine, une voie de bus\/v\u00e9lo sera cr\u00e9\u00e9e entre la place de la Haute-Vieille-Tour et le quai de Paris. La voie de circulation g\u00e9n\u00e9rale s\u2019en retrouvera<strong> l\u00e9g\u00e8rement d\u00e9cal\u00e9e vers l\u2019est.\u00a0<\/strong><\/p>\n<p>Moins de feux rouges<\/p>\n<p class=\" wall-content\">\u00ab\u00a0Au carrefour quai de Paris \/Corneille\/R\u00e9publique, la modification apport\u00e9e va permettre le passage des bus en m\u00eame temps que la circulation g\u00e9n\u00e9rale sur l\u2019axe nord\/sud\u00a0\u00bb, pr\u00e9cisent les services de la M\u00e9tropole. La circulation y sera donc fluidifi\u00e9e. Pour rappel, l\u2019am\u00e9nagement pr\u00e9c\u00e9dent obligeait<strong> \u00e0 mettre l\u2019ensemble des feux de circulation au rouge<\/strong> pour faire passer les bus.\u00a0\u00bb<\/p>\n<p>Suivez l\u2019actualit\u00e9 de Rouen sur notre <a href=\"https:\/\/www.whatsapp.com\/channel\/0029VaKfnf99hXF2ddApFB1D\" target=\"_blank\" rel=\"noopener\">cha\u00eene WhatsApp<\/a> et sur notre <a href=\"https:\/\/www.tiktok.com\/@76actu.fr?lang=fr\" target=\"_blank\" rel=\"noopener\">compte TikTok<\/a><\/p>\n<p class=\" wall-content\">Suivez toute l\u2019actualit\u00e9 de vos villes et m\u00e9dias favoris en vous inscrivant \u00e0 <a href=\"https:\/\/moncompte.actu.fr\" title=\"D\u00e9couvez Mon Actu\" rel=\"nofollow noopener\" data-trk=\"{&quot;cta&quot;:{&quot;action&quot;:&quot;https:\\\/\\\/moncompte.actu.fr&quot;,&quot;category&quot;:&quot;mon compte&quot;,&quot;from&quot;:&quot;article footer&quot;,&quot;name&quot;:&quot;Mon actu&quot;,&quot;type&quot;:&quot;cta&quot;}}\" target=\"_blank\">Mon Actu<\/a>.<\/p>\n<p>                    <script async src=\"\/\/www.tiktok.com\/embed.js\"><\/script><\/p>\n","protected":false},"excerpt":{"rendered":"Par Fabien Massin Publi\u00e9 le 11 juil. 2025 \u00e0 17h12 La circulation \u00e0 un croisement important de l\u2019agglo&hellip;\n","protected":false},"author":2,"featured_media":242840,"comment_status":"","ping_status":"","sticky":false,"template":"","format":"standard","meta":{"footnotes":""},"categories":[9587],"tags":[1111,11,1777,674,1011,27,9725,12,5161,38248,25,9590,104,2086],"class_list":{"0":"post-242839","1":"post","2":"type-post","3":"status-publish","4":"format-standard","5":"has-post-thumbnail","7":"category-rouen","8":"tag-actu","9":"tag-actualites","10":"tag-eu","11":"tag-europe","12":"tag-fr","13":"tag-france","14":"tag-metropole-rouen","15":"tag-news","16":"tag-normandie","17":"tag-pont-pierre-corneille-rouen","18":"tag-republique-francaise","19":"tag-rouen","20":"tag-societe","21":"tag-travaux"},"share_on_mastodon":{"url":"https:\/\/pubeurope.com\/@fr\/114835492911654003","error":""},"_links":{"self":[{"href":"https:\/\/www.europesays.com\/fr\/wp-json\/wp\/v2\/posts\/242839","targetHints":{"allow":["GET"]}}],"collection":[{"href":"https:\/\/www.europesays.com\/fr\/wp-json\/wp\/v2\/posts"}],"about":[{"href":"https:\/\/www.europesays.com\/fr\/wp-json\/wp\/v2\/types\/post"}],"author":[{"embeddable":true,"href":"https:\/\/www.europesays.com\/fr\/wp-json\/wp\/v2\/users\/2"}],"replies":[{"embeddable":true,"href":"https:\/\/www.europesays.com\/fr\/wp-json\/wp\/v2\/comments?post=242839"}],"version-history":[{"count":0,"href":"https:\/\/www.europesays.com\/fr\/wp-json\/wp\/v2\/posts\/242839\/revisions"}],"wp:featuredmedia":[{"embeddable":true,"href":"https:\/\/www.europesays.com\/fr\/wp-json\/wp\/v2\/media\/242840"}],"wp:attachment":[{"href":"https:\/\/www.europesays.com\/fr\/wp-json\/wp\/v2\/media?parent=242839"}],"wp:term":[{"taxonomy":"category","embeddable":true,"href":"https:\/\/www.europesays.com\/fr\/wp-json\/wp\/v2\/categories?post=242839"},{"taxonomy":"post_tag","embeddable":true,"href":"https:\/\/www.europesays.com\/fr\/wp-json\/wp\/v2\/tags?post=242839"}],"curies":[{"name":"wp","href":"https:\/\/api.w.org\/{rel}","templated":true}]}}