{"id":242846,"date":"2025-07-11T16:18:12","date_gmt":"2025-07-11T16:18:12","guid":{"rendered":"https:\/\/www.europesays.com\/fr\/242846\/"},"modified":"2025-07-11T16:18:12","modified_gmt":"2025-07-11T16:18:12","slug":"safran-consolide-sa-presence-a-rennes","status":"publish","type":"post","link":"https:\/\/www.europesays.com\/fr\/242846\/","title":{"rendered":"Safran consolide sa pr\u00e9sence \u00e0 Rennes"},"content":{"rendered":"<p>M\u00e9t\u00e9o au beau fixe ce vendredi sur le p\u00f4le\u00a0de r\u00e9industrialisation\u00a0de La Janais, pr\u00e8s de Rennes. Pas seulement en raison du grand soleil matinal mais aussi pour l&rsquo;entente cordiale affich\u00e9e entre les \u00e9lus de Rennes M\u00e9tropole, dont la majorit\u00e9 associe le Parti socialiste et Les \u00c9cologistes, et la direction du groupe Safran.<\/p>\n<p>Trois mois apr\u00e8s les d\u00e9clarations piquantes d&rsquo;Olivier Andri\u00e8s, son directeur g\u00e9n\u00e9ral, sur son choix, \u00e0 l&rsquo;avenir, de \u00ab\u00a0bannir une offre de localisation faite par une ville d\u00e9tenue par une majorit\u00e9 \u00e9cologiste\u00a0\u00bb, apr\u00e8s les critiques essuy\u00e9es par ce projet d&rsquo;usine de haute technologie du c\u00f4t\u00e9 des \u00e9lus verts m\u00e9tropolitains, le groupe industriel, sp\u00e9cialis\u00e9 dans l&rsquo;a\u00e9ronautique, a pos\u00e9 la premi\u00e8re pierre de sa future usine Safran Turbine Airfoils (STA, Safran Aubes de turbines). Celle-ci d\u00e9butera ses op\u00e9rations en 2027 pour atteindre sa pleine capacit\u00e9 \u00e0 l&rsquo;horizon 2030-2032.<\/p>\n","protected":false},"excerpt":{"rendered":"M\u00e9t\u00e9o au beau fixe ce vendredi sur le p\u00f4le\u00a0de r\u00e9industrialisation\u00a0de La Janais, pr\u00e8s de Rennes. Pas seulement en&hellip;\n","protected":false},"author":2,"featured_media":242847,"comment_status":"","ping_status":"","sticky":false,"template":"","format":"standard","meta":{"footnotes":""},"categories":[2821],"tags":[17,1111,11,296,829,38249,645,1777,674,1011,27,12,15492,584,25,6056],"class_list":{"0":"post-242846","1":"post","2":"type-post","3":"status-publish","4":"format-standard","5":"has-post-thumbnail","7":"category-rennes","8":"tag-17","9":"tag-actu","10":"tag-actualites","11":"tag-aeronautique","12":"tag-bretagne","13":"tag-consolide","14":"tag-entreprises-finance","15":"tag-eu","16":"tag-europe","17":"tag-fr","18":"tag-france","19":"tag-news","20":"tag-presence","21":"tag-rennes","22":"tag-republique-francaise","23":"tag-safran"},"share_on_mastodon":{"url":"https:\/\/pubeurope.com\/@fr\/114835508624645906","error":""},"_links":{"self":[{"href":"https:\/\/www.europesays.com\/fr\/wp-json\/wp\/v2\/posts\/242846","targetHints":{"allow":["GET"]}}],"collection":[{"href":"https:\/\/www.europesays.com\/fr\/wp-json\/wp\/v2\/posts"}],"about":[{"href":"https:\/\/www.europesays.com\/fr\/wp-json\/wp\/v2\/types\/post"}],"author":[{"embeddable":true,"href":"https:\/\/www.europesays.com\/fr\/wp-json\/wp\/v2\/users\/2"}],"replies":[{"embeddable":true,"href":"https:\/\/www.europesays.com\/fr\/wp-json\/wp\/v2\/comments?post=242846"}],"version-history":[{"count":0,"href":"https:\/\/www.europesays.com\/fr\/wp-json\/wp\/v2\/posts\/242846\/revisions"}],"wp:featuredmedia":[{"embeddable":true,"href":"https:\/\/www.europesays.com\/fr\/wp-json\/wp\/v2\/media\/242847"}],"wp:attachment":[{"href":"https:\/\/www.europesays.com\/fr\/wp-json\/wp\/v2\/media?parent=242846"}],"wp:term":[{"taxonomy":"category","embeddable":true,"href":"https:\/\/www.europesays.com\/fr\/wp-json\/wp\/v2\/categories?post=242846"},{"taxonomy":"post_tag","embeddable":true,"href":"https:\/\/www.europesays.com\/fr\/wp-json\/wp\/v2\/tags?post=242846"}],"curies":[{"name":"wp","href":"https:\/\/api.w.org\/{rel}","templated":true}]}}