{"id":242848,"date":"2025-07-11T16:19:09","date_gmt":"2025-07-11T16:19:09","guid":{"rendered":"https:\/\/www.europesays.com\/fr\/242848\/"},"modified":"2025-07-11T16:19:09","modified_gmt":"2025-07-11T16:19:09","slug":"la-police-lance-un-appel-a-temoins-3","status":"publish","type":"post","link":"https:\/\/www.europesays.com\/fr\/242848\/","title":{"rendered":"la police lance un appel \u00e0 t\u00e9moins"},"content":{"rendered":"<p>            Par<br \/>\n        <strong><br \/>\n            <a href=\"https:\/\/actu.fr\/auteur\/pierre-emile-bouchy-actu-fr\" title=\"Consulter tous les articles de Paul-Emile Bouchy\" target=\"_blank\" rel=\"noopener\">Paul-Emile Bouchy<\/a><br \/>\n        <\/strong><\/p>\n<p>        Publi\u00e9 le<\/p>\n<p>            11 juil. 2025 \u00e0 17h52        <\/p>\n<p>Depuis ce vendredi 11\u00a0juillet 2025, \u00e0 10h45, <strong>Adem Haili<\/strong> a disparu au niveau du <a href=\"https:\/\/actu.fr\/tag\/parc-de-l-orangerie\" target=\"_blank\" rel=\"noopener\">parc de l\u2019Orangerie<\/a> \u00e0 <a href=\"https:\/\/actu.fr\/grand-est\/strasbourg_67482\" target=\"_blank\" rel=\"noopener\">Strasbourg<\/a> (Bas-Rhin).<\/p>\n<p class=\" wall-content\">Une enqu\u00eate a \u00e9t\u00e9 ouverte et la police lance un <a href=\"https:\/\/actu.fr\/tag\/appel-a-temoins\" target=\"_blank\" rel=\"noopener\">appel \u00e0 t\u00e9moins<\/a> pour retrouver <strong>cet homme \u00e2g\u00e9 de 24\u00a0ans<\/strong>.<\/p>\n<p>Un homme \u00ab\u2009d\u00e9sorient\u00e9\u2009\u00bb qui a disparu vendredi matin<\/p>\n<p class=\" wall-content\">D\u2019apr\u00e8s la police, Adem semble \u00ab<strong>\u2009d\u00e9sorient\u00e9 lors de ses d\u00e9placements<\/strong>\u2009\u00bb et pr\u00e9sente un <strong>strabisme<\/strong>. Il mesure <strong>1,70\u00a0m<\/strong>, est de <strong>forte corpulence<\/strong> et a les<strong> cheveux courts brun fonc\u00e9<\/strong>.<\/p>\n<p class=\" wall-content\">Au moment de sa disparition, il portait <strong>des lunettes noires, une casquette verte, des baskets noires, un pantacourt gris<\/strong> et <strong>un t-shirt sombre<\/strong> avec une bande blanche horizontale \u00e0 l\u2019avant.<\/p>\n<p class=\" wall-content\">\n<p class=\" wall-content\">Si vous avez des informations pouvant permettre de le retrouver, contactez le <strong>17<\/strong> ou les num\u00e9ros suivants\u2009: <strong>03.90.23.16.70<\/strong> ou <strong>03.90.23.14.30<\/strong>.<\/p>\n<p>Vid\u00e9os : en ce moment sur Actu<\/p>\n<p class=\" wall-content\">Suivez toute l\u2019actualit\u00e9 de vos villes et m\u00e9dias favoris en vous inscrivant \u00e0 <a href=\"https:\/\/moncompte.actu.fr\" title=\"D\u00e9couvez Mon Actu\" rel=\"nofollow noopener\" data-trk=\"{&quot;cta&quot;:{&quot;action&quot;:&quot;https:\\\/\\\/moncompte.actu.fr&quot;,&quot;category&quot;:&quot;mon compte&quot;,&quot;from&quot;:&quot;article footer&quot;,&quot;name&quot;:&quot;Mon actu&quot;,&quot;type&quot;:&quot;cta&quot;}}\" target=\"_blank\">Mon Actu<\/a>.<\/p>\n","protected":false},"excerpt":{"rendered":"Par Paul-Emile Bouchy Publi\u00e9 le 11 juil. 2025 \u00e0 17h52 Depuis ce vendredi 11\u00a0juillet 2025, \u00e0 10h45, Adem&hellip;\n","protected":false},"author":2,"featured_media":242849,"comment_status":"","ping_status":"","sticky":false,"template":"","format":"standard","meta":{"footnotes":""},"categories":[2820],"tags":[1111,11,4260,3676,1777,674,118,1011,27,775,12,1072,25,640],"class_list":{"0":"post-242848","1":"post","2":"type-post","3":"status-publish","4":"format-standard","5":"has-post-thumbnail","7":"category-strasbourg","8":"tag-actu","9":"tag-actualites","10":"tag-appel-a-temoins","11":"tag-disparition-inquietante","12":"tag-eu","13":"tag-europe","14":"tag-faits-divers","15":"tag-fr","16":"tag-france","17":"tag-grand-est","18":"tag-news","19":"tag-police","20":"tag-republique-francaise","21":"tag-strasbourg"},"share_on_mastodon":{"url":"https:\/\/pubeurope.com\/@fr\/114835512614937415","error":""},"_links":{"self":[{"href":"https:\/\/www.europesays.com\/fr\/wp-json\/wp\/v2\/posts\/242848","targetHints":{"allow":["GET"]}}],"collection":[{"href":"https:\/\/www.europesays.com\/fr\/wp-json\/wp\/v2\/posts"}],"about":[{"href":"https:\/\/www.europesays.com\/fr\/wp-json\/wp\/v2\/types\/post"}],"author":[{"embeddable":true,"href":"https:\/\/www.europesays.com\/fr\/wp-json\/wp\/v2\/users\/2"}],"replies":[{"embeddable":true,"href":"https:\/\/www.europesays.com\/fr\/wp-json\/wp\/v2\/comments?post=242848"}],"version-history":[{"count":0,"href":"https:\/\/www.europesays.com\/fr\/wp-json\/wp\/v2\/posts\/242848\/revisions"}],"wp:featuredmedia":[{"embeddable":true,"href":"https:\/\/www.europesays.com\/fr\/wp-json\/wp\/v2\/media\/242849"}],"wp:attachment":[{"href":"https:\/\/www.europesays.com\/fr\/wp-json\/wp\/v2\/media?parent=242848"}],"wp:term":[{"taxonomy":"category","embeddable":true,"href":"https:\/\/www.europesays.com\/fr\/wp-json\/wp\/v2\/categories?post=242848"},{"taxonomy":"post_tag","embeddable":true,"href":"https:\/\/www.europesays.com\/fr\/wp-json\/wp\/v2\/tags?post=242848"}],"curies":[{"name":"wp","href":"https:\/\/api.w.org\/{rel}","templated":true}]}}