{"id":24285,"date":"2025-04-14T13:01:12","date_gmt":"2025-04-14T13:01:12","guid":{"rendered":"https:\/\/www.europesays.com\/fr\/24285\/"},"modified":"2025-04-14T13:01:12","modified_gmt":"2025-04-14T13:01:12","slug":"france-la-surtaxe-exceptionnelle-des-grandes-entreprises-ne-sera-pas-prolongee-confirme-lombard","status":"publish","type":"post","link":"https:\/\/www.europesays.com\/fr\/24285\/","title":{"rendered":"France: la surtaxe exceptionnelle des grandes entreprises ne sera pas prolong\u00e9e, confirme Lombard"},"content":{"rendered":"<p>\n                                        <b>Par<\/b><br \/>\n                                        <br \/>Reuters\n                                    <\/p>\n<p>\n                                    <b>Publi\u00e9 le<\/b><br \/>\n                                    <\/p>\n<p>                                        14 avril 2025<\/p>\n<p class=\"article-content col-md-8 offset-md-1\">\n                                La contribution exceptionnelle sur les b\u00e9n\u00e9fices des grandes entreprises instaur\u00e9e pour 2025 ne sera pas prolong\u00e9e en 2026, mais transform\u00e9e en outil de lutte contre l&rsquo;optimisation fiscale, a d\u00e9clar\u00e9 lundi le ministre fran\u00e7ais de l&rsquo;Economie, \u00c9ric Lombard, lors de l&rsquo;ouverture d&rsquo;un \u00ab\u00a0conseil d&rsquo;entreprise\u00a0\u00bb \u00e0 Bercy.<\/p>\n<p><img decoding=\"async\" class=\"news-image\" style=\"width:100%;max-width:800px;\" src=\"https:\/\/www.europesays.com\/fr\/wp-content\/uploads\/2025\/04\/4251.jpg\" alt=\"Eric Lombard.\" loading=\"lazy\"\/>Eric Lombard. &#8211; Reuters<\/p>\n<p class=\"col-md-8 offset-md-1 article-content--texte\">\u00ab\u00a0Cette contribution exceptionnelle, on l&rsquo;a appliqu\u00e9e une ann\u00e9e. Elle ne sera pas appliqu\u00e9e dans le budget de l&rsquo;ann\u00e9e prochaine\u00a0\u00bb, a-t-il dit.<\/p>\n<p>Le budget 2025, con\u00e7u pour ramener le d\u00e9ficit \u00e0 5,4% du produit int\u00e9rieur brut (PIB) de la France en fin d&rsquo;ann\u00e9e, a mis en place une surtaxe exceptionnelle sur les b\u00e9n\u00e9fices des grandes entreprises qui r\u00e9alisent un chiffre d&rsquo;affaires sup\u00e9rieur ou \u00e9gal \u00e0 un milliard d&rsquo;euros.<\/p>\n<p class=\"col-md-8 offset-md-1 article-content--texte\">\u00ab\u00a0Lors de la discussion du budget, nous avons dit que la contribution sur les hauts revenus qui a \u00e9t\u00e9 propos\u00e9e par Monsieur Barnier (&#8230;) ferait l&rsquo;objet d&rsquo;un dialogue avec les entreprises pour \u00eatre transform\u00e9e en outil de lutte contre l&rsquo;optimisation fiscale (&#8230;) On est toujours dans cette concertation et dans la continuit\u00e9 des discussions que nous avons eu en pr\u00e9parant le budget 2025\u00a0\u00bb, a affirm\u00e9 \u00c9ric Lombard devant les journalistes.<\/p>\n<p>La surtaxe sur les grandes entreprises devrait rapporter 8 milliards d&rsquo;euros cette ann\u00e9e, selon Bercy.<\/p>\n<p>Dans un contexte \u00e9conomique tr\u00e8s incertain, marqu\u00e9 par les revirements de l&rsquo;administration Trump en mati\u00e8re de droits de douane, le gouvernement r\u00e9fl\u00e9chit d\u00e9j\u00e0 \u00e0 la pr\u00e9paration de son budget pour 2026.<\/p>\n<p>Le Premier ministre Fran\u00e7ois Bayrou doit en pr\u00e9senter mardi les grandes lignes lors d&rsquo;une conf\u00e9rence de presse.<\/p>\n<p>Dimanche, \u00c9ric Lombard a \u00e9voqu\u00e9 un effort budg\u00e9taire de 40 milliards d&rsquo;euros en 2026 pour respecter l&rsquo;objectif d&rsquo;une r\u00e9duction du d\u00e9ficit public de la France \u00e0 4,6% de son produit int\u00e9rieur brut (PIB), pr\u00e9cisant que cet ajustement passerait essentiellement par des r\u00e9ductions de la d\u00e9pense publique.<\/p>\n<p>\u00ab\u00a0Nous allons l\u00e9g\u00e8rement baisser la d\u00e9pense publique par rapport \u00e0 son niveau de 2025 et c&rsquo;est cet effort qui va demander la participation de tous et je suis certain que les entreprises ont des id\u00e9es, \u00e0 la fois d&rsquo;\u00e9conomies qu&rsquo;on peut faire, de ressources qu&rsquo;on peut d\u00e9ployer, du r\u00f4le de l&rsquo;\u00c9tat qui peut \u00eatre am\u00e9lior\u00e9 et ce dialogue, nous allons l&rsquo;avoir avec toutes les parties prenantes de fa\u00e7on \u00e0 trouver un consensus\u00a0\u00bb, a-t-il dit lundi.<\/p>\n<p>(R\u00e9dig\u00e9 par Diana Mandi\u00e1, \u00e9dit\u00e9 par Blandine H\u00e9nault)\n                            <\/p>\n<p>\n                                \u00a9 Thomson Reuters 2025 All rights reserved.\n                            <\/p>\n","protected":false},"excerpt":{"rendered":"Par Reuters Publi\u00e9 le 14 avril 2025 La contribution exceptionnelle sur les b\u00e9n\u00e9fices des grandes entreprises instaur\u00e9e pour&hellip;\n","protected":false},"author":2,"featured_media":24286,"comment_status":"","ping_status":"","sticky":false,"template":"","format":"standard","meta":{"footnotes":""},"categories":[4],"tags":[11,2424,537,2423,1011,27,2425,985,12,2298,2426,2427,25,2421,2422],"class_list":{"0":"post-24285","1":"post","2":"type-post","3":"status-publish","4":"format-standard","5":"has-post-thumbnail","7":"category-france","8":"tag-actualites","9":"tag-beaute","10":"tag-contact","11":"tag-cosmetiques","12":"tag-fr","13":"tag-france","14":"tag-luxe","15":"tag-mode","16":"tag-news","17":"tag-parfum","18":"tag-professionnel","19":"tag-professionnels","20":"tag-republique-francaise","21":"tag-reseau","22":"tag-textile"},"share_on_mastodon":{"url":"https:\/\/pubeurope.com\/@fr\/114336450984821336","error":""},"_links":{"self":[{"href":"https:\/\/www.europesays.com\/fr\/wp-json\/wp\/v2\/posts\/24285","targetHints":{"allow":["GET"]}}],"collection":[{"href":"https:\/\/www.europesays.com\/fr\/wp-json\/wp\/v2\/posts"}],"about":[{"href":"https:\/\/www.europesays.com\/fr\/wp-json\/wp\/v2\/types\/post"}],"author":[{"embeddable":true,"href":"https:\/\/www.europesays.com\/fr\/wp-json\/wp\/v2\/users\/2"}],"replies":[{"embeddable":true,"href":"https:\/\/www.europesays.com\/fr\/wp-json\/wp\/v2\/comments?post=24285"}],"version-history":[{"count":0,"href":"https:\/\/www.europesays.com\/fr\/wp-json\/wp\/v2\/posts\/24285\/revisions"}],"wp:featuredmedia":[{"embeddable":true,"href":"https:\/\/www.europesays.com\/fr\/wp-json\/wp\/v2\/media\/24286"}],"wp:attachment":[{"href":"https:\/\/www.europesays.com\/fr\/wp-json\/wp\/v2\/media?parent=24285"}],"wp:term":[{"taxonomy":"category","embeddable":true,"href":"https:\/\/www.europesays.com\/fr\/wp-json\/wp\/v2\/categories?post=24285"},{"taxonomy":"post_tag","embeddable":true,"href":"https:\/\/www.europesays.com\/fr\/wp-json\/wp\/v2\/tags?post=24285"}],"curies":[{"name":"wp","href":"https:\/\/api.w.org\/{rel}","templated":true}]}}