{"id":242856,"date":"2025-07-11T16:23:20","date_gmt":"2025-07-11T16:23:20","guid":{"rendered":"https:\/\/www.europesays.com\/fr\/242856\/"},"modified":"2025-07-11T16:23:20","modified_gmt":"2025-07-11T16:23:20","slug":"grace-a-un-renseignement-anonyme-un-trafic-de-drogue-demantele-quartier-du-breil","status":"publish","type":"post","link":"https:\/\/www.europesays.com\/fr\/242856\/","title":{"rendered":"gr\u00e2ce \u00e0 un renseignement anonyme un trafic de drogue d\u00e9mantel\u00e9 quartier du Breil"},"content":{"rendered":"<p>            Par<br \/>\n        <strong><br \/>\n            <a href=\"https:\/\/actu.fr\/auteur\/redaction-nantes\" title=\"Consulter tous les articles de R\u00e9daction Nantes\" rel=\"nofollow noopener\" target=\"_blank\">R\u00e9daction Nantes<\/a><br \/>\n        <\/strong><\/p>\n<p>        Publi\u00e9 le<\/p>\n<p>            11 juil. 2025 \u00e0 17h31        <\/p>\n<p>Quatre personnes, \u00e2g\u00e9es entre 23 et 28\u00a0ans, ont \u00e9t\u00e9 interpell\u00e9es \u00e0 <strong>Nantes<\/strong>, dans le quartier du Breil. Les quatre hommes sont soup\u00e7onn\u00e9s de participer \u00e0 un<strong> trafic de drogue<\/strong>. L\u2019un d\u2019entre eux, 25\u00a0ans, serait \u00e0 la t\u00eate du r\u00e9seau.<\/p>\n<p class=\" wall-content\">Emprisonn\u00e9 \u00e0 <strong>Argentan<\/strong> depuis 2021, il est sorti il y a seulement quelques mois en mars. Selon la police de Nantes, il g\u00e9rait son trafic depuis le centre de d\u00e9tention gr\u00e2ce \u00e0 un t\u00e9l\u00e9phone portable.<\/p>\n<p>Une op\u00e9ration de grande envergure<\/p>\n<p class=\" wall-content\">Toujours selon cette m\u00eame source, la brigade des stup\u00e9fiants a men\u00e9 ce dossier \u00e0 partir d\u2019un renseignement anonyme et une surveillance a \u00e9t\u00e9 mise en place sur un point de deal, rue Jacques-Feyder.<\/p>\n<p class=\" wall-content\">Le <strong>lundi 7 juillet<\/strong>, la brigade des stup\u00e9fiants, les CRS et une unit\u00e9 du RAID ont men\u00e9 une importante op\u00e9ration et ont interpell\u00e9 les quatre hommes.<\/p>\n<p class=\" wall-content\">Des <strong>perquisitions<\/strong> au domicile du chef pr\u00e9sum\u00e9 du r\u00e9seau ont permis aux enqu\u00eateurs de trouver 1\u2009650 euros, 174 grammes de cannabis, 731 grammes de r\u00e9sine, 250 grammes de coca\u00efne.<\/p>\n<p>Vid\u00e9os : en ce moment sur Actu<\/p>\n<p class=\" wall-content\">Le suspect a ni\u00e9 sa participation au r\u00e9seau et a assur\u00e9, durant sa garde \u00e0 vue, avoir achet\u00e9 de la drogue pour sa \u00ab\u2009<strong>consommation personnelle\u2009<\/strong>\u00bb. Il a \u00e9t\u00e9 d\u00e9f\u00e9r\u00e9 ce vendredi 11 juillet devant le tribunal judiciaire de Nantes.<\/p>\n<p>Une compagne complice\u2009?<\/p>\n<p class=\" wall-content\">La compagne du mis en cause est soup\u00e7onn\u00e9e de l\u2019avoir aid\u00e9 mais n\u2019a pas \u00e9t\u00e9 arr\u00eat\u00e9e dans le cadre de cette affaire. Elle est cependant connue des services de police. Elle a \u00e9t\u00e9 interpell\u00e9e alors qu\u2019elle transportait 55 grammes de r\u00e9sine dans sa voiture\u00a0alors qu\u2019elle allait voir son conjoint au parloir.<\/p>\n<p class=\" wall-content\">Elle poss\u00e8de des voitures de marque et d\u2019importantes rentr\u00e9es d\u2019argent ont \u00e9t\u00e9 rep\u00e9r\u00e9es sur ses comptes sans qu\u2019elle puisse les expliquer, indique la source polici\u00e8re.<\/p>\n<p class=\" wall-content\">Les trois autres personnes impliqu\u00e9es, dont deux seraient des dealers, nient elles aussi leur implication dans le trafic de drogue.<\/p>\n<p class=\" wall-content\">Suivez toute l\u2019actualit\u00e9 de vos villes et m\u00e9dias favoris en vous inscrivant \u00e0 <a href=\"https:\/\/moncompte.actu.fr\" title=\"D\u00e9couvez Mon Actu\" rel=\"nofollow noopener\" data-trk=\"{&quot;cta&quot;:{&quot;action&quot;:&quot;https:\\\/\\\/moncompte.actu.fr&quot;,&quot;category&quot;:&quot;mon compte&quot;,&quot;from&quot;:&quot;article footer&quot;,&quot;name&quot;:&quot;Mon actu&quot;,&quot;type&quot;:&quot;cta&quot;}}\" target=\"_blank\">Mon Actu<\/a>.<\/p>\n","protected":false},"excerpt":{"rendered":"Par R\u00e9daction Nantes Publi\u00e9 le 11 juil. 2025 \u00e0 17h31 Quatre personnes, \u00e2g\u00e9es entre 23 et 28\u00a0ans, ont&hellip;\n","protected":false},"author":2,"featured_media":242857,"comment_status":"","ping_status":"","sticky":false,"template":"","format":"standard","meta":{"footnotes":""},"categories":[2818],"tags":[1111,11,1052,1777,674,118,1011,27,303,766,12,2636,1072,25],"class_list":{"0":"post-242856","1":"post","2":"type-post","3":"status-publish","4":"format-standard","5":"has-post-thumbnail","7":"category-nantes","8":"tag-actu","9":"tag-actualites","10":"tag-drogue","11":"tag-eu","12":"tag-europe","13":"tag-faits-divers","14":"tag-fr","15":"tag-france","16":"tag-justice","17":"tag-nantes","18":"tag-news","19":"tag-pays-de-la-loire","20":"tag-police","21":"tag-republique-francaise"},"share_on_mastodon":{"url":"https:\/\/pubeurope.com\/@fr\/114835528299179008","error":""},"_links":{"self":[{"href":"https:\/\/www.europesays.com\/fr\/wp-json\/wp\/v2\/posts\/242856","targetHints":{"allow":["GET"]}}],"collection":[{"href":"https:\/\/www.europesays.com\/fr\/wp-json\/wp\/v2\/posts"}],"about":[{"href":"https:\/\/www.europesays.com\/fr\/wp-json\/wp\/v2\/types\/post"}],"author":[{"embeddable":true,"href":"https:\/\/www.europesays.com\/fr\/wp-json\/wp\/v2\/users\/2"}],"replies":[{"embeddable":true,"href":"https:\/\/www.europesays.com\/fr\/wp-json\/wp\/v2\/comments?post=242856"}],"version-history":[{"count":0,"href":"https:\/\/www.europesays.com\/fr\/wp-json\/wp\/v2\/posts\/242856\/revisions"}],"wp:featuredmedia":[{"embeddable":true,"href":"https:\/\/www.europesays.com\/fr\/wp-json\/wp\/v2\/media\/242857"}],"wp:attachment":[{"href":"https:\/\/www.europesays.com\/fr\/wp-json\/wp\/v2\/media?parent=242856"}],"wp:term":[{"taxonomy":"category","embeddable":true,"href":"https:\/\/www.europesays.com\/fr\/wp-json\/wp\/v2\/categories?post=242856"},{"taxonomy":"post_tag","embeddable":true,"href":"https:\/\/www.europesays.com\/fr\/wp-json\/wp\/v2\/tags?post=242856"}],"curies":[{"name":"wp","href":"https:\/\/api.w.org\/{rel}","templated":true}]}}