{"id":242858,"date":"2025-07-11T16:24:22","date_gmt":"2025-07-11T16:24:22","guid":{"rendered":"https:\/\/www.europesays.com\/fr\/242858\/"},"modified":"2025-07-11T16:24:22","modified_gmt":"2025-07-11T16:24:22","slug":"un-fc-nantes-new-look-et-rajeuni-face-a-laval-ce-samedi-a-saint-nazaire","status":"publish","type":"post","link":"https:\/\/www.europesays.com\/fr\/242858\/","title":{"rendered":"Un FC Nantes new look et rajeuni face \u00e0 Laval ce samedi \u00e0 Saint-Nazaire"},"content":{"rendered":"<p>            Par<br \/>\n        <strong><br \/>\n            <a href=\"https:\/\/actu.fr\/auteur\/frederic-prot\" title=\"Consulter tous les articles de Fr\u00e9d\u00e9ric Prot\" rel=\"nofollow noopener\" target=\"_blank\">Fr\u00e9d\u00e9ric Prot<\/a><br \/>\n        <\/strong><\/p>\n<p>        Publi\u00e9 le<\/p>\n<p>            11 juil. 2025 \u00e0 17h00        <\/p>\n<p>Le FC Nantes va disputer ce samedi 12\u00a0juillet 2025 \u00e0 17\u2009h\u200930 au stade L\u00e9o-Lagrange \u00e0 <a href=\"https:\/\/actu.fr\/pays-de-la-loire\/saint-nazaire_44184\" rel=\"nofollow noopener\" target=\"_blank\">Saint-Nazaire<\/a> son premier match de la saison 2025\/2026. Match de pr\u00e9paration contre Laval (Ligue\u00a02).<\/p>\n<p>Nombreux d\u00e9parts<\/p>\n<p class=\" wall-content\">Les supporters des Canaris ne vont plus reconna\u00eetre leur \u00e9quipe habituelle.<\/p>\n<p class=\" wall-content\">Touch\u00e9 de plein fouet, comme la plupart des clubs fran\u00e7ais, par le manque \u00e0 gagner sur les droits t\u00e9l\u00e9 mais aussi soucieux d\u2019ouvrir une nouvelle page, le FCN a d\u00e9cid\u00e9 d\u2019all\u00e9ger sa masse salariale et de faire rentrer de l\u2019argent avec des transferts.<\/p>\n<p class=\" wall-content\">Ainsi de nombreux cadres ont fait leurs valises (Pallois, Simon, Chirivella, Douglas Augusto, Castelletto\u2026) tout comme l\u2019entra\u00eeneur Antoine Kombouar\u00e9, limog\u00e9 \u00e0 l\u2019issue d\u2019une triste saison o\u00f9 le FCN a d\u00fb batailler jusqu\u2019\u00e0 la derni\u00e8re journ\u00e9e pour sauver sa place dans l\u2019\u00e9lite.<\/p>\n<p class=\" wall-content\">C\u2019est d\u00e9sormais Luis Castro qui est aux manettes.<\/p>\n<p>Vid\u00e9os : en ce moment sur Actu<\/p>\n<p class=\" wall-content\">Ce coach portugais, en provenance de Dunkerque (Ligue\u00a02) o\u00f9 il a perform\u00e9, pr\u00f4ne un jeu offensif et donne sa chance aux jeunes.<\/p>\n<p class=\" wall-content\">Il n\u2019y a plus qu\u2019\u00e0 esp\u00e9rer que Waldemar Kita lui laisse le temps de mettre ses principes en place.\u00a0Temps qu\u2019il n\u2019a jamais accord\u00e9 aux nombreux entra\u00eeneurs qui se sont succ\u00e9d\u00e9 depuis son rachat du club en 2007\u2026<\/p>\n<p>15 et 10\u00a0\u20ac la place<\/p>\n<p class=\" wall-content\">Pour se faire une premi\u00e8re petite id\u00e9e de ce <a href=\"https:\/\/actu.fr\/tag\/fc-nantes\" rel=\"nofollow noopener\" target=\"_blank\">FC Nantes<\/a> new look, dont l\u2019effectif est encore amen\u00e9 \u00e0 bouger tant dans le sens des d\u00e9parts que des arriv\u00e9es, rendez-vous donc \u00e0 Saint-Nazaire ce samedi.<\/p>\n<p class=\" wall-content\">On devrait y voir la seule recrue enregistr\u00e9e pour l\u2019instant : le d\u00e9fenseur central serbe, Uros Radakovic, 31 ans, en provenance de Turquie.<\/p>\n<p class=\" wall-content\">Il est possible d\u2019acheter des places sur <a href=\"https:\/\/www.snaf44.fr\/blog\/snaf-1\/post\/nantes-vs-laval-5182\" rel=\"nofollow noopener\" target=\"_blank\">le site internet du Snaf<\/a> (Saint-Nazaire Atlantique football)\u2009: placement libre en tribune 15\u00a0\u20ac, placement libre autour du stade 10\u00a0\u20ac, gratuit pour les enfants de moins de 5\u00a0ans (assis sur les genoux).<\/p>\n<p class=\" wall-content\">Le stade ouvrira ses portes d\u00e8s 16\u2009h et fermera \u00e0 la mi-temps.<\/p>\n<p class=\" wall-content\">Suivez toute l\u2019actualit\u00e9 de vos villes et m\u00e9dias favoris en vous inscrivant \u00e0 <a href=\"https:\/\/moncompte.actu.fr\" title=\"D\u00e9couvez Mon Actu\" rel=\"nofollow noopener\" data-trk=\"{&quot;cta&quot;:{&quot;action&quot;:&quot;https:\\\/\\\/moncompte.actu.fr&quot;,&quot;category&quot;:&quot;mon compte&quot;,&quot;from&quot;:&quot;article footer&quot;,&quot;name&quot;:&quot;Mon actu&quot;,&quot;type&quot;:&quot;cta&quot;}}\" target=\"_blank\">Mon Actu<\/a>.<\/p>\n","protected":false},"excerpt":{"rendered":"Par Fr\u00e9d\u00e9ric Prot Publi\u00e9 le 11 juil. 2025 \u00e0 17h00 Le FC Nantes va disputer ce samedi 12\u00a0juillet&hellip;\n","protected":false},"author":2,"featured_media":242859,"comment_status":"","ping_status":"","sticky":false,"template":"","format":"standard","meta":{"footnotes":""},"categories":[2818],"tags":[1111,11,1777,674,462,63,1011,27,766,12,2636,25,517,60],"class_list":{"0":"post-242858","1":"post","2":"type-post","3":"status-publish","4":"format-standard","5":"has-post-thumbnail","7":"category-nantes","8":"tag-actu","9":"tag-actualites","10":"tag-eu","11":"tag-europe","12":"tag-fc-nantes","13":"tag-football","14":"tag-fr","15":"tag-france","16":"tag-nantes","17":"tag-news","18":"tag-pays-de-la-loire","19":"tag-republique-francaise","20":"tag-sport","21":"tag-sports"},"share_on_mastodon":{"url":"https:\/\/pubeurope.com\/@fr\/114835532255475628","error":""},"_links":{"self":[{"href":"https:\/\/www.europesays.com\/fr\/wp-json\/wp\/v2\/posts\/242858","targetHints":{"allow":["GET"]}}],"collection":[{"href":"https:\/\/www.europesays.com\/fr\/wp-json\/wp\/v2\/posts"}],"about":[{"href":"https:\/\/www.europesays.com\/fr\/wp-json\/wp\/v2\/types\/post"}],"author":[{"embeddable":true,"href":"https:\/\/www.europesays.com\/fr\/wp-json\/wp\/v2\/users\/2"}],"replies":[{"embeddable":true,"href":"https:\/\/www.europesays.com\/fr\/wp-json\/wp\/v2\/comments?post=242858"}],"version-history":[{"count":0,"href":"https:\/\/www.europesays.com\/fr\/wp-json\/wp\/v2\/posts\/242858\/revisions"}],"wp:featuredmedia":[{"embeddable":true,"href":"https:\/\/www.europesays.com\/fr\/wp-json\/wp\/v2\/media\/242859"}],"wp:attachment":[{"href":"https:\/\/www.europesays.com\/fr\/wp-json\/wp\/v2\/media?parent=242858"}],"wp:term":[{"taxonomy":"category","embeddable":true,"href":"https:\/\/www.europesays.com\/fr\/wp-json\/wp\/v2\/categories?post=242858"},{"taxonomy":"post_tag","embeddable":true,"href":"https:\/\/www.europesays.com\/fr\/wp-json\/wp\/v2\/tags?post=242858"}],"curies":[{"name":"wp","href":"https:\/\/api.w.org\/{rel}","templated":true}]}}