{"id":242864,"date":"2025-07-11T16:27:09","date_gmt":"2025-07-11T16:27:09","guid":{"rendered":"https:\/\/www.europesays.com\/fr\/242864\/"},"modified":"2025-07-11T16:27:09","modified_gmt":"2025-07-11T16:27:09","slug":"un-homme-recoit-22-coups-de-couteau","status":"publish","type":"post","link":"https:\/\/www.europesays.com\/fr\/242864\/","title":{"rendered":"un homme re\u00e7oit 22 coups de couteau"},"content":{"rendered":"<p>            Par<br \/>\n        <strong><br \/>\n            <a href=\"https:\/\/actu.fr\/auteur\/mareva-laville-actu-fr\" title=\"Consulter tous les articles de Mar\u00e9va Laville\" rel=\"nofollow noopener\" target=\"_blank\">Mar\u00e9va Laville<\/a><br \/>\n        <\/strong><\/p>\n<p>        Publi\u00e9 le<\/p>\n<p>            11 juil. 2025 \u00e0 17h58        <\/p>\n<p>Ce samedi-l\u00e0, 19\u00a0avril 2025, il \u00e9tait 1 heure du matin lorsque les secours sont arriv\u00e9s au chevet d\u2019un homme de 35\u00a0ans,<strong> bless\u00e9 par arme blanche<\/strong>. Route de Narbonne, dans le quartier de Rangueil \u00e0 <a href=\"http:\/\/www.actu.fr\/toulouse\" rel=\"nofollow noopener\" target=\"_blank\"><strong>Toulouse<\/strong><\/a>, <a href=\"https:\/\/actu.fr\/occitanie\/toulouse_31555\/un-homme-blesse-par-arme-blanche-au-sud-de-toulouse-il-est-transporte-en-urgence-a-l-hopital_62534616.html\" rel=\"nofollow noopener\" target=\"_blank\">la victime avait re\u00e7u plusieurs coups de couteau,<\/a> comme l\u2019indiquait une source polici\u00e8re d\u2019Actu Toulouse. Son pronostic vital n\u2019\u00e9tait pas engag\u00e9. Une chance, car le trentenaire s\u2019\u00e9tait pris pas moins de 22\u00a0coups, lui valant quelque<strong> 15\u00a0jours d\u2019Incapacit\u00e9 totale de travail (ITT)<\/strong>\u2009! Mais pour quelle raison\u2009? Deux hommes ont \u00e9t\u00e9 jug\u00e9s en comparution imm\u00e9diate jeudi 10\u00a0juillet 2025.<\/p>\n<p>Deux hommes, auteurs des coups de couteau<\/p>\n<p class=\" wall-content\">Les<strong> individus \u00e2g\u00e9s de 28 et 30\u00a0ans<\/strong>, accus\u00e9s de <strong>violence aggrav\u00e9e par deux circonstances<\/strong>, s\u2019\u00e9taient rendus au domicile de la victime \u00e0 deux, samedi 19\u00a0avril 2025. D\u2019apr\u00e8s le parquet de Toulouse, ils avaient donn\u00e9 \u00ab\u2009rendez-vous \u00e0 la victime pour r\u00e9gler une histoire relative \u00e0 <strong>la vente d\u2019un chien\u2009\u00bb.<\/strong><\/p>\n<p>La victime devait garder un chien \u00e0 domicile<\/p>\n<p class=\" wall-content\">Le trentenaire bless\u00e9 s\u2019\u00e9tait charg\u00e9, quelques jours plus t\u00f4t, de garder un <strong>chien de type Staff<\/strong> pendant une semaine \u00e0 son domicile, \u00e0 la demande d\u2019un camarade. \u00ab\u2009Mais voyant les d\u00e9g\u00e2ts caus\u00e9s chez lui, il l\u2019a donn\u00e9 \u00e0 quelqu\u2019un dans la rue\u2009\u00bb, indique le parquet de Toulouse.<\/p>\n<p class=\" wall-content\">Un \u00ab\u2009don\u2009\u00bb qui a \u00e9t\u00e9 transform\u00e9, selon la rumeur, en vente. \u00ab\u2009Le fr\u00e8re du propri\u00e9taire (le propri\u00e9taire est incarc\u00e9r\u00e9, ndlr) a \u00e9t\u00e9 contact\u00e9 par quelqu\u2019un se pr\u00e9sentant comme l\u2019acheteur du chien\u2009\u00bb, d\u00e9taille le vice-procureur de la R\u00e9publique de Toulouse.<\/p>\n<p>Le fr\u00e8re du propri\u00e9taire se rend chez la victime, arm\u00e9 et accompagn\u00e9<\/p>\n<p class=\" wall-content\">Une information qui n\u2019a pas \u00e9t\u00e9 du go\u00fbt du frangin \u00ab\u2009qui a reproch\u00e9 \u00e0 la victime d\u2019avoir<strong> fait de l\u2019argent sur son dos<\/strong> en vendant le chien\u2009\u00bb.<\/p>\n<p class=\" wall-content\">Le diff\u00e9rent ne s\u2019est pas r\u00e9gl\u00e9 \u00e0 l\u2019amiable. Le fr\u00e8re du propri\u00e9taire du Staff ne vient pas seul, route de Narbonne, le 19\u00a0avril. Tr\u00e8s vite, \u00ab\u2009l\u2019altercation d\u00e9g\u00e9n\u00e8re et les auteurs portent <strong>22\u00a0coups de couteau \u00e0 la victime<\/strong>\u2009\u00bb, souligne le parquet de Toulouse.<\/p>\n<p>    <a href=\"https:\/\/www.google.com\/maps\/embed?pb=!1m18!1m12!1m3!1d2891.0963807420717!2d1.4588081133000648!3d43.562874758145185!2m3!1f0!2f0!3f0!3m2!1i1024!2i768!4f13.1!3m3!1m2!1s0x12aebc17a902913d%3A0xf0fee4733ac86194!2sRte%20de%20Narbonne%2C%2031400%20Toulouse!5e0!3m2!1sfr!2sfr!4v1752247631963!5m2!1sfr!2sfr\" title=\"Ouvrie le lien\" rel=\"nofollow noopener\" target=\"_blank\">Cliquez ici pour visualiser le contenu<\/a><\/p>\n<p>Les deux auteurs des coups de couteau \u00e9crou\u00e9s<\/p>\n<p class=\" wall-content\">Si le devenir du chien n\u2019a pas \u00e9t\u00e9 port\u00e9 \u00e0 la connaissance d\u2019Actu Toulouse, celui des deux pr\u00e9venus est d\u00e9sormais connu.<\/p>\n<p class=\" wall-content\">Le <strong>tribunal correctionnel de Toulouse<\/strong> a d\u00e9clar\u00e9 les deux hommes <strong>coupables<\/strong>. L\u2019homme de 28\u00a0ans \u00e9cope de<strong> 42\u00a0mois d\u2019emprisonnement avec maintien en d\u00e9tention<\/strong>, doubl\u00e9 d\u2019une interdiction de porter une arme pendant cinq ans et une interdiction d\u2019entrer en contact avec la victime pendant trois ans.<\/p>\n<p class=\" wall-content\">L\u2019homme de 30\u00a0ans reste lui aussi <strong>incarc\u00e9r\u00e9 pour une dur\u00e9e de 36\u00a0mois<\/strong>, avec, pour lui aussi, l\u2019interdiction de porter une arme durant cinq ans et l\u2019interdiction d\u2019entrer en contact avec la victime pendant trois ans.<\/p>\n<p class=\" wall-content\">Suivez toute l\u2019actualit\u00e9 de vos villes et m\u00e9dias favoris en vous inscrivant \u00e0 <a href=\"https:\/\/moncompte.actu.fr\" title=\"D\u00e9couvez Mon Actu\" rel=\"nofollow noopener\" data-trk=\"{&quot;cta&quot;:{&quot;action&quot;:&quot;https:\\\/\\\/moncompte.actu.fr&quot;,&quot;category&quot;:&quot;mon compte&quot;,&quot;from&quot;:&quot;article footer&quot;,&quot;name&quot;:&quot;Mon actu&quot;,&quot;type&quot;:&quot;cta&quot;}}\" target=\"_blank\">Mon Actu<\/a>.<\/p>\n","protected":false},"excerpt":{"rendered":"Par Mar\u00e9va Laville Publi\u00e9 le 11 juil. 2025 \u00e0 17h58 Ce samedi-l\u00e0, 19\u00a0avril 2025, il \u00e9tait 1 heure&hellip;\n","protected":false},"author":2,"featured_media":242865,"comment_status":"","ping_status":"","sticky":false,"template":"","format":"standard","meta":{"footnotes":""},"categories":[2816],"tags":[1111,11,1777,674,118,1011,27,303,12,2680,1072,25,2312],"class_list":{"0":"post-242864","1":"post","2":"type-post","3":"status-publish","4":"format-standard","5":"has-post-thumbnail","7":"category-toulouse","8":"tag-actu","9":"tag-actualites","10":"tag-eu","11":"tag-europe","12":"tag-faits-divers","13":"tag-fr","14":"tag-france","15":"tag-justice","16":"tag-news","17":"tag-occitanie","18":"tag-police","19":"tag-republique-francaise","20":"tag-toulouse"},"share_on_mastodon":{"url":"","error":""},"_links":{"self":[{"href":"https:\/\/www.europesays.com\/fr\/wp-json\/wp\/v2\/posts\/242864","targetHints":{"allow":["GET"]}}],"collection":[{"href":"https:\/\/www.europesays.com\/fr\/wp-json\/wp\/v2\/posts"}],"about":[{"href":"https:\/\/www.europesays.com\/fr\/wp-json\/wp\/v2\/types\/post"}],"author":[{"embeddable":true,"href":"https:\/\/www.europesays.com\/fr\/wp-json\/wp\/v2\/users\/2"}],"replies":[{"embeddable":true,"href":"https:\/\/www.europesays.com\/fr\/wp-json\/wp\/v2\/comments?post=242864"}],"version-history":[{"count":0,"href":"https:\/\/www.europesays.com\/fr\/wp-json\/wp\/v2\/posts\/242864\/revisions"}],"wp:featuredmedia":[{"embeddable":true,"href":"https:\/\/www.europesays.com\/fr\/wp-json\/wp\/v2\/media\/242865"}],"wp:attachment":[{"href":"https:\/\/www.europesays.com\/fr\/wp-json\/wp\/v2\/media?parent=242864"}],"wp:term":[{"taxonomy":"category","embeddable":true,"href":"https:\/\/www.europesays.com\/fr\/wp-json\/wp\/v2\/categories?post=242864"},{"taxonomy":"post_tag","embeddable":true,"href":"https:\/\/www.europesays.com\/fr\/wp-json\/wp\/v2\/tags?post=242864"}],"curies":[{"name":"wp","href":"https:\/\/api.w.org\/{rel}","templated":true}]}}