{"id":242868,"date":"2025-07-11T16:29:14","date_gmt":"2025-07-11T16:29:14","guid":{"rendered":"https:\/\/www.europesays.com\/fr\/242868\/"},"modified":"2025-07-11T16:29:14","modified_gmt":"2025-07-11T16:29:14","slug":"les-reactions-des-candidats-aux-municipales","status":"publish","type":"post","link":"https:\/\/www.europesays.com\/fr\/242868\/","title":{"rendered":"les r\u00e9actions des candidats aux municipales"},"content":{"rendered":"<p>            Par<br \/>\n        <strong><br \/>\n            <a href=\"https:\/\/actu.fr\/auteur\/bastien-grossin\" title=\"Consulter tous les articles de Bastien Grossin\" rel=\"nofollow noopener\" target=\"_blank\">Bastien Grossin<\/a><br \/>\n        <\/strong><\/p>\n<p>        Publi\u00e9 le<\/p>\n<p>            11 juil. 2025 \u00e0 18h00        <\/p>\n<p>C\u2019est une annonce que tout le monde attendait, mais qui a tout de m\u00eame fait beaucoup de bruit. Le maire de <a href=\"https:\/\/actu.fr\/tag\/lille\" rel=\"nofollow noopener\" target=\"_blank\">Lille<\/a> (Nord), Arnaud Deslandes, a annonc\u00e9 r\u00e9cemment la <b>pi\u00e9tonnisation de la Grand-Place <\/b>d\u2019ici \u00e0 la\u00a0fin de l\u2019ann\u00e9e. Pour repenser l\u2019am\u00e9nagement de ce symbole lillois, il fait appel aux habitants pour choisir entre <b>deux sc\u00e9narios.<\/b> Premi\u00e8rement\u2009: pi\u00e9tonnisation de la Grand-Place uniquement, entre la rue Faidherbe et la rue Nationale. Le parking de la Grand-Place resterait accessible. Ou alors\u2009: pi\u00e9tonnisation \u00e9largie \u00e0 une partie de la rue Pierre Mauroy et de la rue Esquermoise. \u00c0 moins d\u2019un an des municipales, cette annonce n\u2019a pas manqu\u00e9 de faire r\u00e9agir, notamment chez les futurs candidats \u00e0 la mairie de Lille.<\/p>\n<p>Des candidats favorables au projet qui arriverait trop tard<\/p>\n<p class=\" wall-content\">Les premiers \u00e0 s\u2019\u00eatre exprim\u00e9s sur le sujet, ce sont les \u00c9cologistes. Sans surprise, ils sont plut\u00f4t favorables \u00e0 cette d\u00e9cision, mais ils d\u00e9plorent une d\u00e9cision trop tardive. St\u00e9phane Baly, candidat aux municipales, explique\u2009: \u00ab\u2009C\u2019est une bonne nouvelle pour les Lillois\u00b7es qui profiteront bient\u00f4t d\u2019une place pi\u00e9tonne tous les jours de la semaine. C\u2019est aussi une victoire pour les \u00e9lu\u00b7es \u00e9cologistes Lillois qui d\u00e9fendent cette pi\u00e9tonnisation depuis plus de 20\u00a0ans et se sont longtemps heurt\u00e9s au conservatisme. Que de temps perdu\u2009!<b> Des villes de gauche et de droite l\u2019ont fait, comme Toulouse, Strasbourg ou Paris\u2009\u00bb<\/b>.<\/p>\n<p class=\" wall-content\">Ce constat est \u00e9galement partag\u00e9 par la candidate Violette Spillebout (Ensemble pour la R\u00e9publique) et du collectif Faire Respirer Lille\u2009: \u00ab\u2009Faire respirer Lille se r\u00e9jouit que la Grand-Place puisse devenir pi\u00e9tonne. <b>C\u2019est plus de s\u00e9curit\u00e9 pour les Lilloises et Lillois, c\u2019est une activit\u00e9 renforc\u00e9e et c\u2019est une ville plus belle, plus apais\u00e9e et plus conviviale<\/b>. La seule chose qu\u2019on peut regretter de cette initiative de l\u2019actuelle majorit\u00e9 municipale, c\u2019est d\u2019avoir attendu trop longtemps pour cette pi\u00e9tonnisation, pour finalement la lancer \u00e0 la va-vite\u2009\u00bb.<\/p>\n<p>    <img   decoding=\"async\" loading=\"lazy\" class=\"size-large\" src=\"https:\/\/www.europesays.com\/fr\/wp-content\/uploads\/2025\/07\/d4b55d2611786d8b55d2611789cb55v-960x640.jpg\" alt=\"Les membre de Faire R\u00e9spirer Lille, avec leut t\u00eate de liste Violette Spillebout sur la Grand-Place pour discuter de la pi\u00e9tonnisation annonc\u00e9 par le maire de Lille.\" width=\"960\" height=\"640\"\/><br \/>\n    Les membres de Faire Respirer Lille, avec leur t\u00eate de liste Violette Spillebout sur la Grand-Place pour discuter de la pi\u00e9tonnisation annonc\u00e9e par le maire. \u00a9Bastien Grossin<\/p>\n<p class=\" wall-content\">En effet, si le collectif Faire Respirer Lille soutient pleinement le deuxi\u00e8me sc\u00e9nario et la consultation aupr\u00e8s des habitants, qu\u2019ils qualifient de \u00ab\u2009chance d\u00e9mocratique\u2009\u00bb et de \u00ab\u2009responsabilit\u00e9 collective\u2009\u00bb, ils d\u00e9plorent cependant la mani\u00e8re dont cette derni\u00e8re se d\u00e9roule. \u00ab\u2009La concertation est tr\u00e8s courte, uniquement pendant l\u2019\u00e9t\u00e9, ce qui peut inqui\u00e9ter certains Lillois, donc il va falloir rassurer collectivement\u2009\u00bb. Vanessa Duhamel, membre du collectif, ajoute\u2009: \u00ab<b>\u2009Je rappelle simplement que la municipalit\u00e9 avait tout un mandat pour mettre \u00e7a en place. Ils ne peuvent pas d\u00e9couvrir aujourd\u2019hui que les Lillois ont envie de pi\u00e9tonnisation, puisqu\u2019on le dit depuis 2019.<\/b>\u2009\u00bb<\/p>\n<p>20 mesures pour une \u00ab\u2009pi\u00e9tonnisation r\u00e9ussie\u2009\u00bb<\/p>\n<p class=\" wall-content\">Avec le collectif Faire Respirer Lille, Violette Spillebout a choisi de travailler sur ce sujet pour pr\u00e9senter une contribution citoyenne contenant <b>20 mesures<\/b> pour \u00ab\u2009une pi\u00e9tonnisation r\u00e9ussie de la Grand-Place de Lille\u2009\u00bb. Vous pouvez retrouver toutes ces mesures <a href=\"https:\/\/fairerespirer.fr\/2025\/07\/contribution-citoyenne-du-groupe-faire-respirer-lille-relative-a-la-pietonnisation-de-la-grand-place\/\" rel=\"nofollow noopener\" target=\"_blank\">sur le site du collectif<\/a>. Elles sont r\u00e9parties en <b>trois<\/b><b> axes\u2009: <\/b>infrastructures, services et comportements\/consultation. La 20e mesure ne concerne pas directement la Grand-Place, mais plut\u00f4t la concertation. En effet, Faire Respirer Lille souhaiterait voir un agent municipal tout l\u2019\u00e9t\u00e9 sur la place, pour recueillir la parole des habitants, notamment ceux qui seraient en marge du num\u00e9rique.<\/p>\n<p>Vid\u00e9os : en ce moment sur ActuUn \u00ab\u2009manque d\u2019ambition\u2009\u00bb pour les \u00c9cologistes<\/p>\n<p class=\" wall-content\">De leur c\u00f4t\u00e9, les \u00c9cologistes se r\u00e9jouissent de cette mesure, mais d\u00e9plorent un manque d\u2019ambition dans les deux choix propos\u00e9s aux Lillois. Ils rappellent notamment leur volont\u00e9 en 2020 lors des pr\u00e9c\u00e9dentes \u00e9lections municipales de faire de la Grand-Place le c\u0153ur d\u2019une <b>zone pi\u00e9tonne de 50 hectares.<\/b><\/p>\n<p class=\" wall-content\">Suivez toute l\u2019actualit\u00e9 de vos villes et m\u00e9dias favoris en vous inscrivant \u00e0 <a href=\"https:\/\/moncompte.actu.fr\" title=\"D\u00e9couvez Mon Actu\" rel=\"nofollow noopener\" data-trk=\"{&quot;cta&quot;:{&quot;action&quot;:&quot;https:\\\/\\\/moncompte.actu.fr&quot;,&quot;category&quot;:&quot;mon compte&quot;,&quot;from&quot;:&quot;article footer&quot;,&quot;name&quot;:&quot;Mon actu&quot;,&quot;type&quot;:&quot;cta&quot;}}\" target=\"_blank\">Mon Actu<\/a>.<\/p>\n<ul class=\"ac-article-tag wall-content\">\n<li><a href=\"https:\/\/actu.fr\/tag\/ecologie\" data-trk=\"{&quot;cta&quot;:{&quot;action&quot;:&quot;Ecologie&quot;,&quot;category&quot;:&quot;tag&quot;,&quot;from&quot;:&quot;article footer&quot;,&quot;name&quot;:&quot;Ecologie&quot;,&quot;type&quot;:&quot;cta&quot;}}\" rel=\"nofollow noopener\" target=\"_blank\">#Ecologie<\/a><\/li>\n<li><a href=\"https:\/\/actu.fr\/tag\/municipales-2026\" data-trk=\"{&quot;cta&quot;:{&quot;action&quot;:&quot;Municipales 2026&quot;,&quot;category&quot;:&quot;tag&quot;,&quot;from&quot;:&quot;article footer&quot;,&quot;name&quot;:&quot;Municipales 2026&quot;,&quot;type&quot;:&quot;cta&quot;}}\" rel=\"nofollow noopener\" target=\"_blank\">#Municipales 2026<\/a><\/li>\n<\/ul>\n","protected":false},"excerpt":{"rendered":"Par Bastien Grossin Publi\u00e9 le 11 juil. 2025 \u00e0 18h00 C\u2019est une annonce que tout le monde attendait,&hellip;\n","protected":false},"author":2,"featured_media":242869,"comment_status":"","ping_status":"","sticky":false,"template":"","format":"standard","meta":{"footnotes":""},"categories":[2815],"tags":[1111,11,51,1777,674,1011,27,811,1307,3434,12,25,104],"class_list":{"0":"post-242868","1":"post","2":"type-post","3":"status-publish","4":"format-standard","5":"has-post-thumbnail","7":"category-lille","8":"tag-actu","9":"tag-actualites","10":"tag-ecologie","11":"tag-eu","12":"tag-europe","13":"tag-fr","14":"tag-france","15":"tag-hauts-de-france","16":"tag-lille","17":"tag-municipales-2026","18":"tag-news","19":"tag-republique-francaise","20":"tag-societe"},"share_on_mastodon":{"url":"https:\/\/pubeurope.com\/@fr\/114835552170864657","error":""},"_links":{"self":[{"href":"https:\/\/www.europesays.com\/fr\/wp-json\/wp\/v2\/posts\/242868","targetHints":{"allow":["GET"]}}],"collection":[{"href":"https:\/\/www.europesays.com\/fr\/wp-json\/wp\/v2\/posts"}],"about":[{"href":"https:\/\/www.europesays.com\/fr\/wp-json\/wp\/v2\/types\/post"}],"author":[{"embeddable":true,"href":"https:\/\/www.europesays.com\/fr\/wp-json\/wp\/v2\/users\/2"}],"replies":[{"embeddable":true,"href":"https:\/\/www.europesays.com\/fr\/wp-json\/wp\/v2\/comments?post=242868"}],"version-history":[{"count":0,"href":"https:\/\/www.europesays.com\/fr\/wp-json\/wp\/v2\/posts\/242868\/revisions"}],"wp:featuredmedia":[{"embeddable":true,"href":"https:\/\/www.europesays.com\/fr\/wp-json\/wp\/v2\/media\/242869"}],"wp:attachment":[{"href":"https:\/\/www.europesays.com\/fr\/wp-json\/wp\/v2\/media?parent=242868"}],"wp:term":[{"taxonomy":"category","embeddable":true,"href":"https:\/\/www.europesays.com\/fr\/wp-json\/wp\/v2\/categories?post=242868"},{"taxonomy":"post_tag","embeddable":true,"href":"https:\/\/www.europesays.com\/fr\/wp-json\/wp\/v2\/tags?post=242868"}],"curies":[{"name":"wp","href":"https:\/\/api.w.org\/{rel}","templated":true}]}}