{"id":242872,"date":"2025-07-11T16:31:10","date_gmt":"2025-07-11T16:31:10","guid":{"rendered":"https:\/\/www.europesays.com\/fr\/242872\/"},"modified":"2025-07-11T16:31:10","modified_gmt":"2025-07-11T16:31:10","slug":"a-fos-sur-mer-gravithy-pose-la-premiere-pierre-dune-siderurgie-decarbonee","status":"publish","type":"post","link":"https:\/\/www.europesays.com\/fr\/242872\/","title":{"rendered":"\u00c0 Fos-sur-Mer, GravitHy pose la premi\u00e8re pierre d\u2019une sid\u00e9rurgie d\u00e9carbon\u00e9e"},"content":{"rendered":"<p>Le vent de la transition \u00e9nerg\u00e9tique souffle fort sur le littoral proven\u00e7al. Quand on sait que produire une tonne d\u2019acier entra\u00eene le rejet de deux tonnes de C02, on comprend mieux la n\u00e9cessit\u00e9 de d\u00e9carboner l\u2019industrie, et plus particuli\u00e8rement la sid\u00e9rurgie.\u00a0C\u2019est <a href=\"https:\/\/www.laprovence.com\/article\/region\/146932164573414\/a-fos-la-start-up-marseillaise-gravithy-leve-60-millions-deuros-pour-produire-du-fer-vert\" target=\"_blank\" rel=\"nofollow noopener\">l\u2019ambition de la deeptech marseillaise GravitH<\/a>y, cr\u00e9\u00e9e en juillet\u00a02022\u00a0qui produit du fer bas carbone n\u00e9cessaire \u00e0 la production d\u2019acier durable. Ce consortium constitu\u00e9 de six actionnaires fondateurs\u00a0qui a lev\u00e9 en mars 60 millions d\u2019euros, incluant l\u2019aide obtenue dans le cadre du dispositif \u00ab\u00a0Premi\u00e8re usine\u00a0\u00bb de France 2030, vient de franchir une nouvelle \u00e9tape dans son projet d\u2019implantation d\u2019une gigafactory de production d\u2019acier bas carbone. En effet, os\u00e9 Noldin, pr\u00e9sident de GravitHy et Herv\u00e9 Martel, pr\u00e9sident du directoire du port de Marseille Fos, viennent de signer officiellement la convention de r\u00e9servation de terrain sur le site industrialo-portuaire de Marseille Fos. Cette contractualisation inaugure le futur site industriel de Fos-sur-Mer, appel\u00e9 \u00e0 devenir l\u2019un des piliers europ\u00e9ens de la sid\u00e9rurgie d\u00e9carbon\u00e9e.<\/p>\n","protected":false},"excerpt":{"rendered":"Le vent de la transition \u00e9nerg\u00e9tique souffle fort sur le littoral proven\u00e7al. Quand on sait que produire une&hellip;\n","protected":false},"author":2,"featured_media":242873,"comment_status":"","ping_status":"","sticky":false,"template":"","format":"standard","meta":{"footnotes":""},"categories":[2814],"tags":[17,1111,11,4440,33,1777,674,20097,1011,27,38250,884,12,11850,18062,3051,882,25,13018],"class_list":{"0":"post-242872","1":"post","2":"type-post","3":"status-publish","4":"format-standard","5":"has-post-thumbnail","7":"category-marseille","8":"tag-17","9":"tag-actu","10":"tag-actualites","11":"tag-dune","12":"tag-economie","13":"tag-eu","14":"tag-europe","15":"tag-fos-sur-mer","16":"tag-fr","17":"tag-france","18":"tag-gravithy","19":"tag-marseille","20":"tag-news","21":"tag-pierre","22":"tag-pose","23":"tag-premiere","24":"tag-provence-alpes-cote-dazur","25":"tag-republique-francaise","26":"tag-siderurgie"},"share_on_mastodon":{"url":"https:\/\/pubeurope.com\/@fr\/114835559868099762","error":""},"_links":{"self":[{"href":"https:\/\/www.europesays.com\/fr\/wp-json\/wp\/v2\/posts\/242872","targetHints":{"allow":["GET"]}}],"collection":[{"href":"https:\/\/www.europesays.com\/fr\/wp-json\/wp\/v2\/posts"}],"about":[{"href":"https:\/\/www.europesays.com\/fr\/wp-json\/wp\/v2\/types\/post"}],"author":[{"embeddable":true,"href":"https:\/\/www.europesays.com\/fr\/wp-json\/wp\/v2\/users\/2"}],"replies":[{"embeddable":true,"href":"https:\/\/www.europesays.com\/fr\/wp-json\/wp\/v2\/comments?post=242872"}],"version-history":[{"count":0,"href":"https:\/\/www.europesays.com\/fr\/wp-json\/wp\/v2\/posts\/242872\/revisions"}],"wp:featuredmedia":[{"embeddable":true,"href":"https:\/\/www.europesays.com\/fr\/wp-json\/wp\/v2\/media\/242873"}],"wp:attachment":[{"href":"https:\/\/www.europesays.com\/fr\/wp-json\/wp\/v2\/media?parent=242872"}],"wp:term":[{"taxonomy":"category","embeddable":true,"href":"https:\/\/www.europesays.com\/fr\/wp-json\/wp\/v2\/categories?post=242872"},{"taxonomy":"post_tag","embeddable":true,"href":"https:\/\/www.europesays.com\/fr\/wp-json\/wp\/v2\/tags?post=242872"}],"curies":[{"name":"wp","href":"https:\/\/api.w.org\/{rel}","templated":true}]}}