{"id":242876,"date":"2025-07-11T16:33:10","date_gmt":"2025-07-11T16:33:10","guid":{"rendered":"https:\/\/www.europesays.com\/fr\/242876\/"},"modified":"2025-07-11T16:33:10","modified_gmt":"2025-07-11T16:33:10","slug":"lyon-la-ligne-b-du-metro-encore-a-larret-dimanche-matin","status":"publish","type":"post","link":"https:\/\/www.europesays.com\/fr\/242876\/","title":{"rendered":"Lyon : la ligne B du m\u00e9tro encore \u00e0 l&rsquo;arr\u00eat dimanche matin"},"content":{"rendered":"<p>Dimanche 13 juillet, le m\u00e9tro B ne circulera pas \u00e0 Lyon jusqu&rsquo;\u00e0 13h. Des bus relais seront mis en place.<\/p>\n<p>C&rsquo;\u00e9tait d\u00e9j\u00e0 le cas <a class=\"url\" href=\"https:\/\/www.radioscoop.com\/infos\/lyon-le-metro-b-ne-circulera-pas-ce-dimanche_332437\" target=\"_blank\" rel=\"nofollow noopener\">dimanche dernier<\/a> \u00e0 Lyon : <b>la ligne B du m\u00e9tro sera \u00e0 l&rsquo;arr\u00eat dimanche 13 juillet<\/b>, mais cette fois-ci jusqu&rsquo;\u00e0 13h.<\/p>\n<p>Pas de m\u00e9tro B \u00e0 Lyon jusqu&rsquo;\u00e0 13h<\/p>\n<p>L\u00e0 encore, la raison est la m\u00eame : les TCL effectueront \u00ab\u00a0des essais pour renforcer la capacit\u00e9 et le confort des voyageurs\u00a0\u00bb.<\/p>\n<p>Les premiers d\u00e9parts sur le m\u00e9tro B se feront donc <b>\u00e0 partir de 13h03<\/b> dans les deux sens de circulation.<\/p>\n<p>Des bus relais seront mis \u00e0 disposition et desserviront les stations Gare Part-Dieu Vivier Merle \u00e0 Saint-Genis-Laval H\u00f4pital Lyon Sud, toutes les 10 \u00e0 15 min.<\/p>\n<p>Les bus relais ne desserviront pas les stations Stade de Gerland Le Lou et Gare d&rsquo;Oullins.<\/p>\n<p>Les d\u00e9parts et les arriv\u00e9es des bus relais<\/p>\n<p>&#8211; Premier d\u00e9part de Gare Part-Dieu Vivier Merle vers St-Genis-Laval H\u00f4pital Lyon Sud : 04h28<\/p>\n<p>&#8211; Premier d\u00e9part de St-Genis-Laval H\u00f4pital Lyon Sud vers Gare Part-Dieu Vivier Merle : 04h25<\/p>\n<p>&#8211; Dernier d\u00e9part de Gare Part-Dieu Vivier Merle vers St-Genis-Laval H\u00f4pital Lyon Sud : 12h40<\/p>\n<p>&#8211; Dernier d\u00e9part de St-Genis-Laval H\u00f4pital Lyon Sud vers Gare Part-Dieu Vivier Merle : 12h36<\/p>\n<p>Pour effectuer votre trajet entre Gare Part-Dieu Vivier Merle et Charpennes, empruntez le tramway T1, les lignes de bus C2 ou 70.<\/p>\n<p><img loading=\"lazy\" decoding=\"async\" src=\"https:\/\/www.europesays.com\/fr\/wp-content\/uploads\/2025\/07\/1752251590_16_img\" width=\"350\" height=\"200\" border=\"0\" title=\"Un tramway lyonnais\"\/><\/p>\n<p>\u25baTransport<\/p>\n<p style=\"font-size: 22px;\"><b>Lyon : des perturbations sur les lignes de tram T2, T5 et T6<\/b><\/p>\n<p>Alors que des travaux d&rsquo;\u00e9lagage doivent \u00eatre men\u00e9s&#8230;<\/p>\n<p><\/p>\n","protected":false},"excerpt":{"rendered":"Dimanche 13 juillet, le m\u00e9tro B ne circulera pas \u00e0 Lyon jusqu&rsquo;\u00e0 13h. Des bus relais seront mis&hellip;\n","protected":false},"author":2,"featured_media":135500,"comment_status":"","ping_status":"","sticky":false,"template":"","format":"standard","meta":{"footnotes":""},"categories":[1889],"tags":[1111,11,2430,1777,674,1011,27,38251,2428,10212,12,25,10213,800],"class_list":{"0":"post-242876","1":"post","2":"type-post","3":"status-publish","4":"format-standard","5":"has-post-thumbnail","7":"category-lyon","8":"tag-actu","9":"tag-actualites","10":"tag-auvergne-rhone-alpes","11":"tag-eu","12":"tag-europe","13":"tag-fr","14":"tag-france","15":"tag-ligne-b","16":"tag-lyon","17":"tag-mtro-b","18":"tag-news","19":"tag-republique-francaise","20":"tag-tcl","21":"tag-transports"},"share_on_mastodon":{"url":"https:\/\/pubeurope.com\/@fr\/114835567704709166","error":""},"_links":{"self":[{"href":"https:\/\/www.europesays.com\/fr\/wp-json\/wp\/v2\/posts\/242876","targetHints":{"allow":["GET"]}}],"collection":[{"href":"https:\/\/www.europesays.com\/fr\/wp-json\/wp\/v2\/posts"}],"about":[{"href":"https:\/\/www.europesays.com\/fr\/wp-json\/wp\/v2\/types\/post"}],"author":[{"embeddable":true,"href":"https:\/\/www.europesays.com\/fr\/wp-json\/wp\/v2\/users\/2"}],"replies":[{"embeddable":true,"href":"https:\/\/www.europesays.com\/fr\/wp-json\/wp\/v2\/comments?post=242876"}],"version-history":[{"count":0,"href":"https:\/\/www.europesays.com\/fr\/wp-json\/wp\/v2\/posts\/242876\/revisions"}],"wp:featuredmedia":[{"embeddable":true,"href":"https:\/\/www.europesays.com\/fr\/wp-json\/wp\/v2\/media\/135500"}],"wp:attachment":[{"href":"https:\/\/www.europesays.com\/fr\/wp-json\/wp\/v2\/media?parent=242876"}],"wp:term":[{"taxonomy":"category","embeddable":true,"href":"https:\/\/www.europesays.com\/fr\/wp-json\/wp\/v2\/categories?post=242876"},{"taxonomy":"post_tag","embeddable":true,"href":"https:\/\/www.europesays.com\/fr\/wp-json\/wp\/v2\/tags?post=242876"}],"curies":[{"name":"wp","href":"https:\/\/api.w.org\/{rel}","templated":true}]}}