{"id":242881,"date":"2025-07-11T16:36:12","date_gmt":"2025-07-11T16:36:12","guid":{"rendered":"https:\/\/www.europesays.com\/fr\/242881\/"},"modified":"2025-07-11T16:36:12","modified_gmt":"2025-07-11T16:36:12","slug":"chelsea-psg-ou-voir-la-finale-de-la-coupe-du-monde-des-clubs-sur-ecran-geant-a-paris-et-en-ile-de-france","status":"publish","type":"post","link":"https:\/\/www.europesays.com\/fr\/242881\/","title":{"rendered":"Chelsea-PSG\u00a0: o\u00f9 voir la finale de la Coupe du monde des clubs sur \u00e9cran g\u00e9ant \u00e0 Paris\u00a0et en Ile-de-France ?"},"content":{"rendered":"<p class=\"paragraph text_align_left lp-f-body-02\">Pas d\u2019\u00e9crans g\u00e9ants dans les quatre coins de la capitale \u00e0 l\u2019instar de la <a href=\"https:\/\/www.leparisien.fr\/sports\/football\/ligue-des-champions\/psg-inter-milan-tous-ensemble-on-gagnera-31-05-2025-TYOZGQYG3FDDVHXRSB4Z64EALI.php\" target=\"_self\" rel=\"noopener\">finale de la Ligue des champions<\/a> en mai dernier ! Ce dimanche 13 juillet, les hommes de Luis Enrique affrontent Chelsea au <a href=\"https:\/\/www.leparisien.fr\/sports\/football\/coupe-du-monde-des-clubs\/psg-real-madrid-enceinte-moderne-mais-pelouse-poubelle-pourquoi-le-metlife-stadium-ne-fait-pas-lunanimite-09-07-2025-7JNATVOG3BEONJYYUIXO4YBI44.php\" target=\"_self\" rel=\"noopener\">MetLife Stadium \u00e0 New York<\/a> pour la finale de la <a href=\"https:\/\/www.leparisien.fr\/sports\/football\/coupe-du-monde-des-clubs\/\" target=\"_blank\" rel=\"noreferrer noopener\">Coupe du monde des clubs<\/a>. Et pour l\u2019occasion, seuls deux lieux \u00e0 Paris proposent une diffusion grand format.<\/p>\n<p class=\"paragraph text_align_left lp-f-body-02\">Direction le <a href=\"https:\/\/www.leparisien.fr\/paris-75\/parc-des-princes-vendre-ou-perdre-le-psg-cette-fois-les-elus-de-paris-doivent-prendre-position-10-06-2025-5JFO7QCWE5G7NDJO22WLD5EWXU.php\" target=\"_self\" rel=\"noopener\">Parc des Princes<\/a> dans le cadre des night sessions organis\u00e9es par le club rouge et bleu. \u00c0 partir de 21 heures, le match sera retransmis en direct sur \u00e9cran g\u00e9ant. Mais la soir\u00e9e n\u2019aura rien \u00e0 voir avec celle de finale de Ligue des champions. Pas d\u2019installation en tribunes mais en bord de terrain, au pied du Virage Auteuil, pour une \u00ab soir\u00e9e guinguette et festive \u00bb annonce le club. Celle-ci se d\u00e9roulera dans le cadre des Night Sessions des visite du Parc des Princes qui d\u00e9butent ce samedi. Le tarif s\u2019\u00e9l\u00e8ve \u00e0 30 euros pour les adultes et 20 euros pour les enfants de moins de 13 ans.<\/p>\n<p class=\"paragraph text_align_left lp-f-body-02\">Autre point de rendez-vous : l\u2019Hippodrome ParisLongchamp, dans le XVIe arrondissement de Paris. Dans un d\u00e9cor plus champ\u00eatre, une diffusion sur grand \u00e9cran est pr\u00e9vue, suivie de plusieurs DJ sets pour prolonger la nuit en musique. Entr\u00e9e \u00e0 partir de 15 euros.<\/p>\n<p class=\"paragraph text_align_left lp-f-body-02\">En Yvelines, Carri\u00e8res-sous Poissy ouvrira de nouveau son h\u00f4tel de ville avec un \u00e9cran g\u00e9ant, comme pour la finale de Ligue des champions.<\/p>\n","protected":false},"excerpt":{"rendered":"Pas d\u2019\u00e9crans g\u00e9ants dans les quatre coins de la capitale \u00e0 l\u2019instar de la finale de la Ligue&hellip;\n","protected":false},"author":2,"featured_media":242882,"comment_status":"","ping_status":"","sticky":false,"template":"","format":"standard","meta":{"footnotes":""},"categories":[1592],"tags":[1111,11,7151,1777,674,63,1011,27,662,12,626,25,60],"class_list":{"0":"post-242881","1":"post","2":"type-post","3":"status-publish","4":"format-standard","5":"has-post-thumbnail","7":"category-ile-de-france","8":"tag-actu","9":"tag-actualites","10":"tag-coupe-du-monde-des-clubs","11":"tag-eu","12":"tag-europe","13":"tag-football","14":"tag-fr","15":"tag-france","16":"tag-ile-de-france","17":"tag-news","18":"tag-paris","19":"tag-republique-francaise","20":"tag-sports"},"share_on_mastodon":{"url":"https:\/\/pubeurope.com\/@fr\/114835579417436075","error":""},"_links":{"self":[{"href":"https:\/\/www.europesays.com\/fr\/wp-json\/wp\/v2\/posts\/242881","targetHints":{"allow":["GET"]}}],"collection":[{"href":"https:\/\/www.europesays.com\/fr\/wp-json\/wp\/v2\/posts"}],"about":[{"href":"https:\/\/www.europesays.com\/fr\/wp-json\/wp\/v2\/types\/post"}],"author":[{"embeddable":true,"href":"https:\/\/www.europesays.com\/fr\/wp-json\/wp\/v2\/users\/2"}],"replies":[{"embeddable":true,"href":"https:\/\/www.europesays.com\/fr\/wp-json\/wp\/v2\/comments?post=242881"}],"version-history":[{"count":0,"href":"https:\/\/www.europesays.com\/fr\/wp-json\/wp\/v2\/posts\/242881\/revisions"}],"wp:featuredmedia":[{"embeddable":true,"href":"https:\/\/www.europesays.com\/fr\/wp-json\/wp\/v2\/media\/242882"}],"wp:attachment":[{"href":"https:\/\/www.europesays.com\/fr\/wp-json\/wp\/v2\/media?parent=242881"}],"wp:term":[{"taxonomy":"category","embeddable":true,"href":"https:\/\/www.europesays.com\/fr\/wp-json\/wp\/v2\/categories?post=242881"},{"taxonomy":"post_tag","embeddable":true,"href":"https:\/\/www.europesays.com\/fr\/wp-json\/wp\/v2\/tags?post=242881"}],"curies":[{"name":"wp","href":"https:\/\/api.w.org\/{rel}","templated":true}]}}