{"id":242889,"date":"2025-07-11T16:40:13","date_gmt":"2025-07-11T16:40:13","guid":{"rendered":"https:\/\/www.europesays.com\/fr\/242889\/"},"modified":"2025-07-11T16:40:13","modified_gmt":"2025-07-11T16:40:13","slug":"laccord-du-un-pour-un-entre-londres-et-paris-une-deshumanisation-terrible","status":"publish","type":"post","link":"https:\/\/www.europesays.com\/fr\/242889\/","title":{"rendered":"L\u2019accord du \u00ab\u00a0un pour un\u00a0\u00bb entre Londres et Paris\u00a0: \u00ab\u00a0une d\u00e9shumanisation terrible\u00a0\u00bb"},"content":{"rendered":"<p class=\"wp-block-huma-question\">Quelle est votre r\u00e9action suite \u00e0 l\u2019annonce du Premier ministre britannique, le 10\u00a0juillet, de cet accord pilote sur le principe du \u00ab\u00a0un pour un\u00a0\u00bb (en \u00e9change de chaque retour, une autre personne pourrait venir au Royaume-Uni l\u00e9galement) qui doit entrer en vigueur \u00ab\u00a0ces prochaines semaines\u00a0\u00bb\u00a0?<\/p>\n<p>Malheureusement, nous ne sommes pas tr\u00e8s surpris. Depuis des ann\u00e9es, <a href=\"https:\/\/www.humanite.fr\/monde\/dissuasion-nucleaire\/emmanuel-macron-et-keir-starmer-saffichent-en-protecteurs-de-leurope-avec-la-creation-dun-groupe-de-supervision-nucleaire\" target=\"_blank\" rel=\"noopener\">l\u2019ensemble des sommets franco-britanniques ne pr\u00e9sage jamais rien de bon<\/a> concernant les politiques men\u00e9es aux fronti\u00e8res, notamment pour les personnes en exil.<\/p>\n<p>Cette d\u00e9shumanisation, avec <a href=\"https:\/\/www.humanite.fr\/monde\/france\/en-visite-officielle-au-royaume-uni-macron-donne-des-gages-pour-reprimer-les-traversees-clandestines-de-la-manche\" target=\"_blank\" rel=\"noopener\">un \u00e9change de personnes annonc\u00e9<\/a>, est absolument terrible d\u2019un point de vue politique, mais aussi philosophique. Reste \u00e0 savoir comment cela pourrait \u00eatre appliqu\u00e9, car il existe quand m\u00eame des textes, des lois.<\/p>\n<p>La convention de Gen\u00e8ve oblige les pays \u00e0 examiner la demande d\u2019asile des personnes arrivant sur un territoire, quel que soit le moyen d\u2019entr\u00e9e. Or, aujourd\u2019hui, les gouvernements anglais et fran\u00e7ais entendent criminaliser les personnes sur leur fa\u00e7on d\u2019entrer sur le territoire. Ce qui va \u00e0 l\u2019encontre de la convention.<\/p>\n<p>Avec le&#8230;<\/p>\n","protected":false},"excerpt":{"rendered":"Quelle est votre r\u00e9action suite \u00e0 l\u2019annonce du Premier ministre britannique, le 10\u00a0juillet, de cet accord pilote sur&hellip;\n","protected":false},"author":2,"featured_media":242890,"comment_status":"","ping_status":"","sticky":false,"template":"","format":"standard","meta":{"footnotes":""},"categories":[1888],"tags":[11,1073,1777,674,35241,1011,27,4534,14653,12,626,25],"class_list":{"0":"post-242889","1":"post","2":"type-post","3":"status-publish","4":"format-standard","5":"has-post-thumbnail","7":"category-paris","8":"tag-actualites","9":"tag-emmanuel-macron","10":"tag-eu","11":"tag-europe","12":"tag-exilu00e9s","13":"tag-fr","14":"tag-france","15":"tag-londres","16":"tag-manche","17":"tag-news","18":"tag-paris","19":"tag-republique-francaise"},"share_on_mastodon":{"url":"https:\/\/pubeurope.com\/@fr\/114835595268543209","error":""},"_links":{"self":[{"href":"https:\/\/www.europesays.com\/fr\/wp-json\/wp\/v2\/posts\/242889","targetHints":{"allow":["GET"]}}],"collection":[{"href":"https:\/\/www.europesays.com\/fr\/wp-json\/wp\/v2\/posts"}],"about":[{"href":"https:\/\/www.europesays.com\/fr\/wp-json\/wp\/v2\/types\/post"}],"author":[{"embeddable":true,"href":"https:\/\/www.europesays.com\/fr\/wp-json\/wp\/v2\/users\/2"}],"replies":[{"embeddable":true,"href":"https:\/\/www.europesays.com\/fr\/wp-json\/wp\/v2\/comments?post=242889"}],"version-history":[{"count":0,"href":"https:\/\/www.europesays.com\/fr\/wp-json\/wp\/v2\/posts\/242889\/revisions"}],"wp:featuredmedia":[{"embeddable":true,"href":"https:\/\/www.europesays.com\/fr\/wp-json\/wp\/v2\/media\/242890"}],"wp:attachment":[{"href":"https:\/\/www.europesays.com\/fr\/wp-json\/wp\/v2\/media?parent=242889"}],"wp:term":[{"taxonomy":"category","embeddable":true,"href":"https:\/\/www.europesays.com\/fr\/wp-json\/wp\/v2\/categories?post=242889"},{"taxonomy":"post_tag","embeddable":true,"href":"https:\/\/www.europesays.com\/fr\/wp-json\/wp\/v2\/tags?post=242889"}],"curies":[{"name":"wp","href":"https:\/\/api.w.org\/{rel}","templated":true}]}}