{"id":24289,"date":"2025-04-14T13:03:10","date_gmt":"2025-04-14T13:03:10","guid":{"rendered":"https:\/\/www.europesays.com\/fr\/24289\/"},"modified":"2025-04-14T13:03:10","modified_gmt":"2025-04-14T13:03:10","slug":"les-play-offs-cest-la-guerre-montpellier-peut-conclure-la-serie-face-a-cannes-et-rejoindre-tours-en-demi-finale","status":"publish","type":"post","link":"https:\/\/www.europesays.com\/fr\/24289\/","title":{"rendered":"\u00ab\u00a0Les play-offs, c\u2019est la guerre\u00a0\u00bb, Montpellier peut conclure la s\u00e9rie face \u00e0 Cannes et rejoindre Tours en demi-finale"},"content":{"rendered":"<p>\n                                                                Le MHSC VB est \u00e0 Cannes pour le quatri\u00e8me match de la s\u00e9rie, lundi (20h). En cas de victoire, les Montpelli\u00e9rains seront qualifi\u00e9s dans le dernier carr\u00e9 du championnat.\n                            <\/p>\n<p>Samedi soir \u00e0 Cannes, le MHSC s\u2019est enfin retrouv\u00e9. Apr\u00e8s une d\u00e9faite aux airs d\u2019accident et une victoire aux forceps pour commencer la s\u00e9rie \u00e0 domicile, l\u2019\u00e9quipe du pr\u00e9sident Jean-Charles Caylar a concass\u00e9 son adversaire comme il a souvent su le faire pendant la saison r\u00e9guli\u00e8re (0-3).<\/p>\n<p>Un sentiment partag\u00e9 par le troisi\u00e8me central dans la hi\u00e9rarchie montpelli\u00e9raine Rapha\u00ebl Pascal\u00a0: \u00ab\u00a0Je trouve qu\u2019on a \u00e9t\u00e9 bons sur nos points forts, notamment le bloc-d\u00e9fense. On a touch\u00e9 beaucoup de ballons au contre et quand ce n\u2019\u00e9tait pas le cas, des gars \u00e9taient derri\u00e8re pour d\u00e9fendre. Cela nous a permis de nous procurer des contre-attaques et d\u2019\u00e9puiser les Cannois. Lors des deux premiers sets, on \u00e9tait injouables.\u00a0\u00bb<\/p>\n<p>Avec un total de 11 contres, le MHSC VB a retrouv\u00e9 son efficacit\u00e9 dans ce domaine\u00a0: \u00ab\u00a0Quand on r\u00e9alise entre 10 et 15 blocs par match, on \u00e9touffe notre adversaire. C\u2019est ce qui s\u2019est pass\u00e9 samedi, poursuit Pascal (28 ans) titulaire \u00e0 la place de Joris Seddik lors de deux derniers matchs. C\u2019\u00e9tait dur pour eux de taper contre un mur et \u00e7a nous a mis en confiance. En plus, notre pointu Dimitar Dimitrov a \u00e9t\u00e9 tr\u00e8s bon en contre-attaque. On a retrouv\u00e9 le Montpellier qu\u2019on conna\u00eet.\u00a0\u00bb<\/p>\n<p>\u00ab\u00a0Terminer la s\u00e9rie lundi\u00a0\u00bb<\/p>\n<p>En confiance apr\u00e8s leur s\u00e9jour dans l\u2019H\u00e9rault, les Dragons de Cannois sont plong\u00e9s dans le doute avant le quatri\u00e8me match sur leur parquet du Palais des Victoires\u00a0: \u00ab\u00a0\u00c7a leur a mis un coup derri\u00e8re le bocal, confirme le joueur de S\u00e8te saison 2020-2021. Ils ne s\u2019attendaient pas \u00e0 \u00e7a et n\u2019ont pas trouv\u00e9 de solution sur le banc.\u00a0\u00bb<\/p>\n<p>Les Montpelli\u00e9rains doivent enfoncer le clou. Une victoire suppl\u00e9mentaire les qualifierait pour les demi-finales face \u00e0 Tours qui a domin\u00e9 Nice en trois matchs. \u00ab\u00a0Il faut qu\u2019on arrive \u00e0 terminer la s\u00e9rie lundi, poursuit-il. On est tous sur la m\u00eame longueur d\u2019onde au sujet de l\u2019attitude \u00e0 avoir. On s\u2019est mis dans la t\u00eate que les play-offs, c\u2019est la guerre et qu\u2019il ne faut plus laisser de plume en route.\u00a0\u00bb<\/p>\n<p>Apr\u00e8s le succ\u00e8s de samedi, tout le groupe rest\u00e9 \u00e0 Cannes est all\u00e9 partager une bi\u00e8re. Il s\u2019est m\u00eame r\u00e9uni pour partager un repas sur la Croisette dimanche midi. Preuve d\u2019un effectif uni qui prend du plaisir \u00e0 passer du temps ensemble. \u00ab\u00a0C\u2019est un r\u00e9gal de jouer dans cette \u00e9quipe, raconte Rapha\u00ebl Pascal qui profite de la confiance actuelle de son entra\u00eeneur avant de quitter le club cet \u00e9t\u00e9 apr\u00e8s une seule saison dans l\u2019H\u00e9rault. Jouer avec de grands joueurs me donne de la confiance et me pousse \u00e0 m\u2019entra\u00eener plus fort. C\u2019est incroyable de vivre \u00e7a, de participer \u00e0 la f\u00eate. Par superstition, on \u00e9vite de se projeter vers le titre mais on a une grosse confiance en nous, on sait de quoi on est capable.\u00a0\u00bb<\/p>\n<p>Des paroles aux actes, il y a une qualification en demi-finale du championnat \u00e0 d\u00e9crocher ce lundi.<\/p>\n","protected":false},"excerpt":{"rendered":"Le MHSC VB est \u00e0 Cannes pour le quatri\u00e8me match de la s\u00e9rie, lundi (20h). En cas de&hellip;\n","protected":false},"author":2,"featured_media":24290,"comment_status":"","ping_status":"","sticky":false,"template":"","format":"standard","meta":{"footnotes":""},"categories":[1417],"tags":[1011,27,60,1470,1469],"class_list":{"0":"post-24289","1":"post","2":"type-post","3":"status-publish","4":"format-standard","5":"has-post-thumbnail","7":"category-volley","8":"tag-fr","9":"tag-france","10":"tag-sports","11":"tag-volley","12":"tag-volleyball"},"share_on_mastodon":{"url":"https:\/\/pubeurope.com\/@fr\/114336458651567381","error":""},"_links":{"self":[{"href":"https:\/\/www.europesays.com\/fr\/wp-json\/wp\/v2\/posts\/24289","targetHints":{"allow":["GET"]}}],"collection":[{"href":"https:\/\/www.europesays.com\/fr\/wp-json\/wp\/v2\/posts"}],"about":[{"href":"https:\/\/www.europesays.com\/fr\/wp-json\/wp\/v2\/types\/post"}],"author":[{"embeddable":true,"href":"https:\/\/www.europesays.com\/fr\/wp-json\/wp\/v2\/users\/2"}],"replies":[{"embeddable":true,"href":"https:\/\/www.europesays.com\/fr\/wp-json\/wp\/v2\/comments?post=24289"}],"version-history":[{"count":0,"href":"https:\/\/www.europesays.com\/fr\/wp-json\/wp\/v2\/posts\/24289\/revisions"}],"wp:featuredmedia":[{"embeddable":true,"href":"https:\/\/www.europesays.com\/fr\/wp-json\/wp\/v2\/media\/24290"}],"wp:attachment":[{"href":"https:\/\/www.europesays.com\/fr\/wp-json\/wp\/v2\/media?parent=24289"}],"wp:term":[{"taxonomy":"category","embeddable":true,"href":"https:\/\/www.europesays.com\/fr\/wp-json\/wp\/v2\/categories?post=24289"},{"taxonomy":"post_tag","embeddable":true,"href":"https:\/\/www.europesays.com\/fr\/wp-json\/wp\/v2\/tags?post=24289"}],"curies":[{"name":"wp","href":"https:\/\/api.w.org\/{rel}","templated":true}]}}