{"id":242893,"date":"2025-07-11T16:42:16","date_gmt":"2025-07-11T16:42:16","guid":{"rendered":"https:\/\/www.europesays.com\/fr\/242893\/"},"modified":"2025-07-11T16:42:16","modified_gmt":"2025-07-11T16:42:16","slug":"guerre-en-ukraine-trump-annonce-de-nouvelles-livraisons-darmes-a-kiev","status":"publish","type":"post","link":"https:\/\/www.europesays.com\/fr\/242893\/","title":{"rendered":"Guerre en Ukraine : Trump annonce de nouvelles livraisons d&rsquo;armes \u00e0 Kiev"},"content":{"rendered":"<ul class=\"jsx-862013697 ArticleChapo__List\">\n<li class=\"jsx-862013697 ArticleChapo__List_Item flex\">Donald Trump a d\u00e9clar\u00e9 lundi 7 juillet reprendre la livraison d&rsquo;armes am\u00e9ricaines \u00e0 Kiev, quelques jours apr\u00e8s leur suspension.<\/li>\n<li class=\"jsx-862013697 ArticleChapo__List_Item flex\">Cette d\u00e9cision intervient alors que les n\u00e9gociations russo-am\u00e9ricaines sur la fin de la guerre en Ukraine sont au point mort.<\/li>\n<\/ul>\n<p><a href=\"https:\/\/www.tf1info.fr\/actualite\/invasion-de-l-ukraine-par-la-russie-une-guerre-qui-dure-12951\/\" rel=\"noopener\" class=\"jsx-484472199 Link jsx-1428418400 jsx-554215408\" target=\"_blank\"><\/p>\n<p style=\"font-weight:400\" class=\"jsx-1837267516\">Suivez la couverture compl\u00e8te<\/p>\n<p style=\"font-weight:800\" class=\"jsx-1837267516\">Ukraine : 4\u1d49 ann\u00e9e de guerre<\/p>\n<p><\/a><\/p>\n<p data-module=\"article-paragraph\" class=\"jsx-3046738180 Paragraph\">C&rsquo;est un soutien fluctuant que Donald Trump apporte \u00e0 Volodymyr Zelensky. Lundi 7 juillet, alors qu&rsquo;il recevait <a href=\"https:\/\/www.tf1info.fr\/international\/rencontre-netanyahou-trump-washington-gaza-hamas-le-premier-ministre-israelien-dit-avoir-presente-le-president-americain-pour-le-nobel-de-la-paix-2381569.html\" target=\"_blank\" rel=\"noopener\">le Premier ministre isra\u00e9lien Benyamin Netanyahou (nouvelle fen\u00eatre)<\/a> \u00e0 la Maison Blanche, Donald Trump a annonc\u00e9 devant la presse l&rsquo;envoi d&rsquo;armes suppl\u00e9mentaires \u00e0 l&rsquo;Ukraine, apr\u00e8s avoir annonc\u00e9 la fin des livraisons quelques jours plus t\u00f4t.\u00a0<\/p>\n<p data-module=\"article-paragraph\" class=\"jsx-3046738180 Paragraph\">Selon <a href=\"https:\/\/www.reuters.com\/business\/aerospace-defense\/us-military-delivering-some-weapons-ukraine-after-pause-2025-07-09\/\" target=\"_blank\" rel=\"nofollow noopener\">Reuters (nouvelle fen\u00eatre)<\/a>, qui citait mercredi deux hauts responsables am\u00e9ricains anonymes, des obus d&rsquo;artillerie de 155 mm et des missiles GMLRS utilis\u00e9s par les lance-roquettes vont \u00eatre fournis \u00e0 l&rsquo;Ukraine, via l&rsquo;Otan. \u00ab\u00a0Nous envoyons des armes \u00e0 l&rsquo;Otan, qui paie pour ces armes \u00e0 100% avant de les donner \u00e0 l&rsquo;Ukraine\u00a0\u00bb, a expliqu\u00e9 le locataire de la Maison Blanche sur <a href=\"https:\/\/www.nbcnews.com\/news\/amp\/rcna218125\" target=\"_blank\" rel=\"noopener\">NBC News (nouvelle fen\u00eatre)<\/a>, jeudi. Un accord que les partenaires auraient conclu lors du dernier sommet de l&rsquo;organisation en juin.<\/p>\n<p data-module=\"article-paragraph\" class=\"jsx-3046738180 Paragraph Paragraph__End\">La semaine pr\u00e9c\u00e9dente, <a href=\"https:\/\/www.tf1info.fr\/international\/washington-etats-unis-stoppe-des-livraisons-d-armes-a-l-ukraine-qui-dit-ne-pas-avoir-ete-informe-2380462.html\" target=\"_blank\" rel=\"noopener\">le Pentagone avait suspendu les livraisons d&rsquo;armes \u00e0 l&rsquo;Ukraine (nouvelle fen\u00eatre)<\/a>, invoquant des pr\u00e9occupations concernant les r\u00e9serves nationales. Des missiles Patriot et Hellfire, des obus de 155 mm et des GMLRS cens\u00e9s r\u00e9approvisionner les forces ukrainiennes n&rsquo;avaient pas \u00e9t\u00e9 livr\u00e9s \u00e0 la suite de cette d\u00e9cision pr\u00e9sidentielle.<\/p>\n<p>Des n\u00e9gociations plus difficiles que pr\u00e9vu<\/p>\n<p data-module=\"article-paragraph\" class=\"jsx-3046738180 Paragraph\">Cette annonce intervient alors que les n\u00e9gociations russo-am\u00e9ricaines autour de la guerre en Ukraine semblent \u00eatre au point mort. Lors de sa campagne pr\u00e9sidentielle, Donald Trump s&rsquo;\u00e9tait vant\u00e9 de pouvoir mettre un terme au conflit en seulement vingt-quatre heures. Force est de constater que les discussions avec son homologue russe se r\u00e9v\u00e8lent plus difficiles que pr\u00e9vu.<\/p>\n<p data-module=\"article-paragraph\" class=\"jsx-3046738180 Paragraph Paragraph__End\">Les conditions pos\u00e9es par Vladimir Poutine en vue d&rsquo;un accord de paix n&rsquo;ont pas satisfait Donald Trump, qui l&rsquo;a accus\u00e9 de \u00ab\u00a0dire beaucoup de conneries\u00a0\u00bb. Moscou exige que l&rsquo;Ukraine renonce \u00e0 cinq oblasts partiellement occup\u00e9s : la Crim\u00e9e, Zaporijia, Kherson, Louhansk, Donetsk. Elle demande \u00e9galement que le pays s&rsquo;engage \u00e0 ne jamais int\u00e9grer l&rsquo;Otan et \u00e0 r\u00e9duire la taille de son arm\u00e9e.\u00a0<\/p>\n<blockquote data-testid=\"EmbedTwitter\" id=\"tweet-1941140278980526341-:R4mmij9n79m:\" class=\"jsx-aeff1a1c40f54d7a twitter-tweet flex justify-center items-center\"><p>I had a very important and fruitful conversation with  @POTUS . I congratulated President Trump and the entire American people on the US Independence Day. We &#8211; in Ukraine &#8211; are grateful for all the support provided. It helps us protect lives, safeguard our freedom and\u2026  pic.twitter.com\/kQ3Byipvd2 \u2014 Volodymyr Zelenskyy \/ \u0412\u043e\u043b\u043e\u0434\u0438\u043c\u0438\u0440 \u0417\u0435\u043b\u0435\u043d\u0441\u044c\u043a\u0438\u0439 (@ZelenskyyUa)  July 4, 2025<\/p><\/blockquote>\n<p data-module=\"article-paragraph\" class=\"jsx-3046738180 Paragraph\">\u00ab\u00a0Nous avons parl\u00e9 des opportunit\u00e9s en mati\u00e8re de d\u00e9fense a\u00e9rienne et convenu que nous travaillerons ensemble pour renforcer la protection de notre ciel\u00a0\u00bb, a d\u00e9clar\u00e9 Volodymyr Zelensky apr\u00e8s un entretien t\u00e9l\u00e9phonique avec Donald Trump, vendredi 4 juillet. Selon le site Axios, dix syst\u00e8mes Patriot devraient \u00eatre envoy\u00e9s imm\u00e9diatement. Le Pr\u00e9sident am\u00e9ricain s&rsquo;est aussi engag\u00e9 \u00e0 aider l&rsquo;Ukraine \u00e0 trouver d&rsquo;autres sources d&rsquo;approvisionnement, notamment aupr\u00e8s de l&rsquo;Europe.\u00a0<\/p>\n<p data-module=\"article-paragraph\" class=\"jsx-3046738180 Paragraph Paragraph__End\">De son c\u00f4t\u00e9, le porte-parole du minist\u00e8re de la D\u00e9fense, Sean Parnell, a d\u00e9clar\u00e9 dans <a href=\"https:\/\/www.defense.gov\/News\/Releases\/Release\/Article\/4236261\/statement-by-chief-pentagon-spokesman-sean-parnell-on-ukraine-military-aid\/\" target=\"_blank\" rel=\"nofollow noopener\">un communiqu\u00e9 (nouvelle fen\u00eatre)<\/a> que cette nouvelle assistance militaire servirait visait \u00e0 \u00ab\u00a0assurer que les Ukrainiens peuvent se d\u00e9fendre pendant que nous nous effor\u00e7ons d\u2019assurer une paix durable et de faire en sorte que les tueries cessent\u00a0\u00bb.\u00a0<\/p>\n<p><a href=\"https:\/\/www.tf1info.fr\/international\/en-direct-guerre-en-ukraine-russie-poutine-zelensky-trump-dernieres-informations-aujourd-hui-mercredi-9-juillet-2025-2381761.html\" rel=\"noopener\" class=\"jsx-3308031228 Link flex\" target=\"_blank\"><img decoding=\"async\" src=\"https:\/\/www.europesays.com\/fr\/wp-content\/uploads\/2025\/07\/zelensky-pape-leon-xiv-5ec2b3-0@1x.jpeg\" alt=\"Andreas SOLARO \/ AFP\" loading=\"lazy\" importance=\"low\" fetchpriority=\"low\" class=\"\" aria-hidden=\"true\"\/><\/p>\n<p class=\"jsx-3657663356 ReadMoreArticle__Title\">Lire aussi<\/p>\n<p class=\"jsx-3657663356\">Guerre en Ukraine : le Vatican se dit pr\u00eat \u00e0 accueillir des pourparlers entre Moscou et Kiev<\/p>\n<p><\/a><\/p>\n<p data-module=\"article-paragraph\" class=\"jsx-3046738180 Paragraph Paragraph__End\">De nouvelles d\u00e9clarations sur la Russie sont attendues lundi, selon une annonce faite par Donald Trump, qui n&rsquo;a toutefois pas donn\u00e9 plus de pr\u00e9cisions. Ce m\u00eame jour, son \u00e9missaire Keith Kellogg doit entamer une visite d&rsquo;une semaine en Ukraine.<\/p>\n<p>Athenais CORNETTE DE SAINT CYR<\/p>\n<p><script async src=\"https:\/\/platform.twitter.com\/widgets.js\" charset=\"utf-8\"><\/script><\/p>\n","protected":false},"excerpt":{"rendered":"Donald Trump a d\u00e9clar\u00e9 lundi 7 juillet reprendre la livraison d&rsquo;armes am\u00e9ricaines \u00e0 Kiev, quelques jours apr\u00e8s leur&hellip;\n","protected":false},"author":2,"featured_media":242894,"comment_status":"","ping_status":"","sticky":false,"template":"","format":"standard","meta":{"footnotes":""},"categories":[1590],"tags":[1111,11,1921,75,1777,674,28083,1922,12,220,1917,133,1920,134],"class_list":{"0":"post-242893","1":"post","2":"type-post","3":"status-publish","4":"format-standard","5":"has-post-thumbnail","7":"category-ukraine","8":"tag-actu","9":"tag-actualites","10":"tag-article-video","11":"tag-donald-trump","12":"tag-eu","13":"tag-europe","14":"tag-guerre-en-ukraine-une-treve-sera-t-elle-possible","15":"tag-info","16":"tag-news","17":"tag-ukraine","18":"tag-ukraine-4-annee-de-guerre","19":"tag-video","20":"tag-video-international","21":"tag-volodymyr-zelensky"},"share_on_mastodon":{"url":"https:\/\/pubeurope.com\/@fr\/114835603023833070","error":""},"_links":{"self":[{"href":"https:\/\/www.europesays.com\/fr\/wp-json\/wp\/v2\/posts\/242893","targetHints":{"allow":["GET"]}}],"collection":[{"href":"https:\/\/www.europesays.com\/fr\/wp-json\/wp\/v2\/posts"}],"about":[{"href":"https:\/\/www.europesays.com\/fr\/wp-json\/wp\/v2\/types\/post"}],"author":[{"embeddable":true,"href":"https:\/\/www.europesays.com\/fr\/wp-json\/wp\/v2\/users\/2"}],"replies":[{"embeddable":true,"href":"https:\/\/www.europesays.com\/fr\/wp-json\/wp\/v2\/comments?post=242893"}],"version-history":[{"count":0,"href":"https:\/\/www.europesays.com\/fr\/wp-json\/wp\/v2\/posts\/242893\/revisions"}],"wp:featuredmedia":[{"embeddable":true,"href":"https:\/\/www.europesays.com\/fr\/wp-json\/wp\/v2\/media\/242894"}],"wp:attachment":[{"href":"https:\/\/www.europesays.com\/fr\/wp-json\/wp\/v2\/media?parent=242893"}],"wp:term":[{"taxonomy":"category","embeddable":true,"href":"https:\/\/www.europesays.com\/fr\/wp-json\/wp\/v2\/categories?post=242893"},{"taxonomy":"post_tag","embeddable":true,"href":"https:\/\/www.europesays.com\/fr\/wp-json\/wp\/v2\/tags?post=242893"}],"curies":[{"name":"wp","href":"https:\/\/api.w.org\/{rel}","templated":true}]}}