{"id":242895,"date":"2025-07-11T16:43:10","date_gmt":"2025-07-11T16:43:10","guid":{"rendered":"https:\/\/www.europesays.com\/fr\/242895\/"},"modified":"2025-07-11T16:43:10","modified_gmt":"2025-07-11T16:43:10","slug":"des-touristes-evacues-a-la-suite-dun-incendie-dans-le-grand-canyon","status":"publish","type":"post","link":"https:\/\/www.europesays.com\/fr\/242895\/","title":{"rendered":"des touristes \u00e9vacu\u00e9s \u00e0 la suite d\u2019un incendie dans le Grand Canyon"},"content":{"rendered":"<p class=\"fig-paragraph\">Les autorit\u00e9s am\u00e9ricaines ont ordonn\u00e9 l&rsquo;<a href=\"http:\/\/www.lefigaro.fr\/voyages\/la-situation-est-critique-un-millier-de-touristes-evacues-apres-un-incendie-dans-le-sud-de-l-italie-20240724\" target=\"_blank\" data-fig-type=\"NewsFlash\" rel=\"noopener nofollow\" data-gtm-custom-categorie=\"navigation\" data-gtm-custom-action=\"crossclick\" data-gtm-custom-label=\"Contextuel\" data-gtm-event=\"customEventSPE\" data-fig-domain=\"LEFIGARO\">\u00e9vacuation de touristes\u00a0<\/a>d&rsquo;une zone du tr\u00e8s c\u00e9l\u00e8bre site du\u00a0<a href=\"http:\/\/www.lefigaro.fr\/voyages\/conseils\/ce-site-mythique-du-grand-canyon-rouvre-apres-trois-ans-de-fermeture-20230131\" target=\"_blank\" data-fig-type=\"Article\" rel=\"noopener nofollow\" data-gtm-custom-categorie=\"navigation\" data-gtm-custom-action=\"crossclick\" data-gtm-custom-label=\"Contextuel\" data-gtm-event=\"customEventSPE\" data-fig-domain=\"LEFIGARO\">Grand Canyon<\/a>, dans le sud-ouest des \u00c9tats-Unis, face \u00e0 la progression rapide d&rsquo;un<a href=\"http:\/\/www.lefigaro.fr\/conjoncture\/incendie-a-marseille-les-feux-de-foret-et-catastrophes-climatiques-un-gouffre-financier-pour-les-assureurs-20250708\" data-fig-type=\"NewsFlash\" data-gtm-custom-categorie=\"navigation\" data-gtm-custom-action=\"crossclick\" data-gtm-custom-label=\"Contextuel\" data-gtm-event=\"customEventSPE\" data-fig-domain=\"LEFIGARO\" rel=\"nofollow noopener\" target=\"_blank\">\u00a0feu de for\u00eat<\/a>. \u00abTous les visiteurs de la rive nord (North Rim) du parc national du Grand Canyon sont tenus d&rsquo;\u00e9vacuer imm\u00e9diatement\u00bb, a annonc\u00e9 le service des parcs nationaux jeudi soir sur son site internet.<\/p>\n<p class=\"fig-paragraph\">L&rsquo;ordre d&rsquo;\u00e9vacuation a \u00e9t\u00e9 donn\u00e9 en raison de l&rsquo;avanc\u00e9e d&rsquo;un feu de for\u00eat ayant br\u00fbl\u00e9 plus de 400 hectares plus au nord. La rive sud (South Rim) du parc, la plus touristique, reste elle encore accessible.<\/p>\n<p>                                    <a class=\"fig-a11y-skip a11y-hidden\" href=\"#fig-a11y-skip-main-inarticle\"><br \/>\n        Passer la publicit\u00e9<br \/>\n    <\/a><\/p>\n<p>Des temp\u00e9ratures d\u00e9passant les 46\u00b0C \u00e0 l\u2019ombre<\/p>\n<p class=\"fig-paragraph\">Avec ses paysages grandioses, le Grand Canyon, gorge creus\u00e9e par le fleuve Colorado, est l&rsquo;un des sites touristiques les plus visit\u00e9s des \u00c9tats-Unis et attire chaque ann\u00e9e pr\u00e8s de cinq millions de visiteurs.<\/p>\n<p class=\"fig-paragraph\">Un autre parc national du sud-ouest du pays, le Black Canyon of the Gunnison, dans le Colorado, a lui \u00e9t\u00e9 totalement \u00e9vacu\u00e9 jeudi en raison d&rsquo;un autre incendie. Ce dernier, caus\u00e9 par la foudre, a d\u00e9j\u00e0 ravag\u00e9 plus de 600 hectares, aliment\u00e9 par des vents puissants, une v\u00e9g\u00e9tation tr\u00e8s s\u00e8che et des temp\u00e9ratures tr\u00e8s \u00e9lev\u00e9es.<\/p>\n<p class=\"fig-paragraph\">Une alerte aux temp\u00e9ratures extr\u00eames a \u00e9galement \u00e9t\u00e9 issue cette semaine pour le parc de Grand Canyon, avec des temp\u00e9ratures attendues pouvant d\u00e9passer les 46\u00b0C \u00e0 l&rsquo;ombre par endroits.<\/p>\n","protected":false},"excerpt":{"rendered":"Les autorit\u00e9s am\u00e9ricaines ont ordonn\u00e9 l&rsquo;\u00e9vacuation de touristes\u00a0d&rsquo;une zone du tr\u00e8s c\u00e9l\u00e8bre site du\u00a0Grand Canyon, dans le sud-ouest&hellip;\n","protected":false},"author":2,"featured_media":242896,"comment_status":"","ping_status":"","sticky":false,"template":"","format":"standard","meta":{"footnotes":""},"categories":[1589],"tags":[11,73,1866,1310,12,1864,1865,1863,308],"class_list":{"0":"post-242895","1":"post","2":"type-post","3":"status-publish","4":"format-standard","5":"has-post-thumbnail","7":"category-etats-unis","8":"tag-actualites","9":"tag-etats-unis","10":"tag-etats-unis-damerique","11":"tag-incendie","12":"tag-news","13":"tag-united-states","14":"tag-united-states-of-america","15":"tag-us","16":"tag-usa"},"share_on_mastodon":{"url":"https:\/\/pubeurope.com\/@fr\/114835607017942595","error":""},"_links":{"self":[{"href":"https:\/\/www.europesays.com\/fr\/wp-json\/wp\/v2\/posts\/242895","targetHints":{"allow":["GET"]}}],"collection":[{"href":"https:\/\/www.europesays.com\/fr\/wp-json\/wp\/v2\/posts"}],"about":[{"href":"https:\/\/www.europesays.com\/fr\/wp-json\/wp\/v2\/types\/post"}],"author":[{"embeddable":true,"href":"https:\/\/www.europesays.com\/fr\/wp-json\/wp\/v2\/users\/2"}],"replies":[{"embeddable":true,"href":"https:\/\/www.europesays.com\/fr\/wp-json\/wp\/v2\/comments?post=242895"}],"version-history":[{"count":0,"href":"https:\/\/www.europesays.com\/fr\/wp-json\/wp\/v2\/posts\/242895\/revisions"}],"wp:featuredmedia":[{"embeddable":true,"href":"https:\/\/www.europesays.com\/fr\/wp-json\/wp\/v2\/media\/242896"}],"wp:attachment":[{"href":"https:\/\/www.europesays.com\/fr\/wp-json\/wp\/v2\/media?parent=242895"}],"wp:term":[{"taxonomy":"category","embeddable":true,"href":"https:\/\/www.europesays.com\/fr\/wp-json\/wp\/v2\/categories?post=242895"},{"taxonomy":"post_tag","embeddable":true,"href":"https:\/\/www.europesays.com\/fr\/wp-json\/wp\/v2\/tags?post=242895"}],"curies":[{"name":"wp","href":"https:\/\/api.w.org\/{rel}","templated":true}]}}