{"id":242897,"date":"2025-07-11T16:44:10","date_gmt":"2025-07-11T16:44:10","guid":{"rendered":"https:\/\/www.europesays.com\/fr\/242897\/"},"modified":"2025-07-11T16:44:10","modified_gmt":"2025-07-11T16:44:10","slug":"au-royaume-uni-laccord-migratoire-ne-fait-pas-lunanimite-liberation","status":"publish","type":"post","link":"https:\/\/www.europesays.com\/fr\/242897\/","title":{"rendered":"au Royaume-Uni, l\u2019accord migratoire ne fait pas l\u2019unanimit\u00e9 \u2013 Lib\u00e9ration"},"content":{"rendered":"<p class=\"sc-ksZaOG ehjQrN text-element\">Depuis son arriv\u00e9e au 10 Downing Street, Keir Starmer esp\u00e8re r\u00e9ussir l\u00e0 o\u00f9 ses pr\u00e9d\u00e9cesseurs ont \u00e9chou\u00e9 : reprendre le contr\u00f4le des flux migratoires vers le Royaume-Uni. Face \u00e0 une hausse record des travers\u00e9es de la Manche \u2013 au moins 20 000 personnes depuis janvier, soit plus du double par rapport \u00e0 l\u2019an dernier \u2013 et \u00e0 une popularit\u00e9 en berne, le Premier ministre travailliste a tent\u00e9 de frapper fort. Critiqu\u00e9 pour sa gestion du dossier migratoire et <a href=\"https:\/\/www.liberation.fr\/international\/europe\/immigration-au-royaume-uni-le-gouvernement-travailliste-sinspire-sans-rougir-de-lextreme-droite-20250216_KXCG737VKBEIZHPKOP2ZONHQCM\/\" target=\"_blank\" rel=\"noopener\" title=\"https:\/\/www.liberation.fr\/international\/europe\/immigration-au-royaume-uni-le-gouvernement-travailliste-sinspire-sans-rougir-de-lextreme-droite-20250216_KXCG737VKBEIZHPKOP2ZONHQCM\/\">sous pression face \u00e0 la mont\u00e9e de l\u2019extr\u00eame droite<\/a>, il a scell\u00e9 avec Emmanuel Macron, jeudi 10 juillet, <a href=\"https:\/\/www.liberation.fr\/societe\/immigration\/accord-sur-limmigration-le-royaume-uni-et-la-france-actent-le-principe-une-entree-une-sortie-20250710_KRPATBGZ2FFBNFIVT5ZX6QACCI\/\" target=\"_blank\" rel=\"noopener\" title=\"https:\/\/www.liberation.fr\/societe\/immigration\/accord-sur-limmigration-le-royaume-uni-et-la-france-actent-le-principe-une-entree-une-sortie-20250710_KRPATBGZ2FFBNFIVT5ZX6QACCI\/\">un accord controvers\u00e9 visant \u00e0 r\u00e9duire le nombre d\u2019entr\u00e9es irr\u00e9guli\u00e8res dans le pays<\/a>.<\/p>\n<p class=\"sc-ksZaOG ehjQrN text-element\">Baptis\u00e9 \u00abone in, one out\u00bb (\u00abune entr\u00e9e, une sortie\u00bb), <\/p>\n","protected":false},"excerpt":{"rendered":"Depuis son arriv\u00e9e au 10 Downing Street, Keir Starmer esp\u00e8re r\u00e9ussir l\u00e0 o\u00f9 ses pr\u00e9d\u00e9cesseurs ont \u00e9chou\u00e9 :&hellip;\n","protected":false},"author":2,"featured_media":242898,"comment_status":"","ping_status":"","sticky":false,"template":"","format":"standard","meta":{"footnotes":""},"categories":[1588],"tags":[11,1777,674,2581,1251,35286,12,473,1853,1851,1850,1852],"class_list":{"0":"post-242897","1":"post","2":"type-post","3":"status-publish","4":"format-standard","5":"has-post-thumbnail","7":"category-royaume-uni","8":"tag-actualites","9":"tag-eu","10":"tag-europe","11":"tag-keir-starmer","12":"tag-migrants","13":"tag-migrants-files","14":"tag-news","15":"tag-royaume-uni","16":"tag-royaume-uni-de-grande-bretagne-et-dirlande-du-nord","17":"tag-uk","18":"tag-united-kingdom","19":"tag-united-kingdom-of-great-britain-and-northern-ireland"},"share_on_mastodon":{"url":"https:\/\/pubeurope.com\/@fr\/114835610910598081","error":""},"_links":{"self":[{"href":"https:\/\/www.europesays.com\/fr\/wp-json\/wp\/v2\/posts\/242897","targetHints":{"allow":["GET"]}}],"collection":[{"href":"https:\/\/www.europesays.com\/fr\/wp-json\/wp\/v2\/posts"}],"about":[{"href":"https:\/\/www.europesays.com\/fr\/wp-json\/wp\/v2\/types\/post"}],"author":[{"embeddable":true,"href":"https:\/\/www.europesays.com\/fr\/wp-json\/wp\/v2\/users\/2"}],"replies":[{"embeddable":true,"href":"https:\/\/www.europesays.com\/fr\/wp-json\/wp\/v2\/comments?post=242897"}],"version-history":[{"count":0,"href":"https:\/\/www.europesays.com\/fr\/wp-json\/wp\/v2\/posts\/242897\/revisions"}],"wp:featuredmedia":[{"embeddable":true,"href":"https:\/\/www.europesays.com\/fr\/wp-json\/wp\/v2\/media\/242898"}],"wp:attachment":[{"href":"https:\/\/www.europesays.com\/fr\/wp-json\/wp\/v2\/media?parent=242897"}],"wp:term":[{"taxonomy":"category","embeddable":true,"href":"https:\/\/www.europesays.com\/fr\/wp-json\/wp\/v2\/categories?post=242897"},{"taxonomy":"post_tag","embeddable":true,"href":"https:\/\/www.europesays.com\/fr\/wp-json\/wp\/v2\/tags?post=242897"}],"curies":[{"name":"wp","href":"https:\/\/api.w.org\/{rel}","templated":true}]}}