{"id":2429,"date":"2025-04-04T10:27:09","date_gmt":"2025-04-04T10:27:09","guid":{"rendered":"https:\/\/www.europesays.com\/fr\/2429\/"},"modified":"2025-04-04T10:27:09","modified_gmt":"2025-04-04T10:27:09","slug":"les-valeurs-a-suivre-a-paris-et-en-europe-04-04-2025-a-0851","status":"publish","type":"post","link":"https:\/\/www.europesays.com\/fr\/2429\/","title":{"rendered":"Les valeurs \u00e0 suivre \u00e0 Paris et en Europe &#8211; 04\/04\/2025 \u00e0 08:51"},"content":{"rendered":"<p>\n * SODEXO<br \/>\n <a href=\"https:\/\/www.boursorama.com\/cours\/1rPSW\/\" rel=\"nofollow noopener\" target=\"_blank\"><br \/>\n  EXHO.PA<br \/>\n <\/a><br \/>\n a confirm\u00e9 vendredi avoir enregistr\u00e9 une croissance de 3,1% de son chiffre d&rsquo;affaires au premier semestre et a r\u00e9it\u00e9r\u00e9 ses nouvelles perspectives, le groupe publiant ses chiffres audit\u00e9s apr\u00e8s un avertissement sur ses r\u00e9sultats en mars.\n<\/p>\n<p>\n * CARREFOUR<br \/>\n <a href=\"https:\/\/www.boursorama.com\/cours\/1rPCA\/\" rel=\"nofollow noopener\" target=\"_blank\"><br \/>\n  CARR.PA<br \/>\n <\/a><br \/>\n a annonc\u00e9 vendredi relever de 10% son offre d&rsquo;achat sur Carrefour Brasil CRFB3.SA .\n<\/p>\n<p>\n * ESSILORLUXOTTICA<br \/>\n <a href=\"https:\/\/www.boursorama.com\/cours\/1rPEL\/\" rel=\"nofollow noopener\" target=\"_blank\"><br \/>\n  ESLX.PA<br \/>\n <\/a><br \/>\n a d\u00e9clar\u00e9 jeudi \u00e9tendre sa collaboration avec Roger Federer pour des collections de lunettes.\n<\/p>\n<p>\n * CR\u00c9DIT AGRICOLE<br \/>\n <a href=\"https:\/\/www.boursorama.com\/cours\/1rPACA\/\" rel=\"nofollow noopener\" target=\"_blank\"><br \/>\n  CAGR.PA<br \/>\n <\/a><br \/>\n &#8211; La filiale de gestion de fortune du groupe, Indosuez Wealth Management, a annonc\u00e9 vendredi la signature d&rsquo;un accord en vue d&rsquo;acqu\u00e9rir Banque Thaler en Suisse.\n<\/p>\n<p>\n * ALSTOM<br \/>\n <a href=\"https:\/\/www.boursorama.com\/cours\/1rPALO\/\" rel=\"nofollow noopener\" target=\"_blank\"><br \/>\n  ALSO.PA<br \/>\n <\/a><br \/>\n a annonc\u00e9 vendredi un plan d&rsquo;investissement de plus de 150 millions d&rsquo;euros pour ses sites de production en France, dont 30 millions d&rsquo;euros pour le site de Valenciennes Petite-For\u00eat en vue d&rsquo;y ouvrir une ligne d&rsquo;assemblage du TGV.\n<\/p>\n<p>\n * SCOR<br \/>\n <a href=\"https:\/\/www.boursorama.com\/cours\/1rPSCR\/\" rel=\"nofollow noopener\" target=\"_blank\"><br \/>\n  SCOR.PA<br \/>\n <\/a><br \/>\n a annonc\u00e9 vendredi dans un communiqu\u00e9 avoir \u00e9t\u00e9 mis en examen dans le cadre d&rsquo;une affaire judiciaire concernant le rachat du groupe de r\u00e9assurance PartnerRe par le groupe d&rsquo;assurance mutualiste fran\u00e7ais Cov\u00e9a.\n<\/p>\n<p>\n * BP<br \/>\n <a href=\"https:\/\/www.boursorama.com\/cours\/1uBP..L\/\" rel=\"nofollow noopener\" target=\"_blank\"><br \/>\n  BP.L<br \/>\n <\/a><br \/>\n a annonc\u00e9 vendredi que son pr\u00e9sident, Helge Lund, avait l&rsquo;intention de d\u00e9missionner.\n<\/p>\n<p>\n * SANTANDER<br \/>\n <a href=\"https:\/\/www.boursorama.com\/cours\/FF55-SAN\/\" rel=\"nofollow noopener\" target=\"_blank\"><br \/>\n  SAN.MC<br \/>\n <\/a><br \/>\n a d\u00e9clar\u00e9 vendredi \u00eatre en bonne voie pour atteindre ses objectifs de rentabilit\u00e9 et de revenus pour l&rsquo;ensemble de l&rsquo;ann\u00e9e.\n<\/p>\n<p>\n * DANONE<br \/>\n <a href=\"https:\/\/www.boursorama.com\/cours\/1rPBN\/\" rel=\"nofollow noopener\" target=\"_blank\"><br \/>\n  DANO.PA<br \/>\n <\/a><br \/>\n &#8211; Morgan Stanley rel\u00e8ve sa recommandation \u00e0 \u00ab\u00a0surpond\u00e9ration\u00a0\u00bb contre \u00ab\u00a0pond\u00e9ration en ligne\u00a0\u00bb.\n<\/p>\n<p>\n (R\u00e9daction de Paris)<\/p>\n","protected":false},"excerpt":{"rendered":"* SODEXO EXHO.PA a confirm\u00e9 vendredi avoir enregistr\u00e9 une croissance de 3,1% de son chiffre d&rsquo;affaires au premier&hellip;\n","protected":false},"author":2,"featured_media":2430,"comment_status":"","ping_status":"","sticky":false,"template":"","format":"standard","meta":{"footnotes":""},"categories":[1586],"tags":[400,11,398,408,405,1777,674,1011,27,403,402,399,404,12,25,401,406,407],"class_list":{"0":"post-2429","1":"post","2":"type-post","3":"status-publish","4":"format-standard","5":"has-post-thumbnail","7":"category-europe","8":"tag-action-cac-40","9":"tag-actualites","10":"tag-bourse-de-paris","11":"tag-boursorama","12":"tag-cotations","13":"tag-eu","14":"tag-europe","15":"tag-fr","16":"tag-france","17":"tag-indices-devises","18":"tag-investir","19":"tag-investissement","20":"tag-marche-boursier","21":"tag-news","22":"tag-republique-francaise","23":"tag-sicav","24":"tag-trackers","25":"tag-warrants"},"share_on_mastodon":{"url":"https:\/\/pubeurope.com\/@fr\/114279222089688213","error":""},"_links":{"self":[{"href":"https:\/\/www.europesays.com\/fr\/wp-json\/wp\/v2\/posts\/2429","targetHints":{"allow":["GET"]}}],"collection":[{"href":"https:\/\/www.europesays.com\/fr\/wp-json\/wp\/v2\/posts"}],"about":[{"href":"https:\/\/www.europesays.com\/fr\/wp-json\/wp\/v2\/types\/post"}],"author":[{"embeddable":true,"href":"https:\/\/www.europesays.com\/fr\/wp-json\/wp\/v2\/users\/2"}],"replies":[{"embeddable":true,"href":"https:\/\/www.europesays.com\/fr\/wp-json\/wp\/v2\/comments?post=2429"}],"version-history":[{"count":0,"href":"https:\/\/www.europesays.com\/fr\/wp-json\/wp\/v2\/posts\/2429\/revisions"}],"wp:featuredmedia":[{"embeddable":true,"href":"https:\/\/www.europesays.com\/fr\/wp-json\/wp\/v2\/media\/2430"}],"wp:attachment":[{"href":"https:\/\/www.europesays.com\/fr\/wp-json\/wp\/v2\/media?parent=2429"}],"wp:term":[{"taxonomy":"category","embeddable":true,"href":"https:\/\/www.europesays.com\/fr\/wp-json\/wp\/v2\/categories?post=2429"},{"taxonomy":"post_tag","embeddable":true,"href":"https:\/\/www.europesays.com\/fr\/wp-json\/wp\/v2\/tags?post=2429"}],"curies":[{"name":"wp","href":"https:\/\/api.w.org\/{rel}","templated":true}]}}