{"id":242907,"date":"2025-07-11T16:49:11","date_gmt":"2025-07-11T16:49:11","guid":{"rendered":"https:\/\/www.europesays.com\/fr\/242907\/"},"modified":"2025-07-11T16:49:11","modified_gmt":"2025-07-11T16:49:11","slug":"face-a-lambiguite-de-donald-trump-la-chine-mise-sur-lencerclement-de-taiwan","status":"publish","type":"post","link":"https:\/\/www.europesays.com\/fr\/242907\/","title":{"rendered":"face \u00e0 l\u2019ambigu\u00eft\u00e9 de Donald Trump, la Chine mise sur l\u2019encerclement de Ta\u00efwan"},"content":{"rendered":"<p><strong>R\u00c9CIT &#8211;<\/strong> Le pr\u00e9sident am\u00e9ricain aurait menac\u00e9 Xi Jinping de repr\u00e9sailles militaires en cas d\u2019invasion de l\u2019\u00eele. P\u00e9kin veut surfer sur l\u2019incertitude trumpienne pour mieux isoler Ta\u00efpei.<\/p>\n<p class=\"fig-paragraph\">\u00c9touffer Ta\u00efwan en silence, sans provoquer le r\u00e9veil de Donald Trump. La Chine ajuste sa strat\u00e9gie de \u00ab\u00a0r\u00e9unification\u00a0\u00bb de l\u2019\u00eele d\u00e9mocratique rebelle, \u00e0 l\u2019heure du second mandat du champion de \u00ab\u00a0l\u2019Am\u00e9rique d\u2019abord\u00a0\u00bb. Alors qu\u2019elle n\u00e9gocie une<a href=\"http:\/\/www.lefigaro.fr\/conjoncture\/un-tigre-de-papier-face-a-trump-la-chine-affiche-sa-resilience-mais-reste-sur-ses-gardes-20250709\" data-fig-type=\"Article\" data-gtm-custom-categorie=\"navigation\" data-gtm-custom-action=\"crossclick\" data-gtm-custom-label=\"Contextuel\" data-gtm-event=\"customEventSPE\" data-fig-domain=\"LEFIGARO\" target=\"_blank\" rel=\"noopener\">\u00a0fragile tr\u00eave commerciale avec la Maison-Blanche<\/a>, la deuxi\u00e8me puissance mondiale met opportun\u00e9ment en sourdine son ambition d\u00e9clar\u00e9e d\u2019annexer le territoire de 23\u00a0millions d\u2019habitants au continent, afin de mieux l\u2019isoler face \u00e0 un pr\u00e9sident am\u00e9ricain soufflant le chaud et le froid sur Ta\u00efpei.<\/p>\n<p class=\"fig-paragraph\">Trump s\u2019est vant\u00e9 d\u2019avoir menac\u00e9 de \u00ab\u00a0bombarder\u00a0\u00bb P\u00e9kin si\u00a0<a href=\"http:\/\/www.lefigaro.fr\/international\/xi-jinping-s-est-entretenu-par-telephone-avec-donald-trump-a-la-demande-du-president-americain-20250605\" target=\"_blank\" data-fig-type=\"NewsFlash\" rel=\"noopener\" data-gtm-custom-categorie=\"navigation\" data-gtm-custom-action=\"crossclick\" data-gtm-custom-label=\"Contextuel\" data-gtm-event=\"customEventSPE\" data-fig-domain=\"LEFIGARO\">le pr\u00e9sident Xi Jinping<\/a>\u00a0tentait d\u2019envahir l\u2019\u00eele, lors d\u2019une rencontre avec des donateurs durant la campagne \u00e9lectorale, selon un enregistrement audio tout juste diffus\u00e9 par CNN. \u00ab\u00a0J\u2019\u00e9tais avec Xi Jinping et je leur ai dit s\u2019il allait \u00e0 Ta\u00efwan, je couvrirai P\u00e9kin de p\u2026 de bombes. Je n\u2019aurai pas le choix. Il m\u2019a dit qu\u2019il ne me croyait qu\u2019\u00e0 10\u00a0%. Mais, assure le candidat, cela suffit\u00a0\u00bb<\/p>\n<p class=\"fig-premium-paywall__infos\">\n        Cet article est r\u00e9serv\u00e9 aux abonn\u00e9s.        Il vous reste 86% \u00e0 d\u00e9couvrir.\n    <\/p>\n<p>                <img  data- alt=\"Le Figaro\" class=\"fig-img--complete fig-img\"\/><\/p>\n<p class=\"fig-premium-paywall__title\">Vous avez envie de lire la suite ?<\/p>\n<p class=\"fig-premium-paywall__subtitle\">D\u00e9bloquez tous les articles imm\u00e9diatement.<\/p>\n<p class=\"fig-premium-paywall__connect\">\n                D\u00e9j\u00e0 abonn\u00e9\u00a0?                <a class=\"fig-premium-paywall__connect-link\" href=\"https:\/\/connect.lefigaro.fr\/login?client=horizon_web&amp;type=main&amp;redirect_uri=https%3A%2F%2Fwww.lefigaro.fr%2Finternational%2Fje-couvrirai-pekin-de-bombes-face-a-l-ambiguite-de-donald-trump-la-chine-mise-sur-l-encerclement-de-taiwan-20250711\" data-js-gtm=\"{&quot;customCategorie&quot;: &quot;conversion&quot;, &quot;customAction&quot;: &quot;before_Landing_Connexion_paywall_auto&quot;, &quot;customLabel&quot;: &quot;bGVmaWdhcm8uZnJfXzFmMDVkNDMwLTk5NTYtNjJhOC04ZGNhLTM1OGE5MDQ4YmJlYl9fQXJ0aWNsZQ==_\u00abJe couvrirai P\u00e9kin de bombes\u00bb\u00a0: face \u00e0 l\u2019ambigu\u00eft\u00e9 de Donald Trump, la Chine mise sur l\u2019encerclement de Ta\u00efwan_454&quot;, &quot;customIDSPE&quot;: &quot;bGVmaWdhcm8uZnJfXzFmMDVkNDMwLTk5NTYtNjJhOC04ZGNhLTM1OGE5MDQ4YmJlYl9fQXJ0aWNsZQ==&quot;, &quot;event&quot;: &quot;customEventSPE&quot;}\" target=\"_blank\" rel=\"noopener\"><br \/>\n                    Connectez-vous<br \/>\n                <\/a>\n            <\/p>\n","protected":false},"excerpt":{"rendered":"R\u00c9CIT &#8211; Le pr\u00e9sident am\u00e9ricain aurait menac\u00e9 Xi Jinping de repr\u00e9sailles militaires en cas d\u2019invasion de l\u2019\u00eele. P\u00e9kin&hellip;\n","protected":false},"author":2,"featured_media":242908,"comment_status":"","ping_status":"","sticky":false,"template":"","format":"standard","meta":{"footnotes":""},"categories":[2],"tags":[11,309,75,1011,27,12,2484,25,22053,7084],"class_list":{"0":"post-242907","1":"post","2":"type-post","3":"status-publish","4":"format-standard","5":"has-post-thumbnail","7":"category-actualites","8":"tag-actualites","9":"tag-chine","10":"tag-donald-trump","11":"tag-fr","12":"tag-france","13":"tag-news","14":"tag-pekin","15":"tag-republique-francaise","16":"tag-taiwan","17":"tag-xi-jinping"},"share_on_mastodon":{"url":"https:\/\/pubeurope.com\/@fr\/114835630556752124","error":""},"_links":{"self":[{"href":"https:\/\/www.europesays.com\/fr\/wp-json\/wp\/v2\/posts\/242907","targetHints":{"allow":["GET"]}}],"collection":[{"href":"https:\/\/www.europesays.com\/fr\/wp-json\/wp\/v2\/posts"}],"about":[{"href":"https:\/\/www.europesays.com\/fr\/wp-json\/wp\/v2\/types\/post"}],"author":[{"embeddable":true,"href":"https:\/\/www.europesays.com\/fr\/wp-json\/wp\/v2\/users\/2"}],"replies":[{"embeddable":true,"href":"https:\/\/www.europesays.com\/fr\/wp-json\/wp\/v2\/comments?post=242907"}],"version-history":[{"count":0,"href":"https:\/\/www.europesays.com\/fr\/wp-json\/wp\/v2\/posts\/242907\/revisions"}],"wp:featuredmedia":[{"embeddable":true,"href":"https:\/\/www.europesays.com\/fr\/wp-json\/wp\/v2\/media\/242908"}],"wp:attachment":[{"href":"https:\/\/www.europesays.com\/fr\/wp-json\/wp\/v2\/media?parent=242907"}],"wp:term":[{"taxonomy":"category","embeddable":true,"href":"https:\/\/www.europesays.com\/fr\/wp-json\/wp\/v2\/categories?post=242907"},{"taxonomy":"post_tag","embeddable":true,"href":"https:\/\/www.europesays.com\/fr\/wp-json\/wp\/v2\/tags?post=242907"}],"curies":[{"name":"wp","href":"https:\/\/api.w.org\/{rel}","templated":true}]}}