{"id":242911,"date":"2025-07-11T16:51:18","date_gmt":"2025-07-11T16:51:18","guid":{"rendered":"https:\/\/www.europesays.com\/fr\/242911\/"},"modified":"2025-07-11T16:51:18","modified_gmt":"2025-07-11T16:51:18","slug":"championnat-evian-nelly-korda-se-sent-comme-une-grand-mere","status":"publish","type":"post","link":"https:\/\/www.europesays.com\/fr\/242911\/","title":{"rendered":"Championnat Evian | Nelly Korda se sent \u00ab\u00a0comme une grand-m\u00e8re\u00a0\u00bb"},"content":{"rendered":"<p class=\"lead textModule textModule--type-lead \" style=\"\">\u00c0 26\u00a0ans, Nelly Korda est trop jeune pour se sentir comme \u00ab\u00a0une grand-m\u00e8re\u00a0\u00bb <\/p>\n<p>                    Publi\u00e9 le 9 juillet<\/p>\n<p>    <a class=\"print\" href=\"https:\/\/www.lapresse.ca\/sports\/golf\/2025-07-09\/championnat-evian\/javascript:window.print();\" title=\"Imprimer la page\" rel=\"nofollow noopener\" target=\"_blank\"><\/p>\n<p>        <img loading=\"lazy\" decoding=\"async\" width=\"16\" height=\"18\" src=\"https:\/\/www.europesays.com\/fr\/wp-content\/uploads\/2025\/04\/share-icon.png\" alt=\"Partager\"\/><\/p>\n<p>\n                                    Steve Douglas<\/p>\n<p>                                                    Associated Press<\/p>\n<p class=\"paragraph textModule textModule--type-paragraph \" style=\"\">N\u00e9anmoins, c\u2019est ce qui trotte dans la t\u00eate de la golfeuse num\u00e9ro\u00a01 au monde alors qu\u2019elle s\u2019appr\u00eate \u00e0 n\u00e9gocier le Championnat Evian, le quatri\u00e8me tournoi majeur de la saison.\u00a0\u00a0<\/p>\n<p class=\"paragraph textModule textModule--type-paragraph \" style=\"\">\u00ab\u00a0C\u2019est ce qui est bien avec le sport en g\u00e9n\u00e9ral, a confi\u00e9 Korda mercredi. Tu ne peux jamais t\u2019asseoir sur tes lauriers, car il y a toujours une nouvelle g\u00e9n\u00e9ration de joueuses, de jeunes joueuses talentueuses, qui vont continuer de s\u2019am\u00e9liorer et de vouloir te bousculer.\u00a0\u00bb <\/p>\n<p class=\"paragraph textModule textModule--type-paragraph \" style=\"\">Une joueuse, en particulier, lui vient en t\u00eate.\u00a0\u00a0<\/p>\n<p class=\"paragraph textModule textModule--type-paragraph \" style=\"\">Lottie Woad, une jeune \u00e9tudiante universitaire anglaise de 21\u00a0ans, est la coqueluche des m\u00e9dias ces temps-ci apr\u00e8s avoir sign\u00e9 l\u2019une des victoires les plus \u00e9clatantes pour une golfeuse amateure \u2014 un triomphe par six coups contre des golfeuses exp\u00e9riment\u00e9es \u00e0 l\u2019Omnium f\u00e9minin d\u2019\u00c9cosse dimanche dernier.\u00a0\u00a0<\/p>\n<p>                                        <img decoding=\"async\" src=\"https:\/\/www.europesays.com\/fr\/wp-content\/uploads\/2025\/07\/2ec429d9333937d383af605a70edc0f9.jpg\" alt=\"\" class=\"photoModule__visual\" itemprop=\"contentUrl url\"\/><\/p>\n<p class=\"credit photoModule__caption photoModule__caption--credit\" style=\"\">\n                    PHOTO JEFF ROBERSON, ARCHIVES ASSOCIATED PRESS\n                <\/p>\n<p class=\"description photoModule__caption photoModule__caption--description\" style=\"\">\n                    Lottie Woad\n                <\/p>\n<p class=\"paragraph textModule textModule--type-paragraph \" style=\"\">Woad, la meilleure golfeuse amateure au monde, est sur le point d\u2019obtenir sa carte de membre \u00e0 temps plein de la LPGA, et une bonne performance cette semaine au l\u00e9gendaire club de golf Evian, qui surplombe le lac L\u00e9man, dans les Alpes fran\u00e7aises, pourrait la lui assurer.\u00a0\u00a0<\/p>\n<p class=\"paragraph textModule textModule--type-paragraph \" style=\"\">Woad n\u2019a qu\u2019\u00e0 terminer parmi les 25\u00a0meilleures golfeuses ce week-end pour obtenir suffisamment de points de qualifications, \u00e0 condition qu\u2019elle accepte de mettre sur la glace sa carri\u00e8re universitaire \u00e0 Florida State avec une ann\u00e9e \u00e0 \u00e9couler.\u00a0\u00a0<\/p>\n<p class=\"paragraph textModule textModule--type-paragraph \" style=\"\">\u00ab\u00a0Je n\u2019ai pas pris ma d\u00e9cision encore. Je ne veux pas me projeter trop loin en avant, a-t-elle dit. Je veux obtenir mes points (de qualifications) et me concentrer sur mon jeu, et le reste viendra tout seul.\u00a0\u00bb <\/p>\n<p>                    Un duel au sommet<\/p>\n<p class=\"paragraph textModule textModule--type-paragraph \" style=\"\">Korda convoitera un troisi\u00e8me titre majeur \u2014 et un premier depuis celui acquis au Championnat Chevron en avril\u00a02024\u00a0\u2014, et un premier titre cette saison.\u00a0\u00a0<\/p>\n<p class=\"paragraph textModule textModule--type-paragraph \" style=\"\">Parmi les autres golfeuses \u00e0 surveiller se trouve la num\u00e9ro\u00a02 mondiale, Jeeno Thitikul, qui vise un premier titre majeur en carri\u00e8re.\u00a0\u00a0<\/p>\n<p>                                        <img decoding=\"async\" src=\"https:\/\/www.europesays.com\/fr\/wp-content\/uploads\/2025\/07\/f56bd205bf63355798f1a7af318ff8ef.jpg\" alt=\"\" class=\"photoModule__visual\" itemprop=\"contentUrl url\"\/><\/p>\n<p class=\"credit photoModule__caption photoModule__caption--credit\" style=\"\">\n                    PHOTO LM OTERO, ARCHIVES ASSOCIATED PRESS\n                <\/p>\n<p class=\"description photoModule__caption photoModule__caption--description\" style=\"\">\n                    Jeeno Thitikul\n                <\/p>\n<p class=\"paragraph textModule textModule--type-paragraph \" style=\"\">Au cours des 12\u00a0derniers tournois du Grand Chelem, 12\u00a0gagnantes diff\u00e9rentes ont \u00e9t\u00e9 couronn\u00e9es. L\u2019Australienne Minjee Lee \u2014 qui est sixi\u00e8me au monde \u2014 a remport\u00e9 le Championnat f\u00e9minin de la PGA le mois dernier.\u00a0\u00a0<\/p>\n<p class=\"paragraph textModule textModule--type-paragraph \" style=\"\">Il est \u00e0 noter que l\u2019Ontarienne Brooke Henderson participera \u00e9galement au Championnat Evian. Elle sera la seule repr\u00e9sentante de l\u2019unifoli\u00e9 \u00e0 s\u2019y ex\u00e9cuter.\u00a0\u00a0<\/p>\n","protected":false},"excerpt":{"rendered":"\u00c0 26\u00a0ans, Nelly Korda est trop jeune pour se sentir comme \u00ab\u00a0une grand-m\u00e8re\u00a0\u00bb Publi\u00e9 le 9 juillet Steve&hellip;\n","protected":false},"author":2,"featured_media":242912,"comment_status":"","ping_status":"","sticky":false,"template":"","format":"standard","meta":{"footnotes":""},"categories":[1418],"tags":[1011,27,1472,60],"class_list":{"0":"post-242911","1":"post","2":"type-post","3":"status-publish","4":"format-standard","5":"has-post-thumbnail","7":"category-golf","8":"tag-fr","9":"tag-france","10":"tag-golf","11":"tag-sports"},"share_on_mastodon":{"url":"https:\/\/pubeurope.com\/@fr\/114835638551360716","error":""},"_links":{"self":[{"href":"https:\/\/www.europesays.com\/fr\/wp-json\/wp\/v2\/posts\/242911","targetHints":{"allow":["GET"]}}],"collection":[{"href":"https:\/\/www.europesays.com\/fr\/wp-json\/wp\/v2\/posts"}],"about":[{"href":"https:\/\/www.europesays.com\/fr\/wp-json\/wp\/v2\/types\/post"}],"author":[{"embeddable":true,"href":"https:\/\/www.europesays.com\/fr\/wp-json\/wp\/v2\/users\/2"}],"replies":[{"embeddable":true,"href":"https:\/\/www.europesays.com\/fr\/wp-json\/wp\/v2\/comments?post=242911"}],"version-history":[{"count":0,"href":"https:\/\/www.europesays.com\/fr\/wp-json\/wp\/v2\/posts\/242911\/revisions"}],"wp:featuredmedia":[{"embeddable":true,"href":"https:\/\/www.europesays.com\/fr\/wp-json\/wp\/v2\/media\/242912"}],"wp:attachment":[{"href":"https:\/\/www.europesays.com\/fr\/wp-json\/wp\/v2\/media?parent=242911"}],"wp:term":[{"taxonomy":"category","embeddable":true,"href":"https:\/\/www.europesays.com\/fr\/wp-json\/wp\/v2\/categories?post=242911"},{"taxonomy":"post_tag","embeddable":true,"href":"https:\/\/www.europesays.com\/fr\/wp-json\/wp\/v2\/tags?post=242911"}],"curies":[{"name":"wp","href":"https:\/\/api.w.org\/{rel}","templated":true}]}}