{"id":242915,"date":"2025-07-11T16:53:10","date_gmt":"2025-07-11T16:53:10","guid":{"rendered":"https:\/\/www.europesays.com\/fr\/242915\/"},"modified":"2025-07-11T16:53:10","modified_gmt":"2025-07-11T16:53:10","slug":"xv-de-france-la-france-a-des-contraintes-liees-a-son-championnat-apres-la-polemique-la-federation-neo-zelandaise-tente-de-calmer-le-jeu","status":"publish","type":"post","link":"https:\/\/www.europesays.com\/fr\/242915\/","title":{"rendered":"XV de France &#8211; \u00ab\u00a0La France a des contraintes li\u00e9es \u00e0 son championnat\u00a0\u00bb : apr\u00e8s la pol\u00e9mique, la F\u00e9d\u00e9ration n\u00e9o-z\u00e9landaise tente de calmer le jeu"},"content":{"rendered":"<p>\n                Conscients d\u2019avoir \u00e9chaud\u00e9 les Fran\u00e7ais en les d\u00e9valorisant par voie de presse avant le premier test, les N\u00e9o-Z\u00e9landais ont, par la voix du CEO de leur F\u00e9d\u00e9ration, tenu \u00e0 \u2013 tardivement \u2013 faire baisser la pression, conscients qu\u2019ils avaient finalement tout \u00e0 perdre&#8230;\n            <\/p>\n<p>C\u2019est peu dire que le groupe des 42 s\u00e9lectionn\u00e9s par Fabien Galthi\u00e9, amput\u00e9 de \u00ab\u00a0Premiums\u00a0\u00bb potentiellement disponibles, a fait causer en Nouvelle-Z\u00e9lande. Le plus vindicatif d\u2019entre eux ayant \u00e9videmment \u00e9t\u00e9 l\u2019ancien demi de m\u00eal\u00e9e Justin Marshall, devenu consultant et donc oblig\u00e9 de s\u2019assurer une certaine existence m\u00e9diatique, celui-ci ayant exprim\u00e9 \u00e0 plusieurs reprises sa \u00ab\u00a0d\u00e9ception\u00a0\u00bb de ne pas voir le XV de France-type s\u2019\u00eatre d\u00e9plac\u00e9 cet \u00e9t\u00e9. \u00ab\u00a0C\u2019est de la connerie totale, la mani\u00e8re dont ils traitent cette tourn\u00e9e, pointait un Marshall beaucoup plus mordant qu\u2019\u00e0 l\u2019\u00e9poque o\u00f9 il portait le maillot du MHR, voil\u00e0 une grosse quinzaine d\u2019ann\u00e9es. On dirait que les Fran\u00e7ais trouvent toujours une excuse. En novembre, nous envoyons nos meilleurs \u00e9l\u00e9ments en Europe pour remplir les stades et offrir aux fans la meilleure exp\u00e9rience possible. L\u00e0, ils ne le font pas. [\u2026] La r\u00e9alit\u00e9, c\u2019est qu\u2019ils ont laiss\u00e9 70 % de leurs meilleurs joueurs en France, ce qui n\u2019est ni d\u00e9cent ni respectueux du jeu.\u00a0\u00bb Des propos qui, \u00e9videmment, ne sont pas tomb\u00e9s dans l\u2019oreille d\u2019un sourd, <a href=\"https:\/\/www.rugbyrama.fr\/2025\/07\/03\/xv-de-france-je-comprends-les-critiques-concede-fabien-galthie-12803256.php\" target=\"_self\" rel=\"nofollow noopener\"><strong>Fabien Galthi\u00e9 se servant all\u00e8grement des propos de son ancien vis-\u00e0-vis pour remonter le cocotier de ses joueurs avant le test de Dunedin<\/strong><\/a>. Ce qui fut tout pr\u00e8s de payer\u2026<\/p>\n<p>Mark Robinson : \u00ab\u00a0Nous n\u2019avions aucun doute sur le fait qu\u2019il s\u2019agirait d\u2019une \u00e9quipe tr\u00e8s comp\u00e9titive\u00a0\u00bb<\/p>\n<p>Le truc ? Il est que les N\u00e9o-Z\u00e9landais, apr\u00e8s avoir senti passer le vent du boulet, ont bien compris qu\u2019ils avaient commis une grossi\u00e8re erreur en c\u00e9dant \u00e0 ce lynchage m\u00e9diatique, offrant au XV de France des leviers de motivation trop faciles. Voil\u00e0 pourquoi, cette semaine, le Chef Ex\u00e9cutif de la F\u00e9d\u00e9ration n\u00e9o-z\u00e9landaise Mark Robinson n\u2019a pas h\u00e9sit\u00e9 \u00e0 mouiller la chemise, en acceptant de r\u00e9pondre sur le sujet \u00e0 l\u2019AFP. \u00ab\u00a0Les critiques sont venues de commentateurs m\u00e9diatiques et d\u2019anciens joueurs, pas de la F\u00e9d\u00e9ration\u00a0\u00bb, justifiait le dirigeant, omettant au passage que les opinions d\u00e9velopp\u00e9es par Marshall \u00e9taient largement approuv\u00e9es par une F\u00e9d\u00e9ration qui a d\u00e9plor\u00e9 voil\u00e0 quelques mois d\u2019avoir d\u00fb d\u00e9localiser ses rencontres dans les \u00ab\u00a0petits\u00a0\u00bb stades de Dunedin, Wellington ou Hamilton.<\/p>\n<p>La faute, para\u00eet-il, aux absences des Ramos, Penaud, Alldritt et consorts, jug\u00e9es p\u00e9nalisantes pour remplir l\u2019Eden Park, et donc les caisses de la NZRU\u2026 \u00ab\u00a0Nous avons toujours esp\u00e9r\u00e9 que, pour nos fans, nous verrions des joueurs connus, convenait Robinson. Mais nous devons respecter le fait que la France a certaines contraintes li\u00e9es \u00e0 son championnat. Nous en avons discut\u00e9 en priv\u00e9 et ces discussions resteront confidentielles. Mais nous n\u2019avions aucun doute sur le fait qu\u2019il s\u2019agirait d\u2019une \u00e9quipe tr\u00e8s comp\u00e9titive.\u00a0\u00bb Un peu tardif, comme mea culpa\u2026 Alors, cette man\u0153uvre d\u2019endormissement aura-t-elle pour effet d\u2019apaiser la col\u00e8re qui anime \u00e0 Dunedin la bleusaille ? R\u00e9ponse samedi m\u00eame si, connaissant la presse kiwi qui a d\u2019ores et d\u00e9j\u00e0 remis des pi\u00e8ces dans la machine en critiquant les Bleus pour avoir choisi de rentrer \u00e0 Auckland plut\u00f4t que gagner Hamilton avant le troisi\u00e8me test, il en faudra peu pour remettre de l\u2019huile sur le feu\u2026<\/p>\n","protected":false},"excerpt":{"rendered":"Conscients d\u2019avoir \u00e9chaud\u00e9 les Fran\u00e7ais en les d\u00e9valorisant par voie de presse avant le premier test, les N\u00e9o-Z\u00e9landais&hellip;\n","protected":false},"author":2,"featured_media":242916,"comment_status":"","ping_status":"","sticky":false,"template":"","format":"standard","meta":{"footnotes":""},"categories":[1416],"tags":[1011,27,479,1468,60],"class_list":{"0":"post-242915","1":"post","2":"type-post","3":"status-publish","4":"format-standard","5":"has-post-thumbnail","7":"category-rugby","8":"tag-fr","9":"tag-france","10":"tag-rugby","11":"tag-rugby-football","12":"tag-sports"},"share_on_mastodon":{"url":"https:\/\/pubeurope.com\/@fr\/114835646261648917","error":""},"_links":{"self":[{"href":"https:\/\/www.europesays.com\/fr\/wp-json\/wp\/v2\/posts\/242915","targetHints":{"allow":["GET"]}}],"collection":[{"href":"https:\/\/www.europesays.com\/fr\/wp-json\/wp\/v2\/posts"}],"about":[{"href":"https:\/\/www.europesays.com\/fr\/wp-json\/wp\/v2\/types\/post"}],"author":[{"embeddable":true,"href":"https:\/\/www.europesays.com\/fr\/wp-json\/wp\/v2\/users\/2"}],"replies":[{"embeddable":true,"href":"https:\/\/www.europesays.com\/fr\/wp-json\/wp\/v2\/comments?post=242915"}],"version-history":[{"count":0,"href":"https:\/\/www.europesays.com\/fr\/wp-json\/wp\/v2\/posts\/242915\/revisions"}],"wp:featuredmedia":[{"embeddable":true,"href":"https:\/\/www.europesays.com\/fr\/wp-json\/wp\/v2\/media\/242916"}],"wp:attachment":[{"href":"https:\/\/www.europesays.com\/fr\/wp-json\/wp\/v2\/media?parent=242915"}],"wp:term":[{"taxonomy":"category","embeddable":true,"href":"https:\/\/www.europesays.com\/fr\/wp-json\/wp\/v2\/categories?post=242915"},{"taxonomy":"post_tag","embeddable":true,"href":"https:\/\/www.europesays.com\/fr\/wp-json\/wp\/v2\/tags?post=242915"}],"curies":[{"name":"wp","href":"https:\/\/api.w.org\/{rel}","templated":true}]}}