{"id":242917,"date":"2025-07-11T16:54:11","date_gmt":"2025-07-11T16:54:11","guid":{"rendered":"https:\/\/www.europesays.com\/fr\/242917\/"},"modified":"2025-07-11T16:54:11","modified_gmt":"2025-07-11T16:54:11","slug":"wimbledon-2025-carlos-alcaraz-se-qualifie-pour-sa-troisieme-finale-daffilee-en-venant-a-bout-de-taylor-fritz","status":"publish","type":"post","link":"https:\/\/www.europesays.com\/fr\/242917\/","title":{"rendered":"Wimbledon 2025: Carlos Alcaraz se qualifie pour sa troisi\u00e8me finale d&rsquo;affil\u00e9e en venant \u00e0 bout de Taylor Fritz"},"content":{"rendered":"<p class=\"ap-StoryElement ap-StoryElement--mb ap-StoryText\">Sa derni\u00e8re d\u00e9faite remonte au mois d&rsquo;avril, en finale du tournoi sur terre battue de Barcelone qu&rsquo;il avait termin\u00e9 diminu\u00e9 physiquement.<\/p>\n<p class=\"ap-StoryElement ap-StoryElement--mb ap-StoryText\">Depuis le d\u00e9but de sa carri\u00e8re, le joueur entra\u00een\u00e9 par l&rsquo;ex-N.1 mondial Juan Carlos Ferrero a remport\u00e9 35 des 38 matches qu&rsquo;il a disput\u00e9s dans le tableau final des tournois sur gazon.<\/p>\n<p class=\"ap-StoryElement ap-StoryElement--mb ap-StoryText\">En cas de victoire dimanche en finale, Alcaraz deviendra le 2e plus jeune joueur de l&rsquo;\u00e8re Open (inaugur\u00e9e en 1968) \u00e0 remporter six titres en Grand Chelem, derri\u00e8re le Su\u00e9dois Bj\u00f6rn Borg, qui a assist\u00e9 au duel Fritz-Alcaraz depuis la tribune royale.<\/p>\n<p class=\"ap-StoryElement ap-StoryElement--mb ap-StoryText\">A 27 ans, l&rsquo;Am\u00e9ricain a disput\u00e9 vendredi sa premi\u00e8re demi-finale \u00e0 Wimbledon, apr\u00e8s avoir remport\u00e9 en juin les tournois sur gazon de Stuttgart et d&rsquo;Eastbourne.<\/p>\n<p class=\"ap-StoryElement ap-StoryElement--mb ap-StoryText\">Mais le finaliste du dernier US Open n&rsquo;est pas parvenu \u00e0 \u00e9galer \u00e0 Londres sa meilleure performance en Grand Chelem, conc\u00e9dant sa troisi\u00e8me d\u00e9faite en autant de duels contre Alcaraz.<\/p>\n<p class=\"ap-StoryElement ap-StoryElement--mb ap-StoryText\">L&rsquo;Espagnol, jamais vaincu en finale d&rsquo;un Grand Chelem, m\u00e8ne huit victoires \u00e0 quatre dans ses confrontations avec Sinner, qu&rsquo;il avait battu en cinq sets en finale de Roland-Garros d\u00e9but juin apr\u00e8s avoir sauv\u00e9 trois balles de match.<\/p>\n<p class=\"ap-StoryElement ap-StoryElement--mb ap-StoryText\">Il est en revanche men\u00e9 5-3 par Djokovic, septuple vainqueur de Wimbledon en qu\u00eate, \u00e0 38 ans, d&rsquo;un 25e titre record en Grand Chelem.<\/p>\n","protected":false},"excerpt":{"rendered":"Sa derni\u00e8re d\u00e9faite remonte au mois d&rsquo;avril, en finale du tournoi sur terre battue de Barcelone qu&rsquo;il avait&hellip;\n","protected":false},"author":2,"featured_media":242918,"comment_status":"","ping_status":"","sticky":false,"template":"","format":"standard","meta":{"footnotes":""},"categories":[1415],"tags":[17,7779,18261,1011,27,20859,6433,60,15535,1467,308,4173],"class_list":{"0":"post-242917","1":"post","2":"type-post","3":"status-publish","4":"format-standard","5":"has-post-thumbnail","7":"category-tennis","8":"tag-17","9":"tag-carlos-alcaraz","10":"tag-esp","11":"tag-fr","12":"tag-france","13":"tag-jannik-sinner","14":"tag-novak-djokovic","15":"tag-sports","16":"tag-taylor-fritz","17":"tag-tennis","18":"tag-usa","19":"tag-wimbledon"},"share_on_mastodon":{"url":"https:\/\/pubeurope.com\/@fr\/114835650149683846","error":""},"_links":{"self":[{"href":"https:\/\/www.europesays.com\/fr\/wp-json\/wp\/v2\/posts\/242917","targetHints":{"allow":["GET"]}}],"collection":[{"href":"https:\/\/www.europesays.com\/fr\/wp-json\/wp\/v2\/posts"}],"about":[{"href":"https:\/\/www.europesays.com\/fr\/wp-json\/wp\/v2\/types\/post"}],"author":[{"embeddable":true,"href":"https:\/\/www.europesays.com\/fr\/wp-json\/wp\/v2\/users\/2"}],"replies":[{"embeddable":true,"href":"https:\/\/www.europesays.com\/fr\/wp-json\/wp\/v2\/comments?post=242917"}],"version-history":[{"count":0,"href":"https:\/\/www.europesays.com\/fr\/wp-json\/wp\/v2\/posts\/242917\/revisions"}],"wp:featuredmedia":[{"embeddable":true,"href":"https:\/\/www.europesays.com\/fr\/wp-json\/wp\/v2\/media\/242918"}],"wp:attachment":[{"href":"https:\/\/www.europesays.com\/fr\/wp-json\/wp\/v2\/media?parent=242917"}],"wp:term":[{"taxonomy":"category","embeddable":true,"href":"https:\/\/www.europesays.com\/fr\/wp-json\/wp\/v2\/categories?post=242917"},{"taxonomy":"post_tag","embeddable":true,"href":"https:\/\/www.europesays.com\/fr\/wp-json\/wp\/v2\/tags?post=242917"}],"curies":[{"name":"wp","href":"https:\/\/api.w.org\/{rel}","templated":true}]}}