{"id":242919,"date":"2025-07-11T16:56:08","date_gmt":"2025-07-11T16:56:08","guid":{"rendered":"https:\/\/www.europesays.com\/fr\/242919\/"},"modified":"2025-07-11T16:56:08","modified_gmt":"2025-07-11T16:56:08","slug":"on-est-a-la-limite-de-partout-fabio-quartararo-vigilant-malgre-sa-quatrieme-place-aux-essais-du-gp-dallemagne-lequipe","status":"publish","type":"post","link":"https:\/\/www.europesays.com\/fr\/242919\/","title":{"rendered":"\u00ab On est \u00e0 la limite de partout \u00bb : Fabio Quartararo vigilant malgr\u00e9 sa quatri\u00e8me place aux essais du GP d&#039;Allemagne &#8211; L&#039;\u00c9quipe"},"content":{"rendered":"<ol>\n<li><a href=\"https:\/\/news.google.com\/rss\/articles\/CBMi-AFBVV95cUxOSG5lVFBTbDQwN1NERDhmd2NDMGRLd3ZrT2J6V0daaUE3a3FHNTJIamVSVHpNR01fekxXSHhuVHhPNEltdnpScmxCM0k3SW9pUk5WZUZ2TEYxc0NhY3owVUJQZzMxLV9SdDhMTjRxOWNjZTAwWFlvcC1WTkhlOGV4d0ZFNXZzaVNxR0MxVm5EcVZ4T2FiN2QycEhSUHF1eDRHbEpFRlpVZGtWYkdnMmZBWGhXMzFBRjVGZVRIOHp1ejFQbzA1MjEtS2tIT2VFVWtwb2lJRktRQ0hwUVdLa0Q1cVhrTVpIWlliY2NWVTd3SzZIbjNJYXY5Rw?oc=5\" target=\"_blank\" rel=\"nofollow noopener\">\u00ab On est \u00e0 la limite de partout \u00bb : Fabio Quartararo vigilant malgr\u00e9 sa quatri\u00e8me place aux essais du GP d&rsquo;Allemagne<\/a>&nbsp;&nbsp;L&rsquo;\u00c9quipe<\/li>\n<li><a href=\"https:\/\/news.google.com\/rss\/articles\/CBMixAFBVV95cUxNRzV4OHVJaEZKc1c4aFdIck5tZ1hULTlSR2w2Zjk4dFJNTlRvazRUTVEzOWxpZk5qN2VuSmw4T0JuRGs5azFSeUxrWlFibEsyWWxiYzRETHduUTJmNWlieEtIRjEyeDdQSzFPOHN3S3RvaElyTzFNbUVyYUlzMGxBcU5ETkQ1d21ISEZ1YmdiSlJhbi1lVjBlaURNQ3VidW5OX1hWRWdINVR1MDY0Yi1QLTEtMnQyQ01EczFxM0ZsQTNpcVRq?oc=5\" target=\"_blank\" rel=\"nofollow noopener\">MotoGP, Yamaha dans l\u2019impasse : quand la M1 transforme ses pilotes en passagers<\/a>&nbsp;&nbsp;MSN<\/li>\n<li><a href=\"https:\/\/news.google.com\/rss\/articles\/CBMioAFBVV95cUxNeHRTSnhteGxnbDVxTlFjV0Y0VElKbWpKdElKYTVTRmZTdGVmM2U0QnpfODBEU3ZkTXVtZUR6NV9OTFVablZMRzRvUUZNTF83RGhzZUR6WmR0MmRHUnk3TzhfWmV2MXpzeEhpVlJhOTlSOFQ2aUFReFlZZWp5Rng1ODB1Ny1WZXRNUl9neWRtLXlfTWhwUnNOWE5DZ0VlOEpT?oc=5\" target=\"_blank\" rel=\"nofollow noopener\">Sachsenring, Quartararo : \u00ab La piste a toujours \u00e9t\u00e9 un peu d\u00e9licate pour nous \u00bb<\/a>&nbsp;&nbsp;GP Inside<\/li>\n<li><a href=\"https:\/\/news.google.com\/rss\/articles\/CBMi2gFBVV95cUxNTUh0RUhFOWRYOTYyVDRDczJBWUNYd3J1dDZNT04tS0VYT05raERUSmhDTXdOREtHaWE2ZFNlNWRYT0R0aUo4ajgwS0tjY1dDczhCaWQ0NkVzMnRwUGM4cmVlamtteFN4dFZzRkcwWFRFTTZYVTI4dEY1TkV2c0ZMb1NTaXJ3dl9fY0dWN2lvY0N3TGJHQ2xTRXoySzVELXJCV29yb1NabFQxN0tlQ3ZkcUgtalBzWjhHRmNNNjZMdnBxa2VGQXBhNzNFMGxFUEd6UlRRUGFzWGpadw?oc=5\" target=\"_blank\" rel=\"nofollow noopener\">Yamaha : Quartararo et les autres pilotes condamn\u00e9s par l&rsquo;\u00e9curie \u00e0 cause d&rsquo;un souci bien trop r\u00e9current ?<\/a>&nbsp;&nbsp;Sports Auto Moto<\/li>\n<li><a href=\"https:\/\/news.google.com\/rss\/articles\/CBMijAFBVV95cUxOZVVfUWR2OUM2d1lMOUtzeVNqOENGb3VQa3B0WGo0elRqODVDbFR4ZXg1bVdVSkI5VkI0VHE3Q2JpT3pxZGhsZV92T3pIWVJkS05xaDlyaEQ2NDRTb2ZCUzZzSmNCRjlWa2c3SlRVYXBQeF9ULWwzVnNUb3ktQWNfQnFiWjlUNFFyOV9iNg?oc=5\" target=\"_blank\" rel=\"nofollow noopener\">\u00ab\u00a0Pas de rythme\u00a0\u00bb pour Quartararo : \u00ab\u00a0On est \u00e0 la limite de partout\u00a0\u00bb<\/a>&nbsp;&nbsp;Motorsport.com<\/li>\n<\/ol>\n","protected":false},"excerpt":{"rendered":"\u00ab On est \u00e0 la limite de partout \u00bb : Fabio Quartararo vigilant malgr\u00e9 sa quatri\u00e8me place aux&hellip;\n","protected":false},"author":2,"featured_media":1445,"comment_status":"","ping_status":"","sticky":false,"template":"","format":"standard","meta":{"footnotes":""},"categories":[1413],"tags":[1011,27,1457,1456,60],"class_list":{"0":"post-242919","1":"post","2":"type-post","3":"status-publish","4":"format-standard","5":"has-post-thumbnail","7":"category-moto","8":"tag-fr","9":"tag-france","10":"tag-moto","11":"tag-motocycle","12":"tag-sports"},"share_on_mastodon":{"url":"https:\/\/pubeurope.com\/@fr\/114835658037132932","error":""},"_links":{"self":[{"href":"https:\/\/www.europesays.com\/fr\/wp-json\/wp\/v2\/posts\/242919","targetHints":{"allow":["GET"]}}],"collection":[{"href":"https:\/\/www.europesays.com\/fr\/wp-json\/wp\/v2\/posts"}],"about":[{"href":"https:\/\/www.europesays.com\/fr\/wp-json\/wp\/v2\/types\/post"}],"author":[{"embeddable":true,"href":"https:\/\/www.europesays.com\/fr\/wp-json\/wp\/v2\/users\/2"}],"replies":[{"embeddable":true,"href":"https:\/\/www.europesays.com\/fr\/wp-json\/wp\/v2\/comments?post=242919"}],"version-history":[{"count":0,"href":"https:\/\/www.europesays.com\/fr\/wp-json\/wp\/v2\/posts\/242919\/revisions"}],"wp:featuredmedia":[{"embeddable":true,"href":"https:\/\/www.europesays.com\/fr\/wp-json\/wp\/v2\/media\/1445"}],"wp:attachment":[{"href":"https:\/\/www.europesays.com\/fr\/wp-json\/wp\/v2\/media?parent=242919"}],"wp:term":[{"taxonomy":"category","embeddable":true,"href":"https:\/\/www.europesays.com\/fr\/wp-json\/wp\/v2\/categories?post=242919"},{"taxonomy":"post_tag","embeddable":true,"href":"https:\/\/www.europesays.com\/fr\/wp-json\/wp\/v2\/tags?post=242919"}],"curies":[{"name":"wp","href":"https:\/\/api.w.org\/{rel}","templated":true}]}}