{"id":242926,"date":"2025-07-11T17:00:10","date_gmt":"2025-07-11T17:00:10","guid":{"rendered":"https:\/\/www.europesays.com\/fr\/242926\/"},"modified":"2025-07-11T17:00:10","modified_gmt":"2025-07-11T17:00:10","slug":"un-incendie-se-declare-pres-du-domaine-de-george-clooney","status":"publish","type":"post","link":"https:\/\/www.europesays.com\/fr\/242926\/","title":{"rendered":"Un incendie se d\u00e9clare pr\u00e8s du domaine de George Clooney"},"content":{"rendered":"<p>Un d\u00e9part de <a href=\"https:\/\/www.20minutes.fr\/dossier\/feu\" class=\"color-ultramarine c-link\" target=\"_blank\" rel=\"noopener\">feu<\/a> a pris pr\u00e8s de la propri\u00e9t\u00e9 de l\u2019acteur George Clooney ce vendredi dans le <a href=\"https:\/\/www.20minutes.fr\/societe\/var\/\" class=\"color-ultramarine c-link\" target=\"_blank\" rel=\"noopener\">Var<\/a>, a appris <a href=\"https:\/\/www.rtl.fr\/culture\/medias-people\/info-rtl-george-clooney-un-depart-de-feu-dans-le-domaine-varois-de-l-acteur-americain-7900523261\" rel=\"nofollow noopener\" target=\"_blank\" class=\"color-ultramarine c-link\">RTL<\/a>. L\u2019incendie a \u00e9t\u00e9 ma\u00eetris\u00e9 dans l\u2019apr\u00e8s-midi, a indiqu\u00e9 la mairie de Brignolles \u00e0 la radio. Plusieurs panneaux photovolta\u00efques priv\u00e9s ont \u00e9t\u00e9 d\u00e9truits.<\/p>\n<p>En\u00a02021, Georges Clooney avait achet\u00e9 pour 9\u00a0millions d\u2019euros le domaine de Canadel. Cette propri\u00e9t\u00e9 de 172 h comprend notamment une bastide du XVIIIe\u00a0si\u00e8cle de 900 m\u00e8tres carr\u00e9s sur trois \u00e9tages, mais aussi piscine, terrain de tennis, lac, vignes et pin\u00e8de. Pour le moment, l\u2019acteur n\u2019a pas r\u00e9agi \u00e0 l\u2019incident.<\/p>\n","protected":false},"excerpt":{"rendered":"Un d\u00e9part de feu a pris pr\u00e8s de la propri\u00e9t\u00e9 de l\u2019acteur George Clooney ce vendredi dans le&hellip;\n","protected":false},"author":2,"featured_media":242927,"comment_status":"","ping_status":"","sticky":false,"template":"","format":"standard","meta":{"footnotes":""},"categories":[1359],"tags":[47,58,59,118,1312,1011,27,6054,1310,883,973,882,7506],"class_list":{"0":"post-242926","1":"post","2":"type-post","3":"status-publish","4":"format-standard","5":"has-post-thumbnail","7":"category-people","8":"tag-actualite","9":"tag-divertissement","10":"tag-entertainment","11":"tag-faits-divers","12":"tag-feu","13":"tag-fr","14":"tag-france","15":"tag-george-clooney","16":"tag-incendie","17":"tag-paca","18":"tag-people","19":"tag-provence-alpes-cote-dazur","20":"tag-var"},"share_on_mastodon":{"url":"https:\/\/pubeurope.com\/@fr\/114835673831085903","error":""},"_links":{"self":[{"href":"https:\/\/www.europesays.com\/fr\/wp-json\/wp\/v2\/posts\/242926","targetHints":{"allow":["GET"]}}],"collection":[{"href":"https:\/\/www.europesays.com\/fr\/wp-json\/wp\/v2\/posts"}],"about":[{"href":"https:\/\/www.europesays.com\/fr\/wp-json\/wp\/v2\/types\/post"}],"author":[{"embeddable":true,"href":"https:\/\/www.europesays.com\/fr\/wp-json\/wp\/v2\/users\/2"}],"replies":[{"embeddable":true,"href":"https:\/\/www.europesays.com\/fr\/wp-json\/wp\/v2\/comments?post=242926"}],"version-history":[{"count":0,"href":"https:\/\/www.europesays.com\/fr\/wp-json\/wp\/v2\/posts\/242926\/revisions"}],"wp:featuredmedia":[{"embeddable":true,"href":"https:\/\/www.europesays.com\/fr\/wp-json\/wp\/v2\/media\/242927"}],"wp:attachment":[{"href":"https:\/\/www.europesays.com\/fr\/wp-json\/wp\/v2\/media?parent=242926"}],"wp:term":[{"taxonomy":"category","embeddable":true,"href":"https:\/\/www.europesays.com\/fr\/wp-json\/wp\/v2\/categories?post=242926"},{"taxonomy":"post_tag","embeddable":true,"href":"https:\/\/www.europesays.com\/fr\/wp-json\/wp\/v2\/tags?post=242926"}],"curies":[{"name":"wp","href":"https:\/\/api.w.org\/{rel}","templated":true}]}}