{"id":242932,"date":"2025-07-11T17:03:11","date_gmt":"2025-07-11T17:03:11","guid":{"rendered":"https:\/\/www.europesays.com\/fr\/242932\/"},"modified":"2025-07-11T17:03:11","modified_gmt":"2025-07-11T17:03:11","slug":"quest-ce-que-le-vote-bloque-degaine-par-rachida-dati","status":"publish","type":"post","link":"https:\/\/www.europesays.com\/fr\/242932\/","title":{"rendered":"qu&rsquo;est-ce que le \u00ab\u00a0vote bloqu\u00e9\u00a0\u00bb d\u00e9gain\u00e9 par Rachida Dati ?"},"content":{"rendered":"<p class=\"article-p mdl\">Au S\u00e9nat, la fin de la session du jeudi 10 juillet a \u00e9t\u00e9 chaotique. Et les d\u00e9bats se sont ouverts, ce vendredi, dans le m\u00eame atmosph\u00e8re. Car <strong>la r\u00e9forme d\u00e9battue, celle de l&rsquo;audiovisuel public, cristallise les tensions<\/strong>.\u00a0<\/p>\n<p class=\"article-p mdl\">Port\u00e9e par la ministre de la Culture Rachida Dati, cette r\u00e9forme,\u00a0adopt\u00e9e par 194 voix contre 113,\u00a0a pour objectif la <strong>cr\u00e9ation de la holding France M\u00e9dias<\/strong>, d\u00e8s le 1er janvier 2026, qui chapeauterait France T\u00e9l\u00e9visions, Radio France et l&rsquo;Ina (Institut national de l&rsquo;audiovisuel), sous l&rsquo;autorit\u00e9 d&rsquo;un pr\u00e9sident-directeur g\u00e9n\u00e9ral.\u00a0Le texte devrait d\u00e9sormais\u00a0revenir \u00e0 l&rsquo;automne \u00e0 l&rsquo;Assembl\u00e9e, \u00e0 une date ind\u00e9termin\u00e9e.<\/p>\n<p class=\"article-p mdl\">Mais le texte est loin de faire l&rsquo;unanimit\u00e9 : <strong>les syndicats, vents debout, peuvent compter sur la gauche<\/strong>, qui joue la montre, alors que la session extraordinaire doit, th\u00e9oriquement, s&rsquo;achever ce vendredi \u00e0 minuit. Suspensions de s\u00e9ance \u00e0 r\u00e9p\u00e9tition, rappels au r\u00e8glement, motions de rejet pr\u00e9alable, invectives en pagaille&#8230; En plus de huit heures de d\u00e9bats, jeudi, les s\u00e9nateurs ont \u00e0 peine d\u00e9marr\u00e9 l&rsquo;examen de l&rsquo;article premier de la proposition de loi du s\u00e9nateur Laurent Lafon.<\/p>\n<p>            Risque de r\u00e9duction du d\u00e9bat parlementaire<\/p>\n<p class=\"article-p mdl\">Pour \u00e9viter l&rsquo;\u00e9chec et faire passer la r\u00e9forme avant les cong\u00e9s parlementaires, Rachida Dati a d\u00e9cid\u00e9 de <strong>d\u00e9gainer l&rsquo;arme constitutionnelle du \u00ab\u00a0vote bloqu\u00e9\u00a0\u00bb<\/strong>.\u00a0Cette proc\u00e9dure, pr\u00e9vue par l&rsquo;article 44.3 mais tr\u00e8s rarement utilis\u00e9e, permet d&rsquo;acc\u00e9l\u00e9rer les d\u00e9bats.\u00a0<\/p>\n<p class=\"article-p mdl\">Le gouvernement peut ainsi, \u00e0 tout moment de la discussion parlementaire, \u00ab\u00a0demander <strong>un vote sur l&rsquo;ensemble ou sur une partie d&rsquo;un texte<\/strong> en discussion en <strong>ne retenant que les amendements que le gouvernement a propos\u00e9s ou accept\u00e9s<\/strong>\u00ab\u00a0, explique le\u00a0<a class=\"link\" href=\"https:\/\/www.vie-publique.fr\/fiches\/288583-quest-ce-que-le-vote-bloque\" target=\"_blank\" rel=\"noopener\">site sp\u00e9cialis\u00e9 Vie Publique<\/a>. Les amendements qui ne sont pas retenus sont donc supprim\u00e9s du texte soumis au vote.<\/p>\n<p class=\"article-p mdl\">\u00ab\u00a0En revanche, la <strong>proc\u00e9dure du \u201cvote bloqu\u00e9\u201d ne porte que sur le vote<\/strong>. Elle ne met pas fin \u00e0 la discussion sur\u00a0 le texte et sur les amendements non retenus par le\u00a0gouvernement\u00a0\u00bb, assure Vie Publique.<\/p>\n<p class=\"article-p mdl\">Si le recours au \u00ab\u00a0vote bloqu\u00e9\u00a0\u00bb peut \u00eatre un moyen d&rsquo;acc\u00e9l\u00e9rer un d\u00e9bat qui s&rsquo;enlise ou de surmonter une obstruction, \u00ab\u00a0il peut aussi <strong>r\u00e9duire fortement la port\u00e9e du d\u00e9bat parlementaire<\/strong>\u00ab\u00a0, poursuit Vie Publique, qui donne alors un exemple : \u00ab\u00a0un amendement pourtant adopt\u00e9 \u00e0 l&rsquo;unanimit\u00e9 par une assembl\u00e9e peut dispara\u00eetre du texte en discussion par le biais du vote bloqu\u00e9\u00a0\u00bb.<\/p>\n<p>            Un retour \u00e0 l&rsquo;Assembl\u00e9e en octobre<\/p>\n<p class=\"article-p mdl\">\u00ab\u00a0Apr\u00e8s plus de <strong>sept heures de d\u00e9bat, nous n&rsquo;avons pu d\u00e9battre que de 31 amendements<\/strong> sur ce texte. On a vu encore ce [vendredi] matin [&#8230;] de l&rsquo;obstruction, toujours de l&rsquo;obstruction et encore de l&rsquo;obstruction\u00a0\u00bb, a justifi\u00e9 Rachida Dati. En milieu de matin\u00e9e, il restait alors environ 300 amendements \u00e0 d\u00e9battre.<\/p>\n<p>Le recours au \u00ab\u00a0vote bloqu\u00e9\u00a0\u00bb n&rsquo;a pas plu \u00e0 l&rsquo;opposition qui a <strong>d\u00e9nonc\u00e9 un \u00ab\u00a0coup de force\u00a0\u00bb<\/strong>,\u00a0selon le mot de l&rsquo;ancienne ministre socialiste Laurence Rossignol. \u00ab\u00a0On parle de libert\u00e9 de la presse. Mais <strong>commen\u00e7ons d\u00e9j\u00e0 par respecter les droits du Parlement<\/strong>\u00ab\u00a0, a-t-elle tonn\u00e9, rappelant que le S\u00e9nat avait d&rsquo;autres outils \u00e0 sa disposition pour discipliner les discussions.<\/p>\n<p>\u00ab\u00a0C&rsquo;est vous qui \u00eates responsables du fait que le d\u00e9bat ne peut pas avoir lieu. Ce n&rsquo;est pas nous\u00a0\u00bb, leur a r\u00e9torqu\u00e9 le rapporteur du texte, C\u00e9dric Vial (LR).\u00a0<\/p>\n<p>Le pr\u00e9sident de la commission de la culture Laurent Lafon (UDI) a lui aussi d\u00e9fendu la d\u00e9cision du gouvernement, pointant une <strong>obstruction \u00ab\u00a0caract\u00e9ris\u00e9e\u00a0\u00bb<\/strong> destin\u00e9e \u00e0 \u00ab\u00a0emp\u00eacher que le S\u00e9nat confirme son soutien\u00a0\u00bb au texte.<\/p>\n<p>Selon des sources parlementaires, la d\u00e9cision de d\u00e9clencher le \u00ab\u00a0vote bloqu\u00e9\u00a0\u00bb \u00e9tait sur la table depuis jeudi.\u00a0Mais, alors que le pr\u00e9sident du S\u00e9nat et le ministre des Relations avec le Parlement \u00e9taient enclins \u00e0 laisser le d\u00e9bat se d\u00e9rouler, \u00ab\u00a0c&rsquo;est bien <strong>Rachida Dati\u00a0\u00bb, en premi\u00e8re ligne face \u00e0 la gauche, qui \u00ab\u00a0\u00e0 un moment donn\u00e9 [&#8230;] a tranch\u00e9<\/strong> pour tout le monde\u00a0\u00bb, selon un poids lourd.<\/p>\n<p>    La r\u00e9daction vous recommande<\/p>\n<p class=\"s-newsletter__title\">\n                L\u2019actualit\u00e9 par la r\u00e9daction de RTL dans votre bo\u00eete mail.\n            <\/p>\n<p class=\"s-newsletter__subtitle\">\n                Gr\u00e2ce \u00e0 votre compte RTL abonnez-vous \u00e0 la newsletter RTL info pour suivre toute l&rsquo;actualit\u00e9 au quotidien\n            <\/p>\n<p>\n                                    Lire la suite\n                                <\/p>\n","protected":false},"excerpt":{"rendered":"Au S\u00e9nat, la fin de la session du jeudi 10 juillet a \u00e9t\u00e9 chaotique. Et les d\u00e9bats se&hellip;\n","protected":false},"author":2,"featured_media":242933,"comment_status":"","ping_status":"","sticky":false,"template":"","format":"standard","meta":{"footnotes":""},"categories":[1356],"tags":[9646,58,59,107,1011,27,2400,38255,316,417,1825,1004,17311,252,1364],"class_list":{"0":"post-242932","1":"post","2":"type-post","3":"status-publish","4":"format-standard","5":"has-post-thumbnail","7":"category-television","8":"tag-audiovisuel","9":"tag-divertissement","10":"tag-entertainment","11":"tag-fil-info","12":"tag-fr","13":"tag-france","14":"tag-france-televisions","15":"tag-ina","16":"tag-politique","17":"tag-rachida-dati","18":"tag-radio","19":"tag-senat","20":"tag-service-public","21":"tag-television","22":"tag-tv"},"share_on_mastodon":{"url":"https:\/\/pubeurope.com\/@fr\/114835685668467622","error":""},"_links":{"self":[{"href":"https:\/\/www.europesays.com\/fr\/wp-json\/wp\/v2\/posts\/242932","targetHints":{"allow":["GET"]}}],"collection":[{"href":"https:\/\/www.europesays.com\/fr\/wp-json\/wp\/v2\/posts"}],"about":[{"href":"https:\/\/www.europesays.com\/fr\/wp-json\/wp\/v2\/types\/post"}],"author":[{"embeddable":true,"href":"https:\/\/www.europesays.com\/fr\/wp-json\/wp\/v2\/users\/2"}],"replies":[{"embeddable":true,"href":"https:\/\/www.europesays.com\/fr\/wp-json\/wp\/v2\/comments?post=242932"}],"version-history":[{"count":0,"href":"https:\/\/www.europesays.com\/fr\/wp-json\/wp\/v2\/posts\/242932\/revisions"}],"wp:featuredmedia":[{"embeddable":true,"href":"https:\/\/www.europesays.com\/fr\/wp-json\/wp\/v2\/media\/242933"}],"wp:attachment":[{"href":"https:\/\/www.europesays.com\/fr\/wp-json\/wp\/v2\/media?parent=242932"}],"wp:term":[{"taxonomy":"category","embeddable":true,"href":"https:\/\/www.europesays.com\/fr\/wp-json\/wp\/v2\/categories?post=242932"},{"taxonomy":"post_tag","embeddable":true,"href":"https:\/\/www.europesays.com\/fr\/wp-json\/wp\/v2\/tags?post=242932"}],"curies":[{"name":"wp","href":"https:\/\/api.w.org\/{rel}","templated":true}]}}