{"id":242934,"date":"2025-07-11T17:04:11","date_gmt":"2025-07-11T17:04:11","guid":{"rendered":"https:\/\/www.europesays.com\/fr\/242934\/"},"modified":"2025-07-11T17:04:11","modified_gmt":"2025-07-11T17:04:11","slug":"prison-ferme-pour-une-star-de-la-k-pop-condamnee-pour-le-viol-dune-touriste-chinoise","status":"publish","type":"post","link":"https:\/\/www.europesays.com\/fr\/242934\/","title":{"rendered":"Prison ferme pour une star de la K-Pop, condamn\u00e9e pour le viol d&rsquo;une touriste chinoise"},"content":{"rendered":"<ul class=\"jsx-862013697 ArticleChapo__List\">\n<li class=\"jsx-862013697 ArticleChapo__List_Item flex\">Le chanteur Taeil, 31 ans, a \u00e9t\u00e9 reconnu coupable du viol d\u2019une touriste chinoise en juin 2024, en compagnie de deux complices.<\/li>\n<li class=\"jsx-862013697 ArticleChapo__List_Item flex\">Interpell\u00e9 quelques semaines plus tard, il avait \u00e9t\u00e9 \u00e9vinc\u00e9 du groupe NCT dont il faisait partie depuis 2016.<\/li>\n<li class=\"jsx-862013697 ArticleChapo__List_Item flex\">Le juge ne lui a inflig\u00e9 que la moiti\u00e9 de la peine demand\u00e9e, en raison de l\u2019absence d\u2019ant\u00e9c\u00e9dents judiciaires.<\/li>\n<\/ul>\n<p data-module=\"article-paragraph\" class=\"jsx-3046738180 Paragraph Paragraph__End\">Malaise au royaume de la K-Pop. Taeil, un ancien membre du groupe NCT, a \u00e9t\u00e9 condamn\u00e9 ce jeudi 10 juillet \u00e0 trois ans et six mois de prison pour viol, <a href=\"https:\/\/www.bbc.com\/news\/articles\/cp820gypnn6o\" target=\"_blank\" rel=\"noopener\">rapporte BBC News<\/a>. Le chanteur de 31 ans, de son vrai nom Moon Tae-il, et deux complices avaient reconnu lors du proc\u00e8s s&rsquo;en \u00eatre pris \u00e0 tour de r\u00f4le leur victime, une touriste chinoise, en juin 2024.<\/p>\n<p data-module=\"article-paragraph\" class=\"jsx-3046738180 Paragraph Paragraph__End\">Si le juge du district de S\u00e9oul en charge de l\u2019affaire a qualifi\u00e9 le crime d'\u00a0\u00bbextr\u00eamement grave\u00a0\u00bb, il ne leur a inflig\u00e9 que la moiti\u00e9 de la peine de sept ans de prison demand\u00e9e par les procureurs, soulignant qu\u2019ils n\u2019avaient pas d\u2019ant\u00e9c\u00e9dents judiciaires dans ce type d&rsquo;affaire.<\/p>\n<p>Il devra suivre un programme de r\u00e9\u00e9ducation<\/p>\n<p data-module=\"article-paragraph\" class=\"jsx-3046738180 Paragraph Paragraph__End\">Le juge a toutefois ordonn\u00e9 que les trois hommes soient automatiquement plac\u00e9s en d\u00e9tention, craignant qu\u2019ils prennent la fuite \u00e0 l&rsquo;\u00e9tranger. Il les a \u00e9galement condamn\u00e9s \u00e0 suivre quarante heures d\u2019un programme de r\u00e9\u00e9ducation sp\u00e9cialement con\u00e7u pour les auteurs de violences sexuelles.<\/p>\n<p data-module=\"article-paragraph\" class=\"jsx-3046738180 Paragraph Paragraph__End\">Taeil avait \u00e9t\u00e9 \u00e9vinc\u00e9 de NCT en ao\u00fbt dernier, apr\u00e8s avoir \u00e9t\u00e9 plac\u00e9 en garde \u00e0 vue dans cette affaire venue ternir l\u2019image de l\u2019un des groupes les plus populaires en Cor\u00e9e du Sud, compos\u00e9 de 25 chanteurs r\u00e9partis en diff\u00e9rentes unit\u00e9s : NCT 127, NCT Dream, WayV et NCT Wish. Depuis 2014, ils ont vendu pas moins de 45 millions d\u2019albums dans leur pays.<\/p>\n<p><a href=\"https:\/\/www.tf1info.fr\/culture\/bts-2026-concert-le-groupe-de-k-pop-annonce-son-grand-retour-2380301.html\" rel=\"noopener\" class=\"jsx-3308031228 Link flex\" target=\"_blank\"><img decoding=\"async\" src=\"https:\/\/www.europesays.com\/fr\/wp-content\/uploads\/2025\/07\/bts-band-d0fa57-0@1x.jpeg\" alt=\"AFP\" loading=\"lazy\" importance=\"low\" fetchpriority=\"low\" class=\"\" aria-hidden=\"true\"\/><\/p>\n<p class=\"jsx-3657663356 ReadMoreArticle__Title\">Lire aussi<\/p>\n<p class=\"jsx-3657663356\">K-pop : le groupe BTS annonce son grand retour en 2026<\/p>\n<p><\/a><\/p>\n<p data-module=\"article-paragraph\" class=\"jsx-3046738180 Paragraph Paragraph__End\">\u00ab\u00a0Je suis vraiment d\u00e9sol\u00e9 pour tous ceux que j&rsquo;ai d\u00e9\u00e7us\u00a0\u00bb, avait d\u00e9clar\u00e9 le chanteur lors de son proc\u00e8s. \u00ab\u00a0Si vous m&rsquo;accordez une certaine indulgence, je consid\u00e9rerai cela comme ma derni\u00e8re chance et je vivrai ma vie au mieux de mes capacit\u00e9s, en faisant tout ce que je peux pour contribuer \u00e0 la soci\u00e9t\u00e9\u00a0\u00bb. Sa complainte n&rsquo;a visiblement pas \u00e9t\u00e9 entendue.<\/p>\n<p>J.V.<\/p>\n","protected":false},"excerpt":{"rendered":"Le chanteur Taeil, 31 ans, a \u00e9t\u00e9 reconnu coupable du viol d\u2019une touriste chinoise en juin 2024, en&hellip;\n","protected":false},"author":2,"featured_media":242935,"comment_status":"","ping_status":"","sticky":false,"template":"","format":"standard","meta":{"footnotes":""},"categories":[1355],"tags":[1111,11,1921,5640,58,59,1011,27,1922,303,2041,5686,1361,873,133,2040],"class_list":{"0":"post-242934","1":"post","2":"type-post","3":"status-publish","4":"format-standard","5":"has-post-thumbnail","7":"category-musique","8":"tag-actu","9":"tag-actualites","10":"tag-article-video","11":"tag-coree-du-sud","12":"tag-divertissement","13":"tag-entertainment","14":"tag-fr","15":"tag-france","16":"tag-info","17":"tag-justice","18":"tag-medias-et-divertissement","19":"tag-metoo","20":"tag-music","21":"tag-musique","22":"tag-video","23":"tag-video-culture"},"share_on_mastodon":{"url":"https:\/\/pubeurope.com\/@fr\/114835689650907741","error":""},"_links":{"self":[{"href":"https:\/\/www.europesays.com\/fr\/wp-json\/wp\/v2\/posts\/242934","targetHints":{"allow":["GET"]}}],"collection":[{"href":"https:\/\/www.europesays.com\/fr\/wp-json\/wp\/v2\/posts"}],"about":[{"href":"https:\/\/www.europesays.com\/fr\/wp-json\/wp\/v2\/types\/post"}],"author":[{"embeddable":true,"href":"https:\/\/www.europesays.com\/fr\/wp-json\/wp\/v2\/users\/2"}],"replies":[{"embeddable":true,"href":"https:\/\/www.europesays.com\/fr\/wp-json\/wp\/v2\/comments?post=242934"}],"version-history":[{"count":0,"href":"https:\/\/www.europesays.com\/fr\/wp-json\/wp\/v2\/posts\/242934\/revisions"}],"wp:featuredmedia":[{"embeddable":true,"href":"https:\/\/www.europesays.com\/fr\/wp-json\/wp\/v2\/media\/242935"}],"wp:attachment":[{"href":"https:\/\/www.europesays.com\/fr\/wp-json\/wp\/v2\/media?parent=242934"}],"wp:term":[{"taxonomy":"category","embeddable":true,"href":"https:\/\/www.europesays.com\/fr\/wp-json\/wp\/v2\/categories?post=242934"},{"taxonomy":"post_tag","embeddable":true,"href":"https:\/\/www.europesays.com\/fr\/wp-json\/wp\/v2\/tags?post=242934"}],"curies":[{"name":"wp","href":"https:\/\/api.w.org\/{rel}","templated":true}]}}