{"id":242942,"date":"2025-07-11T17:08:11","date_gmt":"2025-07-11T17:08:11","guid":{"rendered":"https:\/\/www.europesays.com\/fr\/242942\/"},"modified":"2025-07-11T17:08:11","modified_gmt":"2025-07-11T17:08:11","slug":"info-rtl-george-clooney-un-depart-de-feu-pres-du-domaine-varois-de-lacteur-americain","status":"publish","type":"post","link":"https:\/\/www.europesays.com\/fr\/242942\/","title":{"rendered":"INFO RTL &#8211; George Clooney : un d\u00e9part de feu pr\u00e8s du domaine varois de l&rsquo;acteur am\u00e9ricain"},"content":{"rendered":"<p class=\"article-p mdl\">Un d\u00e9part de feu s&rsquo;est produit \u00e0 la fronti\u00e8re de la propri\u00e9t\u00e9 de l&rsquo;acteur George Clooney, dans le Var, a appris RTL, ce vendredi 11 juillet. <strong>L&rsquo;incendie a \u00e9t\u00e9 maitris\u00e9 dans l&rsquo;apr\u00e8s-midi a appris RTL<\/strong> apr\u00e8s avoir contact\u00e9 la mairie. Plusieurs panneaux photovolta\u00efques priv\u00e9s ont \u00e9t\u00e9 d\u00e9truits.\u00a0<\/p>\n<p class=\"article-p mdl\">En 2021, l&rsquo;acteur am\u00e9ricain ach\u00e8te pour 9 millions d&rsquo;euros, le domaine de Cadanel, une vaste propri\u00e9t\u00e9 de 172 hectares, <strong>compos\u00e9e d&rsquo;une bastide du XVIIIe si\u00e8cle de 900 m\u00e8tres carr\u00e9s sur trois \u00e9tages<\/strong>, d&rsquo;une piscine, d&rsquo;un tennis sur gazon, d&rsquo;un petit lac, ainsi que d&rsquo;une vaste pin\u00e8de dans les collines, d&rsquo;oliviers et de cinq hectares de vignes.<\/p>\n<p class=\"article-p mdl\">D\u00e8s son installation, George Clooney et sa femme Amal ont mis un point d&rsquo;honneur \u00e0 s\u00e9curiser leur propri\u00e9t\u00e9. Un portail avec serrure \u00e0 code a \u00e9t\u00e9 install\u00e9 et de hautes grilles ceinturent le domaine avec des cam\u00e9ras de surveillance tous les 15 m\u00e8tres. Pour le moment, le couple n&rsquo;a pas r\u00e9agi.\u00a0<\/p>\n<p>    La r\u00e9daction vous recommande<\/p>\n<p class=\"s-newsletter__title\">\n                L\u2019actualit\u00e9 par la r\u00e9daction de RTL dans votre bo\u00eete mail.\n            <\/p>\n<p class=\"s-newsletter__subtitle\">\n                Gr\u00e2ce \u00e0 votre compte RTL abonnez-vous \u00e0 la newsletter RTL info pour suivre toute l&rsquo;actualit\u00e9 au quotidien\n            <\/p>\n<p>\n                                    Lire la suite\n                                <\/p>\n","protected":false},"excerpt":{"rendered":"Un d\u00e9part de feu s&rsquo;est produit \u00e0 la fronti\u00e8re de la propri\u00e9t\u00e9 de l&rsquo;acteur George Clooney, dans le&hellip;\n","protected":false},"author":2,"featured_media":242943,"comment_status":"","ping_status":"","sticky":false,"template":"","format":"standard","meta":{"footnotes":""},"categories":[8],"tags":[898,58,59,118,107,1011,27,6054,1310],"class_list":{"0":"post-242942","1":"post","2":"type-post","3":"status-publish","4":"format-standard","5":"has-post-thumbnail","7":"category-divertissement","8":"tag-alerte","9":"tag-divertissement","10":"tag-entertainment","11":"tag-faits-divers","12":"tag-fil-info","13":"tag-fr","14":"tag-france","15":"tag-george-clooney","16":"tag-incendie"},"share_on_mastodon":{"url":"https:\/\/pubeurope.com\/@fr\/114835705357076332","error":""},"_links":{"self":[{"href":"https:\/\/www.europesays.com\/fr\/wp-json\/wp\/v2\/posts\/242942","targetHints":{"allow":["GET"]}}],"collection":[{"href":"https:\/\/www.europesays.com\/fr\/wp-json\/wp\/v2\/posts"}],"about":[{"href":"https:\/\/www.europesays.com\/fr\/wp-json\/wp\/v2\/types\/post"}],"author":[{"embeddable":true,"href":"https:\/\/www.europesays.com\/fr\/wp-json\/wp\/v2\/users\/2"}],"replies":[{"embeddable":true,"href":"https:\/\/www.europesays.com\/fr\/wp-json\/wp\/v2\/comments?post=242942"}],"version-history":[{"count":0,"href":"https:\/\/www.europesays.com\/fr\/wp-json\/wp\/v2\/posts\/242942\/revisions"}],"wp:featuredmedia":[{"embeddable":true,"href":"https:\/\/www.europesays.com\/fr\/wp-json\/wp\/v2\/media\/242943"}],"wp:attachment":[{"href":"https:\/\/www.europesays.com\/fr\/wp-json\/wp\/v2\/media?parent=242942"}],"wp:term":[{"taxonomy":"category","embeddable":true,"href":"https:\/\/www.europesays.com\/fr\/wp-json\/wp\/v2\/categories?post=242942"},{"taxonomy":"post_tag","embeddable":true,"href":"https:\/\/www.europesays.com\/fr\/wp-json\/wp\/v2\/tags?post=242942"}],"curies":[{"name":"wp","href":"https:\/\/api.w.org\/{rel}","templated":true}]}}