{"id":242944,"date":"2025-07-11T17:09:12","date_gmt":"2025-07-11T17:09:12","guid":{"rendered":"https:\/\/www.europesays.com\/fr\/242944\/"},"modified":"2025-07-11T17:09:12","modified_gmt":"2025-07-11T17:09:12","slug":"lamborghini-leve-le-voile-sur-sa-temerario-gt3","status":"publish","type":"post","link":"https:\/\/www.europesays.com\/fr\/242944\/","title":{"rendered":"Lamborghini l\u00e8ve le voile sur sa Temerario GT3"},"content":{"rendered":"<p>Si vous avez \u00e9t\u00e9 attentifs aux diff\u00e9rents r\u00e9seaux sociaux ces derni\u00e8res semaines, vous avez pu sans aucun doute entrapercevoir la nouvelle Temerario GT3, descendante de l&rsquo;actuelle Huracan GT3 EVO2, r\u00e9cente laur\u00e9ate des 24 Heures de Spa avec Grasser Racing Team.<\/p>\n<p>\u00a0<\/p>\n<p>Mais c&rsquo;est bien ce vendredi que Lamborghini Squadra Corse a officiellement lev\u00e9 le voile sur sa nouvelle cr\u00e9ation, en marge du Festival of Speed de Goodwood en Angleterre.<\/p>\n<p><img decoding=\"async\" loading=\"lazy\" data-action=\"zoom\" src=\"https:\/\/www.europesays.com\/fr\/wp-content\/uploads\/2025\/07\/DSC01843 copia 4.jpg\" width=\"1500\" height=\"1000\" alt=\"\" typeof=\"Image\"\/><\/p>\n<p>\u00a9 Lamborghini Media<\/p>\n<p>  Adieu V10 atmo, bonjour V8 bi-turbo<\/p>\n<p>\u00a0<\/p>\n<p>Principal changement par rapport \u00e0 sa devanci\u00e8re, la Temerario GT3 embarque un V8 4 litres associ\u00e9 \u00e0 la technologie bi-turbo, d\u00e9riv\u00e9 de la s\u00e9rie, en remplacement du v\u00e9n\u00e9rable V10 atmosph\u00e9rique, et \u00e0 sa sonorit\u00e9 reconnaissable parmi toutes dans le peloton GT3. Le syst\u00e8me hybride de la voiture de route a bien \u00e9videmment \u00e9t\u00e9 retir\u00e9 pour cette version comp\u00e9tition.<\/p>\n<p><img decoding=\"async\" loading=\"lazy\" data-action=\"zoom\" src=\"https:\/\/www.europesays.com\/fr\/wp-content\/uploads\/2025\/07\/DJI_20250624212723_0015_D copia 2.jpg\" width=\"1500\" height=\"1000\" alt=\"\" typeof=\"Image\"\/><\/p>\n<p>\u00a9 Lamborghini Media<\/p>\n<p>Ce V8 embarque notamment un vilebrequin \u00e0 plan plat avec un angle de 180 degr\u00e9s entre les manetons. Il garantit ainsi un comportement optimal de la dynamique des fluides gr\u00e2ce \u00e0 des ordres d&rsquo;allumage uniformes par rapport au vilebrequin \u00e0 plans crois\u00e9s. Les bielles en titane r\u00e9duisent les masses en rotation et offrent d&rsquo;excellentes propri\u00e9t\u00e9s en termes de r\u00e9sistance et de l\u00e9g\u00e8ret\u00e9, ce qui permet de r\u00e9duire le poids. La bo\u00eete \u00e0 air a \u00e9t\u00e9 redessin\u00e9e pour r\u00e9pondre aux nouvelles exigences des turbocompresseurs plus petits utilis\u00e9s dans la version de course, diff\u00e9rents de ceux du mod\u00e8le de route. L&rsquo;\u00e9chappement a \u00e9t\u00e9 sp\u00e9cifiquement d\u00e9velopp\u00e9 pour la Temerario GT3 avec l&rsquo;aide de la soci\u00e9t\u00e9 Capristo. Le bloc est accoupl\u00e9 \u00e0 une bo\u00eete de vitesses 6 rapports cette fois en position transversale.<\/p>\n<p>\u00a0<\/p>\n<p>ADN Lamborghini<\/p>\n<p>\u00a0<\/p>\n<p>Premi\u00e8re GT3 r\u00e9ellement d\u00e9velopp\u00e9e par Lamborghini, la premi\u00e8re l&rsquo;ayant \u00e9t\u00e9 en lien avec Audi, cette Temerario GT3 conserve des lignes tr\u00e8s en phase avec les habituelles cr\u00e9ations de Sant&rsquo;Agata Bolognese.\u00a0<\/p>\n<p>\u00a0<\/p>\n<p>Le ch\u00e2ssis issu des m\u00eames lignes d&rsquo;assemblage que la version routi\u00e8re profite ainsi d&rsquo;un all\u00e8gement et d&rsquo;une simplification pouss\u00e9s. Sont ainsi possibles des\u00a0 d\u00e9montages et remontages rapides des \u00e9l\u00e9ments avant et arri\u00e8re, syst\u00e8me \u00e9galement en place pour les \u00e9l\u00e9ments de carrosserie.<\/p>\n<p>\u00a0<\/p>\n<p>Carrosserie r\u00e9alis\u00e9e pour la premi\u00e8re fois en carbone composite, qui permet l\u00e0-aussi un s\u00e9rieux all\u00e8gement de l&rsquo;ensemble avec l&rsquo;int\u00e9gration des montages et d\u00e9montages rapides pour le\u00a0diffuseur arri\u00e8re (y compris sa partie centrale quand la voiture est sur les v\u00e9rins dans les stands), le capot moteur, le capot avant, mais aussi les phares avant.<\/p>\n<p><img decoding=\"async\" loading=\"lazy\" data-action=\"zoom\" src=\"https:\/\/www.europesays.com\/fr\/wp-content\/uploads\/2025\/07\/DSC01827 copia 3.jpg\" width=\"1500\" height=\"1000\" alt=\"\" typeof=\"Image\"\/><\/p>\n<p>\u00a9 Lamborghini Media<\/p>\n<p>La carrosserie a \u00e9t\u00e9 d\u00e9velopp\u00e9e pour am\u00e9liorer la stabilit\u00e9 au freinage et les changements d&rsquo;\u00e9quilibre dans les virages. Le refroidissement a \u00e9galement \u00e9t\u00e9 am\u00e9lior\u00e9 via les flux d&rsquo;air g\u00e9n\u00e9raux et un nouveau design de radiateur.<\/p>\n<p>\u00a0<\/p>\n<p>Sur le plan des liaisons au sol, Lamborghini a pourvu sa Temerario d&rsquo;amortisseurs 6-voies, alors que les points de fixation de la suspension ne n\u00e9cessitent plus d&rsquo;inserts en carbone dans le ch\u00e2ssis, mais utilisent des plaques de fixation.<\/p>\n<p><img decoding=\"async\" loading=\"lazy\" data-action=\"zoom\" src=\"https:\/\/www.europesays.com\/fr\/wp-content\/uploads\/2025\/07\/DSC02714 copia 2.jpg\" width=\"1500\" height=\"1000\" alt=\"\" typeof=\"Image\"\/><\/p>\n<p>\u00a9 Lamborghini Media<\/p>\n<p>La nouvelle Lamborghini est \u00e9galement \u00e9quip\u00e9e d&rsquo;une cr\u00e9maill\u00e8re de direction hydraulique personnalis\u00e9e con\u00e7ue pour obtenir une g\u00e9om\u00e9trie de suspension optimale et maximiser les performances avec des pneus des principaux manufacturiers.<\/p>\n<p>\u00a0<\/p>\n<p>A l&rsquo;int\u00e9rieur, Marco Mapelli et Andrea Caldarelli, pilotes officiels de Sant&rsquo;Agata Bolognese, ont oeuvr\u00e9 pour offrir un environnement le plus ergonomique possible. L&rsquo;\u00e9lectronique a \u00e9t\u00e9 largement retravaill\u00e9e et le volant modifi\u00e9 avec les retours des pilotes pro et gentlemen.<\/p>\n<p>\u00a0<\/p>\n<p>Du c\u00f4t\u00e9 des d\u00e9buts de la voiture, Lamborghini Squadra Corse vise une premi\u00e8re sortie aux 12 Heures de Sebring en IMSA (19-21 mars). La marque italienne a indiqu\u00e9 que tant la Temerario GT3 que la Huracan GT3 EVO2 pourraient \u00eatre en piste de concert, seulement 10 unit\u00e9s de la derni\u00e8re-n\u00e9e \u00e9tant attendus pour 2026.\u00a0<\/p>\n<p class=\"highlight\">A lire :\u00a0<a href=\"https:\/\/www.endurance-info.com\/auto\/article\/Les coulisses du d\u00e9veloppement de la Lamborghini Temerario GT3\" target=\"_blank\" rel=\"noopener\">Les coulisses du d\u00e9veloppement de la Lamborghini Temerario GT3<\/a><\/p>\n","protected":false},"excerpt":{"rendered":"Si vous avez \u00e9t\u00e9 attentifs aux diff\u00e9rents r\u00e9seaux sociaux ces derni\u00e8res semaines, vous avez pu sans aucun doute&hellip;\n","protected":false},"author":2,"featured_media":242945,"comment_status":"","ping_status":"","sticky":false,"template":"","format":"standard","meta":{"footnotes":""},"categories":[7],"tags":[4208,4214,4198,4197,4207,4215,4209,4194,4195,4211,4196,1011,27,4216,4201,4205,4200,4221,4204,4212,4206,4217,2191,4218,4203,4219,4210,43,40,41,39,4213,4199,4220,42,44,4202],"class_list":{"0":"post-242944","1":"post","2":"type-post","3":"status-publish","4":"format-standard","5":"has-post-thumbnail","7":"category-sciences-et-technologies","8":"tag-24h-nurburgring-vln","9":"tag-24h-series","10":"tag-adac-gt-masters","11":"tag-asian-le-mans-series","12":"tag-british-gt","13":"tag-club-des-pilotes-des-24h-du-mans","14":"tag-dtm","15":"tag-endurance-info","16":"tag-european-le-mans-series","17":"tag-ffsa-gt","18":"tag-fia-wec","19":"tag-fr","20":"tag-france","21":"tag-green-racing","22":"tag-gt-open","23":"tag-gt-sports-club","24":"tag-gt-world-challenge-america","25":"tag-gt-world-challenge-asia","26":"tag-gt-world-challenge-europe","27":"tag-gulf12","28":"tag-imsa","29":"tag-intercontinental-gt-challenge","30":"tag-le-mans","31":"tag-le-mans-classic","32":"tag-ligier-european-series","33":"tag-michelin-le-mans-cup","34":"tag-porsche-carrera-cup-france","35":"tag-science","36":"tag-science-and-technology","37":"tag-sciences","38":"tag-sciences-et-technologies","39":"tag-sport-paddle","40":"tag-super-gt","41":"tag-supercar","42":"tag-technologies","43":"tag-technology","44":"tag-ultimate-cup-series"},"share_on_mastodon":{"url":"","error":"Validation failed: Text character limit of 500 exceeded"},"_links":{"self":[{"href":"https:\/\/www.europesays.com\/fr\/wp-json\/wp\/v2\/posts\/242944","targetHints":{"allow":["GET"]}}],"collection":[{"href":"https:\/\/www.europesays.com\/fr\/wp-json\/wp\/v2\/posts"}],"about":[{"href":"https:\/\/www.europesays.com\/fr\/wp-json\/wp\/v2\/types\/post"}],"author":[{"embeddable":true,"href":"https:\/\/www.europesays.com\/fr\/wp-json\/wp\/v2\/users\/2"}],"replies":[{"embeddable":true,"href":"https:\/\/www.europesays.com\/fr\/wp-json\/wp\/v2\/comments?post=242944"}],"version-history":[{"count":0,"href":"https:\/\/www.europesays.com\/fr\/wp-json\/wp\/v2\/posts\/242944\/revisions"}],"wp:featuredmedia":[{"embeddable":true,"href":"https:\/\/www.europesays.com\/fr\/wp-json\/wp\/v2\/media\/242945"}],"wp:attachment":[{"href":"https:\/\/www.europesays.com\/fr\/wp-json\/wp\/v2\/media?parent=242944"}],"wp:term":[{"taxonomy":"category","embeddable":true,"href":"https:\/\/www.europesays.com\/fr\/wp-json\/wp\/v2\/categories?post=242944"},{"taxonomy":"post_tag","embeddable":true,"href":"https:\/\/www.europesays.com\/fr\/wp-json\/wp\/v2\/tags?post=242944"}],"curies":[{"name":"wp","href":"https:\/\/api.w.org\/{rel}","templated":true}]}}