{"id":242953,"date":"2025-07-11T17:14:10","date_gmt":"2025-07-11T17:14:10","guid":{"rendered":"https:\/\/www.europesays.com\/fr\/242953\/"},"modified":"2025-07-11T17:14:10","modified_gmt":"2025-07-11T17:14:10","slug":"la-valla-en-gier-anna-matricon-a-souffle-sa-centieme-bougie","status":"publish","type":"post","link":"https:\/\/www.europesays.com\/fr\/242953\/","title":{"rendered":"La Valla-en-Gier. Anna Matricon a souffl\u00e9 sa\u00a0centi\u00e8me bougie"},"content":{"rendered":"<p>Le 4\u00a0juillet dernier, La Valla-en-Gier a c\u00e9l\u00e9br\u00e9 l\u2019anniversaire exceptionnel d\u2019Anna Matricon, qui a souffl\u00e9 ses 100 bougies. \u00ab\u00a0N\u00e9e Anna Rivat, le 4\u00a0juillet 1925 au lieu-dit de La Gerbe, au c\u0153ur de la commune, Anna est une v\u00e9ritable figure locale dont la vitalit\u00e9 et la gentillesse ont marqu\u00e9 plusieurs g\u00e9n\u00e9rations\u00a0\u00bb, a soulign\u00e9 Jean-Claude Flachat, maire de la commune, qui lui a rendu honneur pour&#8230;<\/p>\n","protected":false},"excerpt":{"rendered":"Le 4\u00a0juillet dernier, La Valla-en-Gier a c\u00e9l\u00e9br\u00e9 l\u2019anniversaire exceptionnel d\u2019Anna Matricon, qui a souffl\u00e9 ses 100 bougies. \u00ab\u00a0N\u00e9e&hellip;\n","protected":false},"author":2,"featured_media":242954,"comment_status":"","ping_status":"","sticky":false,"template":"","format":"standard","meta":{"footnotes":""},"categories":[9653],"tags":[1111,11,7476,2430,7539,1777,674,1011,27,38256,12,25,24224,4001,104],"class_list":{"0":"post-242953","1":"post","2":"type-post","3":"status-publish","4":"format-standard","5":"has-post-thumbnail","7":"category-saint-etienne","8":"tag-actu","9":"tag-actualites","10":"tag-anniversaires","11":"tag-auvergne-rhone-alpes","12":"tag-edition-loire-sud","13":"tag-eu","14":"tag-europe","15":"tag-fr","16":"tag-france","17":"tag-la-valla-en-gier","18":"tag-news","19":"tag-republique-francaise","20":"tag-saint-chamond-bassin","21":"tag-saint-etienne","22":"tag-societe"},"share_on_mastodon":{"url":"https:\/\/pubeurope.com\/@fr\/114835728825861449","error":""},"_links":{"self":[{"href":"https:\/\/www.europesays.com\/fr\/wp-json\/wp\/v2\/posts\/242953","targetHints":{"allow":["GET"]}}],"collection":[{"href":"https:\/\/www.europesays.com\/fr\/wp-json\/wp\/v2\/posts"}],"about":[{"href":"https:\/\/www.europesays.com\/fr\/wp-json\/wp\/v2\/types\/post"}],"author":[{"embeddable":true,"href":"https:\/\/www.europesays.com\/fr\/wp-json\/wp\/v2\/users\/2"}],"replies":[{"embeddable":true,"href":"https:\/\/www.europesays.com\/fr\/wp-json\/wp\/v2\/comments?post=242953"}],"version-history":[{"count":0,"href":"https:\/\/www.europesays.com\/fr\/wp-json\/wp\/v2\/posts\/242953\/revisions"}],"wp:featuredmedia":[{"embeddable":true,"href":"https:\/\/www.europesays.com\/fr\/wp-json\/wp\/v2\/media\/242954"}],"wp:attachment":[{"href":"https:\/\/www.europesays.com\/fr\/wp-json\/wp\/v2\/media?parent=242953"}],"wp:term":[{"taxonomy":"category","embeddable":true,"href":"https:\/\/www.europesays.com\/fr\/wp-json\/wp\/v2\/categories?post=242953"},{"taxonomy":"post_tag","embeddable":true,"href":"https:\/\/www.europesays.com\/fr\/wp-json\/wp\/v2\/tags?post=242953"}],"curies":[{"name":"wp","href":"https:\/\/api.w.org\/{rel}","templated":true}]}}