{"id":242955,"date":"2025-07-11T17:15:13","date_gmt":"2025-07-11T17:15:13","guid":{"rendered":"https:\/\/www.europesays.com\/fr\/242955\/"},"modified":"2025-07-11T17:15:13","modified_gmt":"2025-07-11T17:15:13","slug":"saint-etienne-cinquante-six-ans-apres-son-ouverture-le-flore-nest-plus","status":"publish","type":"post","link":"https:\/\/www.europesays.com\/fr\/242955\/","title":{"rendered":"Saint-\u00c9tienne. Cinquante-six ans apr\u00e8s son ouverture, le Flore n\u2019est plus"},"content":{"rendered":"<p>Il est \u00e0 terre.\u00a0Depuis quelques jours, il ne reste plus que des gravats. Un \u00e9norme trou qui r\u00e9v\u00e8le des canalisations. Des arches en b\u00e9ton sont encore debout. Voil\u00e0 les derniers vestiges du Flore.<\/p>\n<p>Ce\u00a0restaurant et salle de r\u00e9ception mythique, situ\u00e9 boulevard Jules-Janin \u00e0 Saint-\u00c9tienne, qui a marqu\u00e9 la vie st\u00e9phanoise pendant plus de 50 ans, n\u2019est plus. Sous les coups de boutoir des tractopelles, il s\u2019est effondr\u00e9 comme un ch\u00e2teau de cartes, engloutissant un demi-si\u00e8cle de souvenirs li\u00e9s aux mariages, r\u00e9ceptions, d\u00eeners et \u00e9v\u00e9nements publics qui ont \u00e9t\u00e9 organis\u00e9s dans cette salle.<\/p>\n<p>Ouverte en 1969, elle \u00e9tait devenue, au fil des d\u00e9cennies, un rep\u00e8re interg\u00e9n\u00e9rationnel jusqu\u2019\u00e0 la fin des ann\u00e9es 2020.<\/p>\n<p>  Aujourd\u2019hui, seul le nom de l\u2019enseigne tr\u00f4ne encore au-dessus du portail d\u2019entr\u00e9e<\/p>\n<p>Apr\u00e8s la d\u00e9molition du bowling en 2024, <a href=\"https:\/\/www.leprogres.fr\/economie\/2025\/03\/17\/le-flore-ne-sera-bientot-plus-qu-un-souvenir-pour-les-stephanois\" target=\"_blank\" rel=\"noopener\">le Flore vient d\u2019\u00eatre ras\u00e9 du paysage urbain st\u00e9phanois.<\/a> Un panneau avait annonc\u00e9 la couleur\u00a0: \u00ab\u00a0B\u00e2timent \u00e0 d\u00e9molir\u00a0: ils reviennent plus motiv\u00e9s que jamais. \u00bb L\u2019op\u00e9ration de d\u00e9mant\u00e8lement n\u2019a pas tra\u00een\u00e9.\u00a0Aujourd\u2019hui, seul le nom de l\u2019enseigne tr\u00f4ne encore au-dessus du portail d\u2019entr\u00e9e.<\/p>\n<p>Apr\u00e8s <a href=\"https:\/\/www.leprogres.fr\/politique\/2022\/12\/07\/le-flore-et-le-bowling-declasses-que-vont-devenir-les-batiments\" target=\"_blank\" rel=\"noopener\">la disparition de l\u2019ancien bowling et du Flore,<\/a> des b\u00e2timents trop d\u00e9grad\u00e9s pour \u00eatre r\u00e9habilit\u00e9s et \u00e0 l\u2019abandon depuis des ann\u00e9es, deux friches qui faisaient figure de verrue en bordure du parc Fran\u00e7ois-Mitterrand, le quartier de la plaine Achille va subir une v\u00e9ritable m\u00e9tamorphose.<\/p>\n<p>  Six millions pour transformer le site<\/p>\n<p>Pr\u00e8s de six millions vont \u00eatre investis par la Ville pour entamer la mue du secteur. Dans le p\u00e9rim\u00e8tre, une grande esplanade \u00e9v\u00e9nementielle verra le jour, laquelle servira d\u2019\u00e9crin pour des fans zones, concerts, retransmissions de matchs\u2026 Un lieu capable d\u2019accueillir jusqu\u2019\u00e0 10\u00a0000 personnes, am\u00e9nag\u00e9 pour les grandes comp\u00e9titions internationales.<\/p>\n<p>Le parc Fran\u00e7ois-Mitterrand, d\u2019une superficie de 10 hectares, va \u00eatre totalement transform\u00e9 avec la plantation de 450 arbres, la r\u00e9alisation d\u2019une fontaine ludique, la construction de jeux pour enfants, l\u2019am\u00e9nagement de hamacs, des coins pique-nique\u2026 Dix-huit mois de travaux seront n\u00e9cessaires pour r\u00e9habiliter cet espace en futur poumon vert de la ville.<\/p>\n","protected":false},"excerpt":{"rendered":"Il est \u00e0 terre.\u00a0Depuis quelques jours, il ne reste plus que des gravats. Un \u00e9norme trou qui r\u00e9v\u00e8le&hellip;\n","protected":false},"author":2,"featured_media":242956,"comment_status":"","ping_status":"","sticky":false,"template":"","format":"standard","meta":{"footnotes":""},"categories":[9653],"tags":[1111,11,2430,4749,33,7539,1777,674,1011,27,12,25,4001,7538],"class_list":{"0":"post-242955","1":"post","2":"type-post","3":"status-publish","4":"format-standard","5":"has-post-thumbnail","7":"category-saint-etienne","8":"tag-actu","9":"tag-actualites","10":"tag-auvergne-rhone-alpes","11":"tag-btp-et-chantiers","12":"tag-economie","13":"tag-edition-loire-sud","14":"tag-eu","15":"tag-europe","16":"tag-fr","17":"tag-france","18":"tag-news","19":"tag-republique-francaise","20":"tag-saint-etienne","21":"tag-saint-etienne-ville"},"share_on_mastodon":{"url":"","error":""},"_links":{"self":[{"href":"https:\/\/www.europesays.com\/fr\/wp-json\/wp\/v2\/posts\/242955","targetHints":{"allow":["GET"]}}],"collection":[{"href":"https:\/\/www.europesays.com\/fr\/wp-json\/wp\/v2\/posts"}],"about":[{"href":"https:\/\/www.europesays.com\/fr\/wp-json\/wp\/v2\/types\/post"}],"author":[{"embeddable":true,"href":"https:\/\/www.europesays.com\/fr\/wp-json\/wp\/v2\/users\/2"}],"replies":[{"embeddable":true,"href":"https:\/\/www.europesays.com\/fr\/wp-json\/wp\/v2\/comments?post=242955"}],"version-history":[{"count":0,"href":"https:\/\/www.europesays.com\/fr\/wp-json\/wp\/v2\/posts\/242955\/revisions"}],"wp:featuredmedia":[{"embeddable":true,"href":"https:\/\/www.europesays.com\/fr\/wp-json\/wp\/v2\/media\/242956"}],"wp:attachment":[{"href":"https:\/\/www.europesays.com\/fr\/wp-json\/wp\/v2\/media?parent=242955"}],"wp:term":[{"taxonomy":"category","embeddable":true,"href":"https:\/\/www.europesays.com\/fr\/wp-json\/wp\/v2\/categories?post=242955"},{"taxonomy":"post_tag","embeddable":true,"href":"https:\/\/www.europesays.com\/fr\/wp-json\/wp\/v2\/tags?post=242955"}],"curies":[{"name":"wp","href":"https:\/\/api.w.org\/{rel}","templated":true}]}}