{"id":242957,"date":"2025-07-11T17:16:20","date_gmt":"2025-07-11T17:16:20","guid":{"rendered":"https:\/\/www.europesays.com\/fr\/242957\/"},"modified":"2025-07-11T17:16:20","modified_gmt":"2025-07-11T17:16:20","slug":"nancy-veut-mettre-fin-aux-incivilites-du-quotidien-voici-les-mesures-mises-en-place","status":"publish","type":"post","link":"https:\/\/www.europesays.com\/fr\/242957\/","title":{"rendered":"Nancy veut mettre fin aux incivilit\u00e9s du quotidien, voici les mesures mises en place"},"content":{"rendered":"<p>            Par<br \/>\n        <strong><br \/>\n            <a href=\"https:\/\/actu.fr\/auteur\/amandine-mehl\" title=\"Consulter tous les articles de Amandine Mehl\" target=\"_blank\" rel=\"noopener\">Amandine Mehl<\/a><br \/>\n        <\/strong><\/p>\n<p>        Publi\u00e9 le<\/p>\n<p>            11 juil. 2025 \u00e0 17h34        <\/p>\n<p>\u00c0 trois reprises cette ann\u00e9e, la <strong>pr\u00e9fecture de Meurthe-et-Moselle<\/strong> ainsi que la <strong>Ville de Nancy<\/strong> ont rencontr\u00e9 les repr\u00e9sentants des commer\u00e7ants au sujet de la <a href=\"https:\/\/actu.fr\/grand-est\/nancy_54395\/police-municipale-alcool-voici-comment-le-maire-de-nancy-compte-renforcer-la-securite-en-centre-ville_61601806.html\" target=\"_blank\" rel=\"noopener\">s\u00e9curit\u00e9<\/a> et de la <strong>d\u00e9linquance<\/strong> en centre-ville.<\/p>\n<p class=\" wall-content\">\u00c0 l\u2019issue de ces \u00e9changes, <strong>plusieurs mesures<\/strong> visant \u00e0 <a href=\"https:\/\/actu.fr\/grand-est\/nancy_54395\/nancy-la-ville-prend-une-mesure-surprenante-pour-lutter-contre-les-nuisances-dans-ces-rues-du-centre-ville_62882521.html\" target=\"_blank\" rel=\"noopener\">lutter contre les nuisances<\/a> qui <strong>pourrissent la vie des habitants comme des commer\u00e7ants<\/strong> ont \u00e9t\u00e9 prises et pr\u00e9sent\u00e9es \u00e0 la presse.<\/p>\n<p>Acc\u00e9l\u00e9rer les fermetures administratives d\u2019\u00e9tablissements \u00e0 Nancy<\/p>\n<p class=\" wall-content\">Au sein du <strong>plan d\u2019action d\u00e9partemental de restauration de la s\u00e9curit\u00e9 au quotidien<\/strong>, <a href=\"https:\/\/actu.fr\/societe\/en-meurthe-et-moselle-la-prefecture-a-une-nouvelle-arme-pour-lutter-contre-la-criminalite-voici-son-plan_62283762.html\" target=\"_blank\" rel=\"noopener\">nouvelle arme pour lutter contre la criminalit\u00e9<\/a> pour la pr\u00e9fecture, \u00ab\u2009tout un chapitre est d\u00e9di\u00e9 \u00e0 la restauration de la s\u00e9curit\u00e9 en centre-ville\u2009\u00bb, a entam\u00e9 la pr\u00e9f\u00e8te, Fran\u00e7oise Souliman.<\/p>\n<blockquote class=\"ac-article-quote wall-content\">\n<p>J&rsquo;ai demand\u00e9 \u00e0 ce que l&rsquo;on fasse des fermetures administratives d&rsquo;\u00e9tablissements. La police municipale et la police nationale font remonter les contr\u00f4les et lorsque des infractions sont commises, je n&rsquo;h\u00e9site pas \u00e0 fermer ces \u00e9tablissements. Cela va aussi s&rsquo;acc\u00e9l\u00e9rer, car j&rsquo;ai demand\u00e9 \u00e0 ce qu&rsquo;il y ait une acc\u00e9l\u00e9ration de ces fermetures. On compte 5 fermetures administratives \u00e0 l&rsquo;\u00e9chelle de Nancy.<\/p>\n<p>    <strong>Fran\u00e7oise Souliman<\/strong><br \/>\n        Pr\u00e9f\u00e8te de Meurthe-et-Moselle    <\/p><\/blockquote>\n<p class=\" wall-content\">En ce sens, d\u00e9cision a \u00e9t\u00e9 prise d\u2019<strong>augmenter le nombre de patrouilles<\/strong> effectu\u00e9es par la police nationale, les <strong>contr\u00f4les<\/strong>, les <strong>amendes forfaitaires d\u00e9lictuelles<\/strong>\u00a0et de <strong>quadriller les secteurs les plus sensibles<\/strong>. Bilan provisoire\u2009: \u00ab\u2009Un chiffre plut\u00f4t positif, m\u00eame si, encore une fois, c\u2019est le d\u00e9but du travail, puisque l\u2019on observe une <strong>l\u00e9g\u00e8re baisse des faits de 1,82\u2009%<\/strong> par rapport aux cinq premiers mois de l\u2019ann\u00e9e 2024\u2009\u00bb, note Mme Souliman.<\/p>\n<p>Rappel \u00e0 l\u2019ordre pour les parents et mesures pour les livreurs \u00e0 v\u00e9lo<\/p>\n<p class=\" wall-content\">\u00ab\u2009Autour des vacances de f\u00e9vrier, nous avons \u00e9t\u00e9 t\u00e9moins de <strong>regroupements successifs de jeunes<\/strong>, tr\u00e8s souvent des <strong>mineurs \u00e2g\u00e9s de 12 \u00e0 16\u00a0ans<\/strong>, qui avaient pris pour habitude de se lancer dans des <strong>courses-poursuites<\/strong> au sein du centre commercial Saint S\u00e9bastien et de <strong>semer le bazar dans les fast-foods<\/strong> autour de la place Charles III\u2009\u00bb, a quant \u00e0 lui rappel\u00e9 Mathieu Klein.<\/p>\n<p>Vid\u00e9os : en ce moment sur Actu<\/p>\n<p class=\" wall-content\">Face \u00e0 ces incivilit\u00e9s, le maire de Nancy a pris la d\u00e9cision en mars dernier de <a href=\"https:\/\/actu.fr\/grand-est\/nancy_54395\/face-a-l-incivilite-des-mineurs-le-maire-de-nancy-va-desormais-convoquer-les-parents-pour-un-rappel-a-l-ordre_62336406.html\" target=\"_blank\" rel=\"noopener\">convoquer les parents<\/a> des concern\u00e9s pour un <strong>rappel \u00e0 l\u2019ordre<\/strong>. Depuis la mise en place de cette mesure, <strong>32 adolescents ont \u00e9t\u00e9 re\u00e7us<\/strong> avec leur famille. \u00ab\u2009Dans l\u2019\u00e9crasante majorit\u00e9, il s\u2019agit de jeunes inconnus de la police, qui ont pris de mauvaises habitudes ou se sont trouv\u00e9s l\u00e0 au mauvais endroit et au mauvais moment\u2009\u00bb, a affirm\u00e9 le premier magistrat de la cit\u00e9 ducale avant d\u2019ajouter que la <strong>mesure allait \u00eatre p\u00e9rennis\u00e9e<\/strong>.<\/p>\n<p class=\" wall-content\">Toujours place Charles III, pour limiter les <a href=\"https:\/\/actu.fr\/grand-est\/nancy_54395\/face-aux-attroupements-de-livreurs-la-mairie-interdit-leur-stationnement-dans-ces-rues-de-nancy_62517328.html\" target=\"_blank\" rel=\"noopener\">attroupements de livreurs<\/a> \u00e0 v\u00e9lo, \u00ab\u2009qui faisaient aussi partie de la probl\u00e9matique\u2009\u00bb, leur <strong>stationnement a \u00e9t\u00e9 interdit<\/strong>. Les <strong>bancs<\/strong> install\u00e9s dans le cadre du budget participatif ont par ailleurs \u00e9t\u00e9 <strong>d\u00e9plac\u00e9s<\/strong>. \u00ab\u2009Cette batterie de mesures a port\u00e9 ses fruits. <strong>Tout n\u2019est pas r\u00e9gl\u00e9, mais la question du regroupement des jeunes s\u2019est am\u00e9lior\u00e9e<\/strong>\u2009\u00bb, a assur\u00e9 Mathieu Klein.<\/p>\n<p>Les arceaux destin\u00e9s aux v\u00e9los et les assises retir\u00e9s rue du Docteur-Schmitt<\/p>\n<p class=\" wall-content\">Autre pr\u00e9occupation pour la Ville et la pr\u00e9fecture\u2009: les <strong>trafics en tous genres<\/strong>, notamment <strong>rues du Docteur-Schmitt et Saint-Nicolas<\/strong>. Outre un <strong>renforcement significatif des contr\u00f4les<\/strong> effectu\u00e9s par les polices nationale et municipale, la mairie a d\u00e9cid\u00e9 de <strong>retirer les arceaux<\/strong> destin\u00e9s aux v\u00e9los ainsi que <strong>les derni\u00e8res assises<\/strong> rue du Docteur-Schmitt pour limiter les regroupements. \u00ab\u2009L\u00e0 encore, on a des <strong>r\u00e9sultats positifs<\/strong> puisque les regroupements ne s\u2019op\u00e8rent plus \u00e0 cet endroit\u2009\u00bb, s\u2019est r\u00e9joui l\u2019\u00e9lu.<\/p>\n<p class=\" wall-content\">Pourtant, un simple passage dans le secteur, \u00e0 l\u2019issue de la conf\u00e9rence de presse, a permis de constater qu\u2019<strong>il y a toujours des regroupements<\/strong>, mais que les concern\u00e9s restent maintenant debout.<\/p>\n<p>Des travaux pour s\u00e9curiser l\u2019acc\u00e8s du parking Saint-Dizier<\/p>\n<p class=\" wall-content\">Dans une logique similaire, la Ville a sollicit\u00e9 Indigo pour effectuer des <strong>travaux pour s\u00e9curiser l\u2019acc\u00e8s du parking Saint-Dizier<\/strong>. Des \u00e9changes sont \u00e9galement en cours concernant un <strong>parking priv\u00e9<\/strong>, insuffisamment s\u00e9curis\u00e9, afin que des modifications soient op\u00e9r\u00e9es et qu\u2019il cesse d\u2019\u00eatre un lieu de regroupement.<\/p>\n<blockquote class=\"ac-article-quote wall-content\">\n<p>J\u2019ai parfaitement conscience que pour les commer\u00e7ants comme les riverains, les trafics pourrissent la vie du quotidien. Cela g\u00e9n\u00e8re un\u00a0sentiment de frustration, de\u00a0col\u00e8re\u00a0et d\u2019exasp\u00e9ration\u00a0qui n\u2019est pas propre, ni \u00e0 ce quartier, ni \u00e0 Nancy, mais qui appelle \u00e0 des\u00a0r\u00e9ponses fermes et gradu\u00e9es. L\u2019objectif \u00e9tant qu\u2019ils vivent tranquillement.<\/p>\n<p>    <strong>Mathieu Klein<\/strong><br \/>\n        Maire de Nancy    <\/p><\/blockquote>\n<p class=\" wall-content\">En lien avec la pr\u00e9fecture cette fois, la\u00a0<strong>surveillance a \u00e9t\u00e9 renforc\u00e9e\u00a0gr\u00e2ce \u00e0 l\u2019ajout d\u2019un nouveau bras \u00e0 la cam\u00e9ra<\/strong> situ\u00e9e dans le secteur. Mathieu Klein a aussi mentionn\u00e9 une rencontre prochaine avec un collectif de riverains qui l\u2019a interpell\u00e9 au sujet \u00ab\u2009de la persistance des trafics \u00e0\u2009ciel ouvert et <strong>pas seulement de stup\u00e9fiants<\/strong>\u2009\u00bb.<\/p>\n<p>Une halte alcool avant une halte soins addictions<\/p>\n<p class=\" wall-content\">La question de l\u2019<strong>errance<\/strong> a aussi \u00e9t\u00e9 abord\u00e9e. \u00ab\u2009C\u2019est un sujet important en termes de troubles \u00e0 l\u2019ordre public, que ce soit en mati\u00e8re d\u2019acc\u00e8s \u00e0 certains commerces et immeubles, de consommations diverses et de comportements inadapt\u00e9s\u2009\u00bb, a soulign\u00e9 le maire.<\/p>\n<p class=\" wall-content\">S\u2019il est convaincu qu\u2019il faut une <strong>r\u00e9ponse s\u00e9curitaire et p\u00e9nale<\/strong> pour traiter ce sujet, il a martel\u00e9 l\u2019importance de la r\u00e9ponse sociale. Comme cela avait \u00e9t\u00e9 annonc\u00e9, un dossier d\u2019agr\u00e9ment en vue de la cr\u00e9ation d\u2019une <strong>halte soins addictions<\/strong> a \u00e9t\u00e9 d\u00e9pos\u00e9 \u00e0 l\u2019Agence r\u00e9gionale de sant\u00e9 Grand Est. Toutefois, en guide de \u00ab\u2009pr\u00e9ambule\u2009\u00bb, une <strong>halte alcool<\/strong>, avec une permanence m\u00e9dicale destin\u00e9e aux personnes sujettes \u00e0 l\u2019alcool, va \u00eatre mise en place au 32 rue Sainte-Anne.<\/p>\n<p>Acheter de l\u2019alcool apr\u00e8s 17h devient impossible dans le secteur de la place des Vosges<\/p>\n<p class=\" wall-content\">Les probl\u00e9matiques en lien avec la<strong> consommation excessive d\u2019alcool<\/strong> ont d\u2019ailleurs refait surface derni\u00e8rement avec des regroupements, place des Vosges, de personnes en situation d\u2019errance et alcoolis\u00e9es. En raison des <strong>nuisances g\u00e9n\u00e9r\u00e9es<\/strong>, les <a href=\"https:\/\/actu.fr\/grand-est\/nancy_54395\/nancy-les-bancs-de-la-place-des-vosges-provisoirement-retires-voici-pourquoi_62770682.html\" target=\"_blank\" rel=\"noopener\">nouveaux bancs<\/a> install\u00e9s sur le site ont \u00e9t\u00e9 retir\u00e9s, la police municipale effectue des <strong>patrouilles quotidiennes<\/strong> entre 18h et 21h, cr\u00e9neau qui semble \u00eatre le plus critique, et des <strong>m\u00e9diateurs ont \u00e9t\u00e9 d\u00e9ploy\u00e9s<\/strong>.<\/p>\n<p class=\" wall-content\">En parall\u00e8le, des arr\u00eat\u00e9s pr\u00e9fectoraux et municipaux ont \u00e9t\u00e9 pris. <a href=\"https:\/\/actu.fr\/grand-est\/nancy_54395\/dans-ce-secteur-de-nancy-acheter-de-l-alcool-apres-17h-est-desormais-impossible-voici-pourquoi_62875894.html\" target=\"_blank\" rel=\"noopener\">Acheter de l\u2019alcool apr\u00e8s 17h est d\u00e9sormais impossible<\/a> dans le secteur. Tout comme il est interdit de boire de l\u2019alcool sur le domaine public, et ce, peu importe l\u2019heure.<\/p>\n<p>Une exp\u00e9rimentation pour limiter la vente de bi\u00e8res fortes \u00e0 l\u2019unit\u00e9<\/p>\n<p class=\" wall-content\">Plus largement, des <strong>commer\u00e7ants volontaires<\/strong>, une quinzaine au total, ont particip\u00e9 \u00e0 un groupe de travail avec la Ville en vue d\u2019une <strong>exp\u00e9rimentation de six mois<\/strong> qui d\u00e9butera le 15\u00a0juillet. Ils s\u2019engagent en effet \u00e0 ne plus vendre de <a href=\"https:\/\/actu.fr\/grand-est\/nancy_54395\/a-nancy-ces-bieres-ne-seront-plus-vendues-dans-certains-magasins-voici-pourquoi_62881448.html\" target=\"_blank\" rel=\"noopener\">bi\u00e8res<\/a> \u00e0 l\u2019unit\u00e9 de 6 degr\u00e9s et plus, affich\u00e9es \u00e0 3\u00a0euros et moins et d\u00e9livr\u00e9es dans des contenants de 25 \u00e0 50\u00a0cl.<\/p>\n<p class=\" wall-content\">Si le maire avoue pr\u00e9f\u00e9rer cette m\u00e9thode constructive, il se veut aussi tr\u00e8s clair et <strong>n\u2019h\u00e9sitera pas \u00e0 aller plus loin<\/strong> si des \u00e9pisodes comme ceux survenus place des Vosges venaient \u00e0 se reproduire.<\/p>\n<blockquote class=\"ac-article-quote wall-content\">\n<p>Je ne peux pas obliger les commer\u00e7ants qui ne le souhaitent pas \u00e0 retirer ces produits. Toutefois, si dans certains quartiers, nous constatons qu\u2019il n\u2019y a pas de commer\u00e7ants volontaires, et que la situation le n\u00e9cessite, nous avons convenu avec la pr\u00e9f\u00e8te de prendre des arr\u00eat\u00e9s du type de celui de la place des Vosges pour une\u00a0efficacit\u00e9 plus importante. En sachant que la d\u00e9marche volontaire, c\u2019est\u00a0un type de produit, l\u2019arr\u00eat\u00e9, par contre,\u00a0concernera tout l\u2019alcool.<\/p>\n<p>    <strong>Mathieu Klein<\/strong><br \/>\n        Maire de Nancy    <\/p><\/blockquote>\n<p>Extension de l\u2019amende forfaitaire d\u00e9lictuelle aux vols \u00e0 l\u2019\u00e9talage<\/p>\n<p class=\" wall-content\">S\u2019agissant des <a href=\"https:\/\/actu.fr\/grand-est\/nancy_54395\/nancy-met-en-place-une-nouvelle-amende-pour-ces-delits-du-quotidien-qui-touchent-les-magasins_62885362.html\" target=\"_blank\" rel=\"noopener\">d\u00e9lits du quotidien<\/a> qui touchent les commer\u00e7ants, Mathieu Klein a sollicit\u00e9 le procureur de la R\u00e9publique de Nancy pour <strong>\u00e9tendre l\u2019amende forfaitaire d\u00e9lictuelle aux vols \u00e0 l\u2019\u00e9talage<\/strong>. Ainsi, depuis le mois de mars, ce proc\u00e9d\u00e9 \u00ab\u2009pratique et rapide et qui \u00e9vite une r\u00e9ponse p\u00e9nale souvent en d\u00e9calage avec le fait d\u00e9lictueux qui est constat\u00e9\u2009\u00bb est en place.<\/p>\n<p class=\" wall-content\">S\u2019il \u00ab\u2009a d\u00e9j\u00e0 rencontr\u00e9 un <strong>grand succ\u00e8s<\/strong>\u2009\u00bb, d\u2019apr\u00e8s les propos du procureur rapport\u00e9s par le maire, il reste limit\u00e9. \u00ab\u2009L\u2019amende est de <strong>300\u00a0euros maximum<\/strong>. Le proc\u00e8s-verbal ne peut pas \u00eatre dress\u00e9 s\u2019il s\u2019agit d\u2019un vol de denr\u00e9es p\u00e9rissables, si l\u2019individu est mineur ou n\u2019est pas en capacit\u00e9 de comprendre ce qu\u2019on lui dit\u2009\u00bb, rapporte <strong>Maurice Alibert<\/strong>, directeur interd\u00e9partemental adjoint de la police nationale. La question de la nationalit\u00e9 du mis en cause rentre \u00e9galement en jeu. De plus, la personne doit donner son accord pour restituer la marchandise vol\u00e9e.<\/p>\n<p class=\" wall-content\">Suivez toute l\u2019actualit\u00e9 de vos villes et m\u00e9dias favoris en vous inscrivant \u00e0 <a href=\"https:\/\/moncompte.actu.fr\" title=\"D\u00e9couvez Mon Actu\" rel=\"nofollow noopener\" data-trk=\"{&quot;cta&quot;:{&quot;action&quot;:&quot;https:\\\/\\\/moncompte.actu.fr&quot;,&quot;category&quot;:&quot;mon compte&quot;,&quot;from&quot;:&quot;article footer&quot;,&quot;name&quot;:&quot;Mon actu&quot;,&quot;type&quot;:&quot;cta&quot;}}\" target=\"_blank\">Mon Actu<\/a>.<\/p>\n","protected":false},"excerpt":{"rendered":"Par Amandine Mehl Publi\u00e9 le 11 juil. 2025 \u00e0 17h34 \u00c0 trois reprises cette ann\u00e9e, la pr\u00e9fecture de&hellip;\n","protected":false},"author":2,"featured_media":242958,"comment_status":"","ping_status":"","sticky":false,"template":"","format":"standard","meta":{"footnotes":""},"categories":[9635],"tags":[1111,11,1777,674,1011,27,775,2825,1702,12,25,104],"class_list":{"0":"post-242957","1":"post","2":"type-post","3":"status-publish","4":"format-standard","5":"has-post-thumbnail","7":"category-nancy","8":"tag-actu","9":"tag-actualites","10":"tag-eu","11":"tag-europe","12":"tag-fr","13":"tag-france","14":"tag-grand-est","15":"tag-insecurite","16":"tag-nancy","17":"tag-news","18":"tag-republique-francaise","19":"tag-societe"},"share_on_mastodon":{"url":"https:\/\/pubeurope.com\/@fr\/114835736749964344","error":""},"_links":{"self":[{"href":"https:\/\/www.europesays.com\/fr\/wp-json\/wp\/v2\/posts\/242957","targetHints":{"allow":["GET"]}}],"collection":[{"href":"https:\/\/www.europesays.com\/fr\/wp-json\/wp\/v2\/posts"}],"about":[{"href":"https:\/\/www.europesays.com\/fr\/wp-json\/wp\/v2\/types\/post"}],"author":[{"embeddable":true,"href":"https:\/\/www.europesays.com\/fr\/wp-json\/wp\/v2\/users\/2"}],"replies":[{"embeddable":true,"href":"https:\/\/www.europesays.com\/fr\/wp-json\/wp\/v2\/comments?post=242957"}],"version-history":[{"count":0,"href":"https:\/\/www.europesays.com\/fr\/wp-json\/wp\/v2\/posts\/242957\/revisions"}],"wp:featuredmedia":[{"embeddable":true,"href":"https:\/\/www.europesays.com\/fr\/wp-json\/wp\/v2\/media\/242958"}],"wp:attachment":[{"href":"https:\/\/www.europesays.com\/fr\/wp-json\/wp\/v2\/media?parent=242957"}],"wp:term":[{"taxonomy":"category","embeddable":true,"href":"https:\/\/www.europesays.com\/fr\/wp-json\/wp\/v2\/categories?post=242957"},{"taxonomy":"post_tag","embeddable":true,"href":"https:\/\/www.europesays.com\/fr\/wp-json\/wp\/v2\/tags?post=242957"}],"curies":[{"name":"wp","href":"https:\/\/api.w.org\/{rel}","templated":true}]}}