{"id":242959,"date":"2025-07-11T17:17:17","date_gmt":"2025-07-11T17:17:17","guid":{"rendered":"https:\/\/www.europesays.com\/fr\/242959\/"},"modified":"2025-07-11T17:17:17","modified_gmt":"2025-07-11T17:17:17","slug":"les-endroits-pour-voir-le-feu-dartifice-ne-courent-pas-les-rues","status":"publish","type":"post","link":"https:\/\/www.europesays.com\/fr\/242959\/","title":{"rendered":"les endroits pour voir le feu d\u2019artifice ne courent pas les rues"},"content":{"rendered":"<p>Ce lundi, la ville de Nancy se pare du drapeau tricolore pour c\u00e9l\u00e9brer la R\u00e9volution fran\u00e7aise. Cette ann\u00e9e, <a href=\"https:\/\/www.estrepublicain.fr\/culture-loisirs\/2025\/07\/10\/feux-d-artifice-du-14-juillet-tout-est-pret-dans-le-departement-notamment-a-nancy-sur-les-hauteurs-de-gentilly\" target=\"_blank\" rel=\"noopener\"> l\u2019incontournable feu d\u2019artifice<\/a> prendre son envol sur le plateau de Haye, dans le secteur de Gentilly.<\/p>\n<p>Si vous aviez l\u2019habitude d\u2019admirer le spectacle depuis le centre historique et alentours, force est de constater que pour cette \u00e9dition 2025, il est vivement conseill\u00e9 de ne pas r\u00e9it\u00e9rer l\u2019exp\u00e9rience. Et ce n\u2019est pas la mairie qui vous dira le contraire, puisqu\u2019elle s\u2019av\u00e8re indispos\u00e9e pour r\u00e9pondre \u00e0 cette question.<\/p>\n<p>Mais tout probl\u00e8me \u00e0 une solution, une seule. Se rendre sur les hauteurs de la ville, l\u00e0 o\u00f9 le feu sera tir\u00e9. Il est donc conseill\u00e9 de se d\u00e9placer aux abords de Laxou et Max\u00e9ville pour une meilleure visibilit\u00e9. C\u2019est par ailleurs ce que recommandent les artificiers.<\/p>\n<p>Ce contenu est bloqu\u00e9 car vous n&rsquo;avez pas accept\u00e9 les cookies et autres traceurs.<\/p>\n<p>En cliquant sur \u00ab J\u2019accepte \u00bb, les cookies et autres traceurs seront d\u00e9pos\u00e9s et vous pourrez visualiser les contenus  (<a href=\"\" class=\"consentModule_policy\" target=\"_blank\" title=\"Consulter la politique de protection des donn\u00e9es du fournisseur\">plus d&rsquo;informations<\/a>).<\/p>\n<p>En cliquant sur \u00ab J\u2019accepte tous les cookies \u00bb, vous autorisez des d\u00e9p\u00f4ts de cookies et autres traceurs pour le stockage de vos donn\u00e9es sur nos sites et applications \u00e0 des fins de personnalisation et de ciblage publicitaire.<\/p>\n<p class=\"consentModule_secondaryText\">Vous gardez la possibilit\u00e9 de retirer votre consentement \u00e0 tout moment en consultant notre <a href=\"https:\/\/www.estrepublicain.fr\/protection-des-donnees\" target=\"_blank\" title=\"Consulter notre politique de protection des donn\u00e9es\" rel=\"noopener\">politique de protection des donn\u00e9es<\/a>. <br \/>&#13;<br \/>\n            <a href=\"https:\/\/www.estrepublicain.fr\/culture-loisirs\/2025\/07\/11\/javascript:Didomi.notice.show()\" class=\"consentModule_cmp\" target=\"_blank\" rel=\"noopener\">G\u00e9rer mes choix<\/a>&#13;\n        <\/p>\n<p>&#13;<br \/>\n                        J&rsquo;accepte&#13;<br \/>\n            J&rsquo;accepte tous les cookies&#13;\n        <\/p>\n<p>Pour la peine, le r\u00e9seau de transports se mobilise pour faciliter le d\u00e9placement jusqu\u2019\u00e0 l\u2019avenue du Rhin. Un espace pr\u00e9vu pour 40\u00a0000 personnes attend les habitants au niveau du parking du Palais des sports Jean Weille. Mais l\u00e0 encore, les allers-retours d\u00e9buteront \u00e0 20\u00a0h, soit le m\u00eame horaire que le d\u00e9but des festivit\u00e9s\u2026 <a href=\"https:\/\/www.estrepublicain.fr\/culture-loisirs\/2023\/06\/30\/nancy-open-air-2023-au-zenith-les-galeriens-de-la-navette-gratuite\" target=\"_blank\" rel=\"noopener\"> Des navettes similaires<\/a> sont r\u00e9guli\u00e8rement mises en place pour le Nancy Open Air et certains usagers n\u2019en gardent pas toujours un bon souvenir.<\/p>\n<p>Pas d\u2019inqui\u00e9tude cependant, une fois sur les lieux, les festivit\u00e9s feront m\u00e9nage des regrets pour laisser place \u00e0 une superbe ambiance. En guise de boussole pour le trajet, n\u2019oubliez pas qu\u2019impossible n\u2019est pas fran\u00e7ais.<\/p>\n","protected":false},"excerpt":{"rendered":"Ce lundi, la ville de Nancy se pare du drapeau tricolore pour c\u00e9l\u00e9brer la R\u00e9volution fran\u00e7aise. Cette ann\u00e9e,&hellip;\n","protected":false},"author":2,"featured_media":242960,"comment_status":"","ping_status":"","sticky":false,"template":"","format":"standard","meta":{"footnotes":""},"categories":[9635],"tags":[1111,11,1687,1704,1777,674,3326,1011,27,775,1702,1703,12,25],"class_list":{"0":"post-242959","1":"post","2":"type-post","3":"status-publish","4":"format-standard","5":"has-post-thumbnail","7":"category-nancy","8":"tag-actu","9":"tag-actualites","10":"tag-culture-loisirs","11":"tag-edition-nancy-et-agglomeration","12":"tag-eu","13":"tag-europe","14":"tag-fete-locale","15":"tag-fr","16":"tag-france","17":"tag-grand-est","18":"tag-nancy","19":"tag-nancy-ville-54b","20":"tag-news","21":"tag-republique-francaise"},"share_on_mastodon":{"url":"https:\/\/pubeurope.com\/@fr\/114835740629890456","error":""},"_links":{"self":[{"href":"https:\/\/www.europesays.com\/fr\/wp-json\/wp\/v2\/posts\/242959","targetHints":{"allow":["GET"]}}],"collection":[{"href":"https:\/\/www.europesays.com\/fr\/wp-json\/wp\/v2\/posts"}],"about":[{"href":"https:\/\/www.europesays.com\/fr\/wp-json\/wp\/v2\/types\/post"}],"author":[{"embeddable":true,"href":"https:\/\/www.europesays.com\/fr\/wp-json\/wp\/v2\/users\/2"}],"replies":[{"embeddable":true,"href":"https:\/\/www.europesays.com\/fr\/wp-json\/wp\/v2\/comments?post=242959"}],"version-history":[{"count":0,"href":"https:\/\/www.europesays.com\/fr\/wp-json\/wp\/v2\/posts\/242959\/revisions"}],"wp:featuredmedia":[{"embeddable":true,"href":"https:\/\/www.europesays.com\/fr\/wp-json\/wp\/v2\/media\/242960"}],"wp:attachment":[{"href":"https:\/\/www.europesays.com\/fr\/wp-json\/wp\/v2\/media?parent=242959"}],"wp:term":[{"taxonomy":"category","embeddable":true,"href":"https:\/\/www.europesays.com\/fr\/wp-json\/wp\/v2\/categories?post=242959"},{"taxonomy":"post_tag","embeddable":true,"href":"https:\/\/www.europesays.com\/fr\/wp-json\/wp\/v2\/tags?post=242959"}],"curies":[{"name":"wp","href":"https:\/\/api.w.org\/{rel}","templated":true}]}}