{"id":242971,"date":"2025-07-11T17:25:11","date_gmt":"2025-07-11T17:25:11","guid":{"rendered":"https:\/\/www.europesays.com\/fr\/242971\/"},"modified":"2025-07-11T17:25:11","modified_gmt":"2025-07-11T17:25:11","slug":"grenoble-la-metropole-acte-la-vente-dalpexpo-a-la-region-pour-76-millions-deuros","status":"publish","type":"post","link":"https:\/\/www.europesays.com\/fr\/242971\/","title":{"rendered":"Grenoble. La M\u00e9tropole acte la vente d\u2019Alpexpo \u00e0 la R\u00e9gion pour 7,6\u00a0millions d\u2019euros"},"content":{"rendered":"<p>Cinq ans apr\u00e8s avoir \u00e9t\u00e9 transf\u00e9r\u00e9 par la Ville \u00e0 la M\u00e9tropole de Grenoble, cette derni\u00e8re s\u2019appr\u00eate \u00e0 vendre le site d\u2019<a href=\"https:\/\/www.ledauphine.com\/p\/alpexpo\" target=\"_blank\" rel=\"noopener\">Alpexpo<\/a>. La d\u00e9cision a \u00e9t\u00e9 act\u00e9e ce vendredi lors du conseil m\u00e9tropolitain. L\u2019\u00e9quipement, install\u00e9 \u00e0 cheval sur les communes de Grenoble et Eybens, va \u00eatre vendu \u00e0 la R\u00e9gion Auvergne Rh\u00f4ne-Alpes au prix de 7\ufeff,6\u00a0millions d\u2019euros.<\/p>\n<p>De 68 \u00e0 109\u00a0millions d\u2019euros pour mettre le site aux standards actuels<\/p>\n<p>Construit pour les Jeux olympiques de 1968, le site qui est compos\u00e9 de sept b\u00e2timents pour environ 52 700m2 et d\u2019une&#8230;<\/p>\n","protected":false},"excerpt":{"rendered":"Cinq ans apr\u00e8s avoir \u00e9t\u00e9 transf\u00e9r\u00e9 par la Ville \u00e0 la M\u00e9tropole de Grenoble, cette derni\u00e8re s\u2019appr\u00eate \u00e0&hellip;\n","protected":false},"author":2,"featured_media":242972,"comment_status":"","ping_status":"","sticky":false,"template":"","format":"standard","meta":{"footnotes":""},"categories":[9566],"tags":[1111,11,2430,21751,21753,31403,34631,9600,29532,1687,12492,9852,112,113,1777,674,12390,9592,12127,1011,27,12505,2731,2732,21752,108,17480,12297,16047,3294,21293,9597,16046,38257,38258,29431,12,38259,38260,21900,29032,316,17223,25352,25,38261,275,30101,9448,9612,16045,38262,25353,16668,38263,16735,12277,104,13056,38264,24693,22780,16262,1986,35595],"class_list":{"0":"post-242971","1":"post","2":"type-post","3":"status-publish","4":"format-standard","5":"has-post-thumbnail","7":"category-grenoble","8":"tag-actu","9":"tag-actualites","10":"tag-auvergne-rhone-alpes","11":"tag-bresson","12":"tag-brie-et-angonnes","13":"tag-champ-sur-drac","14":"tag-champagnier","15":"tag-claix","16":"tag-corenc","17":"tag-culture-loisirs","18":"tag-domene","19":"tag-echirolles","20":"tag-edition-grenoble-agglomeration","21":"tag-edition-gresivaudan-oisans","22":"tag-eu","23":"tag-europe","24":"tag-eybens","25":"tag-fontaine","26":"tag-fontanil-cornillon","27":"tag-fr","28":"tag-france","29":"tag-gieres","30":"tag-grenoble","31":"tag-grenoble-bassin","32":"tag-herbeys","33":"tag-isere","34":"tag-jarrie","35":"tag-la-tronche","36":"tag-le-gua","37":"tag-le-pont-de-claix","38":"tag-le-sappey-en-chartreuse","39":"tag-meylan","40":"tag-miribel-lanchatre","41":"tag-mont-saint-martin","42":"tag-montchaboud","43":"tag-murianette","44":"tag-news","45":"tag-notre-dame-de-commiers","46":"tag-notre-dame-de-mesage","47":"tag-noyarey","48":"tag-poisat","49":"tag-politique","50":"tag-proveysieux","51":"tag-quaix-en-chartreuse","52":"tag-republique-francaise","53":"tag-saint-barthelemy-de-sechilienne","54":"tag-saint-egreve","55":"tag-saint-georges-de-commiers","56":"tag-saint-martin-dheres","57":"tag-saint-martin-le-vinoux","58":"tag-saint-paul-de-varces","59":"tag-saint-pierre-de-mesage","60":"tag-sarcenas","61":"tag-sassenage","62":"tag-sechilienne","63":"tag-seyssinet-pariset","64":"tag-seyssins","65":"tag-societe","66":"tag-varces-allieres-et-risset","67":"tag-vaulnaveys-le-bas","68":"tag-vaulnaveys-le-haut","69":"tag-venon","70":"tag-veurey-voroize","71":"tag-vif","72":"tag-vizille"},"share_on_mastodon":{"url":"","error":"Validation failed: Text character limit of 500 exceeded"},"_links":{"self":[{"href":"https:\/\/www.europesays.com\/fr\/wp-json\/wp\/v2\/posts\/242971","targetHints":{"allow":["GET"]}}],"collection":[{"href":"https:\/\/www.europesays.com\/fr\/wp-json\/wp\/v2\/posts"}],"about":[{"href":"https:\/\/www.europesays.com\/fr\/wp-json\/wp\/v2\/types\/post"}],"author":[{"embeddable":true,"href":"https:\/\/www.europesays.com\/fr\/wp-json\/wp\/v2\/users\/2"}],"replies":[{"embeddable":true,"href":"https:\/\/www.europesays.com\/fr\/wp-json\/wp\/v2\/comments?post=242971"}],"version-history":[{"count":0,"href":"https:\/\/www.europesays.com\/fr\/wp-json\/wp\/v2\/posts\/242971\/revisions"}],"wp:featuredmedia":[{"embeddable":true,"href":"https:\/\/www.europesays.com\/fr\/wp-json\/wp\/v2\/media\/242972"}],"wp:attachment":[{"href":"https:\/\/www.europesays.com\/fr\/wp-json\/wp\/v2\/media?parent=242971"}],"wp:term":[{"taxonomy":"category","embeddable":true,"href":"https:\/\/www.europesays.com\/fr\/wp-json\/wp\/v2\/categories?post=242971"},{"taxonomy":"post_tag","embeddable":true,"href":"https:\/\/www.europesays.com\/fr\/wp-json\/wp\/v2\/tags?post=242971"}],"curies":[{"name":"wp","href":"https:\/\/api.w.org\/{rel}","templated":true}]}}