{"id":242974,"date":"2025-07-11T17:27:09","date_gmt":"2025-07-11T17:27:09","guid":{"rendered":"https:\/\/www.europesays.com\/fr\/242974\/"},"modified":"2025-07-11T17:27:09","modified_gmt":"2025-07-11T17:27:09","slug":"feu-dartifice-concert-et-course-cycliste-pour-le-14-juillet","status":"publish","type":"post","link":"https:\/\/www.europesays.com\/fr\/242974\/","title":{"rendered":"feu d&rsquo;artifice, concert et course cycliste pour le 14 Juillet"},"content":{"rendered":"<p>            Par<br \/>\n        <strong><br \/>\n            <a href=\"https:\/\/actu.fr\/auteur\/redaction-jv\" title=\"Consulter tous les articles de R\u00e9daction Vitr\u00e9\" rel=\"nofollow noopener\" target=\"_blank\">R\u00e9daction Vitr\u00e9<\/a><br \/>\n        <\/strong><\/p>\n<p>        Publi\u00e9 le<\/p>\n<p>            11 juil. 2025 \u00e0 18h43        <\/p>\n<p>Le <b>Grand prix cycliste<\/b> f\u00eate ses 20 ans cette ann\u00e9e \u00e0 <b>Janz\u00e9<\/b> (Ille-et-Vilaine), dimanche 13 juillet 2025.<\/p>\n<p class=\" wall-content\">L\u2019\u00e9v\u00e8nement incontournable pour les passionn\u00e9s de courses cyclistes revient avec une \u00e9dition sp\u00e9ciale, dont le d\u00e9part et l\u2019arriv\u00e9e auront lieu \u00e0 la gare \u00e0 18h pour un circuit toujours aussi intense \u00e0 travers la ville.<\/p>\n<p>Animations d\u00e8s 16h30<\/p>\n<p class=\" wall-content\">Les festivit\u00e9s d\u00e9buteront d\u00e8s 16h30 avec des <b>animations<\/b> pour les enfants dans les rues, comprenant artistes de rue, musique et maquillage offrant un spectacle divertissant pour toute la famille.<\/p>\n<p class=\" wall-content\">Plusieurs f<b>ood-trucks<\/b> seront sur place et proposeront aux spectateurs de quoi se restaurer et se rafra\u00eechir. \u00c0 17h15, c\u2019est le d\u00e9fil\u00e9 au monument aux morts avec la <b>musique Sainte-C\u00e9cile<\/b>.<\/p>\n<p class=\" wall-content\">La course cycliste prendra le d\u00e9part \u00e0 18h de la gare. D\u00e8s 18h30, une compagnie de percussions et danses africaines animera la Place des Halles avec des rythmes entra\u00eenants.<\/p>\n<p>Vid\u00e9os : en ce moment sur Actu<\/p>\n<p class=\" wall-content\">\u00c0 20h, le concert reggae de Fayo lancera la soir\u00e9e. La soir\u00e9e se poursuivra ensuite avec un<b> feu d\u2019artifice synchronis\u00e9<\/b> en musique au Parc de l\u2019Yve, suivi d\u2019un bal populaire.<\/p>\n<p class=\" wall-content\">\u00c0 21 h 30, c\u2019est le concert de la musique Sainte-C\u00e9cile, et enfin \u00e0 23h15, le feu d\u2019artifice au Parc de l\u2019Yve suivi du bal.<\/p>\n<p class=\" wall-content\">Suivez toute l\u2019actualit\u00e9 de vos villes et m\u00e9dias favoris en vous inscrivant \u00e0 <a href=\"https:\/\/moncompte.actu.fr\" title=\"D\u00e9couvez Mon Actu\" rel=\"nofollow noopener\" data-trk=\"{&quot;cta&quot;:{&quot;action&quot;:&quot;https:\\\/\\\/moncompte.actu.fr&quot;,&quot;category&quot;:&quot;mon compte&quot;,&quot;from&quot;:&quot;article footer&quot;,&quot;name&quot;:&quot;Mon actu&quot;,&quot;type&quot;:&quot;cta&quot;}}\" target=\"_blank\">Mon Actu<\/a>.<\/p>\n<ul class=\"ac-article-tag wall-content\">\n<li><a href=\"https:\/\/actu.fr\/tag\/animations\" data-trk=\"{&quot;cta&quot;:{&quot;action&quot;:&quot;Animations&quot;,&quot;category&quot;:&quot;tag&quot;,&quot;from&quot;:&quot;article footer&quot;,&quot;name&quot;:&quot;Animations&quot;,&quot;type&quot;:&quot;cta&quot;}}\" rel=\"nofollow noopener\" target=\"_blank\">#Animations<\/a><\/li>\n<li><a href=\"https:\/\/actu.fr\/tag\/feu-dartifice\" data-trk=\"{&quot;cta&quot;:{&quot;action&quot;:&quot;Feu d&#039;artifice&quot;,&quot;category&quot;:&quot;tag&quot;,&quot;from&quot;:&quot;article footer&quot;,&quot;name&quot;:&quot;Feu d&#039;artifice&quot;,&quot;type&quot;:&quot;cta&quot;}}\" rel=\"nofollow noopener\" target=\"_blank\">#Feu d&rsquo;artifice<\/a><\/li>\n<\/ul>\n","protected":false},"excerpt":{"rendered":"Par R\u00e9daction Vitr\u00e9 Publi\u00e9 le 11 juil. 2025 \u00e0 18h43 Le Grand prix cycliste f\u00eate ses 20 ans&hellip;\n","protected":false},"author":2,"featured_media":242975,"comment_status":"","ping_status":"","sticky":false,"template":"","format":"standard","meta":{"footnotes":""},"categories":[2821],"tags":[1111,11,1063,829,1777,674,16701,1011,27,1652,12,584,25],"class_list":{"0":"post-242974","1":"post","2":"type-post","3":"status-publish","4":"format-standard","5":"has-post-thumbnail","7":"category-rennes","8":"tag-actu","9":"tag-actualites","10":"tag-animations","11":"tag-bretagne","12":"tag-eu","13":"tag-europe","14":"tag-feu-dartifice","15":"tag-fr","16":"tag-france","17":"tag-loisirs-culture","18":"tag-news","19":"tag-rennes","20":"tag-republique-francaise"},"share_on_mastodon":{"url":"https:\/\/pubeurope.com\/@fr\/114835779933828544","error":""},"_links":{"self":[{"href":"https:\/\/www.europesays.com\/fr\/wp-json\/wp\/v2\/posts\/242974","targetHints":{"allow":["GET"]}}],"collection":[{"href":"https:\/\/www.europesays.com\/fr\/wp-json\/wp\/v2\/posts"}],"about":[{"href":"https:\/\/www.europesays.com\/fr\/wp-json\/wp\/v2\/types\/post"}],"author":[{"embeddable":true,"href":"https:\/\/www.europesays.com\/fr\/wp-json\/wp\/v2\/users\/2"}],"replies":[{"embeddable":true,"href":"https:\/\/www.europesays.com\/fr\/wp-json\/wp\/v2\/comments?post=242974"}],"version-history":[{"count":0,"href":"https:\/\/www.europesays.com\/fr\/wp-json\/wp\/v2\/posts\/242974\/revisions"}],"wp:featuredmedia":[{"embeddable":true,"href":"https:\/\/www.europesays.com\/fr\/wp-json\/wp\/v2\/media\/242975"}],"wp:attachment":[{"href":"https:\/\/www.europesays.com\/fr\/wp-json\/wp\/v2\/media?parent=242974"}],"wp:term":[{"taxonomy":"category","embeddable":true,"href":"https:\/\/www.europesays.com\/fr\/wp-json\/wp\/v2\/categories?post=242974"},{"taxonomy":"post_tag","embeddable":true,"href":"https:\/\/www.europesays.com\/fr\/wp-json\/wp\/v2\/tags?post=242974"}],"curies":[{"name":"wp","href":"https:\/\/api.w.org\/{rel}","templated":true}]}}