{"id":242980,"date":"2025-07-11T17:30:12","date_gmt":"2025-07-11T17:30:12","guid":{"rendered":"https:\/\/www.europesays.com\/fr\/242980\/"},"modified":"2025-07-11T17:30:12","modified_gmt":"2025-07-11T17:30:12","slug":"la-police-lance-un-appel-a-temoins-4","status":"publish","type":"post","link":"https:\/\/www.europesays.com\/fr\/242980\/","title":{"rendered":"la police lance un appel \u00e0 t\u00e9moins"},"content":{"rendered":"<p>Adem Haili, \u00e2g\u00e9 de 24 ans et souffrant d\u2019un handicap mental, a disparu ce vendredi 11\u00a0juillet \u00e0 Strasbourg. Sa m\u00e8re a alert\u00e9 la police qui a rapidement lanc\u00e9 un appel \u00e0 t\u00e9moins.<\/p>\n<p>Le jeune homme a \u00e9t\u00e9 aper\u00e7u pour la derni\u00e8re fois vendredi 11\u00a0juillet vers 10\u00a0h\u00a045 au niveau du parc de l\u2019Orangerie \u00e0 Strasbourg. Cette personne peut sembler d\u00e9sorient\u00e9e au niveau de ses d\u00e9placements.<\/p>\n<p>  Informations \u00e0 signaler au commissariat de Strasbourg<\/p>\n<p>Il mesure 1,70 m\u00e8tre, il a les cheveux brun fonc\u00e9, coup\u00e9s court et il est de corpulence forte. Il souffre d\u2019un strabisme.<\/p>\n<p>Au moment de sa disparition, il portait un t-shirt sombre avec une bande blanche horizontale \u00e0 l\u2019avant, un pantacourt gris, des lunettes et des baskets noires, ainsi qu\u2019une casquette verte.<\/p>\n<p>Toute personne d\u00e9tenant des informations permettant de le localiser est pri\u00e9e d\u2019appeler imm\u00e9diatement le commissariat de Strasbourg au 03\u00a090\u00a023\u00a016\u00a070 ou le 03\u00a090\u00a023\u00a014\u00a030 ou de composer le 17.<\/p>\n","protected":false},"excerpt":{"rendered":"Adem Haili, \u00e2g\u00e9 de 24 ans et souffrant d\u2019un handicap mental, a disparu ce vendredi 11\u00a0juillet \u00e0 Strasbourg.&hellip;\n","protected":false},"author":2,"featured_media":242981,"comment_status":"","ping_status":"","sticky":false,"template":"","format":"standard","meta":{"footnotes":""},"categories":[2820],"tags":[1111,11,2389,2649,3676,2880,1777,674,274,107,1011,27,775,12,25,640,2879],"class_list":{"0":"post-242980","1":"post","2":"type-post","3":"status-publish","4":"format-standard","5":"has-post-thumbnail","7":"category-strasbourg","8":"tag-actu","9":"tag-actualites","10":"tag-alsace","11":"tag-bas-rhin","12":"tag-disparition-inquietante","13":"tag-edition-strasbourg","14":"tag-eu","15":"tag-europe","16":"tag-faits-divers-justice","17":"tag-fil-info","18":"tag-fr","19":"tag-france","20":"tag-grand-est","21":"tag-news","22":"tag-republique-francaise","23":"tag-strasbourg","24":"tag-strasbourg-ville"},"share_on_mastodon":{"url":"https:\/\/pubeurope.com\/@fr\/114835791734979160","error":""},"_links":{"self":[{"href":"https:\/\/www.europesays.com\/fr\/wp-json\/wp\/v2\/posts\/242980","targetHints":{"allow":["GET"]}}],"collection":[{"href":"https:\/\/www.europesays.com\/fr\/wp-json\/wp\/v2\/posts"}],"about":[{"href":"https:\/\/www.europesays.com\/fr\/wp-json\/wp\/v2\/types\/post"}],"author":[{"embeddable":true,"href":"https:\/\/www.europesays.com\/fr\/wp-json\/wp\/v2\/users\/2"}],"replies":[{"embeddable":true,"href":"https:\/\/www.europesays.com\/fr\/wp-json\/wp\/v2\/comments?post=242980"}],"version-history":[{"count":0,"href":"https:\/\/www.europesays.com\/fr\/wp-json\/wp\/v2\/posts\/242980\/revisions"}],"wp:featuredmedia":[{"embeddable":true,"href":"https:\/\/www.europesays.com\/fr\/wp-json\/wp\/v2\/media\/242981"}],"wp:attachment":[{"href":"https:\/\/www.europesays.com\/fr\/wp-json\/wp\/v2\/media?parent=242980"}],"wp:term":[{"taxonomy":"category","embeddable":true,"href":"https:\/\/www.europesays.com\/fr\/wp-json\/wp\/v2\/categories?post=242980"},{"taxonomy":"post_tag","embeddable":true,"href":"https:\/\/www.europesays.com\/fr\/wp-json\/wp\/v2\/tags?post=242980"}],"curies":[{"name":"wp","href":"https:\/\/api.w.org\/{rel}","templated":true}]}}