{"id":242985,"date":"2025-07-11T17:33:22","date_gmt":"2025-07-11T17:33:22","guid":{"rendered":"https:\/\/www.europesays.com\/fr\/242985\/"},"modified":"2025-07-11T17:33:22","modified_gmt":"2025-07-11T17:33:22","slug":"drag-race-marche-exposition-que-faire-a-nantes-ce-week-end-voici-nos-idees-de-sorties-gratuites","status":"publish","type":"post","link":"https:\/\/www.europesays.com\/fr\/242985\/","title":{"rendered":"Drag Race, march\u00e9, exposition&#8230; Que faire \u00e0 Nantes ce week-end ? Voici nos id\u00e9es de sorties gratuites"},"content":{"rendered":"<p>            Par<br \/>\n        <strong><br \/>\n            <a href=\"https:\/\/actu.fr\/auteur\/clemence-pays02-actu-fr\" title=\"Consulter tous les articles de Cl\u00e9mence Pays\" target=\"_blank\" rel=\"noopener\">Cl\u00e9mence Pays<\/a><br \/>\n        <\/strong><\/p>\n<p>        Publi\u00e9 le<\/p>\n<p>            11 juil. 2025 \u00e0 18h28        <\/p>\n<p>La fin de semaine approche et avec elle d\u00e9marre un week-end prolong\u00e9 pour les plus chanceux. \u00c0 Nantes, de nombreuses animations sont organis\u00e9es \u00e0 l\u2019occasion du week-end du 14-Juillet. La r\u00e9daction vous propose de d\u00e9couvrir et de participer \u00e0 <strong>six \u00e9v\u00e9nements gratuits,<\/strong> organis\u00e9s du vendredi\u00a011 au lundi 14\u00a0juillet 2025.<\/p>\n<p>Participer \u00e0 un festival d\u2019arts de la rue<\/p>\n<p class=\" wall-content\">Jeudi s\u2019est ouverte la quatri\u00e8me \u00e9dition du festival des arts de la rue <strong>Rebonds.<\/strong> Cette ann\u00e9e, Nantaises et Nantais sont invit\u00e9s \u00e0 traverser le <strong>quartier Dalby<\/strong> guid\u00e9s par les compagnies La D\u00e9bordante, Qualit\u00e9 Street, La Colombe enrag\u00e9e, La M\u00e9andre, Akalmie Celsius, le collectif Grand dehors, et les musiciens Ghassen Chiba et TedaAk.<\/p>\n<blockquote class=\"ac-article-quote wall-content\">\n<p>Rebonds, c\u2019est un parcours qui se d\u00e9ploie dans la ville, une mani\u00e8re de red\u00e9couvrir son quartier, de s\u2019\u00e9vader ou de cogiter gr\u00e2ce \u00e0 des propositions artistiques pens\u00e9es pour l\u2019espace public.<\/p>\n<p>    <strong>Association Interstices<\/strong>\n            <\/p><\/blockquote>\n<p class=\" wall-content\"><strong>Danse, th\u00e9\u00e2tre radiophonique, concert acrobatique<\/strong> ou encore <strong>musique<\/strong> sont \u00e0 d\u00e9couvrir jusqu\u2019\u00e0 dimanche.<\/p>\n<p class=\" wall-content\"><a href=\"https:\/\/www.instagram.com\/p\/DJ2UwpFMyLN\/embed\" title=\"Ouvrir le lien sur Instagram\" target=\"_blank\" rel=\"noopener\">Visualiser le contenu sur Instagram<\/a><\/p>\n<p>Rebonds, du jeudi\u00a010 au dimanche 13\u00a0juillet, quartier Dalby (multisites), \u00e0 Nantes. Gratuit. La programmation compl\u00e8te est \u00e0 retrouver <a href=\"https:\/\/www.calameo.com\/read\/007109892d850d503d919?fbclid=IwY2xjawLcpI5leHRuA2FlbQIxMABicmlkETFaZWc5TEFzM1lWTkZ3R2hZAR75qtzZcEOdrIh1gTcMUXWyIRlPNI3ZC3_ndb3W5pQHy9L6TBqrlbEosnv5aQ_aem_5x9YvkQLrC9Y1HHQpOReWg\" target=\"_blank\" rel=\"noopener\">en cliquant ici<\/a>.D\u00e9couvrir la nouvelle saison de Drag Race<\/p>\n<p class=\" wall-content\"><a href=\"https:\/\/actu.fr\/ile-de-france\/paris_75056\/casting-nouvelle-regle-jury-tout-ce-qu-il-y-a-a-savoir-sur-l-edition-all-stars-de-drag-race-france-2025_62758607.html\" target=\"_blank\" rel=\"noopener\">Drag Race France fait son retour sur les antennes de France T\u00e9l\u00e9visions<\/a> avec une \u00e9dition \u00ab\u2009All Stars\u2009\u00bb. \u00c0 cette occasion, la brasserie Les Brass\u00e9s va <strong>diffuser le premier \u00e9pisode<\/strong> de cette nouvelle saison.<\/p>\n<p class=\" wall-content\">L\u2019occasion de (re) d\u00e9couvrir<strong> dix queens <\/strong>qui ont marqu\u00e9 les trois premi\u00e8res saisons de l\u2019\u00e9mission.<\/p>\n<p class=\" wall-content\"><a href=\"https:\/\/www.instagram.com\/p\/DLaPR2INotw\/embed\" title=\"Ouvrir le lien sur Instagram\" target=\"_blank\" rel=\"noopener\">Visualiser le contenu sur Instagram<\/a><\/p>\n<p>Drag Race All Stars, viewing \u00e9pisode 1, vendredi 11\u00a0juillet, d\u00e8s 19h30, au restaurant Les Brass\u00e9s, 5, mail Pablo-Picasso, Nantes.<\/p>\n<p>Grimper dans les arbres<\/p>\n<p class=\" wall-content\"><strong>La Cambuse,<\/strong> guinguette install\u00e9e le long de la S\u00e8vre, \u00e0 Pirmil, organise une activit\u00e9 originale, samedi.<\/p>\n<p class=\" wall-content\">Avec l\u2019association Escapades branch\u00e9es, les volontaires seront invit\u00e9s \u00e0 d\u00e9couvrir une <strong>m\u00e9thode de grimpe dans les arbres, le long d\u2019une corde,<\/strong> \u00ab\u00a0pour pouvoir, apr\u00e8s un petit effort, contempler les arbres, la S\u00e8vre et La Cambuse, en prenant un peu plus de hauteur.<\/p>\n<p>Grimpe dans les arbres de La Cambuse, samedi 12\u00a0juillet, de 16h \u00e0 20h, \u00e0 La Cambuse, berge Sellier Goudy, Nantes. Gratuit. Chaussures adapt\u00e9es pr\u00e9conis\u00e9es.<\/p>\n<p>D\u00e9couvrir l\u2019exposition In Silentio<\/p>\n<p class=\" wall-content\">Jusqu\u2019au dimanche 31\u00a0ao\u00fbt, <strong>l\u2019exposition In Silentio<\/strong> est \u00e0 d\u00e9couvrir au Lieu unique.<\/p>\n<blockquote class=\"ac-article-quote wall-content\">\n<p>Qu\u2019est ce qui s\u2019exprime dans le silence ? Qu\u2019est-ce qui se dit, et ne se dit pas, devant les sculptures textiles de Jeanne Vicerial, des figures puissantes et \u00e9nigmatiques, qui viennent \u00e0 nous comme des sentinelles fi\u00e8res et mutiques ?<\/p>\n<p>    <strong>Lieu unique<\/strong>\n            <\/p><\/blockquote>\n<p class=\" wall-content\">Cette exposition est \u00ab\u2009l\u2019histoire d\u2019une rencontre entre la plasticienne tisseuse<strong> Jeanne Vicerial<\/strong> et l\u2019autrice philosophe <strong>Claire Marin\u2009\u00bb.<\/strong><\/p>\n<p>In Silentio, jusqu\u2019au dimanche 31\u00a0ao\u00fbt, du mardi au dimanche, de 12h \u00e0 19h, au Lieu unique, quai Ferdinand-Favre, Nantes. Entr\u00e9e libre.<\/p>\n<p>Fl\u00e2ner au Super march\u00e9 estival<\/p>\n<p class=\" wall-content\">Le <strong>Super March\u00e9<\/strong> revient en 2025, cette fois-ci \u00e0 <a href=\"https:\/\/actu.fr\/pays-de-la-loire\/nantes_44109\/nantes-le-restaurant-bar-la-cantine-du-voyage-fait-son-retour-en-avril_62462224.html\" target=\"_blank\" rel=\"noopener\">La Cantine du Voyage<\/a>, \u00ab\u2009pour une \u00e9dition estivale haute en couleurs\u2009\u00bb.<\/p>\n<blockquote class=\"ac-article-quote wall-content\">\n<p>Ce projet nantais o\u00f9 la convivialit\u00e9 et la qualit\u00e9 sont essentielles continue de se r\u00e9inventer \u00e0 chaque \u00e9dition pour vous faire d\u00e9couvrir de nouveaux acteurs locaux.<\/p>\n<p>    <strong>Le Super March\u00e9<\/strong>\n            <\/p><\/blockquote>\n<p class=\" wall-content\">Une<strong> vingtaine d\u2019exposants,<\/strong> un atelier et des <strong>DJ sets<\/strong> seront pr\u00e9sents durant cette journ\u00e9e d\u00e9di\u00e9e au <strong>shopping local et raisonn\u00e9<\/strong> \u00ab\u2009o\u00f9 les achats ne se font pas sans \u00e9change\u2009\u00bb.<\/p>\n<p class=\" wall-content\"><a href=\"https:\/\/www.instagram.com\/p\/DK2Mm5It0Sw\/embed\" title=\"Ouvrir le lien sur Instagram\" target=\"_blank\" rel=\"noopener\">Visualiser le contenu sur Instagram<\/a><\/p>\n<p>Le Super March\u00e9, dimanche 13\u00a0juillet, de 11h \u00e0 20h, \u00e0 La Cantine du Voyage \u00e0 Nantes, 20 quai des Antilles \u00e0 Nantes. Entr\u00e9e gratuite. Restauration possible sur place.<\/p>\n<p>Assister au feu d\u2019artifice<\/p>\n<p class=\" wall-content\">En ce week-end prolong\u00e9, on f\u00eate le 14-Juillet. \u00c0 cette occasion, le<strong> bal des pompiers<\/strong> se tiendra dimanche.<\/p>\n<p class=\" wall-content\">Le traditionnel <strong>feu d\u2019artifice<\/strong> aura lieu lundi. Il sera tir\u00e9 depuis le pont Tbilissi et visible aux abords du canal Saint-F\u00e9lix, \u00e0 partir de 23h.<\/p>\n<p class=\" wall-content\">Pour retrouver les <strong>animations pr\u00e9vues dans la m\u00e9tropole,<\/strong> n\u2019h\u00e9sitez pas \u00e0 consulter <a href=\"https:\/\/actu.fr\/pays-de-la-loire\/nantes_44109\/feu-d-artifice-bals-animations-ce-qui-est-prevu-pour-le-14-juillet-a-nantes_62849444.html\" target=\"_blank\" rel=\"noopener\">notre article d\u00e9di\u00e9<\/a>.<\/p>\n<p class=\" wall-content\">Suivez toute l\u2019actualit\u00e9 de vos villes et m\u00e9dias favoris en vous inscrivant \u00e0 <a href=\"https:\/\/moncompte.actu.fr\" title=\"D\u00e9couvez Mon Actu\" rel=\"nofollow noopener\" data-trk=\"{&quot;cta&quot;:{&quot;action&quot;:&quot;https:\\\/\\\/moncompte.actu.fr&quot;,&quot;category&quot;:&quot;mon compte&quot;,&quot;from&quot;:&quot;article footer&quot;,&quot;name&quot;:&quot;Mon actu&quot;,&quot;type&quot;:&quot;cta&quot;}}\" target=\"_blank\">Mon Actu<\/a>.<\/p>\n<p>                    <script async src=\"\/\/www.instagram.com\/embed.js\"><\/script><\/p>\n","protected":false},"excerpt":{"rendered":"Par Cl\u00e9mence Pays Publi\u00e9 le 11 juil. 2025 \u00e0 18h28 La fin de semaine approche et avec elle&hellip;\n","protected":false},"author":2,"featured_media":242986,"comment_status":"","ping_status":"","sticky":false,"template":"","format":"standard","meta":{"footnotes":""},"categories":[2818],"tags":[1111,11,1063,26643,1777,674,16701,1011,27,766,12,2636,25,104],"class_list":{"0":"post-242985","1":"post","2":"type-post","3":"status-publish","4":"format-standard","5":"has-post-thumbnail","7":"category-nantes","8":"tag-actu","9":"tag-actualites","10":"tag-animations","11":"tag-drag-race-france","12":"tag-eu","13":"tag-europe","14":"tag-feu-dartifice","15":"tag-fr","16":"tag-france","17":"tag-nantes","18":"tag-news","19":"tag-pays-de-la-loire","20":"tag-republique-francaise","21":"tag-societe"},"share_on_mastodon":{"url":"https:\/\/pubeurope.com\/@fr\/114835803578804895","error":""},"_links":{"self":[{"href":"https:\/\/www.europesays.com\/fr\/wp-json\/wp\/v2\/posts\/242985","targetHints":{"allow":["GET"]}}],"collection":[{"href":"https:\/\/www.europesays.com\/fr\/wp-json\/wp\/v2\/posts"}],"about":[{"href":"https:\/\/www.europesays.com\/fr\/wp-json\/wp\/v2\/types\/post"}],"author":[{"embeddable":true,"href":"https:\/\/www.europesays.com\/fr\/wp-json\/wp\/v2\/users\/2"}],"replies":[{"embeddable":true,"href":"https:\/\/www.europesays.com\/fr\/wp-json\/wp\/v2\/comments?post=242985"}],"version-history":[{"count":0,"href":"https:\/\/www.europesays.com\/fr\/wp-json\/wp\/v2\/posts\/242985\/revisions"}],"wp:featuredmedia":[{"embeddable":true,"href":"https:\/\/www.europesays.com\/fr\/wp-json\/wp\/v2\/media\/242986"}],"wp:attachment":[{"href":"https:\/\/www.europesays.com\/fr\/wp-json\/wp\/v2\/media?parent=242985"}],"wp:term":[{"taxonomy":"category","embeddable":true,"href":"https:\/\/www.europesays.com\/fr\/wp-json\/wp\/v2\/categories?post=242985"},{"taxonomy":"post_tag","embeddable":true,"href":"https:\/\/www.europesays.com\/fr\/wp-json\/wp\/v2\/tags?post=242985"}],"curies":[{"name":"wp","href":"https:\/\/api.w.org\/{rel}","templated":true}]}}