{"id":243005,"date":"2025-07-11T17:43:21","date_gmt":"2025-07-11T17:43:21","guid":{"rendered":"https:\/\/www.europesays.com\/fr\/243005\/"},"modified":"2025-07-11T17:43:21","modified_gmt":"2025-07-11T17:43:21","slug":"rhone-que-faire-ce-week-end-nos-bons-plans-dans-lest-lyonnais-2","status":"publish","type":"post","link":"https:\/\/www.europesays.com\/fr\/243005\/","title":{"rendered":"Rh\u00f4ne. Que faire ce week-end\u00a0? Nos bons plans dans l\u2019Est Lyonnais"},"content":{"rendered":"<p>  \u00c0 Bron, un spectacle de drones en musique<\/p>\n<p>Ce samedi \u00e0 22\u00a0heures, rendez-vous \u00e0 l\u2019hippodrome de Parilly pour un concert en plein air. L\u00e0 o\u00f9 la musique classique rencontre l\u2019art avant-gardiste des drones. Pour se laisser envo\u00fbter par la magie des Quatre Saisons , du Lac des cygnes et bien d\u2019autres chefs-d\u2019\u0153uvre, sublim\u00e9s par une spectaculaire chor\u00e9graphie lumineuse dans le ciel, orchestr\u00e9e par plus de 500 drones.<\/p>\n<p class=\"note\">D\u00e9but du spectacle\u00a0: 22 heures, ouverture des portes\u00a0: 20 heures.\u00a0<br \/>Dur\u00e9e\u00a0: 65 minutes. Ce samedi \u00e0 l\u2019hippodrome de Parilly. Tarifs\u00a0: 56 -42\u00a0\u20ac.<\/p>\n<p>Le rendez-vous de l\u2019\u00e9t\u00e9 est de retour pour sa 27e \u00e9dition. Ce week-end, le festival des F\u00eates Escales prendra place dans le parc Louis-Dupic, \u00e0 V\u00e9nissieux, pour trois jours de musique et de festivit\u00e9s.<\/p>\n<p>\u00ab\u00a0Comme \u00e0 notre habitude, on vous pr\u00e9voit un festival gratuit, \u00e9clectique, et g\u00e9n\u00e9reux\u00a0: du rap, des musiques du monde, des animations et trois jours de f\u00eate et de convivialit\u00e9\u00a0\u00bb, annoncent les organisateurs. Au programme samedi, Daymen, F\u00e9f\u00e9 et Carbonne. Dimanche, An\u2019Pagay, Gnawa Diffusion et Flavia Coelho. Lundi, Bestioles Blues Bazar, Ablab\u00f4ye, Commandant Coustou, la dict\u00e9e de l\u2019Espace Pandora, pique-nique, jeux en bois et ap\u00e9ritif. Food trucks et buvettes associatives sur place.<\/p>\n<p class=\"note\">Samedi de 19 \u00e0 23\u00a0heures. Dimanche\u00a0de 18\u00a0h \u00e0 minuit. Parc Louis-Dupic, 5\u00a0avenue Marcel-Hou\u00ebl, V\u00e9nissieux.<\/p>\n<p>Organis\u00e9 par le Grand Parc Miribel Jonage, \u201cLivres \u00e0 l\u2019eau\u201d propose un salon de lecture pour tous, d\u00e8s 3 ans, en famille.<\/p>\n<p>Une biblioth\u00e8que hors-les-murs, donc, dynamis\u00e9e par les animatrices avec une s\u00e9lection de livres, BD, mangas, magazines et presses quotidiennes.<\/p>\n<p>Un salon de lecture en plein air rythm\u00e9 par des animations et des spectacles autour de la th\u00e9matique des animaux (extra) ordinaires.<\/p>\n<p class=\"note\">Plage du Fontanil, chemin de la Bletta, Vaulx-en-Velin.<\/p>\n","protected":false},"excerpt":{"rendered":"\u00c0 Bron, un spectacle de drones en musique Ce samedi \u00e0 22\u00a0heures, rendez-vous \u00e0 l\u2019hippodrome de Parilly pour&hellip;\n","protected":false},"author":2,"featured_media":243006,"comment_status":"","ping_status":"","sticky":false,"template":"","format":"standard","meta":{"footnotes":""},"categories":[1889],"tags":[1111,11,2430,9492,12890,1687,3152,1777,674,1011,27,2428,12,25],"class_list":{"0":"post-243005","1":"post","2":"type-post","3":"status-publish","4":"format-standard","5":"has-post-thumbnail","7":"category-lyon","8":"tag-actu","9":"tag-actualites","10":"tag-auvergne-rhone-alpes","11":"tag-bron","12":"tag-bron-ville","13":"tag-culture-loisirs","14":"tag-edition-est-lyonnais","15":"tag-eu","16":"tag-europe","17":"tag-fr","18":"tag-france","19":"tag-lyon","20":"tag-news","21":"tag-republique-francaise"},"share_on_mastodon":{"url":"https:\/\/pubeurope.com\/@fr\/114835842947104650","error":""},"_links":{"self":[{"href":"https:\/\/www.europesays.com\/fr\/wp-json\/wp\/v2\/posts\/243005","targetHints":{"allow":["GET"]}}],"collection":[{"href":"https:\/\/www.europesays.com\/fr\/wp-json\/wp\/v2\/posts"}],"about":[{"href":"https:\/\/www.europesays.com\/fr\/wp-json\/wp\/v2\/types\/post"}],"author":[{"embeddable":true,"href":"https:\/\/www.europesays.com\/fr\/wp-json\/wp\/v2\/users\/2"}],"replies":[{"embeddable":true,"href":"https:\/\/www.europesays.com\/fr\/wp-json\/wp\/v2\/comments?post=243005"}],"version-history":[{"count":0,"href":"https:\/\/www.europesays.com\/fr\/wp-json\/wp\/v2\/posts\/243005\/revisions"}],"wp:featuredmedia":[{"embeddable":true,"href":"https:\/\/www.europesays.com\/fr\/wp-json\/wp\/v2\/media\/243006"}],"wp:attachment":[{"href":"https:\/\/www.europesays.com\/fr\/wp-json\/wp\/v2\/media?parent=243005"}],"wp:term":[{"taxonomy":"category","embeddable":true,"href":"https:\/\/www.europesays.com\/fr\/wp-json\/wp\/v2\/categories?post=243005"},{"taxonomy":"post_tag","embeddable":true,"href":"https:\/\/www.europesays.com\/fr\/wp-json\/wp\/v2\/tags?post=243005"}],"curies":[{"name":"wp","href":"https:\/\/api.w.org\/{rel}","templated":true}]}}