{"id":243011,"date":"2025-07-11T17:46:10","date_gmt":"2025-07-11T17:46:10","guid":{"rendered":"https:\/\/www.europesays.com\/fr\/243011\/"},"modified":"2025-07-11T17:46:10","modified_gmt":"2025-07-11T17:46:10","slug":"opinion-un-veritable-delit-de-non-assistance-a-franciliens-en-danger-florence-portelli-maire-de-taverny-et-1000-elus-de-la-region-parisienne","status":"publish","type":"post","link":"https:\/\/www.europesays.com\/fr\/243011\/","title":{"rendered":"OPINION. \u00ab Un ve\u0301ritable de\u0301lit de non-assistance a\u0300 Franciliens en danger \u00bb, Florence Portelli, maire de Taverny et 1000 \u00e9lus de la r\u00e9gion parisienne"},"content":{"rendered":"<p><strong>PREMIERS SIGNATAIRES :<\/strong><\/p>\n<ul>\n<li>FLORENCE PORTELLI, MAIRE DE TAVERNY, VICE-PRESIDENTE DE L&rsquo;AMF, 1ERE VICE-PRESIDENTE DE LA REGION I\u0302LE-DE-FRANCE, PRESIDENTE DU GROUPE I\u0302LE-DE-FRANCE RASSEMBLEE.<\/li>\n<li>JEAN-FRANC\u0327OIS VIGIER, MAIRE DE BURES-SUR-YVETTE, VICE-PRESIDENT DE L&rsquo;AMF, CONSEILLER REGIONAL D&rsquo;I\u0302LE-DE-FRANCE, PRESIDENT DU GROUPE UDI.<\/li>\n<li>FREDERIC PE\u0301CHENARD, VICE-PRESIDENT DE LA REGION I\u0302LE-DE-FRANCE.<\/li>\n<li>STEPHANE BEAUDET, MAIRE D&rsquo;E\u0301VRY-COURCOURONNES, VICE-PRESIDENT DE LA REGION I\u0302LE-<\/li>\n<li>DE-FRANCE.<\/li>\n<li>JEAN-MARIE VILAIN, MAIRE DE VIRY-CHATILLON, CONSEILLER R\u00c9GIONAL D&rsquo;ILE-DE-FRANCE ET<\/li>\n<li>PR\u00c9SIDENT DE LA COMMISSION SECURITE.<\/li>\n<li>BRUNO BESCHIZZA, MAIRE D&rsquo;AULNAY-SOUS-BOIS, CONSEILLER R\u00c9GIONAL D&rsquo;ILE-DE-FRANCE.<\/li>\n<\/ul>\n<p><strong>D\u00c9PUT\u00c9S<\/strong> :<\/p>\n<ul>\n<li>JEAN-LOUIS THIERIOT, ANCIEN MINISTRE, D\u00c9PUT\u00c9 DE LA 3EME CIRCONSCRIPTION DE SEINE-ET-<\/li>\n<li>MARNE<\/li>\n<li>JEAN-DIDIER BERGER, DEPUTE DE LA 12EME CIRCONSCRIPTION DES HAUTS-DE-SEINE<\/li>\n<li>SYLVAIN BERRIOS, D\u00c9PUT\u00c9 DE LA 1ERE CIRCONSCRIPTION DU VAL-DE-MARNE<\/li>\n<li>VINCENT JEANBRUN, D\u00c9PUT\u00c9 DE LA 3EME CIRCONSCRIPTION DU VAL-DE-MARNE<\/li>\n<li>PHILIPPE JUVIN, D\u00c9PUT\u00c9 DE LA 3EME CIRCONSCRIPTION DES HAUTS-DE-SEINE<\/li>\n<li>THOMAS LAM, D\u00c9PUT\u00c9 DE LA 2EME CIRCONSCRIPTION DES HAUTS-DE-SEINE<\/li>\n<li>LAURENT MAZAURY, D\u00c9PUT\u00c9 DE LA 11EME CIRCONSCRIPTION DES YVELINES<\/li>\n<li>KARL OLIVE, D\u00c9PUT\u00c9 DE LA 12EME CIRCONSCRIPTION DES YVELINES<\/li>\n<\/ul>\n<p><strong>SENATEURS :<\/strong><\/p>\n<ul>\n<li>ROGER KAROUTCHI, ANCIEN MINISTRE, S\u00c9NATEUR DES HAUTS-DE-SEINE<\/li>\n<li>ANNE CHAIN-LARCH\u00c9, VICE-PR\u00c9SIDENTE DU S\u00c9NAT, S\u00c9NATRICE DE LA SEINE-ET-MARNE<\/li>\n<li>MARIE-DO AESCHLIMANN, S\u00c9NATRICE DES HAUTS DE SEINE<\/li>\n<li>ARNAUD BAZIN, S\u00c9NATEUR DU VAL-D&rsquo;OISE<\/li>\n<li>CHRISTIAN CAMBON, S\u00c9NATEUR DU VAL-DE-MARNE<\/li>\n<li>MARTA DE CIDRAC, S\u00c9NATRICE DES YVELINES<\/li>\n<li>MARIE-CAROLE CIUNTU, S\u00c9NATRICE DU VAL-DE-MARNE<\/li>\n<li>PIERRE CUYPERS, S\u00c9NATEUR DE LA SEINE-ET-MARNE<\/li>\n<li>LAURE DARCOS, S\u00c9NATRICE DE L&rsquo;ESSONNE<\/li>\n<li>ERIC DUMOULIN, S\u00c9NATEUR DES YVELINES<\/li>\n<li>JACQUELINE EUSTACHE-BRINIO, S\u00c9NATRICE DU VAL-D&rsquo;OISE<\/li>\n<li>AGNES EVREN, S\u00c9NATRICE DE PARIS<\/li>\n<li>DANIEL FARGEOT, S\u00c9NATEUR DU VAL D&rsquo;OISE<\/li>\n<li>JEAN-RAYMOND HUGONET, SENATEUR DE L&rsquo;ESSONNE<\/li>\n<li>CHRISTINE LAVARDE, S\u00c9NATEUR DES HAUTS-DE-SEINE<\/li>\n<li>THIERRY MEIGNEN, S\u00c9NATEUR DE LA SEINE-SAINT-DENIS<\/li>\n<\/ul>\n<p><strong>PR\u00c9SIDENTS CONSEILS D\u00c9PARTEMENTAUX :<\/strong><\/p>\n<p>&#8211; OLIVIER CAPITANIO, PR\u00c9SIDENT DU CONSEIL D\u00c9PARTEMENTAL DU VAL-DE-MARNE<br \/>&#8211; MARIE-CHRISTINE CAVECCHI, PR\u00c9SIDENTE DU CONSEIL D\u00c9PARTEMENTAL DU VAL-D&rsquo;OISE<br \/>&#8211; FRANC\u0327OIS DUROVRAY, PRESIDENT DU CONSEIL DEPARTEMENTAL DE L&rsquo;ESSONNE<br \/>&#8211; JEAN-FRANC\u0327OIS PARIGI, PRESIDENT DU CONSEIL DEPARTEMENTAL DE LA SEINE-ET-MARNE &#8211; GEORGES SIFFREDI, PRESIDENT DU CONSEIL DEPARTEMENTAL DES HAUTS-DE-SEINE<\/p>\n<p><strong>EX\u00c9CUTIF R\u00c9GIONAL :<\/strong><\/p>\n<p>&#8211; GEOFFROY DIDIER, PR\u00c9SIDENT D\u00c9L\u00c9GU\u00c9 ET PORTE-PAROLE<br \/>&#8211; OTHMAN NASROU, ANCIEN MINISTRE, VICE-PRESIDENT DU CONSEIL REGIONAL D&rsquo;I\u0302LE-DE-<\/p>\n<p>FRANCE<br \/>&#8211; ALEXANDRA DUBLANCHE, VICE-PRESIDENTE DU CONSEIL REGIONAL D&rsquo;I\u0302LE-DE-FRANCE<br \/>&#8211; JEAN-PHILIPPE DUGOIN-CLEMENT, VICE-PRESIDENT DU CONSEIL REGIONAL D&rsquo;I\u0302LE-DE-FRANCE &#8211; FARIDA ADLANI, VICE-PRESIDENTE DU CONSEIL REGIONAL D&rsquo;I\u0302LE-DE-FRANCE<br \/>&#8211; PATRICK KARAM, VICE-PRESIDENT DU CONSEIL REGIONAL D&rsquo;I\u0302LE-DE-FRANCE<br \/>&#8211; YANN WEHRLING, VICE-PRESIDENT DU CONSEIL REGIONAL D&rsquo;I\u0302LE-DE-FRANCE<br \/>&#8211; GREGOIRE DE LASTEYRIE, VICE-PRESIDENT DU CONSEIL REGIONAL D&rsquo;I\u0302LE-DE-FRANCE<br \/>&#8211; SYLVIE MARIAUD, VICE-PRESIDENTE DU CONSEIL REGIONAL D&rsquo;I\u0302LE-DE-FRANCE<br \/>&#8211; CHRYSTEL ROYER, VICE-PRESIDENTE DU CONSEIL REGIONAL D&rsquo;I\u0302LE-DE-FRANCE<br \/>&#8211; VALERIE LACROUTE, VICE-PRESIDENTE DU CONSEIL REGIONAL D&rsquo;I\u0302LE-DE-FRANCE<br \/>&#8211; JAMES CHERON, VICE-PRESIDENT DU CONSEIL REGIONAL D&rsquo;I\u0302LE-DE-FRANCE<br \/>&#8211; YASMINE CAMARA, VICE-PRESIDENTE DU CONSEIL REGIONAL D&rsquo;I\u0302LE-DE-FRANCE<\/p>\n<p>CONSEILLERS R\u00c9GIONAUX :<br \/>&#8211; MAXENCE ANSEL, CONSEILL\u00c8RE R\u00c9GIONALE<br \/>&#8211; CHARLOTTE BAELDE, CONSEILL\u00c8RE R\u00c9GIONALE<br \/>&#8211; VINCENT BEDU, CONSEILLER R\u00c9GIONAL<br \/>&#8211; GYPSIE BLOCH, CONSEILL\u00c8RE R\u00c9GIONALE<br \/>&#8211; OLIVIER BLOND, CONSEILLER R\u00c9GIONAL<br \/>&#8211; JACK-YVES BOHBOT, CONSEILLER R\u00c9GIONAL<br \/>&#8211; ALIX BOUGERET, CONSEILL\u00c8RE R\u00c9GIONALE<br \/>&#8211; PHILIPPE BOURIACHI, CONSEILLER R\u00c9GIONAL<br \/>&#8211; MURIELLE BOURREAU, CONSEILL\u00c8RE R\u00c9GIONALE<br \/>&#8211; ANNE CABRIT, CONSEILL\u00c8RE R\u00c9GIONALE<br \/>&#8211; SYLVIE CARILLON, CONSEILL\u00c8RE R\u00c9GIONALE<br \/>&#8211; GEOFFREY CARVALHINHO, CONSEILLER R\u00c9GIONAL<br \/>&#8211; BENOIT CHEVRON, CONSEILLER R\u00c9GIONAL<br \/>&#8211; JESSIE CLAUDE, CONSEILL\u00c8RE R\u00c9GIONALE<br \/>&#8211; DANIEL-GEORGES COURTOIS, CONSEILLER R\u00c9GIONAL<br \/>&#8211; MATHIEU CUIP, CONSEILLER R\u00c9GIONAL<br \/>&#8211; EMMANUELLE DAUVERGNE, CONSEILL\u00c8RE R\u00c9GIONALE<br \/>&#8211; SOPHIE DESCHIENS, CONSEILL\u00c8RE R\u00c9GIONALE<br \/>&#8211; E\u0301LODIE DUCROHET, CONSEILLERE REGIONALE<br \/>&#8211; JEAN-LOUIS DURAND, CONSEILLER R\u00c9GIONAL<br \/>&#8211; S\u00c9BASTIEN EYCHENNE, CONSEILLER R\u00c9GIONAL<br \/>&#8211; HUGUETTE FOUCHE\u0301, CONSEILLERE REGIONALE<br \/>&#8211; DENIS GABRIEL, CONSEILLER R\u00c9GIONAL<br \/>&#8211; NELLY GARNIER, CONSEILL\u00c8RE R\u00c9GIONALE<br \/>&#8211; ELISE GONZALES, CONSEILLERE REGIONALE<br \/>&#8211; THOMAS GOURLAN, CONSEILLER R\u00c9GIONAL<br \/>&#8211; AURELIE GROS, CONSEILL\u00c8RE R\u00c9GIONALE<br \/>&#8211; SEBASTIEN GUERIN, CONSEILLER R\u00c9GIONAL<br \/>&#8211; SYLVIE HABERT-DUPUIS, CONSEILL\u00c8RE R\u00c9GIONALE<br \/>&#8211; NASSERA HAMZA, CONSEILL\u00c8RE R\u00c9GIONALE<br \/>&#8211; THIERRY HEBBRECHT, CONSEILLER R\u00c9GIONAL<br \/>&#8211; GERARD HEBERT, CONSEILLER R\u00c9GIONAL<br \/>&#8211; FATEN HIDRI, CONSEILL\u00c8RE R\u00c9GIONALE<br \/>&#8211; MARION JACOB-CHAILLET, CONSEILL\u00c8RE R\u00c9GIONALE<br \/>&#8211; BENOIT JIMENEZ, CONSEILLER R\u00c9GIONAL<br \/>&#8211; ARMELLE JULIARD-GENDARME, CONSEILL\u00c8RE R\u00c9GIONALE<\/p>\n<p>&#8211; SANDRINE LAMIRE\u0301, CONSEILLERE REGIONALE<br \/>&#8211; NICOLE LANASPRE, CONSEILL\u00c8RE R\u00c9GIONALE<br \/>&#8211; S\u00c9GOL\u00c8NE DE LARMINAT, CONSEILL\u00c8RE R\u00c9GIONALE<br \/>&#8211; BEATRICE LECOUTURIER, CONSEILL\u00c8RE R\u00c9GIONALE<br \/>&#8211; SANDRA LIEBMANN-MONZANI, CONSEIL R\u00c9GIONAL<br \/>&#8211; PIERRE LISCIA, CONSEILLER R\u00c9GIONAL<br \/>&#8211; JEAN-PHILIPPE LUCE, CONSEILLER R\u00c9GIONAL<br \/>&#8211; ROMAIN MARIA, CONSEILLER R\u00c9GIONAL<br \/>&#8211; MURIELLE MARTIN-CHAM, CONSEILL\u00c8RE R\u00c9GIONALE<br \/>&#8211; CARINE MARTINI-PEMEZEC, CONSEILL\u00c8RE R\u00c9GIONALE<br \/>&#8211; ANNE-LOUISE MESADIEU, CONSEILL\u00c8RE R\u00c9GIONALE<br \/>&#8211; ANNE MESSIER, CONSEILL\u00c8RE R\u00c9GIONALE<br \/>&#8211; CATHERINE MICHAUD, CONSEILL\u00c8RE R\u00c9GIONALE<br \/>&#8211; LAURE-AGN\u00c8S MOLLARD-CADIX, CONSEILL\u00c8RE REGIONALE &#8211; VAL\u00c9RIE MONTANDON, CONSEILL\u00c8RE REGIONALE<br \/>&#8211; OLIVIER MOUSSON, CONSEILLER R\u00c9GIONAL<br \/>&#8211; ALEXANDRA NICOL, CONSEILL\u00c8RE R\u00c9GIONALE<br \/>&#8211; FLORENCE DE PAMPELONNE, CONSEILL\u00c8RE R\u00c9GIONALE<br \/>&#8211; ANGELA PASCOA DOS SANTOS, CONSEILL\u00c8RE R\u00c9GIONALE &#8211; PASCAL PELAIN, CONSEILLER REGIONAL<br \/>&#8211; MARIE-EVE PERRU, CONSEILL\u00c8RE R\u00c9GIONALE<br \/>&#8211; SYLVIE PIGANEAU, CONSEILL\u00c8RE R\u00c9GIONALE<br \/>&#8211; VINCENT POIRET, CONSEILLER R\u00c9GIONAL<br \/>&#8211; ROBIN REDA, CONSEILLER R\u00c9GIONAL<br \/>&#8211; JEROME REGNAULT, CONSEILLER R\u00c9GIONAL<br \/>&#8211; HAMIDA REZEG, CONSEILL\u00c8RE R\u00c9GIONALE<br \/>&#8211; AGN\u00c8S RICARD-HIBON, CONSEILL\u00c8RE R\u00c9GIONALE<br \/>&#8211; ERIC SCHAHL, CONSEILLER R\u00c9GIONAL<br \/>&#8211; CARL SEGAUD, CONSEILLER R\u00c9GIONAL<br \/>&#8211; HABIB SHOUKRY, CONSEILLER R\u00c9GIONAL<br \/>&#8211; JOSIANE SIMON, CONSEILL\u00c8RE R\u00c9GIONALE<br \/>&#8211; BENOIT SOL\u00c8S, CONSEILLER R\u00c9GIONAL<br \/>&#8211; MAMA SY, CONSEILL\u00c8RE R\u00c9GIONALE<br \/>&#8211; ALEXANDRA SZPINER, CONSEILL\u00c8RE R\u00c9GIONALE<br \/>&#8211; LUDOVIC TORO, CONSEILLER R\u00c9GIONAL<br \/>&#8211; FRANCE-LISE VALIER, CONSEILL\u00c8RE R\u00c9GIONALE<br \/>&#8211; THI HONG CHAU VAN, CONSEILL\u00c8RE R\u00c9GIONALE<\/p>\n<p><strong>MAIRES :<\/strong><br \/>&#8211; JEAN-FRANC\u0327OIS COPE, ANCIEN MINISTRE, MAIRE DE MEAUX<br \/>&#8211; PATRICK OLLIER, ANCIEN MINISTRE, MAIRE DE RUEIL-MALMAISON &#8211; MANUEL AESCHLIMANN, MAIRE D&rsquo;ASNIE\u0300RES-SUR-SEINE<br \/>&#8211; JULIEN AGUIN, MAIRE DE VOISENON<br \/>&#8211; EDDIE AI\u0308T, MAIRE DE CARRIE\u0300RES-SOUS-POISSY<br \/>&#8211; CHRISTIANE AKNOUCHE, MAIRE DE BAILLET-EN-FRANCE<br \/>&#8211; ALAIN ARTORE\u0301, MAIRE DE COURSON-MONTELOUP<br \/>&#8211; CHARLES ASLANGUL, MAIRE DE BRY-SUR-MARNE<br \/>&#8211; PHILIPPE AUDEBERT, MAIRE DE LA FRETTE SUR SEINE<br \/>&#8211; CHRISTINE AUTENZIO, MAIRE DE CRE\u0301CY-LA-CHAPELLE<br \/>&#8211; ALAIN AUZET, MAIRE DE RE\u0301AU<br \/>&#8211; STE\u0301PHANIE AUZIAS, MAIRE D&rsquo;ANNET-SUR-MARNE<\/p>\n<p>&#8211; JULIEN BACHARD, MAIRE DE SAINT-GRATIEN<br \/>&#8211; STE\u0301PHANE BACHELET, MAIRE DE JOUY-LE-CHA\u0302TEL<br \/>&#8211; ERIC BAERT, MAIRE D&rsquo;HE\u0301ROUVILLE-EN-VEXIN<br \/>&#8211; PIERRE-CHRISTOPHE BAGUET, MAIRE DE BOULOGNE-BILLANCOURT<br \/>&#8211; ZARTOSHTE BAKHTIARI, MAIRE DE NEUILLY-SUR-MARNE<br \/>&#8211; STEPHANIE BANOS, MAIRE DE CHA\u0302TENAY-SUR-SEINE<br \/>&#8211; JEAN-PIERRE BARNAUD, MAIRE DE CHENNEVIE\u0300RES-SUR-MARNE<br \/>&#8211; ERIC BATTAGLIA, MAIRE DE E\u0301ZANVILLE<br \/>&#8211; GILLES BATTAIL, MAIRE DE DAMMARIE-LES-LYS<br \/>&#8211; DOMINIQUE BAVOIL, MAIRE DE SAINT-REMY-LES-CHEVREUSE<br \/>&#8211; FRANCK BEAUFRETON, MAIRE DE VILLEMER<br \/>&#8211; GUILLAUME BELLINELLI, MAIRE DE ROINVILLE-SOUS-DOURDAN<br \/>&#8211; JEAN-CLAUDE BELLIOT, MAIRE DE NONVILLE<br \/>&#8211; SAMI BEN OUADA, MAIRE DE CHEVANNES<br \/>&#8211; LAMIA BENSARSA-REDA, MAIRE DE JUVISY-SUR-ORGE<br \/>&#8211; PATRICIA BERGDOLT, MAIRE DE BOUTIGNY-SUR-ESSONNE<br \/>&#8211; SANDRINE BERNO DOS SANTOS, MAIRE DE POISSY<br \/>&#8211; WILLIAM BERRICHILLO, MAIRE DE SAINT MAURICE MONTCOURONNE &#8211; FLORENCE BERTHOUT, MAIRE DU 5E\u0300ME ARRONDISSEMENT DE PARIS &#8211; GINO BERTOL, MAIRE DE VIDELLES<br \/>&#8211; BRUNO BEZOT, MAIRE DE VARENNES-JARCY<br \/>&#8211; FABIEN BIDAULT, MAIRE DE PUISELET-LE-MARAIS<br \/>&#8211; MARTINE BIDEL, MAIRE DU MESNIL-AUBRY<br \/>&#8211; SANDRA BILLET, MAIRE DE SAINT-LEU-LA-FORE\u0302T<br \/>&#8211; JEAN-MICHEL BLUTEAU, MAIRE DE VILLEMOMBLE<br \/>&#8211; YANNICK BO\u00cbDEC, MAIRE DE CORMEILLES-EN-PARISIS<br \/>&#8211; JE\u0301RO\u0302ME BONIFACIO, MAIRE DE LAVAL-EN-BRIE<br \/>&#8211; DANIEL BONTE, MAIRE D&rsquo;AUFFARGIS<br \/>&#8211; GILLES BORD, MAIRE DE PONTAULT-COMBAULT<br \/>&#8211; CATHERINE BORGNE, MAIRE DE NOISY SUR OISE<br \/>&#8211; JEAN-BAPTISTE BORSALI, MAIRE DU BOURGET<br \/>&#8211; FRANC\u0327OIS BOUCHART, MAIRE DE ROISSY-EN-BRIE<br \/>&#8211; CATHERINE BOUDOT, MAIRE DE COULOMBS EN VALOIS<br \/>&#8211; GUILLAUME BOUDY, MAIRE DE SURESNES<br \/>&#8211; YVON BOUKAYA, MAIRE DE FONTAINE-LA-RIVIE\u0300RE<br \/>&#8211; GEOFFROY BOULARD, MAIRE DU 17E\u0300ME ARRONDISSEMENT DE PARIS &#8211; ARNAUD DE BOURROUSSE, MAIRE DE CARRIE\u0300RES-SUR-SEINE<br \/>&#8211; CHRISTIAN BOUVIER, MAIRE DE MORTCERF<br \/>&#8211; ALPHONSE BOYE, MAIRE DE MAROLLES-EN-BRIE<br \/>&#8211; SONIA BRAU, MAIRE DE SAINT-CYR-L&rsquo;ECOLE<br \/>&#8211; NICOLE BRISTOL, MAIRE DE MONTESSON<br \/>&#8211; DELPHINE BU\u0308RKLI, MAIRE DU 9E\u0300ME ARRONDISSEMENT DE PARIS<br \/>&#8211; XAVIER CARIS, MAIRE DE BULLION<br \/>&#8211; ST\u00c9PHANE CARTEADO, MAIRE DE CHAMPAGNE-SUR-OISE<br \/>&#8211; PAULO DE CARVALHO, MAIRE DE DOURDAN<br \/>&#8211; PATRICIA CASIER, MAIRE DE BEAUVOIR<br \/>&#8211; CE\u0301LINE CAUDRON, MAIRE DE PRESLES<br \/>&#8211; JO\u00cbLLE CECCALDI-RAYNAUD, MAIRE DE PUTEAUX<br \/>&#8211; PHILIPPE CHALMETTE, MAIRE DE BURCY<br \/>&#8211; GE\u0301RARD CHAMPIN, MAIRE D&rsquo;OZOUE\u0308R-LE-VOULGIS<br \/>&#8211; FRANC\u0327OISE CHANCEL, MAIRE DE TREMBLAY-SUR-MAULDRE<br \/>&#8211; BRICE CHANTRE, MAIRE DE GRAVON<\/p>\n<p>&#8211; JEAN-MARC CHANUSSOT, MAIRE DE GRISY-SUISNES &#8211; MICHEL CHARIAU, MAIRE DE SAMOIS-SUR-SEINE<br \/>&#8211; HERVE\u0301 CHARNALLET, MAIRE D&rsquo;ORGEVAL<br \/>&#8211; JACQUES CHAUMETTE, MAIRE DE SAULX-MARCHAIS &#8211; JOE\u0308L CHAUVIN, MAIRE D&rsquo;HAUTEFEUILLE<\/p>\n<p>&#8211; MARIE-CHRISTINE CHAVILLON, MAIRE D&rsquo;AUTEUIL-LE-ROI &#8211; THOMAS CHAZAL, MAIRE DE VIGNEUX-SUR-SEINE<br \/>&#8211; HERVE\u0301 CHEVREAU, MAIRE D&rsquo;EPINAY-SUR-SEINE<br \/>&#8211; CHRISTOPHE DE CLERCK, MAIRE DE POMMEUSE<\/p>\n<p>&#8211; OLIVIER CLODONG, MAIRE DE YERRES<br \/>&#8211; RAPHAE\u0308L COGNET, MAIRE DE MANTES-LA-JOLIE<br \/>&#8211; PASCAL COLLADO, MAIRE DE VERNOUILLET<br \/>&#8211; BRUNO CORADETTI, MAIRE DU VE\u0301SINET<br \/>&#8211; SE\u0301BASTIEN CORBISIER, MAIRE DE CHAILLY-EN-BRIE<br \/>&#8211; YVES COSCAS, MAIRE DE CLAMART<br \/>&#8211; SE\u0301BASTIEN COUPAS, MAIRE DE RAMPILLON<br \/>&#8211; LAURENT COURTIER, MAIRE DE GESVRES LE CHAPITRE<br \/>&#8211; D\u00c9BORAH COURTOIS, MAIRE DE FUBLAINES<br \/>&#8211; BERNADETTE COURTY, MAIRE DE RICHEBOURG<br \/>&#8211; ROLIN CRANOLY, MAIRE DE GAGNY<br \/>&#8211; MARC CUYPERS, MAIRE DE CRE\u0300VEC\u0152UR-EN-BRIE<br \/>&#8211; DIDIER DAGONET, MAIRE DE BE\u0301THEMONT-LA-FORE\u0302T<br \/>&#8211; MARTINE DAGUERRE, MAIRE DE CONCHES SUR GONDOIRE<br \/>&#8211; NICOLAS DAINVILLE, MAIRE DE LA VERRIE\u0300RE<br \/>&#8211; PHILIPPE DALLIER, MAIRE DES PAVILLONS-SOUS-BOIS<br \/>&#8211; SAMI DAMERGY, MAIRE DE MANTES-LA-VILLE<br \/>&#8211; MANUEL DA SILVA, MAIRE DE THORIGNY<br \/>&#8211; JEAN-ROGER DAVIN, MAIRE DE CROISSY-SUR-SEINE<br \/>&#8211; PHILIPPE DESCROUET, MAIRE DE SERRIS<br \/>&#8211; CLE\u0301MENT DECROUY, MAIRE DE L&rsquo;HAY\u0308-LES-ROSES<br \/>&#8211; JEAN-MARC DELAITRE, MAIRE DE PECQUEUSE<br \/>&#8211; OLIVIER DELAPORTE, MAIRE DE SAINT-CLOUD<br \/>&#8211; NADINE DELATTRE, MAIRE DE VIMPELLES<br \/>&#8211; BRUNO DELECOUR, MAIRIE D&rsquo;ONCY-SUR-ECOLE<br \/>&#8211; PIERRE-MICHEL DELECROIX, MAIRE DE SAINT-MAUR-DES-FOSSE\u0301S &#8211; OLIVIER DELMER, MAIRE DE BOISSISE-LA-BERTRAND<br \/>&#8211; LAURENT DELPECH, MAIRE DE DAMPMART<br \/>&#8211; CHRISTIAN DEMUYNCK, MAIRE DE NEUILLY PLAISANCE<br \/>&#8211; CHRISTOPHE DEPONT, MAIRE DE SAINT CLAIR SUR EPTE<br \/>&#8211; JOS\u00c9 DERVIN, MAIRE DE LA TRETOIRE<br \/>&#8211; FRANC\u0327OIS DEYSSON, MAIRE DE VILLECERF<br \/>&#8211; CYRIL DIARRA, MAIRE DE VILLIERS-LE-SEC<br \/>&#8211; VIVIANE DIDIER, MAIRE D&rsquo;OTHIS<br \/>&#8211; KARL DIRAT, MAIRE DE VILLABE\u0301<br \/>&#8211; PASCAL DOLL, MAIRE D&rsquo;ARNOUVILLE<br \/>&#8211; PATRICK DONATH, MAIRE DE BOURG-LA-REINE<br \/>&#8211; OLIVIER DOSNE, MAIRE DE JOINVILLE LE PONT<br \/>&#8211; DIDIER DOUSSET, MAIRE DU PLESSIS TRE\u0301VISE<br \/>&#8211; S\u00c9BASTIEN DROMIGNY, MAIRE DE SAINT-JUST-EN-BRIE<br \/>&#8211; YANN DUBOSC, MAIRE DE BUSSY-SAINT-GEORGES<br \/>&#8211; VINCENT DUPORT, MAIRE DE SANCY LES MEAUX<br \/>&#8211; MARIANNE DURANTON, MAIRE DE MORSANG-SUR-ORGE<\/p>\n<p>&#8211; CAPUCINE FAIVRE, MAIRE DE LA ROCHE-GUYON<br \/>&#8211; ISABELLE FAOUCHER, MAIRE DE DHUISY<br \/>&#8211; PATRICK FARCY, MAIRE DE VILLECRESNES<br \/>&#8211; JEAN-PAUL FAUCONNET, MAIRE DE ROSNY-SOUS-BOIS<\/p>\n<p>&#8211; YVAN FEMEL, MAIRE DE NOISEAU<\/p>\n<p>&#8211; VE\u0301RONIQUE FE\u0301ME\u0301NIA, MAIRE DE SAINT-MARTIN-EN-BIERE<\/p>\n<p>\u00a0&#8211; VE\u0301RONIQUE FLAMENT, MAIRE DE MAGNY-LE HONGRE<br \/>&#8211; PATRICK FLOQUET, MAIRE DE MONTMAGNY<br \/>&#8211; PHILIPPE LE FOL, MAIRE D&rsquo;AVRAINVILLE<\/p>\n<p>&#8211; MARCEL FONTELLIO, MAIRE DE LA CHAPELLE-RABLAIS<\/p>\n<p>&#8211; ALAIN-JEAN FORESTIER, MAIRE DE MAY-EN-MULTIEN &#8211; KARINE FRANCLET, MAIRE D&rsquo;AUBERVILLIERS<br \/>&#8211; RE\u0301GINE FRANC\u0327OIS, MAIRE DE GOUPILLIE\u0300RES<\/p>\n<p>&#8211; DIDIER FRAPPAT, MAIRE DE LIZINES<br \/>&#8211; JEAN-CHRISTOPHE FROMANTIN, MAIRE DE NEUILLY-SUR-SEINE<br \/>&#8211; BRUNO GAINAND, MAIRE DE PE\u0301CY<br \/>&#8211; BRUNO GALLIER, MAIRE DE BRUNOY<br \/>&#8211; CATHERINE GALLOIS, MAIRE DE SAINT HILLIERS<br \/>&#8211; GRE\u0301GORY GARESTIER, MAIRE DE MAUREPAS<br \/>&#8211; CHRISTINE GARNIER, MAIRE DE QUINCY-SOUS-SE\u0301NART<br \/>&#8211; ELISABETH GARNOT, MAIRE DE COURPALAY<br \/>&#8211; ISOLINE GARREAU, MAIRE DE DIANT<br \/>&#8211; BERNARD GAUDUCHEAU, MAIRE DE VANVES<br \/>&#8211; ISABELLE GAUTIER, MAIRE DE VILLENEUVE-SOUS-DAMMARTIN<br \/>&#8211; JEAN-CLAUDE GAUTRY, MAIRE DE PAROY<br \/>&#8211; PATRICE GEBAUER, MAIRE DU THILLAY<br \/>&#8211; SANDRINE GELOT, MAIRE DE LONGJUMEAU<br \/>&#8211; FABRICE GENON, MAIRE DE JUTIGNY<br \/>&#8211; QUENTIN GESELL, MAIRE DE DUGNY<br \/>&#8211; HERVE\u0301 GICQUEL, MAIRE DE CHARENTON LE PONT<br \/>&#8211; SE\u0301VERINE LE GOFF, MAIRE DE FLACOURT<br \/>&#8211; JACQUES GOMBAULT, MAIRE D&rsquo;ORMOY<br \/>&#8211; JULIEN GONDARD, MAIRE DE FONTAINEBLEAU<br \/>&#8211; DIDIER GONZALES, MAIRE DE VILLENEUVE LE ROI<br \/>&#8211; PHILIPPE GOUJON, MAIRE DU 15E\u0300ME ARRONDISSEMENT DE PARIS<br \/>&#8211; CHRISTIAN GOURIN, MAIRE DE SOUZY-LA-BRICHE<br \/>&#8211; GE\u0301RARD GOUROVITCH, MAIRE DE SAINT-GERMAIN-SUR-MORIN<br \/>&#8211; MICH\u00c8LE GRELLIER, MAIRE DE CHATOU<br \/>&#8211; ANNE GRIGNON, MAIRE DE L\u00c9VIS SAINT NOM<br \/>&#8211; GILLES GROSLEVIN, MAIRE DE SOLERS<br \/>&#8211; JEAN-PAUL GRUFFEILLE, MAIRE DES MOLIE\u0300RES<br \/>&#8211; DIDIER GUE\u0301VEL, MAIRE DU PLESSIS-GASSOT<br \/>&#8211; MICHEL GUIARD, MAIRE DE BOISSY L&rsquo;AILLERIE<br \/>&#8211; PHILIPPE GUIGUEN, MAIRE DES CLAYES-SOUS-BOIS<br \/>&#8211; JEAN-BAPTISTE HAMONIC, MAIRE DE VILLEPREUX<br \/>&#8211; ALAIN HANNETON, MAIRE D&rsquo;AUGERS EN BRIE<br \/>&#8211; XAVIER HAQUIN, MAIRE D&rsquo;ERMONT<br \/>&#8211; GHISLAINE HAUETER, MAIRE DE FRENEUSE<br \/>&#8211; JEANNE D&rsquo;HAUTESERRE, MAIRE DU 8E\u0300ME ARRONDISSEMENT DE PARIS &#8211; EMRIC HERMANS, MAIRE DE COUTENC\u0327ON<br \/>&#8211; STEPHEN HERV\u00c9, MAIRE DE BONDY<br \/>&#8211; ANNE HE\u0301RY, MAIRE DE CHEVREUSE<\/p>\n<p>&#8211; ACHILLE HOURDE\u0301, MAIRE DE JAIGNES<br \/>&#8211; THIBAULT HUMBERT, MAIRE D&rsquo;ERAGNY-SUR-OISE<br \/>&#8211; BERNARD JACOTIN, MAIRE DE BEAUTHEIL-SAINTS<br \/>&#8211; VE\u0301RONIQUE JACQUELINE, MAIRE DE VAUCRESSON<br \/>&#8211; BRIGITTE JACQUEMOT, MAIRE D&rsquo;AUPEBIERRE-OZOUER-LE-REPOS<br \/>&#8211; PATRICK JACQUES, MAIRE DE MONTMACHOUX<br \/>&#8211; SANDRINE JACQUET, MAIRE DE CHAMPCUEIL<br \/>&#8211; BERNARD JAMET, MAIRE DE SANNOIS<br \/>&#8211; EDMONDE JARDIN, MAIRE DE VAIRES SUR MARNE<br \/>&#8211; JOSETTE JEAN, MAIRE DE CONDE\u0301 SUR VESGRE<br \/>&#8211; LAURENT JEANNE, MAIRE DE CHAMPIGNY-SUR-MARNE<br \/>&#8211; HERVE\u0301 JEANNIN, MAIRE DE CRISENOY<br \/>&#8211; JOE\u0308LLE JEGAT, MAIRE DE SAINT ARNOULT EN YVELINES<br \/>&#8211; IVICA JOVIC, MAIRE D&rsquo;EPO\u0302NE<br \/>&#8211; MICHEL JOZON, MAIRE DE LA FERTE\u0301-GAUCHER<br \/>&#8211; JACQUES KOSSOWSKI, MAIRE DE COURBEVOIE<br \/>&#8211; DOMINIQUE LAFON, MAIRE DE MAREIL-MARLY<br \/>&#8211; AUDE LAGARDE, MAIRE DE DRANCY<br \/>&#8211; CHRISTIAN LAGIER, MAIRE DE PISCOP<br \/>&#8211; VALE\u0301RIE LAGILLE, MAIRE DE CHA\u0302TEAU-LANDON<br \/>&#8211; NORBERT LALLOYER, MAIRE DE LONGUESSE<br \/>&#8211; GE\u0301RARD LAMBERT-MOTTE, MAIRE DU PLESSIS BOUCHARD<br \/>&#8211; DAMIEN LANNETTE-CLAVERIE, MAIRE DE MOUSSY LE VIEUX<br \/>&#8211; DENIS LARGHERO, MAIRE DE MEUDON<br \/>&#8211; GRE\u0301GOIRE DE LASTEYRIE, MAIRE DE PALAISEAU<br \/>&#8211; PHILIPPE LAURENT, MAIRE DE SCEAUX<br \/>&#8211; MATTHIEU LAURENT, MAIRE D&rsquo;ENNERY<br \/>&#8211; OLIVIER LAVENKA, MAIRE DE PROVINS<br \/>&#8211; JEAN LAVIOLETTE, MAIRE DE BRIE-COMTE-ROBERT<br \/>&#8211; GUILLAUME LE LAY-FELZINE, MAIRE DE TORCY<br \/>&#8211; PATRICK LEBAT, MAIRE DE BEZALLES<br \/>&#8211; MICHEL LEBOUC, MAIRE DE MAGNANVILLE<br \/>&#8211; NOLWENN LE BOUTER, MAIRE DE NANGIS<br \/>&#8211; OLIVIER LEBRUN, MAIRE DE VIROFLAY<br \/>&#8211; CHRISTIAN LECLERC, MAIRE DE CHAMPLAN<br \/>&#8211; JEAN PIERRE LECOQ, MAIRE DU 6E\u0300ME ARRONDISSEMENT DE PARIS &#8211; FRANC\u0327OISE LECOUFLE, MAIRE DE LIMEIL-BRE\u0301VANNES<br \/>&#8211; EMMANUEL LEDOUX, MAIRE DE LA GRANDE PAROISSE<br \/>&#8211; FRANC\u0327OISE LEFEBVRE, MAIRE DE RUBELLES<br \/>&#8211; XAVIER LEMOINE, MAIRE DE MONTFERMEIL<br \/>&#8211; BERNARD LENFANT, MAIRE DE CHARMENTRAY<br \/>&#8211; JEAN-MARC LENGLET, MAIRE DE MAISSE<br \/>&#8211; OLIVIER LESUEUR, MAIRE DE MOURS<br \/>&#8211; CHARLOTTE LIBERT, MAIRE DE VINCENNES<br \/>&#8211; PATRICK LOISEL, MAIRE DE FEUCHEROLLES<br \/>&#8211; FRE\u0301DERIC MAAS, MAIRE DE L&rsquo;ISLES-LES-MELDEUSES<br \/>&#8211; LINE MAGNE, MAIRE DE MOISSY CRAMAYEL<br \/>&#8211; DENYS DE MAGNITOT, MAIRE D&rsquo;OMERVILLE<br \/>&#8211; MICHEL MANSOUX, MAIRE DE LUZARCHES<br \/>&#8211; OLIVIER MARCHAU, MAIRE D&rsquo;EPINAY-SUR-ORGE<br \/>&#8211; BRUNO MARCILLAUD, MAIRE DE RUNGIS<br \/>&#8211; OLIVIER MARTIN, MAIRE DE SAINT-GERMAIN-LAVAL<\/p>\n<p>&#8211; S\u00c9VERINE MARTIN, MAIRE DE FORGES LES BAINS<br \/>&#8211; PIERRE-YVES MARTIN, MAIRE DE LIVRY-GARGAN<br \/>&#8211; VE\u0301RONIQUE MATILLON, MAIRE DE RAMBOUILLET<br \/>&#8211; DANIEL MAUREY, MAIRE DE BOINVILLE-EN-MANTOIS &#8211; JEAN-CHRISTOPHE MAZURIER, MAIRE DE MAFFLIERS &#8211; KADIR MEBAREK, MAIRE DE MELUN<\/p>\n<p>&#8211; MANUEL MEDEIROS, MAIRE DE GUIGNES<br \/>&#8211; NADIA MEDJANI, MAIRE DE VIEUX-CHAMPAGNE<br \/>&#8211; XAVIER MELKI, MAIRE DE FRANCONVILLE-LA-GARENNE<br \/>&#8211; ALEXANDRE DE MEULENAERE, MAIRE DE BANNOST-VILLEGAGNON &#8211; VINCENT ME\u0301VEL, MAIRE DE LARCHANT<br \/>&#8211; ISABELLE ME\u0301ZIE\u0300RES, MAIRE D&rsquo;AUVERS SUR OISE<br \/>&#8211; BRUNO MICHEL, MAIRE DE THOMERY<br \/>&#8211; PHILIPPE MIMMAS, MAIRE DE CONGIS SUR THEROUANNE<br \/>&#8211; JACQUES MIONE, MAIRE DE BALLANCOURT SUR ESSONNE<br \/>&#8211; BRAHIM MOHA, MAIRE D&rsquo;EPIAIS-RHUS<br \/>&#8211; BERNARD MOISAN, MAIRE DE BREUIL-BOIS-ROBERT<br \/>&#8211; FRANZ MOLET, MAIRE DE VOULANGIS<br \/>&#8211; SYLVIE MONCHECOURT, MAIRE DE MONTIGNY SUR LOING<br \/>&#8211; PIERRE MORANGE, MAIRE DE CHAMBOURCY<br \/>&#8211; GEORGES MOTHRON, MAIRE D&rsquo;ARGENTEUIL<br \/>&#8211; FRANC\u0327OIS MOUTOT, MAIRE DE THOIRY<br \/>&#8211; R\u00c9MI MUZEAU, MAIRE DE CLICHY<br \/>&#8211; JACQUES MYARD, MAIRE DE MAISONS-LAFFITTE<br \/>&#8211; JACQUES NEDELLEC, MAIRE DE BOINVILLIERS<br \/>&#8211; CHRISTOPHE NICOLAS, MAIRE D&rsquo;EVECQUEMONT<br \/>&#8211; PIERRE-YVES NICOT, MAIRE DE MORMANT<br \/>&#8211; RAPHAEL NIVOIT, MAIRE DE GAMBAIS<br \/>&#8211; MARIE-CHARLOTTE NOUHAUD, MAIRE D&rsquo;AVON<br \/>&#8211; CLAUDE NOE\u0308L, MAIRE DE BUTRY-SUR-OISE<br \/>&#8211; PATRICK PAGE\u0300S, MAIRE DE PRUNAY SUR ESSONNE<br \/>&#8211; TONINO PANETTA, MAIRE DE CHOISY-LE-ROI<br \/>&#8211; REN\u00c9 PANNIER, MAIRE DE CL\u00c9RY-EN-VEXIN<br \/>&#8211; YVES PARIGI, MAIRE DE MARY-SUR-MARNE<br \/>&#8211; GUY PARIS, MAIRE DE SAGY<br \/>&#8211; ANNE PARISY, MAIRE DE LES CHAPELLES-BOURBON<br \/>&#8211; MARIE FRANCE PARRAIN, MAIRE DE MAISONS-ALFORT<br \/>&#8211; VINCENT PAUL-PETIT, MAIRE DE SEINE-PORT<br \/>&#8211; PASCAL PELAIN, MAIRE DE VILLENEUVE-LA-GARENNE<br \/>&#8211; CE\u0301DRIC PEMBA-MARINE, MAIRE DU PORT-MARLY<br \/>&#8211; ARNAUD P\u00c9RICARD, MAIRE DE SAINT-GERMAIN-EN-LAYE<br \/>&#8211; ISABELLE PERIGAULT, MAIRE DU PLESSIS-FEU-AUSSOUX<br \/>&#8211; YANN PE\u0301TEL, MAIRE DE SAINT GERMAIN-LE\u0300S-CORBEIL<br \/>&#8211; CHRISTIAN PEUTOT, MAIRE DE FAY-LES-NEMOURS<br \/>&#8211; UGO PEZZETTA, MAIRE DE LA-FERTE\u0301-SOUS-JOUARRE<br \/>&#8211; PEGGY PHARISIEN, MAIRE DE VILLENEUVE- SAINT-DENIS<br \/>&#8211; JEAN PIAT, MAIRE DE VIGNELY<br \/>&#8211; LAURENCE PICARD, MAIRE DE COULOMMIERS<br \/>&#8211; FABIEN PIGEON, MAIRE DE CHAUFFOUR LES E\u0301TRE\u0301CHY<br \/>&#8211; TONY PITA, MAIRE DE VILLIERS-SAINT-GEORGES<br \/>&#8211; E\u0301VELYNE PLACET, MAIRE DE GUERVILLE<br \/>&#8211; PATRICK POINSOT, MAIRE DE MARLES EN BRIE<\/p>\n<p>&#8211; FRANCIS POISSON, MAIRE DE TIGEAUX<br \/>&#8211; JEAN-PHILIPPE POMMERET, MAIRE D&rsquo;URY<br \/>&#8211; SE\u0301BASTIEN PONIATOWSKI, MAIRE DE L&rsquo;ISLE-ADAM<br \/>&#8211; CHRISTIAN POTEAU, MAIRE DE MACHAULT<br \/>&#8211; AGNE\u0300S POTTIER-DUMAS, MAIRE DE LEVALLOIS-PERRET<br \/>&#8211; PASCAL POYER, MAIRE DE PERDREAUVILLE<br \/>&#8211; NICOLAS POZO, MAIRE DE BEAUMONT-DU-GA\u0302TINAIS<br \/>&#8211; PATRICK PREMEL, MAIRE DE RONQUEROLLES<br \/>&#8211; LUC PUECH D&rsquo;ALISSAC, MAIRE DE MAGNY-EN-VEXIN<br \/>&#8211; BRICE RABASTE, MAIRE DE CHELLES<br \/>&#8211; MONIQUE RAIMBAULT, MAIRE DE LA GARENNE-COLOMBES<br \/>&#8211; JEAN-MARC RAIMONDO, MAIRE DE ADAINVILLE<br \/>&#8211; JEAN-PHILIPPE RANQUET, MAIRE DU BLANC-MESNIL<br \/>&#8211; VALENTIN RATIEUVILLE, MAIRE DE PERSAN<br \/>&#8211; PATRICK RAUSCHER, MAIRE DE SAINTRY SUR SEINE<br \/>&#8211; JE\u0301RE\u0301MY REDLER, MAIRE DU 16E\u0300ME ARRONDISSEMENT DE PARIS &#8211; BRUNO REGAERT, MAIRE DE VAUDHERLAND<br \/>&#8211; BRUNO RE\u0301MOND, MAIRE D&rsquo;ANDREZEL<br \/>&#8211; JEAN-FRANC\u0327OIS RENARD, MAIRE DE VILLERS-EN-ARTHIES<br \/>&#8211; YVES REVILLON, MAIRE DE BOIS-COLOMBES<br \/>&#8211; VE\u0301RONIQUE RIBOUT, MAIRE DE MOISSELLES<br \/>&#8211; JEAN-MARIE RIPART, MAIRE DE JAMBVILLE<br \/>&#8211; RICHARD RIVAUD, MAIRE DE FONTENAY-LE-FLEURY<br \/>&#8211; DOMINIQUE RIVIE\u0300RE, MAIRE DE SEPTEUIL<br \/>&#8211; CHRISTIAN ROBACHE, MAIRE DE MONTE\u0301VRAIN<br \/>&#8211; PATRICE ROBIN, MAIRE DE VILLAINES-SOUS-BOIS<br \/>&#8211; ADELINE ROLDAO-MARTINS, MAIRE DE SURVILLIERS<br \/>&#8211; GRE\u0301GOIRE DE LA RONCIE\u0300RE, MAIRE DE SE\u0300VRES<br \/>&#8211; ALEXANDRA ROSETTI, MAIRE DE VOISINS LE BRETONNEUX<br \/>&#8211; PHILIPPE ROULEAU, MAIRE D&rsquo;HERBLAY-SUR-SEINE<br \/>&#8211; MARC ROUQUETTE, MAIRE DE PENCHARD<br \/>&#8211; YVES ROY, MAIRE DE THOURY-FE\u0301ROTTES<br \/>&#8211; PATRICE SAINT JALMES, MAIRE D&rsquo;ARGENTIE\u0300RES<br \/>&#8211; TONY SALVAGGIO, MAIRE DE PONTCARRE\u0301<br \/>&#8211; ELISABETH SANDJIVY, MAIRE DE NEAUPHLE-LE-CHATEAU<br \/>&#8211; RE\u0301GIS SARAZIN, MAIRE DE NANTEUIL-LE\u0300S-MEAUX<br \/>&#8211; MURIEL SCOLAN, MAIRE DE DEUIL-LA BARRE<br \/>&#8211; MARIE-CHRISTINE SEGUI, MAIRE D&rsquo;ORMESSON-SUR-MARNE<br \/>&#8211; THIERRY SE\u0301GURA, MAIRE DE BOISSETTES<br \/>&#8211; ALAIN SEIGNEUR, MAIRE DE CHOISEL<br \/>&#8211; IGOR SEMO, MAIRE DE SAINT-MAURICE<br \/>&#8211; JEAN-YVES SENANT, MAIRE D&rsquo;ANTONY<br \/>&#8211; ROMAIN SENOBLE, MAIRE DE FORGES<br \/>&#8211; JEAN-LUC SERVIERES, MAIRE DE CLAYE-SOUILLY<br \/>&#8211; YVAN SEVESTRE, MAIRE DE SAINT-GERMAIN-SOUS-DOUE<br \/>&#8211; PASCAL SIMONNOT, MAIRE DE MOIGNY SUR ECOLE<br \/>&#8211; SANDRINE SOSINSKI, MAIRE DE DONNEMARIE-DONTILLY<br \/>&#8211; ALFRED STADLER, MAIRE DE SAINT-MESMES<br \/>&#8211; LUC STREHAIANO, MAIRE DE SOISY-SOUS-MONTMORENCY<br \/>&#8211; GILLES STUDNIA, MAIRE DE VILLE DE SAINT-NOM-LA-BRETECHE &#8211; LOI\u0308C TAILLANTER, MAIRE DE PARMAIN<br \/>&#8211; MARIE\u0300ME TAMATA-VARIN, MAIRE DE YE\u0300BLES<\/p>\n<p>&#8211; CYRILLE TELMAN, MAIRE DE WISSOUS<br \/>&#8211; PASCAL THE\u0301VENOT, MAIRE DE VE\u0301LIZY-VILLACOUBLAY<br \/>&#8211; ANNE THIBAULT, MAIRE D&rsquo;ARVILLE<br \/>&#8211; ALAIN THIERY, MAIRE DE CHAILLY-EN-BIERE<br \/>&#8211; RODOLPHE THOMASSIN, MAIRE DE CHARMONT<br \/>&#8211; YVES THOREAU, MAIRE DE MANDRES LES ROSES<br \/>&#8211; MAXIME THORY, MAIRE DE MONTMORENCY<br \/>&#8211; LUDOVIC TORO, MAIRE DE COUBRON<br \/>&#8211; ERIC TORPIER, MAIRE DE SOURDUN<br \/>&#8211; NATHALIE TORTRAT, MAIRE DE GOUVERNES<br \/>&#8211; ANDRE\u0301 TRAWINSKI, MAIRE DE CHARTRONGES<br \/>&#8211; FRANC\u0327OIS-GUY TREBULLE, MAIRE DE VERRIE\u0300RES LE BUISSON<br \/>&#8211; STE\u0301PHANE TREMBLAY, MAIRE DE BUCHELAY<br \/>&#8211; DOMINIQUE TURPIN, MAIRE DE VILLE DE NEZEL<br \/>&#8211; YANNIK URBANIAK, MAIRE DE NANTOUILLET<br \/>&#8211; VICTOR VALENTE, MAIRE DE BOURRON-MARLOTTEMARTINE VALLETON, MAIRE DE VILLEPINTE &#8211; PIERRE VALLE\u0301E, MAIRE DES GRANGES LE ROI<br \/>&#8211; XAVIER VANDERBISE, MAIRE DE COURTRY<br \/>&#8211; KETTY VARIN, MAIRE DE JUZIERS<br \/>&#8211; ANTHONY VAUTIER, MAIRE D&rsquo;ARBONNE LA FORE\u0302T<br \/>&#8211; PASCAL VECTEN, MAIRE DU PLESSIS L&rsquo;E\u0301VE\u0302QUE<br \/>&#8211; FRANC\u0327OIS VENANZUOLA, MAIRE DE CHAUMES EN BRIE<br \/>&#8211; BRIGITTE VERMILLET, MAIRE DE MORANGIS<br \/>&#8211; DOMINIQUE VE\u0301ROTS, MAIRE DE SAINT PIERRE DU PERRAY<br \/>&#8211; KATY VEYSSET, MAIRE DE SAA\u0302CY-SUR-MARNE<br \/>&#8211; ANNIE VIARD, MAIRE DE GUERMANTES<br \/>&#8211; CELINE VILLECOURT, MAIRE DE SAINT-PRIX<br \/>&#8211; MATHIEU VISKOVIC, MAIRE DE NOISIEL<br \/>&#8211; STEPHANIE VON EUW, MAIRE DE PONTOISE<br \/>&#8211; LYDIE WALLEZ, MAIRE DU PIN<br \/>&#8211; MARIAN WATTS, MAIRE DE GIRONVILLE<br \/>&#8211; JULIEN WEIL, MAIRE DE SAINT-MANDE\u0301<br \/>&#8211; JONATHAN WOCHENMAYER, MAIRE DE FOUJU<br \/>&#8211; METIN YAVUZ, MAIRE DE VALENTON<br \/>&#8211; PATRICIA ZEISS, MAIRE DE FRE\u0301PILLON<br \/>&#8211; FABRICE ZUCCARELLI, MAIRE DE ME\u0301ZY-SUR-SEINE<\/p>\n<p>CONSEILLERS DE\u0301PARTEMENTAUX:<br \/>&#8211; JEROME BE\u0301RENGER, CONSEILLER DEPARTEMENTAL DE L&rsquo;ESSONNE<br \/>&#8211; V\u00c9RONIQUE BERGEROL, CONSEILL\u00c8RE D\u00c9PARTEMENTALE DES HAUTS-DE-SEINE<\/p>\n<p>&#8211; LAETITIA BOISSEAU, CONSEILL\u00c8RE D\u00c9PARTEMENTALE DU VAL D&rsquo;OISE<br \/>&#8211; FRANK CANNAROZZO, CONSEILLER D\u00c9PARTEMENTAL DE LA SEINE-SAINT-DENIS &#8211; BERNARD COZIC, CONSEILLER D\u00c9PARTEMENTAL DE SEINE-ET-MARNE<br \/>&#8211; MICKAE\u0308L DECLERCK, CONSEILLER DEPARTEMENTAL DU VAL D&rsquo;OISE<br \/>&#8211; RITA DEMBLON, CONSEILL\u00c8RE D\u00c9PARTEMENTALE DES HAUTS-DE-SEINE<br \/>&#8211; FABIENNE DE DEVEZE, CONSEILL\u00c8RE D\u00c9PARTEMENTALE DES YVELINES<br \/>&#8211; PAUL DUBRAY, CONSEILLER D\u00c9PARTEMENTAL DU VAL D&rsquo;OISE<br \/>&#8211; SABRINA ECARD, CONSEILL\u00c8RE D\u00c9PARTEMENTALE DU VAL D&rsquo;OISE<br \/>&#8211; XABI ELIZAGOYEN, CONSEILLER D\u00c9PARTEMENTAL DES HAUTS-DE-SEINE<br \/>&#8211; JOSIANE FISCHER, CONSEILL\u00c8RE D\u00c9PARTEMENTALE DES HAUTS-DE-SEINE<br \/>&#8211; PASCAL GOUHOURY CONSEILLER D\u00c9PARTEMENTAL DE LA SEINE ET MARNE<br \/>&#8211; TAOUSSE GUILLARD, CONSEILL\u00c8RE D\u00c9PARTEMENTALE DES HAUTS-DE-SEINE<\/p>\n<ul>\n<li>ANNE-CHRISTINE JAUFFRET, CONSEILLERE DEPARTEMENTALE DES HAUTS DE SEINE &#8211; PATRICIA JOSE\u0301, CONSEILLERE DEPARTEMENTALE DU VAL D&rsquo;OISE<br \/>S\u00c9VERINE MAROUN, CONSEILL\u00c8RE D\u00c9PARTEMENTALE DE SEINE-SAINT-DENIS<br \/>SARAH MOINE, CONSEILL\u00c8RE D\u00c9PARTEMENTALE DU VAL D&rsquo;OISE<\/li>\n<li>V\u00c9RONIQUE PELISSIER, CONSEILL\u00c8RE D\u00c9PARTEMENTALE DU VAL D&rsquo;OISE<br \/>AZIZA PHILIPPON, CONSEILL\u00c8RE D\u00c9PARTEMENTALE DU VAL D&rsquo;OISE<br \/>OLDHYNN PIERRE, CONSEILL\u00c8RE D\u00c9PARTEMENTALE DE LA SEINE-SAINT-DENIS &#8211; NATHALIE PITROU, CONSEILL\u00c8RE D\u00c9PARTEMENTALE DE HAUTS-DE-SEINE<br \/>NOELLIE PLELAN, CONSEILL\u00c8RE D\u00c9PARTEMENTALE DU VAL D&rsquo;OISE<br \/>ALEXANDRE PUEYO, CONSEILLER D\u00c9PARTEMENTAL DU VAL D&rsquo;OISE<\/li>\n<li>B\u00c9ATRICE RUCHETON, CONSEILL\u00c8RE D\u00c9PARTEMENTALE DE LA SEINE ET MARNE &#8211; SARA SHORT-FERJULE, CONSEILL\u00c8RE D\u00c9PARTEMENTALE DE LA SEINE ET MARNE &#8211; PATRICK STEFANINI, CONSEILLER D\u00c9PARTEMENTAL DES YVELINES<br \/>VIRGINIE TINLAND, CONSEILLERE DEPARTEMENTALE DE VAL D&rsquo;OISE<br \/>MORGAN TOUBOUL, CONSEILLER D\u00c9PARTEMENTAL DU VAL D&rsquo;OISE<br \/>ALEXANDRE TOUZET, CONSEILLER D\u00c9PARTEMENTAL DE L&rsquo;ESSONNE<br \/>NICOLAS TRYZNA, CONSEILLER D\u00c9PARTEMENTAL DE VAL-DE-MARNE<br \/>THOMAS VATEL, CONSEILLER D\u00c9PARTEMENTAL DU VAL-D&rsquo;OISE<br \/>CELINE VILLECOURT, CONSEILL\u00c8RE D\u00c9PARTEMENTALE DU VAL D&rsquo;OISE<br \/>DAVID-XAVIER WEI\u0308SS, CONSEILLER DEPARTEMENTAL DES HAUTS-DE-SEINE<\/li>\n<\/ul>\n<p><strong>CONSEILLERS DE PARIS:<\/strong><\/p>\n<ul>\n<li>JEAN-DIDIER BERTHAULT, CONSEILLER DE PARIS DU 17EME ARRONDISSEMENT<\/li>\n<li>MARIE-CAROLINE DOUCERE, CONSEILL\u00c8RE DE PARIS DU 15EME ARRONDISSEMENT<\/li>\n<li>FRANCK LEFE\u0300VRE, CONSEILLER DE PARIS DU 15EME ARRONDISSEMENT<\/li>\n<li>FRANCK MARGAIN, CONSEILLER DE PARIS DU 12EME ARRONDISSEMENT<\/li>\n<li>ANNE-CLAIRE TYSSANDIER, CONSEILL\u00c8RE DE PARIS DU 15EME ARRONDISSEMENT<\/li>\n<\/ul>\n<p><strong>ADJOINTS :<\/strong><\/p>\n<ul>\n<li>JEAN-CHRISTOPHE ACHARD, ADJOINT AU MAIRE DE SAINT-CLOUD<\/li>\n<li>RACHEL ADIL, ADJOINT AU MAIRE DE CLAMART<\/li>\n<li>GILBERT AH-YU, ADJOINT AU MAIRE DE CORMEILLES-EN-PARISIS<\/li>\n<li>MALIKA AHRES, ADJOINTE AU MAIRE D&rsquo;ARGENTEUIL<\/li>\n<li>SALEM AIDOUDI, ADJOINT AU MAIRE DE LIVRY-GARGAN<\/li>\n<li>SAI\u0308D AIT-OUARAZ, ADJOINT AU MAIRE D&rsquo;ANTONY<\/li>\n<li>DOMINIQUE ASARO, ADJOINT AU MAIRE DE FRANCONVILLE<\/li>\n<li>GILLES ASFAUX, ADJOINT AU MAIRE DE MONTEREAU-FAULT-YONNE<\/li>\n<li>FRANC\u0327OISE ASKINAZI, ADJOINTE AU MAIRE DE SAINT-CLOUD<\/li>\n<li>ALAIN ASSOULINE, ADJOINT AU MAIRE DE SAINT MANDE\u0301<\/li>\n<li>GERARD ATTARD, ADJOINT AU MAIRE DE LIVRY-GARGAN<\/li>\n<li>HASSAN AZZA, ADJOINT AU MAIRE DE PERSAN<\/li>\n<li>PATRICK BACHELIER, ADJOINT AU MAIRE DE CHA\u0302TENAY-MALABRY<\/li>\n<li>JOAQUIM BARROCA, ADJOINT AU MAIRE DE PERSAN<\/li>\n<li>FRANCK BARTH, ADJOINT AU MAIRE DE MONTFERMEIL<\/li>\n<li>MICHEL BAUX, ADJOINT AU MAIRE DE DEUIL LA BARRE<\/li>\n<li>EMMANUEL BAVIERE, ADJOINT AU MAIRE DE BOULOGNE-BILLANCOURT<\/li>\n<li>ARIELLE BEAUCAMPS, ADJOINTE AU MAIRE DU 6E\u0300ME ARRONDISSEMENT DE PARIS<\/li>\n<li>ROBERT BEAUDEAU, ADJOINT AU MAIRE DE VILLEPINTE<\/li>\n<li>BE\u0301ATRICE BELLIARD, ADJOINTE AU MAIRE DE BOULOGNE-BILLANCOURT<\/li>\n<li>FATIMA BELMOUDEN, ADJOINTE AU MAIRE D&rsquo;AULNAY-SOUS-BOIS<\/li>\n<\/ul>\n<ul>\n<li>CLAIRE LE BERRE, ADJOINTE AU MAIRE DE FRANCONVILLE<\/li>\n<li>BENOIST BERTHIER, ADJOINT AU MAIRE DE BIE\u0300VRES<\/li>\n<li>BRUNO BERTHINEAU, ADJOINT AU MAIRE DE PONTCARRE\u0301<\/li>\n<li>ERIC BERTIER, ADJOINT AU MAIRE DE VAUCRESSON<\/li>\n<li>CAROLINE MOLIN BERTIN, ADJOINTE AU MAIRE DE BOIS-COLOMBES<\/li>\n<li>EVELINE BESNARD, ADJOINTE AU MAIRE DE SAINT-MANDE\u0301<\/li>\n<li>ALINE BESSIS, ADJOINTE AU MAIRE DU 17E\u0300ME ARRONDISSEMENT DE PARIS<\/li>\n<li>FRANK BILLARD, ADJOINT AU MAIRE DE CHELLES<\/li>\n<li>CATHERINE BLOCH, ADJOINTE AU MAIRE DE VAUCRESSON<\/li>\n<li>LOUIS-MICHEL BONNE, ADJOINT AU MAIRE DE SURESNES<\/li>\n<li>ROSELYNE BORDES, ADJOINTE AU MAIRE DE LIVRY-GARGAN<\/li>\n<li>KAI\u0308SSA BOUDJEMAI, ADJOINTE AU MAIRE DE VILLE DE LIVRY-GARGAN<\/li>\n<li>THOMAS BOULLE\u0301, ADJOINT AU MAIRE DE SAINT MANDE\u0301<\/li>\n<li>PATRICK BOULLE\u0301, ADJOINT AU MAIRE DE FRANCONVILLE-LA-GARENNE<\/li>\n<li>KARIM BOUMEDJANE, ADJOINT AU MAIRE DU BLANC-MESNIL<\/li>\n<li>LAURENCE BOURDET-MATHIS, ADJOINTE AU MAIRE DE LEVALLOIS<\/li>\n<li>PAUL-LOUIS BOUSSAC, ADJOINT AU MAIRE DE TAVERNY<\/li>\n<li>GHISLAIN DE BOUTRAY, ADJOINT AU MAIRE DE LA GARENNE COLOMBES<\/li>\n<li>SYLVIE BOE\u0308ZENNEC, ADJOINTE AU MAIRE DE CHA\u0302TENAY-MALABRY<\/li>\n<li>BENOIT BREYSSE, ADJOINT AU MAIRE DE CHELLES<\/li>\n<li>BE\u0301ATRICE BRINGER, ADJOINTE AU MAIRE DE DEUIL-LA-BARRE<\/li>\n<li>GIOVANNI BUONO, ADJOINT AU MAIRE DE LEVALLOIS<\/li>\n<li>MARIE HE\u0301LE\u0300NE BUONO, ADJOINTE AU MAIRE D&rsquo;ASNIE\u0300RES SUR SEINE<\/li>\n<li>VE\u0301RONIQUE CABASSET, ADJOINTE AU MAIRE DE CLICHY<\/li>\n<li>DENIS CAHENZLI, ADJOINT AU MAIRE D&rsquo;AULNAY-SOUS-BOIS<\/li>\n<li>INGRID CAILLIS-BRANDL, ADJOINTE AU MAIRE DE CHELLES<\/li>\n<li>CAPUCINE CANDELLE, ADJOINTE AU MAIRE DE CLICHY LA GARENNE<\/li>\n<li>ANNE-GABRIELLE CANTET, ADJOINTE AU MAIRE DE BOIS-COLOMBES<\/li>\n<li>VANESSA CAPELO, ADJOINTE AU MAIRE DE VIRY-CHA\u0302TILLON<\/li>\n<li>JULIEN CARRE, ADJOINT AU MAIRE DU BLANC-MESNIL<\/li>\n<li>ALIX CASAL, ADJOINTE AU MAIRE DE VAUCRESSON<\/li>\n<li>KARINE CASAL DIT ESTEBAN, ADJOINTE AU MAIRE DE VERRIE\u0300RES LE BUISSON<\/li>\n<li>JEAN-YVES CAVALLINI, ADJOINT AU MAIRE DE LEVALLOIS<\/li>\n<li>MARC CELDRAN, ADJOINT AU MAIRE DE VIRY CHA\u0302TILLON<\/li>\n<li>CHRISTOPHE CELESTIN, ADJOINT AU MAIRE DE DEUIL-LA-BARRE<\/li>\n<li>CHRISTINE CERRIGONE, ADJOINTE AU MAIRE DU BLANC-MESNIL<\/li>\n<li>SUZANNE CHAAR, ADJOINTE AU MAIRE DE MAGNY-LE-HONGRE<\/li>\n<li>ALAIN CHABANEL, ADJOINT AU MAIRE DE DEUIL-LA-BARRE<\/li>\n<li>MARC CHALMANDRIER, ADJOINT AU MAIRE DE JUZIERS<\/li>\n<li>MAXIME CHARLET, ADJOINT AU MAIRE DE VIRY-CHA\u0302TILLON<\/li>\n<li>STEPHEN CHARLIEU, ADJOINT AU MAIRE DE NEAUPHLE-LE-CHA\u0302TEAU<\/li>\n<li>HUGUES CHARPENTIER, ADJOINT AU MAIRE DU 17E\u0300ME ARRONDISSEMENT DE PARIS<\/li>\n<li>JEANNE CHARRIERES-GUIGNO, ADJOINTE AU MAIRE DE FRANCONVILLE<\/li>\n<li>GILLES CHAUMERLIAC, ADJOINT AU MAIRE DE BOIS-COLOMBES<\/li>\n<li>TIMMY CHEDRI, ADJOINT AU MAIRE DE VALENCE EN BRIE<\/li>\n<li>JEAN-MICHEL CHEVALLIER, ADJOINT AU MAIRE DE VOISINS LE BRETONNEUX<\/li>\n<li>BENJAMIN CHKROUN, ADJOINT AU MAIRE D&rsquo;ENGHIEN-LES-BAINS<\/li>\n<li>LAURENT CHOUKROUN, ADJOINT AU MAIRE DE MAGNY-LE-HONGRE<\/li>\n<li>FRANC\u0327OIS CLEMENT, ADJOINT AU MAIRE DE TAVERNY<\/li>\n<li>ST\u00c9PHANE COCHEPAIN, ADJOINT AU MAIRE DE CLICHY<\/li>\n<li>MARIE COLAVITA, ADJOINTE AU MAIRE DE MONTROUGE,<\/li>\n<li>DOMINIQUE COLOMBEL, ADJOINTE AU MAIRE DE BOIS COLOMBES<\/li>\n<li>MARIE-JEANNE COLOMBO, ADJOINTE AU MAIRE DE CLICHY<\/li>\n<li>EMMANUELLE CORNET-RICQUEBOURG, ADJOINTE AU MAIRE DE BOULOGNE-BILLANCOURT<\/li>\n<li>VALE\u0301RIE COTTIN, ADJOINTE AU MAIRE DE VOISINS LE BRETONNEUX<\/li>\n<li>CHRISTIAN COUTURIER, ADJOINT AU MAIRE DE CHELLES<\/li>\n<li>ISABELLE COVILLE, ADJOINTE AU MAIRE DE LEVALLOIS<\/li>\n<li>PIERRE CROSNIER-LECONTE, ADJOINT AU MAIRE DE BOIS COLOMBES<\/li>\n<li>ISABELLE DE CRE\u0301CY, ADJOINTE AU MAIRE DE SURESNES<\/li>\n<li>JEAN-PHILIPPE DARNAULT, ADJOINT AU MAIRE DE SAINT-MANDE\u0301<\/li>\n<li>FRANCK DEBRAY, ADJOINT AU MAIRE DE CHA\u0302TENAY MALABRY<\/li>\n<li>GILLES DEBROSSE, ADJOINT AU MAIRE DE CHA\u0302TENAY-MALABRY<\/li>\n<li>ST\u00c9PHANE DECREPS, ADJOINT AU MAIRE DE LEVALLOIS<\/li>\n<li>MARINE DEFAUX, ADJOINTE AU MAIRE DE CLICHY LA GARENNE<\/li>\n<li>DIDIER DELAMADE, ADJOINT AU MAIRE DE VILLEPINTE<\/li>\n<li>VALE\u0301RIE DELAMARE, ADJOINTE AU MAIRE DE BOIS-COLOMBES<\/li>\n<li>JEAN-LOUIS DELORT, ADJOINT AU MAIRE DE VERRIE\u0300RES LE BUISSON<\/li>\n<li>CYRIL DELPUECH, ADJOINT AU MAIRE DE COMBS-LA-VILLE<\/li>\n<li>ARNAUD DELROT, ADJOINT AU MAIRE DE CLAMART<\/li>\n<li>JO\u00cbL DENEUX, ADJOINT AU MAIRE DE VOISINS-LE-BRETONNEUX<\/li>\n<li>PIERRE DENIZIOT, ADJOINT AU MAIRE DE BOULOGNE-BILLANCOURT<\/li>\n<li>CLOTILDE DEROUARD, ADJOINTE AU MAIRE DU 15e ARRONDISSEMENT DE PARIS<\/li>\n<li>LA\u00cbTITIA DEVILLARS, ADJOINTE AU MAIRE DE COURBEVOIE<\/li>\n<li>ANGELIQUE DIOGO, ADJOINTE AU MAIRE DE SAA\u0302CY-SUR-MARNE<\/li>\n<li>PHILIPPE DO AMARAL, ADJOINT AU MAIRE DE TAVERNY<\/li>\n<li>GERARD DOSSMANN, ADJOINT AU MAIRE DE VERRIE\u0300RES LE BUISSON<\/li>\n<li>GHISLAINE DOUAY, ADJOINTE AU MAIRE DE DEUIL LA BARRE<\/li>\n<li>THOMAS DOUBLIC, ADJOINT AU MAIRE D&rsquo;ASNIE\u0300RES-SUR-SEINE<\/li>\n<li>XAVIER DUBOURG, ADJOINT AU MAIRE DE FRANCONVILLE<\/li>\n<li>AGNE\u0300S DUCREUX, ADJOINTE AU MAIRE DE LA GENEVRAY<\/li>\n<li>BERTRAND DUFOYER, ADJOINT AU MAIRE DE DEUIL-LA-BARRE<\/li>\n<li>SOPHIE ELISIAN, ADJOINTE AU MAIRE DE LEVALLOIS<\/li>\n<li>FATIMA EL OUASDI, ADJOINTE AU MAIRE DE RUEIL-MALMAISON<\/li>\n<li>PHILIPPE D&rsquo;ESTAINTOT, ADJOINT AU MAIRE DE RUEIL MALMAISON<\/li>\n<li>LOURDES FERNANDES, ADJOINTE AU MAIRE DU 17E\u0300ME ARRONDISSEMENT DE PARIS<\/li>\n<li>ANNIE FERRI, ADJOINTE AU MAIRE DE CHELLES<\/li>\n<li>MARC FEUGERE, ADJOINT AU MAIRE DE CHA\u0302TENAY-MALABRY<\/li>\n<li>PATRICIA FITAMANT, ADJOINTE AU MAIRE DE VILLEMOMBLE<\/li>\n<li>STE\u0301PHANE FLEURY, ADJOINT AU MAIRE D&rsquo;AULNAY-SOUS-BOIS<\/li>\n<li>THIBAULT FLINE, ADJOINT AU MAIRE DE FONTAINEBLEAU<\/li>\n<li>CHARLES FLOBERT, ADJOINT AU MAIRE DU 6E\u0300ME ARRONDISSEMENT DE PARIS<\/li>\n<li>ANNE FOMMARTY, ADJOINTE AU MAIRE DE LA GARENNE-COLOMBES<\/li>\n<li>SABRINA FORTUNATO, ADJOINTE AU MAIRE DE FRANCONVILLE-LA-GARENNE<\/li>\n<li>CLAIRE FOUQUE, ADJOINTE AU MAIRE D&rsquo;AULNAY-SOUS-BOIS<\/li>\n<li>PE\u0301NE\u0301LOPE FRAISSINET, ADJOINTE AU MAIRE DE CHA\u0302TENAY-MALABRY<\/li>\n<li>CORINNE GABILLARD, ADJOINTE AU MAIRE DE PONTCARRE\u0301<\/li>\n<li>BERTRAND GABORIAU, ADJOINT AU MAIRE DE LEVALLOIS-PERRET<\/li>\n<li>THIERRY LE GAC, ADJOINT AU MAIRE D&rsquo;ASNIE\u0300RES-SUR-SEINE<\/li>\n<li>GENEVIE\u0300VE GAILLABAUD, ADJOINTE AU MAIRE DE LA GARENNE-COLOMBES<\/li>\n<li>GABRIEL GALIOTTO, ADJOINT AU MAIRE DU BLANC-MESNIL<\/li>\n<li>MARIE GALOPIN, ADJOINTE AU MAIRE DE PERSAN<\/li>\n<li>MONIA GARA, ADJOINTE AU MAIRE DE PERSAN<\/li>\n<li>CLAUDE GARRO, ADJOINT AU MAIRE DE MENNECY<\/li>\n<li>MICHEL GEORGET, ADJOINT AU MAIRE DE COURBEVOIE<\/li>\n<li>LAURENCE GERMAIN, ADJOINTE AU MAIRE DE DEUIL-LA-BARRE<\/li>\n<li>JEAN-LOUIS GHIGLIONE, ADJOINT AU MAIRE DE CHA\u0302TENAY-MALABRY<\/li>\n<li>PIERRE GOMEZ, ADJOINT AU MAIRE DE RUEIL-MALMAISON<\/li>\n<li>MOI\u0308NA GREENEP, ADJOINTE AU MAIRE DE VOISINS LE BRETONNEUX<\/li>\n<li>GENEVIE\u0300VE GREFFIN, ADJOINTE AU MAIRE DE BOUTIGNY-SUR-ESSONNE<\/li>\n<li>PATRICK GUERIN, ADJOINT AU MAIRE DE MAGNY-LE-HONGRE<\/li>\n<li>PHILIPPE GUERRE, ADJOINT AU MAIRE DU 17E\u0300ME ARRONDISSEMENT DE PARIS<\/li>\n<li>CE\u0301CILE GUILLOU, ADJOINTE AU MAIRE DE SURESNES<\/li>\n<li>JEAN PATRICK GUIMARD, ADJOINT AU MAIRE DE CLAMART<\/li>\n<li>JACQUES GUIONET, ADJOINT AU MAIRE DE SAINT-MANDE\u0301<\/li>\n<li>THIERRY HACK, ADJOINT AU MAIRE DE JUZIERS<\/li>\n<li>EVA HADDAD, ADJOINTE AU MAIRE DE LEVALLOIS<\/li>\n<li>RAHNIA HAMA, ADJOINTE AU MAIRE DU BLANC-MESNIL<\/li>\n<li>HE\u0301NDA HAMZA, ADJOINTE AU MAIRE DE RUEIL-MALMAISON<\/li>\n<li>BO HAN, ADJOINT AU MAIRE DU BLANC MESNIL<\/li>\n<li>CATHERINE HATAT, ADJOINTE AU MAIRE DE VOISINS LE BRETONNEUX<\/li>\n<li>ERIC HAZE\u0301, ADJOINT AU MAIRE DE SAA\u0302CY SUR MARNE<\/li>\n<li>GISE\u0300LE HENRY, ADJOINTE AU MAIRE DE MAGNY LE HONGRE<\/li>\n<li>CARMEN HERSEMEULE, ADJOINT AU MAIRE DU BLANC MESNIL<\/li>\n<li>FATEN HIDRI, ADJOINTE AU MAIRE DE DRAVEIL<\/li>\n<li>GILLES HOUAREAU, ADJOINT AU MAIRE DE ROISSY-EN-BRIE<\/li>\n<li>FRANCK HUET, ADJOINT AU MAIRE DE VOISINS LE BRETONNEUX<\/li>\n<li>PASCAL HUREAU, ADJOINT AU MAIRE DE MONTROUGE<\/li>\n<li>ERIC ISABEY, ADJOINT AU MAIRE DE BOIS COLOMBES<\/li>\n<li>THIERRY MICHEL ISOARD, ADJOINT AU MAIRE D&rsquo;ASNIE\u0300RES-SUR-SEINE<\/li>\n<li>BRUNO JACON, ADJOINT AU MAIRE DE SURESNES<\/li>\n<li>HE\u0301LE\u0300NE JACQUEMONT, ADJOINTE AU MAIRE DU 17E\u0300ME ARRONDISSEMENT DE PARIS<\/li>\n<li>ERIC JEUNEMAITRE, ADJOINT AU MAIRE DE PROVINS<\/li>\n<li>YOUSSEF JIAR, ADJOINT AU MAIRE DE VILLEPINTE<\/li>\n<li>BLANDINE DE JOUSSINEAU, ADJOINTE AU MAIRE DE BOULOGNE-BILLANCOURT<\/li>\n<li>JEROME KARKULOWSKI, ADJOINT AU MAIRE DE LEVALLOIS-PERRET<\/li>\n<li>NICOLAS KOWBASIUK, ADJOINT AU MAIRE DE TAVERNY<\/li>\n<li>VIRGINIE KRIKORIAN, ADJOINTE AU MAIRE DU 8E\u0300ME ARRONDISSEMENT DE PARIS<\/li>\n<li>AMEL LABBAS, ADJOINTE AU MAIRE D&rsquo;AULNAY-SOUS-BOIS<\/li>\n<li>MOHAMED LABBAS, ADJOINT AU MAIRE DE PERSAN<\/li>\n<li>MARC LABELLE, ADJOINT AU MAIRE DE BI\u00c8VRES<\/li>\n<li>PASCAL LAHURE, ADJOINT AU MAIRE DE VIRY CH\u00c2TILLON<\/li>\n<li>FRE\u0301DE\u0301RIQUE LAINE, ADJOINTE AU MAIRE DE SURESNES<\/li>\n<li>YOANN LAMARQUE, ADJOINT AU MAIRE DE SURESNES<\/li>\n<li>CHANTAL LAMBERT BURENS, ADJOINTE AU MAIRE DU 6E\u0300ME ARRONDISSEMENT DE PARIS<\/li>\n<li>KARINE LANCHAS, ADJOINTE AU MAIRE D&rsquo;AULNAY SOUS-BOIS<\/li>\n<li>DELPHINE LANNOYE, ADJOINTE AU MAIRE DE PERSAN<\/li>\n<li>LOUIS LATINNE, ADJOINT AU MAIRE DU 15E ARRONDISSEMENT DE PARIS<\/li>\n<li>PHILIPPE LAUNAY, ADJOINT AU MAIRE DE LEVALLOIS<\/li>\n<li>NATHALY LEDERMAN, ADJOINTE AU MAIRE DE COURBEVOIE<\/li>\n<li>CHRISTOPHE LEDRAN, ADJOINT AU MAIRE DU 17E\u0300ME ARRONDISSEMENT DE PARIS<\/li>\n<li>BE\u0301NE\u0301DICTE LEFEVRE, ADJOINTE AU MAIRE DU BLANC MESNIL<\/li>\n<li>CHRISTINE LEGENDRE, ADJOINTE AU MAIRE DE LA GARENNE COLOMBES<\/li>\n<li>BRIGITTE LEMARCHAND, ADJOINTE AU MAIRE DU BLANC-MESNIL<\/li>\n<li>JE\u0301RO\u0302ME LEONELLI, ADJOINT AU MAIRE DE VAUCRESSON<\/li>\n<li>MARIE-PIERRE LIMOGE, ADJOINTE AU MAIRE DE COURBEVOIE<\/li>\n<li>PIERRE-FRANC\u0327OIS LOGEREAU, ADJOINT AU MAIRE DU 17E\u0300ME ARRONDISSEMENT DE PARIS<\/li>\n<li>VE\u0301RONIQUE LORTAT-JACOB, ADJOINTE AU MAIRE DE CLICHY<\/li>\n<li>JEAN-LUC LOSTUZZO, ADJOINT AU MAIRE DE PERSAN<\/li>\n<li>PASCAL LOUAP, ADJOINT AU MAIRE DE BOULOGNE-BILLANCOURT<\/li>\n<li>FRE\u0301DE\u0301RIC LE\u0301PRON, ADJOINT AU MAIRE DE FRANCONVILLE-LA-GARENNE<\/li>\n<li>BENOIT MAINGUY, ADJOINT AU MAIRE DE BOIS-COLOMBES<\/li>\n<li>ERIC MALLET, ADJOINT AU MAIRE DE VILLEMOMBLE<\/li>\n<li>GAE\u0308TAN MALONDA, ADJOINT AU MAIRE DE JUZIERS<\/li>\n<li>GUILLAUME MARE, ADJOINT AU MAIRE D&rsquo;ASNIE\u0300RES SUR SEINE<\/li>\n<li>NICOLAS MARGUERAT, ADJOINT AU MAIRE DE BOULOGNE-BILLANCOURT<\/li>\n<li>PAULO MARQUES, ADJOINT AU MAIRE D&rsquo;AULNAY-SOUS-BOIS<\/li>\n<li>PHILIPPE MAURY, ADJOINT AU MAIRE DE CHELLES<\/li>\n<li>MARTINE MAYET, ADJOINTE AU MAIRE DE RUEIL-MALMAISON<\/li>\n<li>PIERRE MEDAN, ADJOINT AU MAIRE D&rsquo;ANTONY<\/li>\n<li>RITA MENGEOT, ADJOINTE AU MAIRE D&rsquo;ASNIE\u0300RES<\/li>\n<li>PIERRE MENUET, ADJOINT AU MAIRE DU 15E\u0300ME ARRONDISSEMENT DE PARIS<\/li>\n<li>CAROLINE MERCIER, ADJOINTE AU MAIRE DE CLICHY<\/li>\n<li>LUC MERCIER, ADJOINT AU MAIRE DE CLICHY<\/li>\n<li>PHILIPPE MERELLI, ADJOINT AU MAIRE DE VOISINS LE BRETONNEUX<\/li>\n<li>SANDRINE DU MESNIL, ADJOINTE AU MAIRE DE SURESNES<\/li>\n<li>SYLVIE MEYNARD, ADJOINTE AU MAIRE D&rsquo;ASNIE\u0300RES<\/li>\n<li>PATRICK MIKALEF, ADJOINT AU MAIRE DE FUBLAINES<\/li>\n<li>LAE\u0308TITIA MILLET, ADJOINTE AU MAIRE DE CHELLES<\/li>\n<li>CORINNE LE MOIL, ADJOINTE AU MAIRE DE VILLEPINTE<\/li>\n<li>FABIENNE MONOT, ADJOINTE AU MAIRE DE RUEIL MALMAISON<\/li>\n<li>MARYVONNE MONTEMBAULT, ADJOINTE AU MAIRE D&rsquo;AULNAY-SOUS-BOIS<\/li>\n<li>ANTONIO MORAIS, ADJOINT AU MAIRE DE CLICHY-LA-GARENNE<\/li>\n<li>ATHE\u0301NAI\u0308S DE LA MORANDIERE, ADJOINTE AU MAIRE DU 17E\u0300ME ARRONDISSEMENT DE PARIS<\/li>\n<li>CHANTAL MOREAU, ADJOINTE AU MAIRE D&rsquo;AULNAY-SOUS-BOIS<\/li>\n<li>SE\u0301BASTIEN MORIN, ADJOINT AU MAIRE D&rsquo;AULNAY-SOUS-BOIS<\/li>\n<li>JEAN-PIERRE MORIN, ADJOINT AU MAIRE DE RUEIL MALMAISON<\/li>\n<li>CHRISTIAN MORTEL, ADJOINT AU MAIRE DE LEVALLOIS-PERRET<\/li>\n<li>FRANCOIS MORVAN, ADJOINT AU MAIRE DE CLICHY<\/li>\n<li>MARIE-PIERRE MOTHRE\u0301, ADJOINTE AU MAIRE DE SAINT-BRICE<\/li>\n<li>BERNADETTE MOULAY, ADJOINTE AU MAIRE DE VIRY-CHA\u0302TILLON<\/li>\n<li>HE\u0301LE\u0300NE MOULINAT-KERGOAT, ADJOINTE AU MAIRE DE LIVRY-GARGAN<\/li>\n<li>WISSAM NEHME, ADJOINT AU MAIRE D&rsquo;ANTONY<\/li>\n<li>GAE\u0308LLE NEVES, ADJOINTE AU MAIRE DE BOUTIGNY-SUR-ESSONNE<\/li>\n<li>MYRIAM NIARI, ADJOINTE AU MAIRE DE LA GARENNE-COLOMBES<\/li>\n<li>ALAIN PACHOUD, ADJOINT AU MAIRE D&rsquo;AULNAY-SOUS-BOIS<\/li>\n<li>JEAN-SIMON PASADAS, ADJOINT AU MAIRE DE RUEIL MALMAISON<\/li>\n<li>MARIE-JOSE\u0301 PERRET, ADJOINTE AU MAIRE DE MENNECY<\/li>\n<li>ST\u00c9PHANE PERRIN BIDAN, ADJOINT AU MAIRE DE SURESNES<\/li>\n<li>LOI\u0308C PE\u0301RON, ADJOINT AU MAIRE DE CLICHY-LA-GARENNE<\/li>\n<li>FRANC\u0327OISE PEYTHIEUX, ADJOINTE AU MAIRE DE CHA\u0302TENAY-MALABRY<\/li>\n<li>JACQUES PHILIPPON, ADJOINT AU MAIRE DE CHELLES<\/li>\n<li>THIERRY PICHOT-MAUFROY, ADJOINT AU MAIRE DE DUGNY<\/li>\n<li>JEAN-PHILIPPE PIERRE, ADJOINT AU MAIRE DU 15EME ARRONDISSEMENT DE PARIS<\/li>\n<li>BRIGITTE PINAULDT, ADJOINTE AU MAIRE DE SAINT CLOUD<\/li>\n<li>STEEVE POMMERY, ADJOINT AU MAIRE DE SAA\u0302CY-SUR-MARNE<\/li>\n<li>BENOI\u0302T POUYET, ADJOINT AU MAIRE DE NEAUPHLE-LE-CHA\u0302TEAU<\/li>\n<li>JEAN-FRANCOIS PUGET, ADJOINT AU MAIRE DE NEUILLY-SUR-SEINE<\/li>\n<li>LAURENT RACAPE, ADJOINT AU MAIRE DU 15EME ARRONDISSEMENT DE PARIS<\/li>\n<li>ELODIE REBER, ADJOINTE AU MAIRE DE SURESNES<\/li>\n<li>CYRILLE RECLUS, ADJOINT AU MAIRE D&rsquo;ASNIE\u0300RES<\/li>\n<li>SE\u0301BASTIEN RENAULT, ADJOINT AU MAIRE DE CLICHY-LA-GARENNE<\/li>\n<li>MARINA RENUCCI, ADJOINTE AU MAIRE DE MAGNY-LE-HONGRE<\/li>\n<li>SIMONETTA RESTA, ADJOINTE AU MAIRE DE MAGNY-LE-HONGRE<\/li>\n<li>JEAN-PAUL REYNAUD, ADJOINT AU MAIRE DE MENNECY<\/li>\n<li>MURIEL RICHARD, ADJOINTE AU MAIRE DE SURESNES<\/li>\n<li>DANIELLE RIPERT, ADJOINTE AU MAIRE DE CLICHY LA GARENNE<\/li>\n<li>JEAN-MARC RITA LEITE, ADJOINT AU MAIRE DE MENNECY<\/li>\n<li>FRE\u0301DE\u0301RIC ROBERT, ADJOINT AU MAIRE DE LEVALLOIS-PERRET<\/li>\n<li>ELISABETH RODRIGUES, ADJOINTE AU MAIRE D&rsquo;AULNAY-SOUS-BOIS<\/li>\n<li>CHANTAL ROLGEN, ADJOINTE AU MAIRE DU 15E\u0300ME ARRONDISSEMENT DE PARIS<\/li>\n<li>PATRICE RONCARI, ADJOINT AU MAIRE DE CLAMART<\/li>\n<li>ELISABETH ROQUAIN, ADJOINTE AU MAIRE DE VERRIE\u0300RES LE BUISSON<\/li>\n<li>ISABELLE ROQUES, ADJOINTE AU MAIRE DE BOUTIGNY SUR ESSONNE<\/li>\n<li>MARTINE ROUCHON, ADJOINTE AU MAIRE DE LEVALLOIS<\/li>\n<li>OLIVIER ROUXEL, ADJOINT AU MAIRE DE BREUIL-BOIS-ROBERT<\/li>\n<li>MARIE-JOSE\u0301E ROUZIC-RIBES, ADJOINTE AU MAIRE DE BOULOGNE-BILLANCOURT<\/li>\n<li>ELIE DE SAINT JORES, ADJOINT AU MAIRE DE CHA\u0302TENAY-MALABRY<\/li>\n<li>JOHN SAMINGO, ADJOINT AU MAIRE DE COMBS LA VILLE<\/li>\n<li>DAOUDA SANOGO, ADJOINT AU MAIRE D&rsquo;AULNAY-SOUS-BOIS<\/li>\n<li>MARIE CHRISTINE SARADJIAN, ADJOINTE AU MAIRE D&rsquo;ASNIE\u0300RES SUR SEINE<\/li>\n<li>LAURENT SAUERBACH, ADJOINT AU MAIRE DE VIRY-CHA\u0302TILLON<\/li>\n<li>JULIEN SCHENARDI, ADJOINT AU MAIRE DE MENNECY<\/li>\n<li>PATRICK SCHILLINGER, ADJOINT AU MAIRE DE MAGNY-LE-HONGRE<\/li>\n<li>STE\u0301PHANIE SCHLIENGER, ADJOINTE AU MAIRE D&rsquo;ANTONY<\/li>\n<li>THIERRY SELLIER, ADJOINT AU MAIRE D&rsquo;ASNIE\u0300RES-SUR-SEINE<\/li>\n<li>NADINE SENSE, ADJOINTE AU MAIRE DE FRANCONVILLE<\/li>\n<li>FLORENCE DE SEPTENVILLE, ADJOINTE AU MAIRE DE SURESNES<\/li>\n<li>CHRISTINE SEVESTRE, ADJOINTE AU MAIRE DE SAINT -MANDE\u0301<\/li>\n<li>FRED SITBON, ADJOINT AU MAIRE D&rsquo;ASNIE\u0300RES SUR SEINE<\/li>\n<li>LILIAN SOUBRANNE, ADJOINT AU MAIRE DE LA GARENNE-COLOMBES<\/li>\n<li>DIDIER STHOREZ, ADJOINT AU MAIRE DE CHENNEVIE\u0300RES SUR MARNE<\/li>\n<li>GUILLAUME SE\u0301GALA, ADJOINT AU MAIRE DE CHELLES<\/li>\n<li>DEBORAH THOMAS, ADJOINTE AU MAIRE DE PONTCARRE\u0301<\/li>\n<li>SLIMANN TIR, ADJOINT AU MAIRE DE DEUIL-LA-BARRE<\/li>\n<li>CATHERINE TOURNUT, ADJOINTE AU MAIRE DE PONTCARRE\u0301<\/li>\n<li>AGNES TOURY, ADJOINTE AU MAIRE DU 17E\u0300ME ARRONDISSEMENT DE PARIS<\/li>\n<li>JEAN-CLAUDE TREMINTIN, ADJOINT AU MAIRE DE SAINT-CLOUD<\/li>\n<li>BARBARA TREUTENAERE, ADJOINTE AU MAIRE D&rsquo;ASNIE\u0300RES-SUR-SEINE<\/li>\n<li>PHILIPPE TROTIN, ADJOINT AU MAIRE DE RUEIL MALMAISON<\/li>\n<li>AURE\u0301LIE TROUBAT, ADJOINTE AU MAIRE DE VIRY-CHA\u0302TILLON<\/li>\n<li>IRE\u0300NE TSILIKAS, ADJOINTE AU MAIRE DE CHA\u0302TENAY-MALABRY<\/li>\n<li>MARIE TUNG, ADJOINTE AU MAIRE DE SAINT-MANDE\u0301<\/li>\n<li>MARYLINE VAUBAN, ADJOINTE AU MAIRE DE VILLEPINTE<\/li>\n<li>LUCAS VE\u0301RAN, ADJOINT AU MAIRE DE NEUILLY-SUR-SEINE<\/li>\n<li>ALAIN VERBRUGGHE, ADJOINT AU MAIRE DE FRANCONVILLE<\/li>\n<li>MARIE VERET, ADJOINTE AU MAIRE D&rsquo;ANTONY<\/li>\n<li>MARIANNE VERON, ADJOINTE AU MAIRE DE SAINT-MANDE\u0301<\/li>\n<li>MARIE-THE\u0301RE\u0300SE VIDAL, ADJOINTE AU MAIRE DE VIRY CHA\u0302TILLON<\/li>\n<li>DOMINIQUE VIGNEULLE, ADJOINT AU MAIRE DE COMBS LA VILLE<\/li>\n<li>JACKY VILTART, ADJOINT AU MAIRE DU BLANC-MESNIL<\/li>\n<li>HENRI VINCENT, ADJOINT AU MAIRE DE BOIS-COLOMBES<\/li>\n<li>JEAN-LUC VUILLEMENOT, ADJOINT AU MAIRE DE BOUTIGNY-SUR-ESSONNE<\/li>\n<li>CENDRINE WIJNGAARDS, ADJOINTE AU MAIRE DE CHELLES<\/li>\n<li>LAURENT ZACAROPOULOS, ADJOINT AU MAIRE DE LA GARENNE-COLOMBES<\/li>\n<li>OLIVIA ZERAH, ADJOINTE AU MAIRE DE LEVALLOIS<\/li>\n<li>JONATHAN ZERDOUN, ADJOINT AU MAIRE DE ROISSY-EN-BRIE<\/li>\n<li>CONSEILLERS MUNICIPAUX :<\/li>\n<li>GREGORY ABIDI, CONSEILLER MUNICIPAL DE VIRY CH\u00c2TILLON<\/li>\n<li>IMANE ACHOUR, CONSEILL\u00c8RE MUNICIPALE DE CLICHY<\/li>\n<li>CAROLINE AGLETINER, CONSEILL\u00c8RE MUNICIPALE DE CHELLES<\/li>\n<li>NOEL AGNES, CONSEILLER MUNICIPAL DE VOISINS-LE-BRETONNEUX<\/li>\n<li>GILLES ALAPETITE, CONSEILLER MUNICIPAL DE COMBS LA VILLE<\/li>\n<li>MARIE-ASTRID ALBERT, CONSEILL\u00c8RE MUNICIPALE DE CLICHY LA GARENNE<\/li>\n<li>NICOLE ALQUIER, CONSEILL\u00c8RE MUNICIPALE DU CHESNAY-ROCQUENCOURT<\/li>\n<li>PHILIPPE AMRAM, CONSEILLER MUNICIPAL DE CH\u00c2TENAY-MALABRY<\/li>\n<li>SABRINA ANCEL, CONSEILL\u00c8RE MUNICIPALE DE VOISINS-LE-BRETONNEUX<\/li>\n<li>RENATHA ANCHARUZ, CONSEILL\u00c8RE MUNICIPALE DE VILLEPINTE<\/li>\n<li>CHARLES ARONICA, CONSEILLER MUNICIPAL DE CHELLES<\/li>\n<li>DAN ATLAN, CONSEILLER MUNICIPAL DE BI\u00c8VRES<\/li>\n<li>NICOLAS AUNEVEUX, CONSEILLER MUNICIPAL D&rsquo;ASNI\u00c8RES-SUR-SEINE<\/li>\n<li>MARIE-TH\u00c9R\u00c8SE AUFFRET, CONSEILL\u00c8RE MUNICIPALE DE CH\u00c2TENAY-MALABRY<\/li>\n<li>BERTRAND AUCLAIR, CONSEILLER MUNICIPAL DE BOULOGNE-BILLANCOURT<\/li>\n<li>MAHDJOUB BAGHDADI, CONSEILLER MUNICIPAL DE TAVERNY<\/li>\n<li>JEAN-MARC BALTZER, CONSEILLER MUNICIPAL DE CHATENAY-MALABRY<\/li>\n<li>PATRICIA BADIAS, CONSEILL\u00c8RE MUNICIPALE DE MONTROUGE<\/li>\n<li>VALENTIN BARTECKI, CONSEILLER MUNICIPAL DE FRANCONVILLE<\/li>\n<li>ELISABETH BARBOSA, CONSEILL\u00c8RE MUNICIPALE DE VIRY-CH\u00c2TILLON<\/li>\n<li>FRANC\u0327OIS BARBIER, CONSEILLER MUNICIPAL DE SAACY-SUR-MARNE<\/li>\n<li>JEAN-LOUIS BARTHELE\u0301MY, CONSEILLER DU 8EME ARRONDISSEMENT DE PARIS<\/li>\n<li>MIREILLE BERTRAND, CONSEILL\u00c8RE MUNICIPALE DE NEUILLY-SUR-SEINE<\/li>\n<li>NADIA BERTRAND, CONSEILL\u00c8RE MUNICIPALE DE SAINT-OUEN-L&rsquo;AUM\u00d4NE<\/li>\n<li>FRANC\u0327OIS BENAVENTE, CONSEILLER MUNICIPAL DE PONTCARRE<\/li>\n<li>AVIEL BENSABAT, CONSEILLER MUNICIPAL D&rsquo;ANTONY<\/li>\n<li>LYDIE BEREZIAT, CONSEILL\u00c8RE MUNICIPALE DE CHELLES<\/li>\n<li>JEAN-BERNARD BIGA, CONSEILLER MUNICIPAL DE VIRY CH\u00c2TILLON<\/li>\n<li>STEPHANE BOSSY, CONSEILLER MUNICIPAL DE CHELLES<\/li>\n<li>ADRIEN BONTEMPS, CONSEILLER MUNICIPAL DE DEUIL-LA BARRE<\/li>\n<li>EMMANUELLE BONNEHON, CONSEILL\u00c8RE MUNICIPALE DE BOULOGNE-BILLANCOURT<\/li>\n<li>JULIEN BOUCHET, CONSEILLER MUNICIPAL DE CLICHY<\/li>\n<li>CAROLINE BOULVIN, CONSEILL\u00c8RE MUNICIPALE DE LA GARENNE-COLOMBES<\/li>\n<li>CHRISTINE BOULAY DEILHES, CONSEILL\u00c8RE MUNICIPALE DE VIRY CH\u00c2TILLON<\/li>\n<li>B\u00c9N\u00c9DICTE BOUVIER, CONSEILL\u00c8RE MUNICIPALE DE VIRY-CH\u00c2TILLON<\/li>\n<li>GR\u00c9GORY BOZEC, CONSEILLER MUNICIPAL DE VERRI\u00c8RES-LE-BUISSON<\/li>\n<li>ANNE-MARIE BORDELEAU, CONSEILL\u00c8RE MUNICIPALE DE COMBS LA VILLE<\/li>\n<li>DORINE BOURNETON, CONSEILL\u00c8RE MUNICIPALE DE BOULOGNE BILLANCOURT<\/li>\n<li>JACQUELINE BRIGNON, CONSEILL\u00c8RE MUNICIPALE DE VERRI\u00c8RES LE BUISSON<\/li>\n<li>MAURICETTE BROS, CONSEILLERE MUNICIPALE DU BLANC MESNIL<\/li>\n<li>MARIE BRUCELLE, CONSEILL\u00c8RE MUNICIPALE DE BI\u00c8VRES<\/li>\n<li>SOPHIE BRUCIAFERI, CONSEILL\u00c8RE MUNICIPALE DE CORMEILLES-EN-PARISIS<\/li>\n<li>JEAN LUC BRACHET, CONSEILLER MUNICIPAL DE CLICHY-LA-GARENNE<\/li>\n<li>DAVID BREXEL, CONSEILLER MUNICIPAL DE COURBEVOIE<\/li>\n<li>MICKAEL CAILLON, CONSEILLER MUNICIPAL DE CORMEILLES EN PARISIS<\/li>\n<li>BRUNO CARRANI, CONSEILLER MUNICIPAL DE MENNECY<\/li>\n<li>BERNARD CAPDEVILLE, CONSEILLER MUNICIPAL DE SA\u00c2CY-SUR-MARNE<\/li>\n<li>MICHEL COLLIGNON, CONSEILLER MUNICIPAL DU BLANC-MESNIL<\/li>\n<li>H\u00c9L\u00c8NE CONNAN, CONSEILL\u00c8RE MUNICIPALE DE VAUCRESSON<\/li>\n<li>CHRISTIANE CORNU, CONSEILL\u00c8RE MUNICIPALE DE CHENNEVI\u00c8RES SUR MARNE<\/li>\n<li>IRENE CORNUAU, CONSEILL\u00c8RE MUNICIPALE DE FRANCONVILLE<\/li>\n<li>PATRICE COSSON, CONSEILLER MUNICIPAL DE RUEIL MALMAISON<\/li>\n<li>GILDAS COSSON, CONSEILLER MUNICIPAL DE CHELLES<\/li>\n<li>ANTOINE COSTA, CONSEILLER MUNICIPAL DE FUBLAINES<\/li>\n<li>PIERRE CRESPI, CONSEILLER MUNICIPAL DE CLAMART<\/li>\n<li>PERRINE COUPRY, CONSEILL\u00c8RE MUNICIPALE DE SURESNES<\/li>\n<li>XAVIER DAGRAS, CONSEILLER MUNICIPAL DE LA GARENNE-COLOMBES<\/li>\n<li>SIDI DAHMANE, CONSEILLER MUNICIPAL DE BOULOGNE-BILLANCOURT<\/li>\n<li>PIERRE-JEAN DARMANIN, CONSEILLER MUNICIPAL DE CHELLES<\/li>\n<li>CELINE DAVID, CONSEILL\u00c8RE MUNICIPALE DE MENNECY<\/li>\n<li>DOMINIQUE DELACOURT, CONSEILL\u00c8RE MUNICIPALE DE SA\u00c2CY SUR MARNE<\/li>\n<li>AGNES DELACROIX, CONSEILL\u00c8RE MUNICIPALE DE CLICHY<\/li>\n<li>CLAUDE DELMOTTE, CONSEILLER MUNICIPAL DU BLANC MESNIL<\/li>\n<li>V\u00c9RONIQUE DELALY, CONSEILL\u00c8RE MUNICIPALE DE VOISINS-LE-BRETONNEUX<\/li>\n<li>RICHARD DELLA MUSSIA, CONSEILLER MUNICIPAL DE CHENNEVI\u00c8RES SUR MARNE<\/li>\n<li>MELANIE DEFACQ MULLER, CONSEILL\u00c8RE MUNICIPALE DE CH\u00c2TENAY-MALABRY<\/li>\n<li>FLORENCE DECOURTY, CONSEILL\u00c8RE MUNICIPALE DE FRANCONVILLE<\/li>\n<li>JOSETTE DE MARVAL, CONSEILL\u00c8RE MUNICIPALE DE CLICHY<\/li>\n<li>BRUNO DE CARLI, CONSEILLER MUNICIPAL DE FRANCONVILLE<\/li>\n<li>SOPHIE-CHARLOTTE DEBADIER, CONSEILL\u00c8RE DU 8EME ARRONDISSEMENT DE PARIS<\/li>\n<li>ANDR\u00c9 DE BUSSY, CONSEILLER MUNICIPAL DE BOULOGNE-BILLANCOURT<\/li>\n<li>XAVIER DECOMBAS, CONSEILLER MUNICIPAL DE PERSAN<\/li>\n<li>BAPTISTE DENIS, CONSEILLER MUNICIPAL DE LA GARENNE-COLOMBES<\/li>\n<li>FRANCK DENION, CONSEILLER MUNICIPALE DE BRIE-COMTE-ROBERT<\/li>\n<li>DAVID DESCAUCHEREUX, CONSEILLER MUNICIPAL DE PERSAN<\/li>\n<li>PATRICK DESSEN, CONSEILLER MUNICIPAL DE CH\u00c2TENAY-MALABRY<\/li>\n<li>LAURIE DODIN, CONSEILL\u00c8RE MUNICIPALE DE FRANCONVILLE<\/li>\n<li>MARIE-MADELEINE DOHERTY, CONSEILL\u00c8RE MUNICIPALE DE ROISSY-EN-BRIE<\/li>\n<li>VICTORIA DOGNIN, CONSEILL\u00c8RE MUNICIPALE DE COURBEVOIE<\/li>\n<li>JEAN-CLAUDE DOUDY, CONSEILLER MUNICIPAL D&rsquo;AULNAY-SOUS-BOIS<\/li>\n<li>MARIE-CAROLINE DOUCERE\u0301, CONSEILLERE DU 15EME ARRONDISSEMENT DE PARIS<\/li>\n<li>STEPHANIE EMIRIAN, CONSEILL\u00c8RE MUNICIPALE DE BOIS-COLOMBES<\/li>\n<li>DORYS ESCULIER, CONSEILL\u00c8RE MUNICIPALE DE SA\u00c2CY SUR MARNE<\/li>\n<li>GUILLAUME FAKIR, CONSEILLER MUNICIPAL D&rsquo;ASNI\u00c8RES-SUR-SEINE<\/li>\n<li>LISE FAGNIA, CONSEILL\u00c8RE MUNICIPALE D&rsquo;ASNIERES -SUR-SEINE<\/li>\n<li>OLIVIER FASSI, CONSEILLER MUNICIPAL DE VIRY-CH\u00c2TILLON<\/li>\n<li>HENRI FERNANDEZ, CONSEILLER MUNICIPAL DE FRANCONVILLE<\/li>\n<li>RENATA FERREIRA DE AZEVEDO, CONSEILLERE MUNICIPALE DE CLICHY<\/li>\n<li>GINETTE FIFI-LOYALE, CONSEILL\u00c8RE MUNICIPALE DE FRANCONVILLE LA GARENNE<\/li>\n<li>CEDRIC FLAVIEN, CONSEILLER MUNICIPAL DE COURBEVOIE<\/li>\n<li>NICOLAS FLAMENT, CONSEILLER MUNICIPAL DE SANNOIS<\/li>\n<li>LIONEL FOHRER, CONSEILLER MUNICIPAL DE BOUTIGNY-SUR-ESSONNE<\/li>\n<li>PATRICIA FOFFE, CONSEILL\u00c8RE MUNICIPALE DE MENNECY<\/li>\n<li>MARIE-LAURE FOUASSIER, CONSEILL\u00c8RE MUNICIPALE DE BOULOGNE-BILLANCOURT<\/li>\n<li>DAMIEN FROIDURE, CONSEILLER MUNICIPAL DE DEUIL-LA BARRE<\/li>\n<li>FRANCK GAILLARD, CONSEILLER MUNICIPAL DE FRANCONVILLE<\/li>\n<li>SACHA GAILLARD, CONSEILLER MUNICIPAL DE SAINT-CLOUD<\/li>\n<li>HERVE GALICHET, CONSEILLER MUNICIPAL DE FRANCONVILLE LA GARENNE<\/li>\n<li>PHILIPPE GARRIGUES, CONSEILLER MUNICIPAL D&rsquo;ASNIERES<\/li>\n<li>PAULINE GEISMAR, CONSEILL\u00c8RE MUNICIPALE DE SAINT-CLOUD<\/li>\n<li>B\u00c9N\u00c9DICTE GEORGES, CONSEILL\u00c8RE MUNICIPALE DE COURBEVOIE<\/li>\n<li>PATRICK GENOUD, CONSEILLER MUNICIPAL DE VOISINS-LE-BRETONNEUX<\/li>\n<li>CHRISTIAN GHIS, CONSEILLER MUNICIPAL DE COMBS-LA-VILLE<\/li>\n<li>MAURICE GILLE, CONSEILLER MUNICIPAL DE BOULOGNE BILLANCOURT<\/li>\n<li>ETIENNE GILBERT, CONSEILLER MUNICIPAL DE VIRY CH\u00c2TILLON<\/li>\n<li>V\u00c9RONIQUE GLOVER, CONSEILL\u00c8RE MUNICIPALE DE CHENNEVI\u00c8RES SUR MARNE<\/li>\n<li>MARIE-CLAUDE GOUREAU, CONSEILL\u00c8RE MUNICIPALE DE STAINS<\/li>\n<li>CHRISTOPHE GOUX, CONSEILLER MUNICIPAL DE VOISINS-LE-BRETONNEUX<\/li>\n<li>FRAN\u00c7OISE GONZALEZ, CONSEILL\u00c8RE MUNICIPALE DE FRANCONVILLE<\/li>\n<li>ISABELLE GRELLIER, CONSEILL\u00c8RE MUNICIPALE DE TAVERNY<\/li>\n<li>LILIANE GRAINE, CONSEILL\u00c8RE MUNICIPALE DE MONTROUGE<\/li>\n<li>THIBAUT GRIPOIX, CONSEILLER MUNICIPAL DU V\u00c9SINET<\/li>\n<li>JULIEN GUIRAL, CONSEILLER MUNICIPAL DE DEUIL-LA-BARRE<\/li>\n<li>ST\u00c9PHANE GUINAULT, CONSEILLER MUNICIPAL DE VIRY-CH\u00c2TILLON<\/li>\n<li>MARIE-ALINE GUIBAUDET, CONSEILL\u00c8RE MUNICIPALE DE VOISINS-LE-BRETONNEUX<\/li>\n<li>SOPHIE GUYOMARD, CONSEILL\u00c8RE MUNICIPALE DE VOISINS-LE-BRETONNEUX<\/li>\n<li>CATHERINE GUTTMANN, CONSEILL\u00c8RE MUNICIPALE DE BOULOGNE-BILLANCOURT<\/li>\n<li>ALI HAMZA, CONSEILLER MUNICIPAL DE LIVRY GARGAN<\/li>\n<li>SONIA HAZARABEDIAN, CONSEILL\u00c8RE DU 17EME ARRONDISSEMENT DE PARIS<\/li>\n<li>H\u00c9L\u00c8NE HERBIN, CONSEILL\u00c8RE MUNICIPALE DE CHELLES<\/li>\n<li>HUGO HUET, CONSEILLER MUNICIPAL D&rsquo;ASNI\u00c8RES-SUR-SEINE<\/li>\n<li>NATHALIE HUET, CONSEILL\u00c8RE MUNICIPALE DE DEUIL-LA-BARRE<\/li>\n<li>PASCAL HUMRUZIAN, CONSEILLER MUNICIPAL DE COURBEVOIE<\/li>\n<li>JEAN PIERRE ILEMOINE, CONSEILLER MUNICIPAL DE SAINT OUEN<\/li>\n<li>IRENA DYL, CONSEILL\u00c8RE MUNICIPALE D&rsquo;AULNAY-SOUS-BOIS<\/li>\n<li>PATRICK JOLY, CONSEILLER MUNICIPAL DE VILLE DE CORMEILLES EN PARISIS<\/li>\n<li>HENRI JOZEFOWICZ, CONSEILLER MUNICIPAL DU 15E\u0300ME ARRONDISSEMENT DE PARIS<\/li>\n<li>ISABELLE KAPLAN, CONSEILL\u00c8RE MUNICIPALE D&rsquo;ASNIERES SUR SEINE<\/li>\n<li>EDOUARD KALONJI, CONSEILLER MUNICIPAL D&rsquo;ANTONY<\/li>\n<li>GHANIA KEMPF, CONSEILL\u00c8RE MUNICIPALE DE RUEIL-MALMAISON<\/li>\n<li>CHRISTOPHE KERGRAIS, CONSEILLER MUNICIPAL DE BOUTIGNY-SUR-ESSONNE<\/li>\n<li>SAMIRA KETFI, CONSEILL\u00c8RE MUNICIPALE DE CORBEIL-ESSONNES<\/li>\n<li>ARMAND KHOURY, CONSEILLER MUNICIPAL D&rsquo;ASNI\u00c8RES-SUR-SEINE,<\/li>\n<li>GNANANAYAGAM KINGSTAN, CONSEILLER MUNICIPAL DU BLANC-MESNIL<\/li>\n<li>GERARD LE\u0301CAREUX, CONSEILLER MUNICIPAL D&rsquo;AULNAY-SOUS-BOIS<\/li>\n<li>HADDA KIRCALI, CONSEILL\u00c8RE MUNICIPALE DE COMBS LA VILLE<\/li>\n<li>CEDRIC KLEIN, CONSEILLER MUNICIPAL DE BOIS-COLOMBES<\/li>\n<li>MUSTAPHA KORDJANI, CONSEILLER MUNICIPAL DE CH\u00c2TENAY-MALABRY<\/li>\n<li>PATRICK KOURIS, CONSEILLER MUNICIPAL DE TAVERNY<\/li>\n<li>YANN-MAEL LARHER, CONSEILLER MUNICIPAL DE BOULOGNE-BILLANCOURT<\/li>\n<li>BAPTISTE LAMARCA, CONSEILLER MUNICIPAL DE TAVERNY<\/li>\n<li>SAMIR LAKHAL, CONSEILLER MUNICIPAL DE SAVIGNY LE TEMPLE<\/li>\n<li>GHISLAINE LACROIX, CONSEILL\u00c8RE MUNICIPALE DE DEUIL-LA-BARRE<\/li>\n<li>KARINE LEGRAND, CONSEILL\u00c8RE DU 15EME ARRONDISSEMENT DE PARIS<\/li>\n<li>JEAN-JACQUES LE TARNEC, CONSEILLER MUNICIPAL DE CHENNEVI\u00c8RES<\/li>\n<li>JEAN-LUC LE MERLUS, CONSEILLER MUNICIPAL DE DEUIL-LA-BARRE<\/li>\n<li>MARYSE LEMMET, CONSEILL\u00c8RE MUNICIPALE D&rsquo;ANTONY<\/li>\n<li>ISABELLE LEME\u0301E, CONSEILLERE MUNICIPALE DE MONTROUGE<\/li>\n<li>JAMIL LE MEUR, CONSEILLER MUNICIPAL DE VOISINS-LE-BRETONNEUX<\/li>\n<li>ADELINE LEON, CONSEILL\u00c8RE MUNICIPALE DE CH\u00c2TENAY-MALABRY<\/li>\n<li>BEATRICE LEVEQUE, CONSEILL\u00c8RE MUNICIPALE DE BOIS-COLOMBES<\/li>\n<li>NATHALIE LEVEQUE DE VILMORIN, CONSEILL\u00c8RE MUNICIPALE DE VERRI\u00c8RES-LE-BUISSON<\/li>\n<li>DANIEL LE NEINDRE, CONSEILLER MUNICIPAL DE VILLEPINTE<\/li>\n<li>MICHEL LELOUP, CONSEILLER MUNICIPAL DE TAVERNY<\/li>\n<li>GERARD LE\u0301CAREUX, CONSEILLER MUNICIPAL D&rsquo;AULNAY-SOUS-BOIS<\/li>\n<li>VANESSA LEBEKA, CONSEILL\u00c8RE MUNICIPALE DE CHELLES<\/li>\n<li>ALAIN LE QUELLEC, CONSEILLER MUNICIPAL DE MENNECY<\/li>\n<li>G\u00c9RARD LE MOIL, CONSEILLER MUNICIPAL DE VILLEPINTE<\/li>\n<li>CATHERINE MAC\u00c9, CONSEILL\u00c8RE MUNICIPALE DE PONTCARR\u00c9<\/li>\n<li>ALAIN MANCKOUNDIA, CONSEILLER MUNICIPAL DE FRANCONVILLE<\/li>\n<li>OLIVIER MARKARIAN, CONSEILLER MUNICIPAL DE LIVRY GARGAN<\/li>\n<li>PHILIPPE MARAVAL, CONSEILLER MUNICIPAL DE BOULOGNE-BILLANCOURT<\/li>\n<li>DAPHN\u00c9 MARTIN, CONSEILL\u00c8RE MUNICIPALE DE PONTCARR\u00c9<\/li>\n<li>FREDERIC MAGNAN, CONSEILLER MUNICIPAL DE LA GARENNE-COLOMBES<\/li>\n<li>JULIEN MARTINEAU, CONSEILLER MUNICIPAL DE MENNECY<\/li>\n<li>JEAN PIERRE MATTIUZ, CONSEILLER MUNICIPAL DE SA\u00c2CY-SUR-MARNE<\/li>\n<li>LEOLI MATOBO, CONSEILLER MUNICIPAL DE CHARENTON-LE-PONT<\/li>\n<li>MARTINE LERFEL, CONSEILL\u00c8RE MUNICIPALE DE CHENNEVI\u00c8RES<\/li>\n<li>KARINE MEYER, CONSEILLERE MUNICIPALE DU BLANC MESNIL<\/li>\n<li>JACQUES MELEDJE, CONSEILLER MUNICIPAL DE MONTROUGE<\/li>\n<li>DIDIER MILLET, CONSEILLER MUNICIPAL DE VERRI\u00c8RES LE BUISSON<\/li>\n<li>JEAN-PIERRE MILONNET, CONSEILLER MUNICIPAL DE VERRI\u00c8RES-LE-BUISSON<\/li>\n<li>DOMINIQUE MICHEL, CONSEILLER MUNICIPAL D&rsquo;AULNAY-SOUS-BOIS<\/li>\n<li>DIANE MICHOUDET, CONSEILL\u00c8RE MUNICIPALE DE SAINT-CLOUD<\/li>\n<li>MOUNIA MESTAOUI, CONSEILL\u00c8RE MUNICIPALE D&rsquo;AULNAY-SOUS-BOIS<\/li>\n<li>JULIEN MUGERIN, CONSEILLER MUNICIPAL DE STAINS<\/li>\n<li>GINETTE MULLER, CONSEILL\u00c8RE MUNICIPALE DU BLANC MESNIL<\/li>\n<li>GUILLAUME DE MOLLIENS, CONSEILLER MUNICIPAL DE SAINT-OUEN-L&rsquo;AUM\u00d4NE<\/li>\n<li>SOLENE MOULINEC, CONSEILL\u00c8RE MUNICIPALE DE CLICHY-LA-GARENNE<\/li>\n<li>JOSIANE MORIN, CONSEILL\u00c8RE MUNICIPALE DE DEUIL LA BARRE<\/li>\n<li>NICOLAS MOREAU, CONSEILLER MUNICIPAL DE VAUCRESSON<\/li>\n<li>BORIS NABEDRYK, CONSEILLER MUNICIPAL DE RUEIL-MALMAISON<\/li>\n<li>DANIEL NEMARQ, CONSEILLER MUNICIPAL D&rsquo;ASNIERES SUR SEINE<\/li>\n<li>LUC NGWE, CONSEILLER MUNICIPAL DE DEUIL-LA-BARRE<\/li>\n<li>HAKIMA OUARET, CONSEILL\u00c8RE MUNICIPALE DE VILLEPINTE<\/li>\n<li>LAURENT PEGORIER, CONSEILLER MUNICIPAL D&rsquo;ANTONY<\/li>\n<li>MAURICE PAQUET, CONSEILLER MUNICIPAL DE VOISINS-LE-BRETONNEUX<\/li>\n<li>ANNA PASINI, CONSEILL\u00c8RE MUNICIPALE DE TAVERNY<\/li>\n<li>CAMILLE PASSERON, CONSEILL\u00c8RE MUNICIPALE DE RUEIL-MALMAISON<\/li>\n<li>ARMAND PAYET, CONSEILLER MUNICIPAL DE CERGY<\/li>\n<li>CHARLES-HENRI PERDEREAU, CONSEILLER MUNICIPAL D&rsquo;ARPAJON<\/li>\n<li>PASCAL PERRIN, CONSEILLER MUNICIPAL DE RUEIL MALMAISON<\/li>\n<li>NICOLE PIASECKI, CONSEILL\u00c8RE MUNICIPALE D&rsquo;ASNIERES<\/li>\n<li>CELINE PIERA, CONSEILL\u00c8RE MUNICIPALE DE VERRI\u00c8RES LE BUISSON<\/li>\n<li>B\u00c9ATRICE PEREZ, CONSEILL\u00c8RE MUNICIPALE DE SAINT-OUEN-L&rsquo;AUM\u00d4NE<\/li>\n<li>FRAN\u00c7OISE POLONI, CONSEILL\u00c8RE MUNICIPALE DE VILLEMOMBLE<\/li>\n<li>FABRICE PONS, CONSEILLER MUNICIPAL DE BOUTIGNY SUR ESSONNE<\/li>\n<li>ARNAUD POULAIN, CONSEILLER MUNICIPAL DE VERSAILLES<\/li>\n<li>ANNE-JULIE PONT-BUISSON, CONSEILL\u00c8RE MUNICIPALE DE COURBEVOIE<\/li>\n<li>CATHERINE QUINCAMPOIX, CONSEILL\u00c8RE MUNICIPALE DE VERRI\u00c8RES-LE-BUISSON<\/li>\n<li>LAURENCE QUEMERCH, CONSEILL\u00c8RE MUNICIPALE DE CH\u00c2TENAY-MALABRY<\/li>\n<li>ALAIN RAMADIER, CONSEILLER MUNICIPAL D&rsquo;AULNAY-SOUS-BOIS<\/li>\n<li>MAY RAHAL, CONSEILL\u00c8RE MUNICIPALE D&rsquo;ASNIERES SUR SEINE<\/li>\n<li>BRIGITTE RADE, CONSEILL\u00c8RE MUNICIPALE D&rsquo;AULNAY-SOUS-BOIS<\/li>\n<li>AUDREY RAYMOND, CONSEILL\u00c8RE MUNICIPALE DE MENNECY<\/li>\n<li>FRANC\u0327OIS-HENRI REYNAUD, CONSEILLER MUNICIPAL DE SAINT-CLOUD<\/li>\n<li>AGATHE RINAUDO, CONSEILL\u00c8RE MUNICIPALE DE BOULOGNE-BILLANCOURT<\/li>\n<li>ANNIE RIZZUTO, CONSEILL\u00c8RE MUNICIPALE DE VILLEPINTE<\/li>\n<li>GUY ROLLAND, CONSEILLER MUNICIPAL DE VILLEMOMBLE<\/li>\n<li>ROGERIO ROLAO, CONSEILLER MUNICIPAL DE CH\u00c2TENAY-MALABRY<\/li>\n<li>SERGE ROCCHI, CONSEILLER MUNICIPAL DE RUEIL-MALMAISON<\/li>\n<li>ALAIN ROUX, CONSEILLER MUNICIPAL DE VOISINS-LE-BRETONNEUX<\/li>\n<li>VALENTIN ROUFFIAC, CONSEILLER DU 15EME ARRONDISSEMENT DE PARIS<\/li>\n<li>V\u00c9RONIQUE RONDEAU, CONSEILL\u00c8RE MUNICIPALE DE SURESNES<\/li>\n<li>NICOLAS RONDEPIERRE, CONSEILLER MUNICIPAL DU RAINCY<\/li>\n<li>LAURE ROSSIGNOL DE LA RONDE, CONSEILL\u00c8RE MUNICIPALE DE BOIS-COLOMBES<\/li>\n<li>ACCORD RUBIO, CONSEILLER MUNICIPAL DU BLANC-MESNIL<\/li>\n<li>DANIEL SAVARIN, CONSEILLER MUNICIPAL DU BLANC MESNIL<\/li>\n<li>MONIA SAKOUHI, CONSEILL\u00c8RE MUNICIPALE DE PONTCARR\u00c9<\/li>\n<li>DIANGA SALL, CONSEILL\u00c8RE MUNICIPALE DE CH\u00c2TENAY-MALABRY<\/li>\n<li>CHANTAL SARAZIN-LEVASSOR, CONSEILL\u00c8RE MUNICIPALE DE VIRY-CH\u00c2TILLON<\/li>\n<li>NICOLE SAUNIER, CONSEILL\u00c8RE MUNICIPALE DE CHELLES<\/li>\n<li>FRANC\u0327OISE SAVY, CONSEILLERE MUNICIPALE DE COMBS-LA-VILLE<\/li>\n<li>E\u0301LIE SANTI, CONSEILLER MUNICIPAL DE TAVERNY<\/li>\n<li>MICHELLE TSCHIDERER, CONSEILL\u00c8RE MUNICIPALE DE FRANCONVILLE<\/li>\n<li>JOCELYNE STEPHAN, CONSEILL\u00c8RE MUNICIPALE DE SA\u00c2CY-SUR-MARNE<\/li>\n<li>JAMILA SARFATI, CONSEILL\u00c8RE DU 17EME ARRONDISSEMENT DE PARIS<\/li>\n<li>MARC SUSPI, CONSEILLER MUNICIPAL DE BI\u00c8VRES<\/li>\n<li>ALICE TAVARES DE FIGUEIREDO, CONSEILL\u00c8RE MUNICIPALE DE TAVERNY<\/li>\n<li>CAROLE THIERY, CONSEILL\u00c8RE MUNICIPALE DE RUEIL-MALMAISON<\/li>\n<li>BRUCE TITREVILLE, CONSEILLER MUNICIPAL DE PERSAN<\/li>\n<li>MATHIEU TELLIER, CONSEILLER MUNICIPAL D&rsquo;AULNAY-SOUS-BOIS<\/li>\n<li>ST\u00c9PHANE TOUSSAINT, CONSEILL\u00c8RE MUNICIPALE DE BOIS COLOMBES<\/li>\n<li>ST\u00c9PHANE VERNEREY, CONSEILLER MUNICIPAL DE FRANCONVILLE<\/li>\n<li>FREDERIC VO\u0302E, CONSEILLER MUNICIPAL DE SURESNES<\/li>\n<li>H\u00c9L\u00c8NE VETARD, CONSEILL\u00c8RE MUNICIPALE DE MENNECY<\/li>\n<li>VINCENZA VALLETTA, CONSEILL\u00c8RE MUNICIPALE DE RUEIL-MALMAISON<\/li>\n<li>JEAN-JACQUES VEILLEROT, CONSEILLER MUNICIPAL DE SAINT CLOUD<\/li>\n<li>MATHILDE WIELGOCKI, CONSEILL\u00c8RE MUNICIPALE DU PLESSIS-TR\u00c9VISE<\/li>\n<li>CHRISTOPHE WARTEL, CONSEILLER MUNICIPAL DE SAINT-CLOUD<\/li>\n<li>ISABELLE YATOUNGOU, CONSEILL\u00c8RE MUNICIPALE DE SAINT-OUEN-L&rsquo;AUM\u00d4NE<\/li>\n<li>SIMON YOWA KANYINDA, CONSEILLER MUNICIPAL DE VIRY CH\u00c2TILLON<\/li>\n<li>BERNARD ZAOUI, CONSEILLER MUNICIPAL DE COMBS LA VILLE<\/li>\n<li>DANIELLE ZERBIB, CONSEILL\u00c8RE MUNICIPALE DE ROISSY-EN-BRIE<\/li>\n<\/ul>\n","protected":false},"excerpt":{"rendered":"PREMIERS SIGNATAIRES : FLORENCE PORTELLI, MAIRE DE TAVERNY, VICE-PRESIDENTE DE L&rsquo;AMF, 1ERE VICE-PRESIDENTE DE LA REGION I\u0302LE-DE-FRANCE, PRESIDENTE&hellip;\n","protected":false},"author":2,"featured_media":243012,"comment_status":"","ping_status":"","sticky":false,"template":"","format":"standard","meta":{"footnotes":""},"categories":[1592],"tags":[17,1111,11,4511,21234,1777,674,33984,1011,27,27857,662,3102,12,38266,4536,626,25,38265],"class_list":{"0":"post-243011","1":"post","2":"type-post","3":"status-publish","4":"format-standard","5":"has-post-thumbnail","7":"category-ile-de-france","8":"tag-17","9":"tag-actu","10":"tag-actualites","11":"tag-danger","12":"tag-delit","13":"tag-eu","14":"tag-europe","15":"tag-florence","16":"tag-fr","17":"tag-france","18":"tag-franciliens","19":"tag-ile-de-france","20":"tag-la-tribune-dimanche","21":"tag-news","22":"tag-non-assistance","23":"tag-opinion","24":"tag-paris","25":"tag-republique-francaise","26":"tag-veritable"},"share_on_mastodon":{"url":"https:\/\/pubeurope.com\/@fr\/114835854658366951","error":""},"_links":{"self":[{"href":"https:\/\/www.europesays.com\/fr\/wp-json\/wp\/v2\/posts\/243011","targetHints":{"allow":["GET"]}}],"collection":[{"href":"https:\/\/www.europesays.com\/fr\/wp-json\/wp\/v2\/posts"}],"about":[{"href":"https:\/\/www.europesays.com\/fr\/wp-json\/wp\/v2\/types\/post"}],"author":[{"embeddable":true,"href":"https:\/\/www.europesays.com\/fr\/wp-json\/wp\/v2\/users\/2"}],"replies":[{"embeddable":true,"href":"https:\/\/www.europesays.com\/fr\/wp-json\/wp\/v2\/comments?post=243011"}],"version-history":[{"count":0,"href":"https:\/\/www.europesays.com\/fr\/wp-json\/wp\/v2\/posts\/243011\/revisions"}],"wp:featuredmedia":[{"embeddable":true,"href":"https:\/\/www.europesays.com\/fr\/wp-json\/wp\/v2\/media\/243012"}],"wp:attachment":[{"href":"https:\/\/www.europesays.com\/fr\/wp-json\/wp\/v2\/media?parent=243011"}],"wp:term":[{"taxonomy":"category","embeddable":true,"href":"https:\/\/www.europesays.com\/fr\/wp-json\/wp\/v2\/categories?post=243011"},{"taxonomy":"post_tag","embeddable":true,"href":"https:\/\/www.europesays.com\/fr\/wp-json\/wp\/v2\/tags?post=243011"}],"curies":[{"name":"wp","href":"https:\/\/api.w.org\/{rel}","templated":true}]}}