{"id":243013,"date":"2025-07-11T17:47:10","date_gmt":"2025-07-11T17:47:10","guid":{"rendered":"https:\/\/www.europesays.com\/fr\/243013\/"},"modified":"2025-07-11T17:47:10","modified_gmt":"2025-07-11T17:47:10","slug":"sm-caen-maxime-dornano-estime-quil-y-a-encore-du-travail-apres-la-defaite-contre-paris-13-atletico","status":"publish","type":"post","link":"https:\/\/www.europesays.com\/fr\/243013\/","title":{"rendered":"SM Caen. Maxime d\u2019Ornano estime qu\u2019il y a \u00ab encore du travail \u00bb apr\u00e8s la d\u00e9faite contre Paris 13 Atl\u00e9tico"},"content":{"rendered":"<p>            Par<br \/>\n        <strong><br \/>\n            <a href=\"https:\/\/actu.fr\/auteur\/alexandre-gourlaouen\" title=\"Consulter tous les articles de Alexandre Gourlaouen\" target=\"_blank\" rel=\"noopener\">Alexandre Gourlaouen<\/a><br \/>\n        <\/strong><\/p>\n<p>        Publi\u00e9 le<\/p>\n<p>            11 juil. 2025 \u00e0 15h59        <\/p>\n<p>Le <a href=\"https:\/\/actu.fr\/tag\/stade-malherbe-de-caen\" target=\"_blank\" rel=\"noopener\">Stade Malherbe Caen<\/a> <b>avait bien entam\u00e9 la rencontre<\/b> face \u00e0 Paris 13 Atl\u00e9tico vendredi 11\u00a0juillet 2025. Mais en deuxi\u00e8me mi-temps, apr\u00e8s les changements d\u2019effectifs, les Caennais <b>ont encaiss\u00e9 un but sur un ballon en profondeur<\/b> et n\u2019ont pas r\u00e9ussi \u00e0 \u00e9galiser (0-1). L\u2019entra\u00eeneur caennais Maxime d\u2019Ornano rappelle toutefois que c\u2019est le but de ces matchs de pr\u00e9paration\u2009: <b>voir les axes d\u2019am\u00e9lioration \u00e0 apporter avant le coup d\u2019envoi de la saison.<\/b><\/p>\n<p>Maxime d\u2019Ornano\u2009: \u00ab\u2009Sur la deuxi\u00e8me p\u00e9riode, on a \u00e9t\u00e9 timides\u2009\u00bb<\/p>\n<p class=\" wall-content\">\u00ab\u00a0Le ressenti, c\u2019est qu\u2019on a montr\u00e9 un visage en premi\u00e8re p\u00e9riode et un autre en seconde. Apr\u00e8s, on avait deux \u00e9quipes bien distinctes. Il y avait un peu plus d\u2019\u00e9nergie sur la premi\u00e8re mi-temps surtout. Sur la deuxi\u00e8me, on n\u2019a pas optimis\u00e9 les qualit\u00e9s de chaque joueur. On a \u00e9t\u00e9 timides, timor\u00e9s. Et puis on prend ce but qui fait qu\u2019on court apr\u00e8s le score ensuite. Mais \u00e7a reste un match de pr\u00e9paration qui vient valider deux belles semaines d\u2019entra\u00eenement. Les gars ont \u00e9t\u00e9 tr\u00e8s investis et on avait tout l\u2019effectif de disponible, ce qui est tr\u00e8s int\u00e9ressant pour moi.<\/p>\n<p class=\" wall-content\">Je ne cherche pas d\u2019excuse, mais c\u2019est vrai que c\u2019\u00e9tait moins fluide en deuxi\u00e8me p\u00e9riode. M\u00eame s\u2019il y a eu une belle occasion par Lorenzo Rajot. Apr\u00e8s, ce sont plut\u00f4t les ballons qu\u2019on a pris dans le dos qui me contrarient un peu. Mais \u00e7a ne reste qu\u2019un match de pr\u00e9paration. Il sert \u00e0 voir ce qu\u2019on a bien et notamment ce qu\u2019on doit mieux faire. Il y a encore du travail. Il reste encore beaucoup de s\u00e9ances, je n\u2019ai pas encore d\u2019\u00e9quipe type. L\u2019id\u00e9e, c\u2019est de mettre tout le monde dans les meilleures dispositions et de travailler. On va perdre des joueurs et d\u2019autres vont arriver. On ne va pas s\u2019alarmer maintenant. On pr\u00e9f\u00e8re gagner les matchs, c\u2019est \u00e9vident. Mais il y a de la mati\u00e8re \u00e0 travailler, c\u2019est bien. Les joueurs vont avoir un peu de repos maintenant pendant quelques jours. On peut s\u2019attendre \u00e0 avoir une ou deux arriv\u00e9es, sous quels d\u00e9lais on verra, mais l\u2019id\u00e9e ce sera d\u2019avoir des renforts offensifs.\u00a0\u00bb<\/p>\n<p class=\" wall-content\">Suivez toute l\u2019actualit\u00e9 de vos villes et m\u00e9dias favoris en vous inscrivant \u00e0 <a href=\"https:\/\/moncompte.actu.fr\" title=\"D\u00e9couvez Mon Actu\" rel=\"nofollow noopener\" data-trk=\"{&quot;cta&quot;:{&quot;action&quot;:&quot;https:\\\/\\\/moncompte.actu.fr&quot;,&quot;category&quot;:&quot;mon compte&quot;,&quot;from&quot;:&quot;article footer&quot;,&quot;name&quot;:&quot;Mon actu&quot;,&quot;type&quot;:&quot;cta&quot;}}\" target=\"_blank\">Mon Actu<\/a>.<\/p>\n","protected":false},"excerpt":{"rendered":"Par Alexandre Gourlaouen Publi\u00e9 le 11 juil. 2025 \u00e0 15h59 Le Stade Malherbe Caen avait bien entam\u00e9 la&hellip;\n","protected":false},"author":2,"featured_media":243014,"comment_status":"","ping_status":"","sticky":false,"template":"","format":"standard","meta":{"footnotes":""},"categories":[1888],"tags":[1111,1928,11,1927,1777,674,63,1011,27,12,1926,626,1925,25,1745,60,266,1746],"class_list":{"0":"post-243013","1":"post","2":"type-post","3":"status-publish","4":"format-standard","5":"has-post-thumbnail","7":"category-paris","8":"tag-actu","9":"tag-actu-paris","10":"tag-actualites","11":"tag-actualites-paris","12":"tag-eu","13":"tag-europe","14":"tag-football","15":"tag-fr","16":"tag-france","17":"tag-news","18":"tag-news-paris","19":"tag-paris","20":"tag-paris-news","21":"tag-republique-francaise","22":"tag-sport-caen","23":"tag-sports","24":"tag-stade-malherbe-de-caen","25":"tag-stade-michel-dornano"},"share_on_mastodon":{"url":"https:\/\/pubeurope.com\/@fr\/114835858752222822","error":""},"_links":{"self":[{"href":"https:\/\/www.europesays.com\/fr\/wp-json\/wp\/v2\/posts\/243013","targetHints":{"allow":["GET"]}}],"collection":[{"href":"https:\/\/www.europesays.com\/fr\/wp-json\/wp\/v2\/posts"}],"about":[{"href":"https:\/\/www.europesays.com\/fr\/wp-json\/wp\/v2\/types\/post"}],"author":[{"embeddable":true,"href":"https:\/\/www.europesays.com\/fr\/wp-json\/wp\/v2\/users\/2"}],"replies":[{"embeddable":true,"href":"https:\/\/www.europesays.com\/fr\/wp-json\/wp\/v2\/comments?post=243013"}],"version-history":[{"count":0,"href":"https:\/\/www.europesays.com\/fr\/wp-json\/wp\/v2\/posts\/243013\/revisions"}],"wp:featuredmedia":[{"embeddable":true,"href":"https:\/\/www.europesays.com\/fr\/wp-json\/wp\/v2\/media\/243014"}],"wp:attachment":[{"href":"https:\/\/www.europesays.com\/fr\/wp-json\/wp\/v2\/media?parent=243013"}],"wp:term":[{"taxonomy":"category","embeddable":true,"href":"https:\/\/www.europesays.com\/fr\/wp-json\/wp\/v2\/categories?post=243013"},{"taxonomy":"post_tag","embeddable":true,"href":"https:\/\/www.europesays.com\/fr\/wp-json\/wp\/v2\/tags?post=243013"}],"curies":[{"name":"wp","href":"https:\/\/api.w.org\/{rel}","templated":true}]}}