{"id":243015,"date":"2025-07-11T17:48:12","date_gmt":"2025-07-11T17:48:12","guid":{"rendered":"https:\/\/www.europesays.com\/fr\/243015\/"},"modified":"2025-07-11T17:48:12","modified_gmt":"2025-07-11T17:48:12","slug":"ou-voir-les-feux-dartifice-a-paris-et-en-ile-de-france-pour-la-fete-nationale","status":"publish","type":"post","link":"https:\/\/www.europesays.com\/fr\/243015\/","title":{"rendered":"O\u00f9 voir les feux d\u2019artifice \u00e0 Paris et en \u00cele-de-France pour la F\u00eate Nationale ?"},"content":{"rendered":"<p><strong>PARIS EST UNE F\u00caTE &#8211; La Ville lumi\u00e8re et la petite couronne c\u00e9l\u00e8brent la Prise de la Bastille dimanche et lundi. D\u00e9couvrez les festivit\u00e9s pr\u00e9vues dans la capitale et ses alentours<\/strong><\/p>\n<p>Le ciel de Paris et d\u2019\u00cele-de-France s\u2019appr\u00eate \u00e0 briller de mille couleurs durant ce long-week de c\u00e9l\u00e9brations de la F\u00eate Nationale. Les dimanche 13 et lundi 14 juillet promettent du spectacle dans les rues de la capitale et de sa r\u00e9gion. D\u00e9couvrez le programme des feux d\u2019artifice pr\u00e9vus (si la m\u00e9t\u00e9o le permet).<\/p>\n<p>La f\u00eate pr\u00e9vue \u00e0 Paris, au pied de la Tour Eiffel<\/p>\n<p>D\u00e9localis\u00e9e \u00e0 l\u2019avenue Foch en 2024, en raison des <a href=\"https:\/\/www.20minutes.fr\/sport\/jo\/?at_medium=RSS%20feed&amp;at_campaign=ynews&amp;utm_source=yahoo&amp;utm_medium=rss&amp;utm_campaign=news_feed&amp;utm_content=in_article_link\" rel=\"nofollow noopener\" target=\"_blank\" data-ylk=\"slk:Jeux Olympiques;elm:context_link;itc:0;sec:content-canvas\" class=\"link \">Jeux Olympiques<\/a>, la f\u00eate du 14 juillet sera de retour sur le Champ-de-Mars et le Trocad\u00e9ro dimanche soir. Le concert symphonique gratuit de l\u2019Orchestre national de France, le Choeur et la Ma\u00eetrise de <a href=\"https:\/\/www.20minutes.fr\/medias\/radio-france\/?at_medium=RSS%20feed&amp;at_campaign=ynews&amp;utm_source=yahoo&amp;utm_medium=rss&amp;utm_campaign=news_feed&amp;utm_content=in_article_link\" rel=\"nofollow noopener\" target=\"_blank\" data-ylk=\"slk:Radio France;elm:context_link;itc:0;sec:content-canvas\" class=\"link \">Radio France<\/a> raviront les amoureux de musique classique. \u00c0 20h, l\u2019orchestre reprendra de grandes \u0153uvres dans ce cadre grandiose. \u00c0 partir de 23h, le spectacle de milliers de drones accompagnera le feu d\u2019artifice.<\/p>\n<p>Les feux d\u2019artifice en \u00cele-de-France les 13 et 14 juillet<\/p>\n<p>Comme chaque ann\u00e9e, de nombreuses villes tirent le feu d\u2019artifice d\u00e8s le 13 juillet. Les yeux des petits et des grands brilleront sous les lumi\u00e8res des spectacles pyrotechniques durant deux jours de f\u00eate \u00e0 travers la r\u00e9gion parisienne, mais \u00e9galement dans toute la France, jusqu\u2019au 14 juillet au soir.<\/p>\n<ul class=\"caas-list caas-list-bullet\">\n<li>\n<p>Le dimanche 13 juillet, Gentilly (Val de Marne), les habitants sont attendus d\u00e8s 19h au parc Picasso pour un pique-nique et un bal populaire. \u00c0 23h, le feu d\u2019artifice sera tir\u00e9 depuis le complexe sportif Maurice-Baquet.<\/p>\n<\/li>\n<\/ul>\n<p>\u00c0 Nanterre, Arcueil, Choisy-le-Roi, Nogent-sur-Marne, mais aussi \u00e0 Bagnolet, les bals et le(&#8230;)<\/p>\n<p><a href=\"https:\/\/www.20minutes.fr\/paris\/4163246-20250711-feu-artifices-14-juillet-2025-voir-feux-artifice-paris-ile-france-fete-nationale?at_medium=RSS%20feed&amp;at_campaign=ynews&amp;utm_source=yahoo&amp;utm_medium=rss&amp;utm_campaign=news_feed&amp;utm_content=read_more_link\" rel=\"nofollow noopener\" target=\"_blank\" data-ylk=\"slk:Lire la suite sur 20minutes;elm:context_link;itc:0;sec:content-canvas\" class=\"link \">Lire la suite sur 20minutes<\/a><\/p>\n<p>\u00c0 lire aussi :<br \/><a href=\"https:\/\/www.20minutes.fr\/paris\/4163056-20250710-fete-nationale-2025-paris-feux-artifice-concerts-defile-14-juillet?at_medium=RSS%20feed&amp;at_campaign=ynews&amp;utm_source=yahoo&amp;utm_medium=rss&amp;utm_campaign=news_feed&amp;utm_content=related_content_link\" rel=\"nofollow noopener\" target=\"_blank\" data-ylk=\"slk:F\u00eate nationale 2025 \u00e0 Paris : Feux d\u2019artifice, concerts et d\u00e9fil\u00e9 du 14 juillet;elm:context_link;itc:0;sec:content-canvas\" class=\"link \">F\u00eate nationale 2025 \u00e0 Paris : Feux d\u2019artifice, concerts et d\u00e9fil\u00e9 du 14 juillet<\/a><br \/><a href=\"https:\/\/www.20minutes.fr\/tempo\/4162298-20250707-voir-plus-beaux-feux-artifice-14-juillet-annee?at_medium=RSS%20feed&amp;at_campaign=ynews&amp;utm_source=yahoo&amp;utm_medium=rss&amp;utm_campaign=news_feed&amp;utm_content=related_content_link\" rel=\"nofollow noopener\" target=\"_blank\" data-ylk=\"slk:O\u00f9 voir les plus beaux feux d\u2019artifice du 14 juillet de 2025 ?;elm:context_link;itc:0;sec:content-canvas\" class=\"link \">O\u00f9 voir les plus beaux feux d\u2019artifice du 14 juillet de 2025 ?<\/a><\/p>\n","protected":false},"excerpt":{"rendered":"PARIS EST UNE F\u00caTE &#8211; La Ville lumi\u00e8re et la petite couronne c\u00e9l\u00e8brent la Prise de la Bastille&hellip;\n","protected":false},"author":2,"featured_media":243016,"comment_status":"","ping_status":"","sticky":false,"template":"","format":"standard","meta":{"footnotes":""},"categories":[1888],"tags":[10915,1111,1928,11,1927,1777,674,38268,1011,27,30635,38269,38267,12,1926,626,1925,38270,25],"class_list":{"0":"post-243015","1":"post","2":"type-post","3":"status-publish","4":"format-standard","5":"has-post-thumbnail","7":"category-paris","8":"tag-14-juillet","9":"tag-actu","10":"tag-actu-paris","11":"tag-actualites","12":"tag-actualites-paris","13":"tag-eu","14":"tag-europe","15":"tag-feux-dartifice","16":"tag-fr","17":"tag-france","18":"tag-la-tour-eiffel","19":"tag-le-ciel-de-paris","20":"tag-le-feu-dartifice","21":"tag-news","22":"tag-news-paris","23":"tag-paris","24":"tag-paris-news","25":"tag-prise-de-la-bastille","26":"tag-republique-francaise"},"share_on_mastodon":{"url":"https:\/\/pubeurope.com\/@fr\/114835862680816869","error":""},"_links":{"self":[{"href":"https:\/\/www.europesays.com\/fr\/wp-json\/wp\/v2\/posts\/243015","targetHints":{"allow":["GET"]}}],"collection":[{"href":"https:\/\/www.europesays.com\/fr\/wp-json\/wp\/v2\/posts"}],"about":[{"href":"https:\/\/www.europesays.com\/fr\/wp-json\/wp\/v2\/types\/post"}],"author":[{"embeddable":true,"href":"https:\/\/www.europesays.com\/fr\/wp-json\/wp\/v2\/users\/2"}],"replies":[{"embeddable":true,"href":"https:\/\/www.europesays.com\/fr\/wp-json\/wp\/v2\/comments?post=243015"}],"version-history":[{"count":0,"href":"https:\/\/www.europesays.com\/fr\/wp-json\/wp\/v2\/posts\/243015\/revisions"}],"wp:featuredmedia":[{"embeddable":true,"href":"https:\/\/www.europesays.com\/fr\/wp-json\/wp\/v2\/media\/243016"}],"wp:attachment":[{"href":"https:\/\/www.europesays.com\/fr\/wp-json\/wp\/v2\/media?parent=243015"}],"wp:term":[{"taxonomy":"category","embeddable":true,"href":"https:\/\/www.europesays.com\/fr\/wp-json\/wp\/v2\/categories?post=243015"},{"taxonomy":"post_tag","embeddable":true,"href":"https:\/\/www.europesays.com\/fr\/wp-json\/wp\/v2\/tags?post=243015"}],"curies":[{"name":"wp","href":"https:\/\/api.w.org\/{rel}","templated":true}]}}