{"id":243019,"date":"2025-07-11T17:50:17","date_gmt":"2025-07-11T17:50:17","guid":{"rendered":"https:\/\/www.europesays.com\/fr\/243019\/"},"modified":"2025-07-11T17:50:17","modified_gmt":"2025-07-11T17:50:17","slug":"la-bourse-de-paris-flanche-trump-relancant-les-tensions-commerciales-11-07-2025-a-1837","status":"publish","type":"post","link":"https:\/\/www.europesays.com\/fr\/243019\/","title":{"rendered":"La Bourse de Paris flanche, Trump relan\u00e7ant les tensions commerciales &#8211; 11\/07\/2025 \u00e0 18:37"},"content":{"rendered":"<p>        <img fetchpriority=\"high\" decoding=\"async\" src=\"https:\/\/www.europesays.com\/fr\/wp-content\/uploads\/2025\/05\/1de9f8b74da663b00ec2d3ce4d6120b8-760x454.jpg\" alt=\"La salle de contr\u00f4le d'Euronext, soci\u00e9t\u00e9 qui g\u00e8re la Bourse de Paris ( AFP \/ ERIC PIERMONT )\" loading=\"eager\" width=\"760\" height=\"454\" style=\"max-width: 100%!important; height: auto;\"\/><\/p>\n<p class=\"c-image-news__legend\">La salle de contr\u00f4le d&rsquo;Euronext, soci\u00e9t\u00e9 qui g\u00e8re la Bourse de Paris ( AFP \/ ERIC PIERMONT )<\/p>\n<p>\n La Bourse de Paris a termin\u00e9 en baisse de 0,92% vendredi, les investisseurs craignant que les droits de douane de Donald Trump puissent causer un regain d&rsquo;inflation qui retarderait les baisses de taux de la banque centrale am\u00e9ricaine (Fed).\n<\/p>\n<p>\n L&rsquo;indice vedette CAC 40 a recul\u00e9 de 72,96 points pour s&rsquo;\u00e9tablir \u00e0 7.829,29 points \u00e0 la cl\u00f4ture. Sur la semaine, l&rsquo;indice a toutefois avanc\u00e9 de 1,73%.\n<\/p>\n<p>\n \u00ab\u00a0Jusqu&rsquo;\u00e0 pr\u00e9sent, les march\u00e9s s&rsquo;\u00e9taient bien comport\u00e9s pour trois raisons: des donn\u00e9es \u00e9conomiques rest\u00e9es tr\u00e8s correctes, l&rsquo;anticipation que l&rsquo;impact de la politique commerciale de Trump sera mod\u00e9r\u00e9 et transitoire et qu&rsquo;elle n&#8217;emp\u00eachera pas la Fed d&rsquo;abaisser ses taux, et dernier argument, un Donald Trump mod\u00e9r\u00e9\u00a0\u00bb, explique Valentine Ainouz, responsable de la strat\u00e9gie taux de l&rsquo;Amundi Investment Institute.\n<\/p>\n<p>\n Or, \u00ab\u00a0les derni\u00e8res annonces de Trump remettent en question ce dernier point et laissent craindre un sc\u00e9nario inflationniste plus fort que pr\u00e9vu qui viendrait g\u00eaner la Fed dans ses baisses de taux\u00a0\u00bb, a-t-elle poursuivi, ces derniers \u00e9tant dans une fourchette comprise entre 4,25% et 4,50% depuis d\u00e9cembre.\n<\/p>\n<p>\n Le pr\u00e9sident am\u00e9ricain Donald Trump a de nouveau cibl\u00e9 jeudi le Canada, en lui imposant 35% de surtaxe, l&rsquo;un des taux les plus \u00e9lev\u00e9s annonc\u00e9s depuis le d\u00e9but de la semaine, reprochant au premier partenaire commercial des \u00c9tats-Unis d&rsquo;avoir ripost\u00e9 \u00e0 ses droits de douane.\n<\/p>\n<p>\n Mercredi, le locataire de la Maison Blanche a aussi annonc\u00e9 une surtaxe de 50% sur les produits br\u00e9siliens, jusqu&rsquo;ici \u00e9pargn\u00e9s.\n<\/p>\n<p>\n \u00ab\u00a0Le ton g\u00e9n\u00e9ral est revenu \u00e0 un niveau agressif et qui laisse craindre des n\u00e9gociations plus cors\u00e9es\u00a0\u00bb, notamment pour les Europ\u00e9ens dont la situation reste incertaine, a ajout\u00e9 Valentine Ainouz.\n<\/p>\n<p>\n Sur le march\u00e9 obligataire, la s\u00e9ance a \u00e9t\u00e9 marqu\u00e9e par le rendement du taux de l&#8217;emprunt fran\u00e7ais \u00e0 trente ans qui a atteint 4,20%, \u00ab\u00a0son niveau le plus \u00e9lev\u00e9 depuis la crise de la zone euro en 2011\u00a0\u00bb, rel\u00e8ve Jim Reid, \u00e9conomiste \u00e0 la Deutsche Bank.\n<\/p>\n<p>\n Cette tendance g\u00e9n\u00e9rale de \u00ab\u00a0pression \u00e0 la hausse sur les taux longs traduit une hausse des besoins de financement des Etats\u00a0\u00bb, notamment en raison de  \u00ab\u00a0l&rsquo;augmentation des besoins de financement pour leur d\u00e9fense, la hausse de la charge des int\u00e9r\u00eats sur la dette et la poursuite des politiques de baisses d&rsquo;imp\u00f4ts\u00a0\u00bb, explique Valentine Ainouz.\n<\/p>\n<p> Air France-KLM int\u00e9ress\u00e9 par TAP<\/p>\n<p>\n Le gouvernement portugais souhaite c\u00e9der jusqu&rsquo;\u00e0 49,9% du capital de la compagnie a\u00e9rienne nationale TAP, a annonc\u00e9 jeudi le Premier ministre Luis Montenegro en donnant le \u00ab\u00a0coup d&rsquo;envoi\u00a0\u00bb d&rsquo;une op\u00e9ration qui suscite l&rsquo;int\u00e9r\u00eat des compagnies europ\u00e9ennes Air France-KLM (-0,63% \u00e0 10,98 euros), Lufthansa et du groupe IAG (British Airways et Iberia).\n<\/p>\n<p>\n <a href=\"https:\/\/www.boursorama.com\/cours\/1rPENX\/\" rel=\"nofollow noopener\" target=\"_blank\"><br \/>\n  Euronext<br \/>\n <\/a><br \/>\n CAC40<\/p>\n","protected":false},"excerpt":{"rendered":"La salle de contr\u00f4le d&rsquo;Euronext, soci\u00e9t\u00e9 qui g\u00e8re la Bourse de Paris ( AFP \/ ERIC PIERMONT )&hellip;\n","protected":false},"author":2,"featured_media":97299,"comment_status":"","ping_status":"","sticky":false,"template":"","format":"standard","meta":{"footnotes":""},"categories":[1888],"tags":[400,11,398,408,405,1777,674,1011,27,403,402,399,404,12,626,25,401,406,407],"class_list":{"0":"post-243019","1":"post","2":"type-post","3":"status-publish","4":"format-standard","5":"has-post-thumbnail","7":"category-paris","8":"tag-action-cac-40","9":"tag-actualites","10":"tag-bourse-de-paris","11":"tag-boursorama","12":"tag-cotations","13":"tag-eu","14":"tag-europe","15":"tag-fr","16":"tag-france","17":"tag-indices-devises","18":"tag-investir","19":"tag-investissement","20":"tag-marche-boursier","21":"tag-news","22":"tag-paris","23":"tag-republique-francaise","24":"tag-sicav","25":"tag-trackers","26":"tag-warrants"},"share_on_mastodon":{"url":"https:\/\/pubeurope.com\/@fr\/114835870425290471","error":""},"_links":{"self":[{"href":"https:\/\/www.europesays.com\/fr\/wp-json\/wp\/v2\/posts\/243019","targetHints":{"allow":["GET"]}}],"collection":[{"href":"https:\/\/www.europesays.com\/fr\/wp-json\/wp\/v2\/posts"}],"about":[{"href":"https:\/\/www.europesays.com\/fr\/wp-json\/wp\/v2\/types\/post"}],"author":[{"embeddable":true,"href":"https:\/\/www.europesays.com\/fr\/wp-json\/wp\/v2\/users\/2"}],"replies":[{"embeddable":true,"href":"https:\/\/www.europesays.com\/fr\/wp-json\/wp\/v2\/comments?post=243019"}],"version-history":[{"count":0,"href":"https:\/\/www.europesays.com\/fr\/wp-json\/wp\/v2\/posts\/243019\/revisions"}],"wp:featuredmedia":[{"embeddable":true,"href":"https:\/\/www.europesays.com\/fr\/wp-json\/wp\/v2\/media\/97299"}],"wp:attachment":[{"href":"https:\/\/www.europesays.com\/fr\/wp-json\/wp\/v2\/media?parent=243019"}],"wp:term":[{"taxonomy":"category","embeddable":true,"href":"https:\/\/www.europesays.com\/fr\/wp-json\/wp\/v2\/categories?post=243019"},{"taxonomy":"post_tag","embeddable":true,"href":"https:\/\/www.europesays.com\/fr\/wp-json\/wp\/v2\/tags?post=243019"}],"curies":[{"name":"wp","href":"https:\/\/api.w.org\/{rel}","templated":true}]}}